{"id":42590,"date":"2017-02-02T11:10:33","date_gmt":"2017-02-02T10:10:33","guid":{"rendered":"https:\/\/centcols.org\/backup\/assemblee-generale-du-club-des-cent-cols-2017\/"},"modified":"2020-04-30T17:10:06","modified_gmt":"2020-04-30T15:10:06","slug":"assemblee-generale-du-club-des-cent-cols-2017","status":"publish","type":"post","link":"https:\/\/centcols.org\/backup\/it\/assemblee-generale-du-club-des-cent-cols-2017\/","title":{"rendered":"Assemblea Generale del Club des Cent Cols a St-Jorioz (Haute-Savoie) il 11 novembre 2017"},"content":{"rendered":"<h2>Presentazione<\/h2>\n<p>AG 2017, Saint-Jorioz, sabato 11 novembre 2017 a 15 h 00<\/p>\n<div id=\"trpar\" style=\"display: block; font-size: 16px; font-family: Tahoma, Verdana, Arial, Helvetica, sans-serif; height: 143px;\"><span id=\"s2_1\" style=\"background-color: #e8edf6;\">Dopo il 2012, quando il Club des Cent Cols ha festeggiato il suo quarantesimo anniversario, \u00e8 di nuovo la regione di Annecy, culla del club, che ospiter\u00e0 la nostra Assemblea Generale.<\/span> <span id=\"s2_2\" style=\"background-color: white;\">Sar\u00e0 un&#8217;Assemblea generale elettiva che vedr\u00e0 un rinnovo del Consiglio di amministrazione.<\/span><\/div>\n<div id=\"attachment_25283\" style=\"width: 1034px\" class=\"wp-caption aligncenter\"><a href=\"https:\/\/centcols.org\/backup\/wp-content\/uploads\/2017\/08\/lacannecy.jpg\"><img loading=\"lazy\" decoding=\"async\" aria-describedby=\"caption-attachment-25283\" class=\"size-full wp-image-25283\" src=\"https:\/\/centcols.org\/backup\/wp-content\/uploads\/2017\/08\/lacannecy.jpg\" alt=\"\" width=\"1024\" height=\"576\" srcset=\"https:\/\/centcols.org\/backup\/wp-content\/uploads\/2017\/08\/lacannecy.jpg 1024w, https:\/\/centcols.org\/backup\/wp-content\/uploads\/2017\/08\/lacannecy-600x338.jpg 600w, https:\/\/centcols.org\/backup\/wp-content\/uploads\/2017\/08\/lacannecy-500x281.jpg 500w, https:\/\/centcols.org\/backup\/wp-content\/uploads\/2017\/08\/lacannecy-768x432.jpg 768w\" sizes=\"(max-width: 1024px) 100vw, 1024px\" \/><\/a><p id=\"caption-attachment-25283\" class=\"wp-caption-text\">IL Lago d&#8217;Annecy (Photo Guy Harl\u00e9)<\/p><\/div>\n<p>L&#8217;alloggio, la ristorazione e l&#8217;Assemblea generale si terranno all&#8217;interno del Villaggio vacanze &#8220;<a href=\"https:\/\/www.ternelia.com\/fr\/montagne\/ternelia-le-pre-du-lac\" target=\"_blank\" rel=\"noopener noreferrer\">le Pr\u00e9 du Lac<\/a>&#8221; gestito da Tern\u00e9lia. Questo centro vacanze \u00e8 stato completamente ristrutturato a seguito di un incendio<\/p>\n<div id='gallery-1' class='gallery galleryid-42590 gallery-columns-3 gallery-size-thumbnail'><dl class='gallery-item'>\n\t\t\t<dt class='gallery-icon landscape'>\n\t\t\t\t<a href='https:\/\/centcols.org\/backup\/wp-content\/uploads\/2017\/08\/Pre-du-Lac-Est.jpg'><img loading=\"lazy\" decoding=\"async\" width=\"300\" height=\"300\" src=\"https:\/\/centcols.org\/backup\/wp-content\/uploads\/2017\/08\/Pre-du-Lac-Est-300x300.jpg\" class=\"attachment-thumbnail size-thumbnail\" alt=\"\" aria-describedby=\"gallery-1-32913\" srcset=\"https:\/\/centcols.org\/backup\/wp-content\/uploads\/2017\/08\/Pre-du-Lac-Est-300x300.jpg 300w, https:\/\/centcols.org\/backup\/wp-content\/uploads\/2017\/08\/Pre-du-Lac-Est-100x100.jpg 100w\" sizes=\"(max-width: 300px) 100vw, 300px\" \/><\/a>\n\t\t\t<\/dt>\n\t\t\t\t<dd class='wp-caption-text gallery-caption' id='gallery-1-32913'>\n\t\t\t\tLe Pr\u00e9 du lac\n\t\t\t\t<\/dd><\/dl><dl class='gallery-item'>\n\t\t\t<dt class='gallery-icon landscape'>\n\t\t\t\t<a href='https:\/\/centcols.org\/backup\/wp-content\/uploads\/2017\/08\/chambre_parmelan2.jpg'><img loading=\"lazy\" decoding=\"async\" width=\"300\" height=\"300\" src=\"https:\/\/centcols.org\/backup\/wp-content\/uploads\/2017\/08\/chambre_parmelan2-300x300.jpg\" class=\"attachment-thumbnail size-thumbnail\" alt=\"\" aria-describedby=\"gallery-1-32921\" srcset=\"https:\/\/centcols.org\/backup\/wp-content\/uploads\/2017\/08\/chambre_parmelan2-300x300.jpg 300w, https:\/\/centcols.org\/backup\/wp-content\/uploads\/2017\/08\/chambre_parmelan2-100x100.jpg 100w\" sizes=\"(max-width: 300px) 100vw, 300px\" \/><\/a>\n\t\t\t<\/dt>\n\t\t\t\t<dd class='wp-caption-text gallery-caption' id='gallery-1-32921'>\n\t\t\t\tChambre\n\t\t\t\t<\/dd><\/dl><dl class='gallery-item'>\n\t\t\t<dt class='gallery-icon landscape'>\n\t\t\t\t<a href='https:\/\/centcols.org\/backup\/wp-content\/uploads\/2017\/08\/720_St-Jorioz_Restaurant_4.jpg'><img loading=\"lazy\" decoding=\"async\" width=\"300\" height=\"300\" src=\"https:\/\/centcols.org\/backup\/wp-content\/uploads\/2017\/08\/720_St-Jorioz_Restaurant_4-300x300.jpg\" class=\"attachment-thumbnail size-thumbnail\" alt=\"\" aria-describedby=\"gallery-1-32917\" srcset=\"https:\/\/centcols.org\/backup\/wp-content\/uploads\/2017\/08\/720_St-Jorioz_Restaurant_4-300x300.jpg 300w, https:\/\/centcols.org\/backup\/wp-content\/uploads\/2017\/08\/720_St-Jorioz_Restaurant_4-100x100.jpg 100w\" sizes=\"(max-width: 300px) 100vw, 300px\" \/><\/a>\n\t\t\t<\/dt>\n\t\t\t\t<dd class='wp-caption-text gallery-caption' id='gallery-1-32917'>\n\t\t\t\tRestaurant\n\t\t\t\t<\/dd><\/dl><br style=\"clear: both\" \/>\n\t\t<\/div>\n\n<h2>Balades \u00e0 v\u00e9lo<\/h2>\n<h3>Circuito stradale<\/h3>\n<div class=\"right-side-wrap\">\n<div id=\"trtext\" style=\"font-size: 16px;\"><span id=\"s2_1\" style=\"background-color: white;\">Sabato mattina: Partenza per la pista ciclabile in direzione di Annecy, poi Annecy-le-Vieux da dove si attacca la salita della parete nord dei Monti Veyrier e Baron per raggiungere il col di Pr\u00e9-Vernet (917 m) poi il col dei Contrabbandieri (1054 m)<\/span><br \/>\n<span id=\"s2_2\" style=\"background-color: white;\">Domenica mattina: partenza dalla pista ciclabile fino a Sevrier per proseguire in direzione del col di Leschaux (987 m). Poi direzione La Chapelle-Saint-Maurice, Saint-Eustache per raggiungere Saint-Jorioz<\/span><\/div>\n<\/div>\n<p><a href=\"https:\/\/centcols.org\/backup\/wp-content\/uploads\/2017\/02\/Route.zip\">scaricare le tracce stradali<\/a><\/p>\n<h3>Circuito MTB<\/h3>\n<div id=\"trtext\" style=\"font-size: 16px;\"><span id=\"s2_1\" style=\"background-color: white;\">Sabato mattina: partenza dalla pista ciclabile in direzione di Doussard, poi direzione Chevaline e salire nella Combe d&#8217;Ire per raggiungere il Col de Ch\u00e9rel (1498 m)<\/span><br \/>\n<span id=\"s2_2\" style=\"background-color: white;\">Domenica mattina: Partenza dalla pista ciclabile in direzione di Duingt, salire a Entrevernes e proseguire fino al passaggio della Costa (843 m). Scendere e prendere il sentiero che segue quello che porta al cimitero e rotolare sulla cresta per raggiungere il Col dell&#8217;Echarasson (740 m).<\/span><\/div>\n<p><a href=\"https:\/\/centcols.org\/backup\/wp-content\/uploads\/2017\/02\/VTT.zip\">caricare le tracce MTB<\/a><\/p>\n<div id=\"finestramailtomailModalToPopup\" style=\"z-index: 1102;\">\n<div id=\"finestramailtomailContentPopup\">\n<div id=\"finestramailtotoClose\"><\/div>\n<div id=\"finestramailtotoModalPopup\">What do you want to do ?<\/div>\n<p><a id=\"finestramailtonewButtonEmail\"><\/a>New mail<button id=\"finestramailtocopyClipboardEmail\">Copy<\/button><textarea id=\"finestramailtotoTextCopyAreaSelect\"><\/textarea><\/p>\n<\/div>\n<\/div>\n<div id=\"finestramailtomailModalToPopup\" style=\"z-index: 1102;\">\n<div id=\"finestramailtomailContentPopup\">\n<div id=\"finestramailtotoClose\"><\/div>\n<div id=\"finestramailtotoModalPopup\">What do you want to do ?<\/div>\n<p><a id=\"finestramailtonewButtonEmail\"><\/a>New mail<button id=\"finestramailtocopyClipboardEmail\">Copy<\/button><textarea id=\"finestramailtotoTextCopyAreaSelect\"><\/textarea><\/div>\n<\/div>\n<div><img \/><\/div>\n","protected":false},"excerpt":{"rendered":"<p>Presentazione AG 2017, Saint-Jorioz, sabato 11 novembre 2017 a 15 h 00 Dopo il 2012, quando il Club des Cent Cols ha festeggiato il suo quarantesimo anniversario, \u00e8 di nuovo la regione di Annecy, culla del club, che ospiter\u00e0 la nostra Assemblea Generale. Sar\u00e0 un&#8217;Assemblea generale elettiva che vedr\u00e0 un rinnovo del Consiglio di amministrazione. [&hellip;]<\/p>\n","protected":false},"author":69,"featured_media":0,"comment_status":"closed","ping_status":"closed","sticky":false,"template":"","format":"standard","meta":{"_acf_changed":false,"ub_ctt_via":"","_monsterinsights_skip_tracking":false,"_monsterinsights_sitenote_active":false,"_monsterinsights_sitenote_note":"","_monsterinsights_sitenote_category":0,"footnotes":""},"categories":[337],"tags":[],"acf":[],"featured_image_urls":{"full":"","thumbnail":"","medium":"","medium_large":"","large":"","1536x1536":"","2048x2048":"","woocommerce_thumbnail":"","woocommerce_single":"","woocommerce_gallery_thumbnail":""},"post_excerpt_stackable":"<p>Presentazione AG 2017, Saint-Jorioz, sabato 11 novembre 2017 a 15 h 00 Dopo il 2012, quando il Club des Cent Cols ha festeggiato il suo quarantesimo anniversario, \u00e8 di nuovo la regione di Annecy, culla del club, che ospiter\u00e0 la nostra Assemblea Generale. Sar\u00e0 un&#8217;Assemblea generale elettiva che vedr\u00e0 un rinnovo del Consiglio di amministrazione. IL Lago d&#8217;Annecy (Photo Guy Harl\u00e9) L&#8217;alloggio, la ristorazione e l&#8217;Assemblea generale si terranno all&#8217;interno del Villaggio vacanze &#8220;le Pr\u00e9 du Lac&#8221; gestito da Tern\u00e9lia. Questo centro vacanze \u00e8 stato completamente ristrutturato a seguito di un incendio Le Pr\u00e9 du lac Chambre Restaurant Balades \u00e0&hellip;<\/p>\n","category_list":"<a href=\"https:\/\/centcols.org\/backup\/it\/categorie\/assemblees-generales-it\/\" rel=\"category tag\">Assemblee generali<\/a>","author_info":{"display_name":"Enrico Alberini","author_link":"https:\/\/centcols.org\/backup\/it\/author\/5065\/"},"comments_num":"0 commenti","featured_image_urls_v2":{"full":"","thumbnail":"","medium":"","medium_large":"","large":"","1536x1536":"","2048x2048":"","woocommerce_thumbnail":"","woocommerce_single":"","woocommerce_gallery_thumbnail":""},"post_excerpt_stackable_v2":"<p>Presentazione AG 2017, Saint-Jorioz, sabato 11 novembre 2017 a 15 h 00 Dopo il 2012, quando il Club des Cent Cols ha festeggiato il suo quarantesimo anniversario, \u00e8 di nuovo la regione di Annecy, culla del club, che ospiter\u00e0 la nostra Assemblea Generale. Sar\u00e0 un&#8217;Assemblea generale elettiva che vedr\u00e0 un rinnovo del Consiglio di amministrazione. IL Lago d&#8217;Annecy (Photo Guy Harl\u00e9) L&#8217;alloggio, la ristorazione e l&#8217;Assemblea generale si terranno all&#8217;interno del Villaggio vacanze &#8220;le Pr\u00e9 du Lac&#8221; gestito da Tern\u00e9lia. Questo centro vacanze \u00e8 stato completamente ristrutturato a seguito di un incendio Le Pr\u00e9 du lac Chambre Restaurant Balades \u00e0&hellip;<\/p>\n","category_list_v2":"<a href=\"https:\/\/centcols.org\/backup\/it\/categorie\/assemblees-generales-it\/\" rel=\"category tag\">Assemblee generali<\/a>","author_info_v2":{"name":"Enrico Alberini","url":"https:\/\/centcols.org\/backup\/it\/author\/5065\/"},"comments_num_v2":"0 commenti","featured_image_src":null,"_links":{"self":[{"href":"https:\/\/centcols.org\/backup\/it\/wp-json\/wp\/v2\/posts\/42590"}],"collection":[{"href":"https:\/\/centcols.org\/backup\/it\/wp-json\/wp\/v2\/posts"}],"about":[{"href":"https:\/\/centcols.org\/backup\/it\/wp-json\/wp\/v2\/types\/post"}],"author":[{"embeddable":true,"href":"https:\/\/centcols.org\/backup\/it\/wp-json\/wp\/v2\/users\/69"}],"replies":[{"embeddable":true,"href":"https:\/\/centcols.org\/backup\/it\/wp-json\/wp\/v2\/comments?post=42590"}],"version-history":[{"count":0,"href":"https:\/\/centcols.org\/backup\/it\/wp-json\/wp\/v2\/posts\/42590\/revisions"}],"wp:attachment":[{"href":"https:\/\/centcols.org\/backup\/it\/wp-json\/wp\/v2\/media?parent=42590"}],"wp:term":[{"taxonomy":"category","embeddable":true,"href":"https:\/\/centcols.org\/backup\/it\/wp-json\/wp\/v2\/categories?post=42590"},{"taxonomy":"post_tag","embeddable":true,"href":"https:\/\/centcols.org\/backup\/it\/wp-json\/wp\/v2\/tags?post=42590"}],"curies":[{"name":"wp","href":"https:\/\/api.w.org\/{rel}","templated":true}]}}