{"id":42594,"date":"2016-03-24T11:17:52","date_gmt":"2016-03-24T10:17:52","guid":{"rendered":"https:\/\/centcols.org\/backup\/ag-cent-cols-2016-balaruc\/"},"modified":"2023-06-04T13:42:53","modified_gmt":"2023-06-04T11:42:53","slug":"ag-cent-cols-2016-balaruc","status":"publish","type":"post","link":"https:\/\/centcols.org\/backup\/it\/ag-cent-cols-2016-balaruc\/","title":{"rendered":"Assemblea Generale del Club des Cent Cols a Balaruc-les-Bains (H\u00e9rault) il 12 novembre 2016"},"content":{"rendered":"<h2>Presentazione<\/h2>\n<p>AG 2016, Balaruc-les-Bains, sabato 12 novembre 2016 lle 15 h 30<\/p>\n<div id=\"trpar\" style=\"display: block; font-size: 18px; font-family: Tahoma, Verdana, Arial, Helvetica, sans-serif; height: 183px;\"><span id=\"s2_1\" style=\"background-color: white; font-family: arial, helvetica, sans-serif; font-size: 12pt;\">\u00c8 nel dipartimento dell&#8217;H\u00e9rault, a Balaruc-les-Bains, che si svolger\u00e0 la nostra Assemblea generale 2016.<\/span><br \/>\n<span id=\"s2_2\" style=\"background-color: white;\"><span style=\"font-family: arial, helvetica, sans-serif; font-size: 12pt;\">L&#8217;alloggio, la ristorazione e l&#8217;Assemblea Generale si terranno all&#8217;interno del Villaggio vacanze &#8220;Lo Solehau&#8221; gestito da Touristra<\/span>.<\/span><\/div>\n<h2>Balaruc-les-Bains<\/h2>\n<p><a href=\"https:\/\/centcols.org\/backup\/wp-content\/uploads\/2016\/03\/blason.png\" rel=\"attachment wp-att-24089\"><img loading=\"lazy\" decoding=\"async\" class=\"wp-image-24089 aligncenter\" src=\"https:\/\/centcols.org\/backup\/wp-content\/uploads\/2016\/03\/blason.png\" alt=\"blason\" width=\"100\" height=\"110\" \/><\/a><\/p>\n<div id=\"trtext\" style=\"font-size: 16px;\"><span id=\"s2_1\" style=\"background-color: white;\">La localit\u00e0 termale e balneare del Languedoc Roussillon, Balaruc-les-Bains \u00e8 situata nel dipartimento dell&#8217;H\u00e9rault, vicino al Mar Mediterraneo, su una penisola del Bacino di Thau, a 29 km a sud-ovest di Montpellier, 7 km a S\u00e8te e 48 km a B\u00e9ziers.<\/span><br \/>\n<span id=\"s2_2\" style=\"background-color: white;\">Prima stazione termale di Francia, la sola nel Mediterraneo, Balaruc-les-Bains \u00e8 specializzata per due orientamenti terapeutici: la reumatologia e la flebologia.<\/span> <span id=\"s2_3\">Balaruc conta quasi 7000 abitanti.<\/span><\/div>\n<div id='gallery-1' class='gallery galleryid-42594 gallery-columns-2 gallery-size-large'><dl class='gallery-item'>\n\t\t\t<dt class='gallery-icon landscape'>\n\t\t\t\t<a href='https:\/\/centcols.org\/backup\/wp-content\/uploads\/2016\/03\/balaruc.jpg'><img loading=\"lazy\" decoding=\"async\" width=\"950\" height=\"594\" src=\"https:\/\/centcols.org\/backup\/wp-content\/uploads\/2016\/03\/balaruc.jpg\" class=\"attachment-large size-large\" alt=\"\" srcset=\"https:\/\/centcols.org\/backup\/wp-content\/uploads\/2016\/03\/balaruc.jpg 950w, https:\/\/centcols.org\/backup\/wp-content\/uploads\/2016\/03\/balaruc-600x375.jpg 600w, https:\/\/centcols.org\/backup\/wp-content\/uploads\/2016\/03\/balaruc-500x313.jpg 500w, https:\/\/centcols.org\/backup\/wp-content\/uploads\/2016\/03\/balaruc-768x480.jpg 768w\" sizes=\"(max-width: 950px) 100vw, 950px\" \/><\/a>\n\t\t\t<\/dt><\/dl><dl class='gallery-item'>\n\t\t\t<dt class='gallery-icon landscape'>\n\t\t\t\t<a href='https:\/\/centcols.org\/backup\/wp-content\/uploads\/2016\/03\/port-balaruc.jpg'><img loading=\"lazy\" decoding=\"async\" width=\"950\" height=\"631\" src=\"https:\/\/centcols.org\/backup\/wp-content\/uploads\/2016\/03\/port-balaruc.jpg\" class=\"attachment-large size-large\" alt=\"\" srcset=\"https:\/\/centcols.org\/backup\/wp-content\/uploads\/2016\/03\/port-balaruc.jpg 950w, https:\/\/centcols.org\/backup\/wp-content\/uploads\/2016\/03\/port-balaruc-600x399.jpg 600w, https:\/\/centcols.org\/backup\/wp-content\/uploads\/2016\/03\/port-balaruc-500x332.jpg 500w, https:\/\/centcols.org\/backup\/wp-content\/uploads\/2016\/03\/port-balaruc-768x510.jpg 768w\" sizes=\"(max-width: 950px) 100vw, 950px\" \/><\/a>\n\t\t\t<\/dt><\/dl><br style=\"clear: both\" \/>\n\t\t<\/div>\n\n<h2>Alloggio<\/h2>\n<p>Village Vacances Lo Solehau<br \/>\nRue du Mont Saint Clair<br \/>\n34 540 Balaruc-les-Bains<\/p>\n<div id=\"trtext\" style=\"font-size: 16px;\"><span id=\"s2_1\" style=\"background-color: white;\">In un parco di 3 ettari ai margini dello stagno di Thau, il Villaggio Vacanze di Balaruc les Bains dispone di 203 camere distribuite in 4 edifici non molto alti, con ascensore, e dispone anche di 4 camere doppie accessibili alle Persone con mobilit\u00e0 ridotta.<\/span><br \/>\n<span id=\"s2_2\" style=\"background-color: white;\">Apprezzerete la vicinanza alle piste ciclabili e al centro citt\u00e0 a 5 minuti a piedi e il Villaggio Vacanze vicino all&#8217;acqua.<\/span><\/div>\n<div id='gallery-2' class='gallery galleryid-42594 gallery-columns-3 gallery-size-medium'><dl class='gallery-item'>\n\t\t\t<dt class='gallery-icon landscape'>\n\t\t\t\t<a href='https:\/\/centcols.org\/backup\/wp-content\/uploads\/2016\/03\/village.jpg'><img loading=\"lazy\" decoding=\"async\" width=\"500\" height=\"332\" src=\"https:\/\/centcols.org\/backup\/wp-content\/uploads\/2016\/03\/village-500x332.jpg\" class=\"attachment-medium size-medium\" alt=\"\" srcset=\"https:\/\/centcols.org\/backup\/wp-content\/uploads\/2016\/03\/village-500x332.jpg 500w, https:\/\/centcols.org\/backup\/wp-content\/uploads\/2016\/03\/village-600x398.jpg 600w, https:\/\/centcols.org\/backup\/wp-content\/uploads\/2016\/03\/village-768x510.jpg 768w, https:\/\/centcols.org\/backup\/wp-content\/uploads\/2016\/03\/village.jpg 890w\" sizes=\"(max-width: 500px) 100vw, 500px\" \/><\/a>\n\t\t\t<\/dt><\/dl><dl class='gallery-item'>\n\t\t\t<dt class='gallery-icon landscape'>\n\t\t\t\t<a href='https:\/\/centcols.org\/backup\/wp-content\/uploads\/2016\/03\/chambre2.jpg'><img loading=\"lazy\" decoding=\"async\" width=\"500\" height=\"333\" src=\"https:\/\/centcols.org\/backup\/wp-content\/uploads\/2016\/03\/chambre2-500x333.jpg\" class=\"attachment-medium size-medium\" alt=\"\" srcset=\"https:\/\/centcols.org\/backup\/wp-content\/uploads\/2016\/03\/chambre2-500x333.jpg 500w, https:\/\/centcols.org\/backup\/wp-content\/uploads\/2016\/03\/chambre2-600x399.jpg 600w, https:\/\/centcols.org\/backup\/wp-content\/uploads\/2016\/03\/chambre2-768x511.jpg 768w, https:\/\/centcols.org\/backup\/wp-content\/uploads\/2016\/03\/chambre2-1200x799.jpg 1200w, https:\/\/centcols.org\/backup\/wp-content\/uploads\/2016\/03\/chambre2.jpg 1535w\" sizes=\"(max-width: 500px) 100vw, 500px\" \/><\/a>\n\t\t\t<\/dt><\/dl><dl class='gallery-item'>\n\t\t\t<dt class='gallery-icon landscape'>\n\t\t\t\t<a href='https:\/\/centcols.org\/backup\/wp-content\/uploads\/2016\/03\/chambre1.jpg'><img loading=\"lazy\" decoding=\"async\" width=\"500\" height=\"333\" src=\"https:\/\/centcols.org\/backup\/wp-content\/uploads\/2016\/03\/chambre1-500x333.jpg\" class=\"attachment-medium size-medium\" alt=\"\" srcset=\"https:\/\/centcols.org\/backup\/wp-content\/uploads\/2016\/03\/chambre1-500x333.jpg 500w, https:\/\/centcols.org\/backup\/wp-content\/uploads\/2016\/03\/chambre1-600x399.jpg 600w, https:\/\/centcols.org\/backup\/wp-content\/uploads\/2016\/03\/chambre1-768x511.jpg 768w, https:\/\/centcols.org\/backup\/wp-content\/uploads\/2016\/03\/chambre1.jpg 888w\" sizes=\"(max-width: 500px) 100vw, 500px\" \/><\/a>\n\t\t\t<\/dt><\/dl><br style=\"clear: both\" \/>\n\t\t<\/div>\n\n<p>&nbsp;<\/p>\n<h2>Contatto<\/h2>\n<p>T\u00e9l. : 04 67 46 52 00 &#8211; Fax : 04 67 43 23 41<br \/>\nMail : <a href=\"ma&#105;l&#116;o&#58;&#98;a&#108;a&#114;u&#99;&#64;to&#117;ristr&#97;vac&#97;&#110;c&#101;&#115;&#46;&#99;o&#109;\">b&#97;l&#97;&#114;u&#99;&#64;&#116;&#111;&#117;&#114;&#105;&#115;tr&#97;va&#99;&#97;&#110;&#99;&#101;s.&#99;o&#109;<\/a><a href=\"http:\/\/balaruc@touristravacances.com\"><br \/>\n<\/a><a href=\"http:\/\/www.touristravacances.com\/village-vacances-cure-thermale-balaruc.html\">http:\/\/www.touristravacances.com\/village-vacances-cure-thermale-balaruc.html<\/a><\/p>\n<div id=\"finestramailtomailModalToPopup\" style=\"z-index: 1102;\">\n<div id=\"finestramailtomailContentPopup\">\n<div id=\"finestramailtotoClose\"><\/div>\n<\/div>\n<\/div>\n<div><\/div>\n","protected":false},"excerpt":{"rendered":"<p>Presentazione AG 2016, Balaruc-les-Bains, sabato 12 novembre 2016 lle 15 h 30 \u00c8 nel dipartimento dell&#8217;H\u00e9rault, a Balaruc-les-Bains, che si svolger\u00e0 la nostra Assemblea generale 2016. L&#8217;alloggio, la ristorazione e l&#8217;Assemblea Generale si terranno all&#8217;interno del Villaggio vacanze &#8220;Lo Solehau&#8221; gestito da Touristra. Balaruc-les-Bains La localit\u00e0 termale e balneare del Languedoc Roussillon, Balaruc-les-Bains \u00e8 situata [&hellip;]<\/p>\n","protected":false},"author":147,"featured_media":0,"comment_status":"closed","ping_status":"closed","sticky":false,"template":"","format":"standard","meta":{"_acf_changed":false,"ub_ctt_via":"","_monsterinsights_skip_tracking":false,"_monsterinsights_sitenote_active":false,"_monsterinsights_sitenote_note":"","_monsterinsights_sitenote_category":0,"footnotes":""},"categories":[337],"tags":[],"acf":[],"featured_image_urls":{"full":"","thumbnail":"","medium":"","medium_large":"","large":"","1536x1536":"","2048x2048":"","woocommerce_thumbnail":"","woocommerce_single":"","woocommerce_gallery_thumbnail":""},"post_excerpt_stackable":"<p>Presentazione AG 2016, Balaruc-les-Bains, sabato 12 novembre 2016 lle 15 h 30 \u00c8 nel dipartimento dell&#8217;H\u00e9rault, a Balaruc-les-Bains, che si svolger\u00e0 la nostra Assemblea generale 2016. L&#8217;alloggio, la ristorazione e l&#8217;Assemblea Generale si terranno all&#8217;interno del Villaggio vacanze &#8220;Lo Solehau&#8221; gestito da Touristra. Balaruc-les-Bains La localit\u00e0 termale e balneare del Languedoc Roussillon, Balaruc-les-Bains \u00e8 situata nel dipartimento dell&#8217;H\u00e9rault, vicino al Mar Mediterraneo, su una penisola del Bacino di Thau, a 29 km a sud-ovest di Montpellier, 7 km a S\u00e8te e 48 km a B\u00e9ziers. Prima stazione termale di Francia, la sola nel Mediterraneo, Balaruc-les-Bains \u00e8 specializzata per due orientamenti&hellip;<\/p>\n","category_list":"<a href=\"https:\/\/centcols.org\/backup\/it\/categorie\/assemblees-generales-it\/\" rel=\"category tag\">Assemblee generali<\/a>","author_info":{"display_name":"Guy Harl\u00e9","author_link":"https:\/\/centcols.org\/backup\/it\/author\/5193\/"},"comments_num":"0 commenti","featured_image_urls_v2":{"full":"","thumbnail":"","medium":"","medium_large":"","large":"","1536x1536":"","2048x2048":"","woocommerce_thumbnail":"","woocommerce_single":"","woocommerce_gallery_thumbnail":""},"post_excerpt_stackable_v2":"<p>Presentazione AG 2016, Balaruc-les-Bains, sabato 12 novembre 2016 lle 15 h 30 \u00c8 nel dipartimento dell&#8217;H\u00e9rault, a Balaruc-les-Bains, che si svolger\u00e0 la nostra Assemblea generale 2016. L&#8217;alloggio, la ristorazione e l&#8217;Assemblea Generale si terranno all&#8217;interno del Villaggio vacanze &#8220;Lo Solehau&#8221; gestito da Touristra. Balaruc-les-Bains La localit\u00e0 termale e balneare del Languedoc Roussillon, Balaruc-les-Bains \u00e8 situata nel dipartimento dell&#8217;H\u00e9rault, vicino al Mar Mediterraneo, su una penisola del Bacino di Thau, a 29 km a sud-ovest di Montpellier, 7 km a S\u00e8te e 48 km a B\u00e9ziers. Prima stazione termale di Francia, la sola nel Mediterraneo, Balaruc-les-Bains \u00e8 specializzata per due orientamenti&hellip;<\/p>\n","category_list_v2":"<a href=\"https:\/\/centcols.org\/backup\/it\/categorie\/assemblees-generales-it\/\" rel=\"category tag\">Assemblee generali<\/a>","author_info_v2":{"name":"Guy Harl\u00e9","url":"https:\/\/centcols.org\/backup\/it\/author\/5193\/"},"comments_num_v2":"0 commenti","featured_image_src":null,"_links":{"self":[{"href":"https:\/\/centcols.org\/backup\/it\/wp-json\/wp\/v2\/posts\/42594"}],"collection":[{"href":"https:\/\/centcols.org\/backup\/it\/wp-json\/wp\/v2\/posts"}],"about":[{"href":"https:\/\/centcols.org\/backup\/it\/wp-json\/wp\/v2\/types\/post"}],"author":[{"embeddable":true,"href":"https:\/\/centcols.org\/backup\/it\/wp-json\/wp\/v2\/users\/147"}],"replies":[{"embeddable":true,"href":"https:\/\/centcols.org\/backup\/it\/wp-json\/wp\/v2\/comments?post=42594"}],"version-history":[{"count":0,"href":"https:\/\/centcols.org\/backup\/it\/wp-json\/wp\/v2\/posts\/42594\/revisions"}],"wp:attachment":[{"href":"https:\/\/centcols.org\/backup\/it\/wp-json\/wp\/v2\/media?parent=42594"}],"wp:term":[{"taxonomy":"category","embeddable":true,"href":"https:\/\/centcols.org\/backup\/it\/wp-json\/wp\/v2\/categories?post=42594"},{"taxonomy":"post_tag","embeddable":true,"href":"https:\/\/centcols.org\/backup\/it\/wp-json\/wp\/v2\/tags?post=42594"}],"curies":[{"name":"wp","href":"https:\/\/api.w.org\/{rel}","templated":true}]}}