{"id":42939,"date":"2020-06-08T20:46:20","date_gmt":"2020-06-08T18:46:20","guid":{"rendered":"https:\/\/centcols.org\/backup\/?p=42939"},"modified":"2023-05-21T11:28:47","modified_gmt":"2023-05-21T09:28:47","slug":"sejour-ete-2020-chessy-les-mines-2-2","status":"publish","type":"post","link":"https:\/\/centcols.org\/backup\/it\/sejour-ete-2020-chessy-les-mines-2-2\/","title":{"rendered":"Soggiorno estivo a Chessy-les-Mines, dal 15 al 22 agosto 2020"},"content":{"rendered":"<p><span style=\"color: #808080;\">Hanno contribuito a questa pagina di presentazione del soggiorno\u00a0 Christophe Badonnel, Thierry Labour e i responsabili informatici <br \/><\/span><\/p>\r\n<p><a href=\"https:\/\/www.leprogres.fr\/culture-loisirs\/2020\/08\/22\/poule-les-echarmeaux-120-personnes-participent-au-rassemblement-international-du-club-des-cent-cols\"><strong>Articolo pubblicato su sito del giornale &#8220;le Progr\u00e8s&#8221;<\/strong><\/a><\/p>\r\n<div id=\"attachment_38258\" style=\"width: 1210px\" class=\"wp-caption aligncenter\"><img loading=\"lazy\" decoding=\"async\" aria-describedby=\"caption-attachment-38258\" class=\"wp-image-38262 size-full\" src=\"https:\/\/centcols.org\/backup\/wp-content\/uploads\/2020\/01\/Au-col-du-Colombier-r.jpg\" alt=\"Au col du Colombier \u00a9Ph Chazottier\" width=\"1200\" height=\"619\" srcset=\"https:\/\/centcols.org\/backup\/wp-content\/uploads\/2020\/01\/Au-col-du-Colombier-r.jpg 1200w, https:\/\/centcols.org\/backup\/wp-content\/uploads\/2020\/01\/Au-col-du-Colombier-r-600x310.jpg 600w, https:\/\/centcols.org\/backup\/wp-content\/uploads\/2020\/01\/Au-col-du-Colombier-r-500x258.jpg 500w, https:\/\/centcols.org\/backup\/wp-content\/uploads\/2020\/01\/Au-col-du-Colombier-r-768x396.jpg 768w\" sizes=\"(max-width: 1200px) 100vw, 1200px\" \/><p id=\"caption-attachment-38258\" class=\"wp-caption-text\">Al col du Colombier \u00a9Ph Chazottier<\/p><\/div>\r\n<p><span style=\"color: #000000;\">Il soggiorno estivo 2020 si svolger\u00e0 dal 15 al 22 agosto nel dipartimento del Rodano, pi\u00f9 precisamente nel sud del Beaujolais a Chessy-les-Mines. E&#8217; stato preparato da una piccola squadra locale : Philippe Chazottier, Henri Cr\u00e9pet et Ren\u00e9 Rial.<\/span><\/p>\r\n<div id=\"lmm_6f1f4578\" style=\"width:100%;\" class=\"mapsmarker layermap layer-3\">\n<div id=\"lmm_panel_6f1f4578\" class=\"lmm-panel\" style=\"background:#efefef;\">\n<div id=\"lmm_panel_api_6f1f4578\" class=\"lmm-panel-api\"><\/div><div id=\"lmm_panel_text_6f1f4578\" class=\"lmm-panel-text\" style=\"font-weight:bold;color:#373737;\">Chessy<\/div>\n<\/div>\n<div id=\"lmm_map_6f1f4578\" class=\"lmm-map\" style=\"background:#f6f6f6;border:1px solid #ccc;height:480px; overflow:hidden;padding:0;\"><p style=\"font-size:80%;color:#9f9e9e;margin-left:5px;\">Caricamento delle mappe in corso - restare in attesa...<noscript><br\/><strong>Non \u00e8 stato possibile caricare le mappe - abilitare JavaScript!<\/strong><br\/><a style=\"text-decoration:none;\" href=\"https:\/\/www.mapsmarker.com\/js-disabled\" target=\"_blank\">&rarr; maggiori informazioni<\/a><\/noscript><\/p><\/div>\n<div id=\"lmm_geo_tags_6f1f4578_26\" class=\"lmm-geo-tags geo\">Chessy: <span class=\"latitude\">45.885378<\/span>, <span class=\"longitude\">4.620223<\/span><\/div>\n<div id=\"lmm_geo_tags_6f1f4578_27\" class=\"lmm-geo-tags geo\">Chessy: <span class=\"latitude\">45.886872<\/span>, <span class=\"longitude\">4.621553<\/span><\/div>\n<div id=\"lmm_listmarkers_6f1f4578\" class=\"lmm-listmarkers\" style=\"width:100%;\">\n<table style=\"width:100%;\" id=\"lmm_listmarkers_table_6f1f4578\" class=\"lmm-listmarkers-table\"><tr><td class=\"lmm-listmarkers-icon\"><img decoding=\"async\" style=\"border-radius:0;box-shadow:none;\" alt=\"marker icon\" src=\"https:\/\/centcols.org\/backup\/wp-content\/uploads\/leaflet-maps-marker-icons\/camping-2.png\" \/><\/td><td class=\"lmm-listmarkers-popuptext\"><div class=\"lmm-listmarkers-panel-icons\"><a href=\"https:\/\/maps.google.com\/maps?daddr=Avenue+du+Stade%2C+Chessy-les-Mines%2C+Auvergne-Rh%C3%B4ne-Alpes&amp;t=m&amp;layer=1&amp;doflg=ptk&amp;om=0\" target=\"_blank\" title=\"Trova indicazioni stradali\"><img loading=\"lazy\" decoding=\"async\" alt=\"icon-car.png\" src=\"https:\/\/centcols.org\/backup\/wp-content\/plugins\/leaflet-maps-marker\/inc\/img\/icon-car.png\" width=\"14\" height=\"14\" class=\"lmm-panel-api-images\" \/><\/a><\/div><span class=\"lmm-listmarkers-markername\">Chessy<\/span><br\/><span class=\"lmm-listmarkers-popuptext-only\"><p style=\"text-align: center\">Parkings pour camping-cars<\/p><\/span><br\/><div class=\"lmm-listmarkers-hr\">Avenue du Stade, Chessy-les-Mines, Auvergne-Rh\u00f4ne-Alpes<\/div><\/td><\/tr><tr><td class=\"lmm-listmarkers-icon\"><img decoding=\"async\" style=\"border-radius:0;box-shadow:none;\" alt=\"marker icon\" src=\"https:\/\/centcols.org\/backup\/wp-content\/uploads\/leaflet-maps-marker-icons\/lodging_0star.png\" \/><\/td><td class=\"lmm-listmarkers-popuptext\"><div class=\"lmm-listmarkers-panel-icons\"><a href=\"https:\/\/maps.google.com\/maps?daddr=68%2C+avenue+de+la+Gare%2C+69380+Chessy-les-Mines%2C+Auvergne-Rh%C3%B4ne-Alpes&amp;t=m&amp;layer=1&amp;doflg=ptk&amp;om=0\" target=\"_blank\" title=\"Trova indicazioni stradali\"><img loading=\"lazy\" decoding=\"async\" alt=\"icon-car.png\" src=\"https:\/\/centcols.org\/backup\/wp-content\/plugins\/leaflet-maps-marker\/inc\/img\/icon-car.png\" width=\"14\" height=\"14\" class=\"lmm-panel-api-images\" \/><\/a><\/div><span class=\"lmm-listmarkers-markername\">Chessy<\/span><br\/><span class=\"lmm-listmarkers-popuptext-only\"><p style=\"text-align: center\">MFR Chessy<\/p><\/span><br\/><div class=\"lmm-listmarkers-hr\">68, avenue de la Gare, 69380 Chessy-les-Mines, Auvergne-Rh\u00f4ne-Alpes<\/div><\/td><\/tr><\/table><\/div><\/div>\r\n<p><span style=\"color: #000000;\">Chessy-les-Mines \u00e8 situata nel dipartimento del Rodano a meno di 30 km a nord ovest di Lione, nella regione viticola del Beaujolais.<\/span><\/p>\r\n<p><span style=\"color: #000000;\">Soggiorneremo nella Casa Familaire Rurale (edificio scoladstico privato) nel centro del villaggio. <br \/><\/span><\/p>\r\n<p><span style=\"color: #000000;\">Troverete qui sotto le rubriche :<\/span><\/p>\r\n<ul>\r\n<li><span style=\"color: #000000;\">Presentazione della regione<\/span><\/li>\r\n<li>\r\n<h3><span style=\"color: #000000;\"><a href=\"\/membres\/cctours\/tours.php?lieu=Chessy&amp;an=2020\">I percorsi<\/a>:<br \/><\/span><span style=\"color: #000000;\"><a href=\"\/membres\/cctours\/tours.php?lieu=Chessy&amp;an=2020&amp;genre=R\">percorsi stradali<\/a>\u00a0 &#8211;\u00a0 <a href=\"\/membres\/cctours\/tours.php?lieu=Chessy&amp;an=2020&amp;genre=V\">percorsi MTB<\/a><br \/><\/span><\/h3>\r\n<\/li>\r\n<li><span style=\"color: #000000;\">L&#8217;alloggio<\/span><\/li>\r\n<li><span style=\"color: #000000;\">Nota del Consiglio d&#8217;Amministrazione<\/span><\/li>\r\n<li><span style=\"color: #000000;\">Iscrizioni<\/span><\/li>\r\n<li><span style=\"color: #000000;\">Altre attivit\u00e0 o visite\u00a0\u00a0 <br \/><\/span><\/li>\r\n<\/ul>\r\n<p><span style=\"color: #ff0000;\"><strong>Alcune informazioni per l&#8217;arrivo :<\/strong><\/span><\/p>\r\n<p><span style=\"color: #000000;\">Questo punto sar\u00e0 aggiornato qualche giorno prima dell&#8217;inizio del soggiorno.<\/span><\/p>\r\n\r\n<p>&nbsp;<\/p>\r\n\r\n\r\n\r\n<p>&nbsp;<\/p>\r\n\r\n<div id=\"finestramailtomailModalToPopup\" style=\"z-index: 1102;\">\r\n<div id=\"finestramailtomailContentPopup\">\r\n<div id=\"finestramailtotoClose\">\u00a0<\/div>\r\n<div id=\"finestramailtotoModalPopup\">What do you want to do ?<\/div>\r\n<a id=\"finestramailtonewButtonEmail\"><\/a>New mail<button id=\"finestramailtocopyClipboardEmail\">Copy<\/button><textarea id=\"finestramailtotoTextCopyAreaSelect\"><\/textarea><\/div>\r\n<\/div>\r\n<div><img \/><\/div>","protected":false},"excerpt":{"rendered":"<p>Hanno contribuito a questa pagina di presentazione del soggiorno\u00a0 Christophe Badonnel, Thierry Labour e i responsabili informatici Articolo pubblicato su sito del giornale &#8220;le Progr\u00e8s&#8221; Il soggiorno estivo 2020 si svolger\u00e0 dal 15 al 22 agosto nel dipartimento del Rodano, pi\u00f9 precisamente nel sud del Beaujolais a Chessy-les-Mines. E&#8217; stato preparato da una piccola squadra [&hellip;]<\/p>\n","protected":false},"author":69,"featured_media":0,"comment_status":"closed","ping_status":"closed","sticky":false,"template":"","format":"standard","meta":{"_acf_changed":false,"ub_ctt_via":"","_monsterinsights_skip_tracking":false,"_monsterinsights_sitenote_active":false,"_monsterinsights_sitenote_note":"","_monsterinsights_sitenote_category":0,"footnotes":""},"categories":[263],"tags":[],"acf":[],"featured_image_urls":{"full":"","thumbnail":"","medium":"","medium_large":"","large":"","1536x1536":"","2048x2048":"","woocommerce_thumbnail":"","woocommerce_single":"","woocommerce_gallery_thumbnail":""},"post_excerpt_stackable":"<p>Hanno contribuito a questa pagina di presentazione del soggiorno\u00a0 Christophe Badonnel, Thierry Labour e i responsabili informatici Articolo pubblicato su sito del giornale &#8220;le Progr\u00e8s&#8221; Al col du Colombier \u00a9Ph Chazottier Il soggiorno estivo 2020 si svolger\u00e0 dal 15 al 22 agosto nel dipartimento del Rodano, pi\u00f9 precisamente nel sud del Beaujolais a Chessy-les-Mines. E&#8217; stato preparato da una piccola squadra locale : Philippe Chazottier, Henri Cr\u00e9pet et Ren\u00e9 Rial. Chessy Caricamento delle mappe in corso &#8211; restare in attesa&#8230;Non \u00e8 stato possibile caricare le mappe &#8211; abilitare JavaScript!&rarr; maggiori informazioni Chessy: 45.885378, 4.620223 Chessy: 45.886872, 4.621553 ChessyParkings pour camping-carsAvenue&hellip;<\/p>\n","category_list":"<a href=\"https:\/\/centcols.org\/backup\/it\/categorie\/sejours-it\/\" rel=\"category tag\">Soggiorni<\/a>","author_info":{"display_name":"Enrico Alberini","author_link":"https:\/\/centcols.org\/backup\/it\/author\/5065\/"},"comments_num":"0 commenti","featured_image_urls_v2":{"full":"","thumbnail":"","medium":"","medium_large":"","large":"","1536x1536":"","2048x2048":"","woocommerce_thumbnail":"","woocommerce_single":"","woocommerce_gallery_thumbnail":""},"post_excerpt_stackable_v2":"<p>Hanno contribuito a questa pagina di presentazione del soggiorno\u00a0 Christophe Badonnel, Thierry Labour e i responsabili informatici Articolo pubblicato su sito del giornale &#8220;le Progr\u00e8s&#8221; Al col du Colombier \u00a9Ph Chazottier Il soggiorno estivo 2020 si svolger\u00e0 dal 15 al 22 agosto nel dipartimento del Rodano, pi\u00f9 precisamente nel sud del Beaujolais a Chessy-les-Mines. E&#8217; stato preparato da una piccola squadra locale : Philippe Chazottier, Henri Cr\u00e9pet et Ren\u00e9 Rial. Chessy Caricamento delle mappe in corso &#8211; restare in attesa&#8230;Non \u00e8 stato possibile caricare le mappe &#8211; abilitare JavaScript!&rarr; maggiori informazioni Chessy: 45.885378, 4.620223 Chessy: 45.886872, 4.621553 ChessyParkings pour camping-carsAvenue&hellip;<\/p>\n","category_list_v2":"<a href=\"https:\/\/centcols.org\/backup\/it\/categorie\/sejours-it\/\" rel=\"category tag\">Soggiorni<\/a>","author_info_v2":{"name":"Enrico Alberini","url":"https:\/\/centcols.org\/backup\/it\/author\/5065\/"},"comments_num_v2":"0 commenti","featured_image_src":null,"_links":{"self":[{"href":"https:\/\/centcols.org\/backup\/it\/wp-json\/wp\/v2\/posts\/42939"}],"collection":[{"href":"https:\/\/centcols.org\/backup\/it\/wp-json\/wp\/v2\/posts"}],"about":[{"href":"https:\/\/centcols.org\/backup\/it\/wp-json\/wp\/v2\/types\/post"}],"author":[{"embeddable":true,"href":"https:\/\/centcols.org\/backup\/it\/wp-json\/wp\/v2\/users\/69"}],"replies":[{"embeddable":true,"href":"https:\/\/centcols.org\/backup\/it\/wp-json\/wp\/v2\/comments?post=42939"}],"version-history":[{"count":0,"href":"https:\/\/centcols.org\/backup\/it\/wp-json\/wp\/v2\/posts\/42939\/revisions"}],"wp:attachment":[{"href":"https:\/\/centcols.org\/backup\/it\/wp-json\/wp\/v2\/media?parent=42939"}],"wp:term":[{"taxonomy":"category","embeddable":true,"href":"https:\/\/centcols.org\/backup\/it\/wp-json\/wp\/v2\/categories?post=42939"},{"taxonomy":"post_tag","embeddable":true,"href":"https:\/\/centcols.org\/backup\/it\/wp-json\/wp\/v2\/tags?post=42939"}],"curies":[{"name":"wp","href":"https:\/\/api.w.org\/{rel}","templated":true}]}}