{"id":43966,"date":"2020-06-04T08:39:15","date_gmt":"2020-06-04T06:39:15","guid":{"rendered":"https:\/\/centcols.org\/backup\/?p=43966"},"modified":"2020-11-14T19:33:34","modified_gmt":"2020-11-14T18:33:34","slug":"ag-2020-autun","status":"publish","type":"post","link":"https:\/\/centcols.org\/backup\/it\/ag-2020-autun\/","title":{"rendered":"Assemblea Generale del Club des Cent Cols a Autun (Sa\u00f4ne e Loire) il 14 novembre 2020 &#8211; Annullata"},"content":{"rendered":"\n<h2 class=\"wp-block-heading\">Risultato delle votazioni<\/h2>\n\n\n\n<p>Quest&#8217;anno ci sono solamente il voto elettronico e per corrispondenza.<br>Il CA ringrazia calorosamente Claude e Francine Mabillot che hanno provveduto allo spoglio dei voti pervenuti per corrispondenza.<\/p>\n\n\n\n<figure class=\"wp-block-image\"><img loading=\"lazy\" decoding=\"async\" width=\"500\" height=\"329\" src=\"https:\/\/centcols.org\/backup\/wp-content\/uploads\/2020\/05\/tableau-votes-500x329.jpg\" alt=\"\" class=\"wp-image-55082\" srcset=\"https:\/\/centcols.org\/backup\/wp-content\/uploads\/2020\/05\/tableau-votes-500x329.jpg 500w, https:\/\/centcols.org\/backup\/wp-content\/uploads\/2020\/05\/tableau-votes-600x394.jpg 600w, https:\/\/centcols.org\/backup\/wp-content\/uploads\/2020\/05\/tableau-votes.jpg 729w\" sizes=\"(max-width: 500px) 100vw, 500px\" \/><\/figure>\n\n\n<h2>Assemblea Generale 2020<\/h2>\n<p>L&#8217;Assemblea Generale 2020 si terr\u00e0 a Autun il sabato 14 novembre 2020 alle 14 h 30<\/p>\n<p>Per partecipare al soggiorno che \u00e8 associato, andate sulla pagina <strong><a href=\"https:\/\/centcols.org\/backup\/it\/categorie\/sejours-it\/\" target=\"_blank\" rel=\"noopener noreferrer\">Soggiorni<\/a><\/strong> del sito<\/p>\n<h2>Indirizzo<\/h2>\n<p>Espace Saint EX<br \/>3 rue Saint-Exup\u00e9ry<br \/>71400 Autun<br \/>T\u00e9l : +33 (0)3 85 86 58 30 \u2013 Fax : +33 (0)3 85 86 58 32<br \/>Courriel : <a href=\"mailto:accueil@espacesaintex.fr\">accueil@espacesaintex.fr<\/a><br \/><a href=\"https:\/\/www.espacesaintex.org\" target=\"_blank\" rel=\"noopener noreferrer\">https:\/\/www.espacesaintex.org<\/a><\/p>\n<div id=\"lmm_93143c9f\" style=\"width:100%;\" class=\"mapsmarker markermap marker-30\">\n<div id=\"lmm_panel_93143c9f\" class=\"lmm-panel\" style=\"background:#efefef;\">\n<div id=\"lmm_panel_api_93143c9f\" class=\"lmm-panel-api\"><a href=\"https:\/\/maps.google.com\/maps?daddr=Espace+Saint+EX&amp;t=m&amp;layer=1&amp;doflg=ptk&amp;om=0\" target=\"_blank\" title=\"Trova indicazioni stradali\"><img loading=\"lazy\" decoding=\"async\" alt=\"icon-car.png\" src=\"https:\/\/centcols.org\/backup\/wp-content\/plugins\/leaflet-maps-marker\/inc\/img\/icon-car.png\" width=\"14\" height=\"14\" class=\"lmm-panel-api-images\" \/><\/a><\/div><div id=\"lmm_panel_text_93143c9f\" class=\"lmm-panel-text\" style=\"font-weight:bold;color:#373737;\">Autun<\/div><\/div>\n<div id=\"lmm_map_93143c9f\" class=\"lmm-map\" style=\"background:#f6f6f6;border:1px solid #ccc;height:480px; overflow:hidden;padding:0;\"><p style=\"font-size:80%;color:#9f9e9e;margin-left:5px;\">Caricamento delle mappe in corso - restare in attesa...<noscript><br\/><strong>Non \u00e8 stato possibile caricare le mappe - abilitare JavaScript!<\/strong><br\/><a style=\"text-decoration:none;\" href=\"https:\/\/www.mapsmarker.com\/js-disabled\" target=\"_blank\">&rarr; maggiori informazioni<\/a><\/noscript><\/p><\/div>\n<div id=\"lmm_geo_tags_93143c9f\" class=\"lmm-geo-tags geo\">\n<span class=\"paneltext\">Autun<\/span>\n<span class=\"latitude\">46.952280<\/span>, <span class=\"longitude\">4.289102<\/span>\n<span class=\"popuptext\"><\/span>\n<\/div>\n<\/div>","protected":false},"excerpt":{"rendered":"<p>Risultato delle votazioni Quest&#8217;anno ci sono solamente il voto elettronico e per corrispondenza.Il CA ringrazia calorosamente Claude e Francine Mabillot che hanno provveduto allo spoglio dei voti pervenuti per corrispondenza. Assemblea Generale 2020 L&#8217;Assemblea Generale 2020 si terr\u00e0 a Autun il sabato 14 novembre 2020 alle 14 h 30 Per partecipare al soggiorno che \u00e8 [&hellip;]<\/p>\n","protected":false},"author":69,"featured_media":0,"comment_status":"closed","ping_status":"closed","sticky":false,"template":"","format":"standard","meta":{"_acf_changed":false,"ub_ctt_via":"","_monsterinsights_skip_tracking":false,"_monsterinsights_sitenote_active":false,"_monsterinsights_sitenote_note":"","_monsterinsights_sitenote_category":0,"footnotes":""},"categories":[337],"tags":[],"acf":[],"featured_image_urls":{"full":"","thumbnail":"","medium":"","medium_large":"","large":"","1536x1536":"","2048x2048":"","woocommerce_thumbnail":"","woocommerce_single":"","woocommerce_gallery_thumbnail":""},"post_excerpt_stackable":"<p>Risultato delle votazioni Quest&#8217;anno ci sono solamente il voto elettronico e per corrispondenza.Il CA ringrazia calorosamente Claude e Francine Mabillot che hanno provveduto allo spoglio dei voti pervenuti per corrispondenza. Assemblea Generale 2020 L&#8217;Assemblea Generale 2020 si terr\u00e0 a Autun il sabato 14 novembre 2020 alle 14 h 30 Per partecipare al soggiorno che \u00e8 associato, andate sulla pagina Soggiorni del sito Indirizzo Espace Saint EX3 rue Saint-Exup\u00e9ry71400 AutunT\u00e9l : +33 (0)3 85 86 58 30 \u2013 Fax : +33 (0)3 85 86 58 32Courriel : accueil@espacesaintex.frhttps:\/\/www.espacesaintex.org Autun Caricamento delle mappe in corso &#8211; restare in attesa&#8230;Non \u00e8 stato possibile&hellip;<\/p>\n","category_list":"<a href=\"https:\/\/centcols.org\/backup\/it\/categorie\/assemblees-generales-it\/\" rel=\"category tag\">Assemblee generali<\/a>","author_info":{"display_name":"Enrico Alberini","author_link":"https:\/\/centcols.org\/backup\/it\/author\/5065\/"},"comments_num":"0 commenti","featured_image_urls_v2":{"full":"","thumbnail":"","medium":"","medium_large":"","large":"","1536x1536":"","2048x2048":"","woocommerce_thumbnail":"","woocommerce_single":"","woocommerce_gallery_thumbnail":""},"post_excerpt_stackable_v2":"<p>Risultato delle votazioni Quest&#8217;anno ci sono solamente il voto elettronico e per corrispondenza.Il CA ringrazia calorosamente Claude e Francine Mabillot che hanno provveduto allo spoglio dei voti pervenuti per corrispondenza. Assemblea Generale 2020 L&#8217;Assemblea Generale 2020 si terr\u00e0 a Autun il sabato 14 novembre 2020 alle 14 h 30 Per partecipare al soggiorno che \u00e8 associato, andate sulla pagina Soggiorni del sito Indirizzo Espace Saint EX3 rue Saint-Exup\u00e9ry71400 AutunT\u00e9l : +33 (0)3 85 86 58 30 \u2013 Fax : +33 (0)3 85 86 58 32Courriel : accueil@espacesaintex.frhttps:\/\/www.espacesaintex.org Autun Caricamento delle mappe in corso &#8211; restare in attesa&#8230;Non \u00e8 stato possibile&hellip;<\/p>\n","category_list_v2":"<a href=\"https:\/\/centcols.org\/backup\/it\/categorie\/assemblees-generales-it\/\" rel=\"category tag\">Assemblee generali<\/a>","author_info_v2":{"name":"Enrico Alberini","url":"https:\/\/centcols.org\/backup\/it\/author\/5065\/"},"comments_num_v2":"0 commenti","featured_image_src":null,"_links":{"self":[{"href":"https:\/\/centcols.org\/backup\/it\/wp-json\/wp\/v2\/posts\/43966"}],"collection":[{"href":"https:\/\/centcols.org\/backup\/it\/wp-json\/wp\/v2\/posts"}],"about":[{"href":"https:\/\/centcols.org\/backup\/it\/wp-json\/wp\/v2\/types\/post"}],"author":[{"embeddable":true,"href":"https:\/\/centcols.org\/backup\/it\/wp-json\/wp\/v2\/users\/69"}],"replies":[{"embeddable":true,"href":"https:\/\/centcols.org\/backup\/it\/wp-json\/wp\/v2\/comments?post=43966"}],"version-history":[{"count":0,"href":"https:\/\/centcols.org\/backup\/it\/wp-json\/wp\/v2\/posts\/43966\/revisions"}],"wp:attachment":[{"href":"https:\/\/centcols.org\/backup\/it\/wp-json\/wp\/v2\/media?parent=43966"}],"wp:term":[{"taxonomy":"category","embeddable":true,"href":"https:\/\/centcols.org\/backup\/it\/wp-json\/wp\/v2\/categories?post=43966"},{"taxonomy":"post_tag","embeddable":true,"href":"https:\/\/centcols.org\/backup\/it\/wp-json\/wp\/v2\/tags?post=43966"}],"curies":[{"name":"wp","href":"https:\/\/api.w.org\/{rel}","templated":true}]}}