{"id":44632,"date":"2015-06-15T12:20:45","date_gmt":"2015-06-15T10:20:45","guid":{"rendered":"https:\/\/centcols.org\/backup\/lettre-dinformation-du-11-juin-2015\/"},"modified":"2020-06-10T09:43:06","modified_gmt":"2020-06-10T07:43:06","slug":"lettre-dinformation-du-11-juin-2015","status":"publish","type":"post","link":"https:\/\/centcols.org\/backup\/it\/lettre-dinformation-du-11-juin-2015\/","title":{"rendered":"Lettera d&#8217;informazione del 11 giugno 2015"},"content":{"rendered":"<h2 style=\"text-align: justify;\">Carnet rose<\/h2>\n<p style=\"text-align: justify;\">Mme et M. Centcols ont le plaisir de vous annoncer la naissance de leur nouveau site qui sort tout juste de\u00a0 la maternit\u00e9.<\/p>\n<h2 style=\"text-align: justify;\">A savoir<\/h2>\n<p style=\"text-align: justify;\">Comme annonc\u00e9 dans la revue, le Groupe de Travail informatique a \u00e9labor\u00e9 une structure de site (rubriques) offrant un acc\u00e8s plus intuitif et plus simple aux contenus. C&#8217;est \u00e0 un prestataire ext\u00e9rieur qu&#8217;a \u00e9t\u00e9 confi\u00e9e la conception du graphisme et le rapatriement des donn\u00e9es de l&#8217;ancien site. De nombreux \u00e9changes ont eu lieu entre le club et le prestataire pour aboutir \u00e0 ce que vous allez d\u00e9couvrir. Toutes les fonctionnalit\u00e9s ne sont pas encore op\u00e9rationnelles : notamment celle de mise en ligne d&#8217;albums photos et celle de la &#8220;recherche&#8221; car il faudra un certain temps pour que les moteurs de recherche indexent le contenu. Soyez donc un peu patients !<\/p>\n<p style=\"text-align: justify;\">Nous publions le site aujourd&#8217;hui mais, afin d&#8217;harmoniser la pr\u00e9sentation des diff\u00e9rents contenus, un gros travail de correction d&#8217;anciens articles et de peaufinage est toujours en cours.<br \/>\nNaviguez, testez et&#8230; faites remonter \u00e0 l&#8217;adresse admin@centcols.net vos suggestions, remarques, difficult\u00e9s pour nous permettre de bien faire grandir le b\u00e9b\u00e9. Vous ne retrouverez pas toutes vos vieilles habitudes mais nous esp\u00e9rons que la nouvelle organisation du site vous permettra de retrouver rapidement ce que vous cherchez. Nous serons attentifs\u00a0 \u00e0 vos retours d&#8217;utilisateurs.<\/p>\n<p style=\"text-align: justify;\"><strong><em>Attention :<\/em><\/strong><\/p>\n<ul style=\"text-align: justify;\">\n<li>&#8211; le bouton<strong> connexion membre<\/strong> se situe en haut et \u00e0 droite dans le bandeau vert. Si l&#8217;\u00e9cran est \u00e9troit (t\u00e9l\u00e9phone) vous pouvez y acc\u00e9der \u00e0 partir du bouton menu.<\/li>\n<li>&#8211; Dans les op\u00e9rations de migration du site certains liens sont susceptibles de ne plus fonctionner. N\u2019h\u00e9sitez pas \u00e0 nous signaler tout lien non actif.<\/li>\n<\/ul>\n<h2 style=\"text-align: justify;\">S\u00e9jour Villefort :<\/h2>\n<p style=\"text-align: justify;\">Le s\u00e9jour a lieu du 22 au 30 ao\u00fbt (et non du 23 au 30) comme annonc\u00e9 dans la revue. Il faut d\u00e9caler d&#8217;un jour les circuits annonc\u00e9s dans la revue. La concentration, elle, aura bien lieu le samedi 29.<\/p>\n<h2 style=\"text-align: justify;\">Partenariat avec Openrunner<\/h2>\n<p style=\"text-align: justify;\">\u00a0Le club a conclu un partenariat avec <a href=\"https:\/\/centcols.org\/backup\/wp-admin\/admin-ajax.php?action=knewsTrack&amp;t=aa823cb2_c2edfcd74636afc5\">Openrunner<\/a>. Pour ceux qui utilisent cette application pour tracer des circuits, il leur sera possible d&#8217;afficher les cols sur les fonds de cartes (mais pas de les t\u00e9l\u00e9charger). Ce sera une belle aide \u00e0 la conception de parcours.<\/p>\n<p style=\"text-align: justify;\">D&#8217;autre part, Openrunner met \u00e0 disposition\u00a0 un espace Cent Cols o\u00f9 des &#8220;topos \u00e9lectroniques&#8221; pourront \u00eatre d\u00e9pos\u00e9s et estampill\u00e9s &#8220;Cent Cols&#8221;. Il faudra que les parcours soient document\u00e9s (int\u00e9r\u00eat, difficult\u00e9, curiosit\u00e9s \u00e0 voir&#8230;). Nous lan\u00e7ons un appel \u00e0 un ou deux volontaires qui voudraient bien g\u00e9rer cet espace et qui veilleraient \u00e0 la qualit\u00e9 de son contenu. Ce partenariat peut r\u00e9pondre aux nombreuses demandes de membres qui nous sont parvenues pour la mise en place d&#8217;une plateforme de partage de traces.<\/p>\n<h2 style=\"text-align: justify;\">Un nouveau site et quelques publications r\u00e9centes<\/h2>\n<table class=\"zone_2 draggable\" border=\"0\" width=\"640\" cellspacing=\"0\" cellpadding=\"0\" align=\"center\">\n<tbody>\n<tr>\n<td align=\"center\"><a href=\"https:\/\/centcols.org\/backup\/wp-admin\/admin-ajax.php?action=knewsTrack&amp;t=aa823cb2_f75e4df706ac10f1\"><img loading=\"lazy\" decoding=\"async\" class=\"editable width_10_138\" src=\"https:\/\/centcols.org\/backup\/wp-content\/uploads\/2015\/06\/vialas-mini-knewscrop-191x143.jpg\" alt=\"\" width=\"191\" height=\"143\" \/><\/a><\/td>\n<td align=\"center\"><a href=\"https:\/\/centcols.org\/backup\/wp-admin\/admin-ajax.php?action=knewsTrack&amp;t=aa823cb2_e0afbcd5bc8d2b7c\"><img loading=\"lazy\" decoding=\"async\" class=\"editable width_10_138\" src=\"https:\/\/centcols.org\/backup\/wp-content\/uploads\/2015\/06\/rp-vosges-knewscrop-191x143.jpg\" alt=\"\" width=\"191\" height=\"143\" \/><\/a><\/td>\n<td align=\"center\"><a href=\"https:\/\/centcols.org\/backup\/wp-admin\/admin-ajax.php?action=knewsTrack&amp;t=aa823cb2_5eed25b42f5ba024\"><img loading=\"lazy\" decoding=\"async\" class=\"editable width_10_138\" src=\"https:\/\/centcols.org\/backup\/wp-content\/uploads\/2015\/06\/DSC01188-knewscrop-191x189.jpg\" alt=\"\" width=\"191\" height=\"189\" \/><\/a><\/td>\n<\/tr>\n<tr>\n<td align=\"left\" valign=\"top\">\n<p dir=\"ltr\"><span class=\"global_colour_3 _caption_featured_color local_font_1 _fcaption_title_font\" style=\"color: #3dab38; font-family: Georgia,Times New Roman,Times,serif; font-size: medium;\"><a class=\"global_colour_3 _caption_featured_color\" href=\"https:\/\/centcols.org\/backup\/wp-admin\/admin-ajax.php?action=knewsTrack&amp;t=aa823cb2_f75e4df706ac10f1\">S\u00e9jour d\u2019\u00e9t\u00e9 \u00e0 Villefort (Loz\u00e8re) du 22 au 30 ao\u00fbt 2015<\/a><\/span><\/p>\n<p dir=\"ltr\"><span class=\"global_colour_2 _caption_text_color local_font_2 _fcaption_text_font\" style=\"color: #222222; font-family: Georgia,Times New Roman,Times,serif; font-size: small;\">Le s\u00e9jour d\u2019\u00e9t\u00e9 2015 se d\u00e9roulera du 22 au 30 ao\u00fbt au \u00abMas des S\u00e9dari\u00e8s\u00bb sur la commune de Villefort. La&#8230;<\/span><\/p>\n<\/td>\n<td align=\"left\" valign=\"top\">\n<p dir=\"ltr\"><span class=\"global_colour_3 _caption_featured_color local_font_1 _fcaption_title_font\" style=\"color: #3dab38; font-family: Georgia,Times New Roman,Times,serif; font-size: medium;\"><a class=\"global_colour_3 _caption_featured_color\" href=\"https:\/\/centcols.org\/backup\/wp-admin\/admin-ajax.php?action=knewsTrack&amp;t=aa823cb2_e0afbcd5bc8d2b7c\">Cent cols routiers dans le massif des Vosges<\/a><\/span><\/p>\n<p dir=\"ltr\"><span class=\"global_colour_2 _caption_text_color local_font_2 _fcaption_text_font\" style=\"color: #222222; font-family: Georgia,Times New Roman,Times,serif; font-size: small;\">Parcours de 840 km pour un d\u00e9nivel\u00e9 d\u2019environ 18000 m comprenant 100 cols tous routiers, trac\u00e9 par Alain Brault (Cent&#8230;<\/span><\/p>\n<\/td>\n<td align=\"left\" valign=\"top\">\n<p dir=\"ltr\"><span class=\"global_colour_3 _caption_featured_color local_font_1 _fcaption_title_font\" style=\"color: #3dab38; font-family: Georgia,Times New Roman,Times,serif; font-size: medium;\"><a class=\"global_colour_3 _caption_featured_color\" href=\"https:\/\/centcols.org\/backup\/wp-admin\/admin-ajax.php?action=knewsTrack&amp;t=aa823cb2_5eed25b42f5ba024\">Sortie v\u00e9lo de route Cent Cols suisses \u00e0 Saint-Imier le 6 juin 2015<\/a><\/span><\/p>\n<p dir=\"ltr\"><span class=\"global_colour_2 _caption_text_color local_font_2 _fcaption_text_font\" style=\"color: #222222; font-family: Georgia,Times New Roman,Times,serif; font-size: small;\">Voir le compte-rendu Voir les photos\u00a0 &#8230;<\/span><\/p>\n<\/td>\n<\/tr>\n<\/tbody>\n<\/table>\n<h2 style=\"text-align: center;\">Quelques mises \u00e0 jour<\/h2>\n<h2 style=\"text-align: justify;\">Catalogues mis \u00e0 jour \u00e9ditions 2015 :<\/h2>\n<p style=\"text-align: justify;\">Suisse, France, Allemagne, \u00celes Britanniques<\/p>\n<h2 style=\"text-align: justify;\">CCway :<\/h2>\n<p style=\"text-align: justify;\">De nouveaux pays ont \u00e9t\u00e9 int\u00e9gr\u00e9s dans ccWay: Royaume-Uni, Irlande, Portugal et Turquie. D&#8217;autres pays : Suisse, France et Allemagne ont \u00e9t\u00e9 mis \u00e0 jour<\/p>\n<h2 style=\"text-align: justify;\">Additif aux cols de France :<\/h2>\n<p style=\"text-align: justify;\">Prochainement un\u00a0 additif aux cols de France qui comportera quelques nouveaux cols susceptibles d&#8217;\u00eatre franchis lors du s\u00e9jour de Villefort sera publi\u00e9.<\/p>\n<p style=\"text-align: justify;\">Bien amicalement,<\/p>\n<p style=\"text-align: justify;\">R\u00e9gis Paraz<br \/>\nPr\u00e9sident du Club des Cent Cols<br \/>\n<a href=\"&#109;&#97;ilto&#58;\"><\/a><a href=\"mailto:president@centcols.net\">president@centcols.net<\/a>[\\email]<\/p>\n<p style=\"text-align: justify;\">\n","protected":false},"excerpt":{"rendered":"<p>Carnet rose Mme et M. Centcols ont le plaisir de vous annoncer la naissance de leur nouveau site qui sort tout juste de\u00a0 la maternit\u00e9. A savoir Comme annonc\u00e9 dans la revue, le Groupe de Travail informatique a \u00e9labor\u00e9 une structure de site (rubriques) offrant un acc\u00e8s plus intuitif et plus simple aux contenus. C&#8217;est [&hellip;]<\/p>\n","protected":false},"author":69,"featured_media":0,"comment_status":"closed","ping_status":"closed","sticky":false,"template":"","format":"standard","meta":{"_acf_changed":false,"ub_ctt_via":"","_monsterinsights_skip_tracking":false,"_monsterinsights_sitenote_active":false,"_monsterinsights_sitenote_note":"","_monsterinsights_sitenote_category":0,"footnotes":""},"categories":[56],"tags":[],"acf":[],"featured_image_urls":{"full":"","thumbnail":"","medium":"","medium_large":"","large":"","1536x1536":"","2048x2048":"","woocommerce_thumbnail":"","woocommerce_single":"","woocommerce_gallery_thumbnail":""},"post_excerpt_stackable":"<p>Carnet rose Mme et M. Centcols ont le plaisir de vous annoncer la naissance de leur nouveau site qui sort tout juste de\u00a0 la maternit\u00e9. A savoir Comme annonc\u00e9 dans la revue, le Groupe de Travail informatique a \u00e9labor\u00e9 une structure de site (rubriques) offrant un acc\u00e8s plus intuitif et plus simple aux contenus. C&#8217;est \u00e0 un prestataire ext\u00e9rieur qu&#8217;a \u00e9t\u00e9 confi\u00e9e la conception du graphisme et le rapatriement des donn\u00e9es de l&#8217;ancien site. De nombreux \u00e9changes ont eu lieu entre le club et le prestataire pour aboutir \u00e0 ce que vous allez d\u00e9couvrir. Toutes les fonctionnalit\u00e9s ne sont pas&hellip;<\/p>\n","category_list":"<a href=\"https:\/\/centcols.org\/backup\/categorie\/lettres-dinformation\/\" rel=\"category tag\">Lettres d'information<\/a>","author_info":{"display_name":"Enrico Alberini","author_link":"https:\/\/centcols.org\/backup\/it\/author\/5065\/"},"comments_num":"0 commenti","featured_image_urls_v2":{"full":"","thumbnail":"","medium":"","medium_large":"","large":"","1536x1536":"","2048x2048":"","woocommerce_thumbnail":"","woocommerce_single":"","woocommerce_gallery_thumbnail":""},"post_excerpt_stackable_v2":"<p>Carnet rose Mme et M. Centcols ont le plaisir de vous annoncer la naissance de leur nouveau site qui sort tout juste de\u00a0 la maternit\u00e9. A savoir Comme annonc\u00e9 dans la revue, le Groupe de Travail informatique a \u00e9labor\u00e9 une structure de site (rubriques) offrant un acc\u00e8s plus intuitif et plus simple aux contenus. C&#8217;est \u00e0 un prestataire ext\u00e9rieur qu&#8217;a \u00e9t\u00e9 confi\u00e9e la conception du graphisme et le rapatriement des donn\u00e9es de l&#8217;ancien site. De nombreux \u00e9changes ont eu lieu entre le club et le prestataire pour aboutir \u00e0 ce que vous allez d\u00e9couvrir. Toutes les fonctionnalit\u00e9s ne sont pas&hellip;<\/p>\n","category_list_v2":"<a href=\"https:\/\/centcols.org\/backup\/categorie\/lettres-dinformation\/\" rel=\"category tag\">Lettres d'information<\/a>","author_info_v2":{"name":"Enrico Alberini","url":"https:\/\/centcols.org\/backup\/it\/author\/5065\/"},"comments_num_v2":"0 commenti","featured_image_src":null,"_links":{"self":[{"href":"https:\/\/centcols.org\/backup\/it\/wp-json\/wp\/v2\/posts\/44632"}],"collection":[{"href":"https:\/\/centcols.org\/backup\/it\/wp-json\/wp\/v2\/posts"}],"about":[{"href":"https:\/\/centcols.org\/backup\/it\/wp-json\/wp\/v2\/types\/post"}],"author":[{"embeddable":true,"href":"https:\/\/centcols.org\/backup\/it\/wp-json\/wp\/v2\/users\/69"}],"replies":[{"embeddable":true,"href":"https:\/\/centcols.org\/backup\/it\/wp-json\/wp\/v2\/comments?post=44632"}],"version-history":[{"count":0,"href":"https:\/\/centcols.org\/backup\/it\/wp-json\/wp\/v2\/posts\/44632\/revisions"}],"wp:attachment":[{"href":"https:\/\/centcols.org\/backup\/it\/wp-json\/wp\/v2\/media?parent=44632"}],"wp:term":[{"taxonomy":"category","embeddable":true,"href":"https:\/\/centcols.org\/backup\/it\/wp-json\/wp\/v2\/categories?post=44632"},{"taxonomy":"post_tag","embeddable":true,"href":"https:\/\/centcols.org\/backup\/it\/wp-json\/wp\/v2\/tags?post=44632"}],"curies":[{"name":"wp","href":"https:\/\/api.w.org\/{rel}","templated":true}]}}