{"id":45344,"date":"2020-06-18T13:01:10","date_gmt":"2020-06-18T11:01:10","guid":{"rendered":"https:\/\/centcols.org\/backup\/?p=45344"},"modified":"2020-08-02T16:15:26","modified_gmt":"2020-08-02T14:15:26","slug":"aosta-italia-salita-al-gran-san-bernardo-22-07-20","status":"publish","type":"post","link":"https:\/\/centcols.org\/backup\/it\/aosta-italia-salita-al-gran-san-bernardo-22-07-20\/","title":{"rendered":"Aosta, Italia &#8211; salita al Gran San Bernardo &#8211; Mercoled\u00ec 22 luglio 2020"},"content":{"rendered":"\n<p>Mercoled\u00ec 22 luglio 2020 potremo salire in compagnia al Gran San Bernardo fino al confine svizzero.<br>Avremo l&#8217;occasione di pedalare in compagnia di alcuni amici del Big-Cycling che staranno facendo un giro del Monte Bianco a tappe, tra cui Etienne Mayeur, il primo a conquistare il Challenge Big l&#8217;8 novembre 2011. <\/p>\n\n\n\n<p>Appuntamento per la partenza alle ore 09:00 al Pont Suaz, sulla Dora Baltea, a Aosta.<br>Sar\u00e0 possibile lasciare le vetture al parcheggio della funivia Aosta-Pila<\/p>\n\n\n\n<figure class=\"wp-block-image size-large\"><img loading=\"lazy\" decoding=\"async\" width=\"871\" height=\"481\" src=\"https:\/\/centcols.org\/backup\/wp-content\/uploads\/2020\/07\/Aosta-Pila.jpg\" alt=\"\" class=\"wp-image-46152\" srcset=\"https:\/\/centcols.org\/backup\/wp-content\/uploads\/2020\/07\/Aosta-Pila.jpg 871w, https:\/\/centcols.org\/backup\/wp-content\/uploads\/2020\/07\/Aosta-Pila-500x276.jpg 500w, https:\/\/centcols.org\/backup\/wp-content\/uploads\/2020\/07\/Aosta-Pila-768x424.jpg 768w, https:\/\/centcols.org\/backup\/wp-content\/uploads\/2020\/07\/Aosta-Pila-600x331.jpg 600w\" sizes=\"(max-width: 871px) 100vw, 871px\" \/><\/figure>\n\n\n\n<p>L&#8217;uscita sar\u00e0 effettuata solamente nel caso di condizioni meteorologiche favorevoli.<\/p>\n\n\n\n<p>Chi volesse partecipare \u00e8 pregato di comunicarlo scrivendo a <a href=\"ma&#105;lto:al&#98;erin&#105;.e&#110;r&#105;&#99;&#111;&#64;&#118;irg&#105;lio.&#105;&#116;\">&#97;l&#98;e&#114;&#105;&#110;&#105;&#46;&#101;&#110;&#114;ic&#111;&#64;&#118;&#105;&#114;&#103;i&#108;io&#46;it<\/a><\/p>\n\n\n\n<figure class=\"wp-block-image size-large\"><img loading=\"lazy\" decoding=\"async\" width=\"1200\" height=\"900\" src=\"https:\/\/centcols.org\/backup\/wp-content\/uploads\/2020\/07\/Aoste-ressemblement-1200x900.jpg\" alt=\"\" class=\"wp-image-47476\" srcset=\"https:\/\/centcols.org\/backup\/wp-content\/uploads\/2020\/07\/Aoste-ressemblement-1200x900.jpg 1200w, https:\/\/centcols.org\/backup\/wp-content\/uploads\/2020\/07\/Aoste-ressemblement-500x375.jpg 500w, https:\/\/centcols.org\/backup\/wp-content\/uploads\/2020\/07\/Aoste-ressemblement-768x576.jpg 768w, https:\/\/centcols.org\/backup\/wp-content\/uploads\/2020\/07\/Aoste-ressemblement-1536x1152.jpg 1536w, https:\/\/centcols.org\/backup\/wp-content\/uploads\/2020\/07\/Aoste-ressemblement-2048x1536.jpg 2048w, https:\/\/centcols.org\/backup\/wp-content\/uploads\/2020\/07\/Aoste-ressemblement-600x450.jpg 600w, https:\/\/centcols.org\/backup\/wp-content\/uploads\/2020\/07\/Aoste-ressemblement-scaled.jpg 1365w\" sizes=\"(max-width: 1200px) 100vw, 1200px\" \/><\/figure>\n","protected":false},"excerpt":{"rendered":"<p>Mercoled\u00ec 22 luglio 2020 potremo salire in compagnia al Gran San Bernardo fino al confine svizzero.Avremo l&#8217;occasione di pedalare in compagnia di alcuni amici del Big-Cycling che staranno facendo un giro del Monte Bianco a tappe, tra cui Etienne Mayeur, il primo a conquistare il Challenge Big l&#8217;8 novembre 2011. Appuntamento per la partenza alle [&hellip;]<\/p>\n","protected":false},"author":69,"featured_media":45346,"comment_status":"closed","ping_status":"closed","sticky":false,"template":"","format":"standard","meta":{"_acf_changed":false,"ub_ctt_via":"","_monsterinsights_skip_tracking":false,"_monsterinsights_sitenote_active":false,"_monsterinsights_sitenote_note":"","_monsterinsights_sitenote_category":0,"footnotes":""},"categories":[271,7],"tags":[],"acf":[],"featured_image_urls":{"full":["https:\/\/centcols.org\/backup\/wp-content\/uploads\/2020\/06\/passo-del-Gran-San-Bernardo.jpg",402,125,false],"thumbnail":["https:\/\/centcols.org\/backup\/wp-content\/uploads\/2020\/06\/passo-del-Gran-San-Bernardo-300x125.jpg",300,125,true],"medium":["https:\/\/centcols.org\/backup\/wp-content\/uploads\/2020\/06\/passo-del-Gran-San-Bernardo.jpg",402,125,false],"medium_large":["https:\/\/centcols.org\/backup\/wp-content\/uploads\/2020\/06\/passo-del-Gran-San-Bernardo.jpg",402,125,false],"large":["https:\/\/centcols.org\/backup\/wp-content\/uploads\/2020\/06\/passo-del-Gran-San-Bernardo.jpg",402,125,false],"1536x1536":["https:\/\/centcols.org\/backup\/wp-content\/uploads\/2020\/06\/passo-del-Gran-San-Bernardo.jpg",402,125,false],"2048x2048":["https:\/\/centcols.org\/backup\/wp-content\/uploads\/2020\/06\/passo-del-Gran-San-Bernardo.jpg",402,125,false],"woocommerce_thumbnail":["https:\/\/centcols.org\/backup\/wp-content\/uploads\/2020\/06\/passo-del-Gran-San-Bernardo-300x125.jpg",300,125,true],"woocommerce_single":["https:\/\/centcols.org\/backup\/wp-content\/uploads\/2020\/06\/passo-del-Gran-San-Bernardo.jpg",402,125,false],"woocommerce_gallery_thumbnail":["https:\/\/centcols.org\/backup\/wp-content\/uploads\/2020\/06\/passo-del-Gran-San-Bernardo-100x100.jpg",100,100,true]},"post_excerpt_stackable":"<p>Mercoled\u00ec 22 luglio 2020 potremo salire in compagnia al Gran San Bernardo fino al confine svizzero.Avremo l&#8217;occasione di pedalare in compagnia di alcuni amici del Big-Cycling che staranno facendo un giro del Monte Bianco a tappe, tra cui Etienne Mayeur, il primo a conquistare il Challenge Big l&#8217;8 novembre 2011. Appuntamento per la partenza alle ore 09:00 al Pont Suaz, sulla Dora Baltea, a Aosta.Sar\u00e0 possibile lasciare le vetture al parcheggio della funivia Aosta-Pila L&#8217;uscita sar\u00e0 effettuata solamente nel caso di condizioni meteorologiche favorevoli. Chi volesse partecipare \u00e8 pregato di comunicarlo scrivendo a albe&#114;&#105;&#110;&#105;.&#101;nr&#105;&#99;&#111;&#64;vir&#103;&#105;&#108;io.&#105;t<\/p>\n","category_list":"<a href=\"https:\/\/centcols.org\/backup\/categorie\/rassemblements\/rassemblements-2020\/\" rel=\"category tag\">Les rassemblements de 2020<\/a>, <a href=\"https:\/\/centcols.org\/backup\/categorie\/rassemblements\/\" rel=\"category tag\">Rencontres r\u00e9gionales<\/a>","author_info":{"display_name":"Enrico Alberini","author_link":"https:\/\/centcols.org\/backup\/it\/author\/5065\/"},"comments_num":"0 commenti","featured_image_urls_v2":{"full":["https:\/\/centcols.org\/backup\/wp-content\/uploads\/2020\/06\/passo-del-Gran-San-Bernardo.jpg",402,125,false],"thumbnail":["https:\/\/centcols.org\/backup\/wp-content\/uploads\/2020\/06\/passo-del-Gran-San-Bernardo-300x125.jpg",300,125,true],"medium":["https:\/\/centcols.org\/backup\/wp-content\/uploads\/2020\/06\/passo-del-Gran-San-Bernardo.jpg",402,125,false],"medium_large":["https:\/\/centcols.org\/backup\/wp-content\/uploads\/2020\/06\/passo-del-Gran-San-Bernardo.jpg",402,125,false],"large":["https:\/\/centcols.org\/backup\/wp-content\/uploads\/2020\/06\/passo-del-Gran-San-Bernardo.jpg",402,125,false],"1536x1536":["https:\/\/centcols.org\/backup\/wp-content\/uploads\/2020\/06\/passo-del-Gran-San-Bernardo.jpg",402,125,false],"2048x2048":["https:\/\/centcols.org\/backup\/wp-content\/uploads\/2020\/06\/passo-del-Gran-San-Bernardo.jpg",402,125,false],"woocommerce_thumbnail":["https:\/\/centcols.org\/backup\/wp-content\/uploads\/2020\/06\/passo-del-Gran-San-Bernardo-300x125.jpg",300,125,true],"woocommerce_single":["https:\/\/centcols.org\/backup\/wp-content\/uploads\/2020\/06\/passo-del-Gran-San-Bernardo.jpg",402,125,false],"woocommerce_gallery_thumbnail":["https:\/\/centcols.org\/backup\/wp-content\/uploads\/2020\/06\/passo-del-Gran-San-Bernardo-100x100.jpg",100,100,true]},"post_excerpt_stackable_v2":"<p>Mercoled\u00ec 22 luglio 2020 potremo salire in compagnia al Gran San Bernardo fino al confine svizzero.Avremo l&#8217;occasione di pedalare in compagnia di alcuni amici del Big-Cycling che staranno facendo un giro del Monte Bianco a tappe, tra cui Etienne Mayeur, il primo a conquistare il Challenge Big l&#8217;8 novembre 2011. Appuntamento per la partenza alle ore 09:00 al Pont Suaz, sulla Dora Baltea, a Aosta.Sar\u00e0 possibile lasciare le vetture al parcheggio della funivia Aosta-Pila L&#8217;uscita sar\u00e0 effettuata solamente nel caso di condizioni meteorologiche favorevoli. Chi volesse partecipare \u00e8 pregato di comunicarlo scrivendo a a&#108;&#98;e&#114;in&#105;&#46;e&#110;rico&#64;&#118;ir&#103;&#105;&#108;&#105;&#111;&#46;&#105;&#116;<\/p>\n","category_list_v2":"<a href=\"https:\/\/centcols.org\/backup\/categorie\/rassemblements\/rassemblements-2020\/\" rel=\"category tag\">Les rassemblements de 2020<\/a>, <a href=\"https:\/\/centcols.org\/backup\/categorie\/rassemblements\/\" rel=\"category tag\">Rencontres r\u00e9gionales<\/a>","author_info_v2":{"name":"Enrico Alberini","url":"https:\/\/centcols.org\/backup\/it\/author\/5065\/"},"comments_num_v2":"0 commenti","featured_image_src":"https:\/\/centcols.org\/backup\/wp-content\/uploads\/2020\/06\/passo-del-Gran-San-Bernardo.jpg","_links":{"self":[{"href":"https:\/\/centcols.org\/backup\/it\/wp-json\/wp\/v2\/posts\/45344"}],"collection":[{"href":"https:\/\/centcols.org\/backup\/it\/wp-json\/wp\/v2\/posts"}],"about":[{"href":"https:\/\/centcols.org\/backup\/it\/wp-json\/wp\/v2\/types\/post"}],"author":[{"embeddable":true,"href":"https:\/\/centcols.org\/backup\/it\/wp-json\/wp\/v2\/users\/69"}],"replies":[{"embeddable":true,"href":"https:\/\/centcols.org\/backup\/it\/wp-json\/wp\/v2\/comments?post=45344"}],"version-history":[{"count":0,"href":"https:\/\/centcols.org\/backup\/it\/wp-json\/wp\/v2\/posts\/45344\/revisions"}],"wp:featuredmedia":[{"embeddable":true,"href":"https:\/\/centcols.org\/backup\/it\/wp-json\/wp\/v2\/media\/45346"}],"wp:attachment":[{"href":"https:\/\/centcols.org\/backup\/it\/wp-json\/wp\/v2\/media?parent=45344"}],"wp:term":[{"taxonomy":"category","embeddable":true,"href":"https:\/\/centcols.org\/backup\/it\/wp-json\/wp\/v2\/categories?post=45344"},{"taxonomy":"post_tag","embeddable":true,"href":"https:\/\/centcols.org\/backup\/it\/wp-json\/wp\/v2\/tags?post=45344"}],"curies":[{"name":"wp","href":"https:\/\/api.w.org\/{rel}","templated":true}]}}