{"id":46901,"date":"2020-05-15T11:26:55","date_gmt":"2020-05-15T09:26:55","guid":{"rendered":"https:\/\/centcols.org\/backup\/ag-sejour-automne-2020-autun-2\/"},"modified":"2020-10-24T09:31:00","modified_gmt":"2020-10-24T07:31:00","slug":"ag-sejour-automne-2020-autun-2","status":"publish","type":"post","link":"https:\/\/centcols.org\/backup\/it\/ag-sejour-automne-2020-autun-2\/","title":{"rendered":"Soggiorno d&#8217;autunno e Assemblea Generale a Autun (Sa\u00f4ne e Loire), dal 13 al 15 novembre 2020 &#8211; Annullato"},"content":{"rendered":"\n<h2 class=\"wp-block-heading\"><span style=\"color: #ffffff; background-color: #cf2e2e;\" class=\"ugb-highlight\">Annullato<\/span><\/h2>\n\n\n\n<p>Hanno contribuito alla redazione di questa pagina di presentazione del soggiorno i responsabili dell&#8217;informatica, internazionale e soggiorni e, naturalmente, i &#8220;locali&#8221;  Nicole e Jean-Claude Durand.<\/p>\n\n\n\n<p><\/p>\n\n\n\n<figure class=\"wp-block-image is-resized\"><img loading=\"lazy\" decoding=\"async\" src=\"https:\/\/centcols.org\/backup\/wp-content\/uploads\/2020\/05\/village-de-Dun-1200x900.jpg\" alt=\"village de Dun (\u00a9 JC Durand)\" class=\"wp-image-43021\" width=\"961\" height=\"721\"\/><figcaption>Village de Dun (\u00a9 JC Durand)<\/figcaption><\/figure>\n\n\n\n<p>E&#8217; a Autun in Sa\u00f4ne e Loire che ci ritroveremo per il soggiorno autunnale e  l&#8217;<strong>Assemblea Generale<\/strong> del 2020.<\/p>\n\n\n<div id=\"lmm_85a148da\" style=\"width:100%;\" class=\"mapsmarker markermap marker-30\">\n<div id=\"lmm_panel_85a148da\" class=\"lmm-panel\" style=\"background:#efefef;\">\n<div id=\"lmm_panel_api_85a148da\" class=\"lmm-panel-api\"><a href=\"https:\/\/maps.google.com\/maps?daddr=Espace+Saint+EX&amp;t=m&amp;layer=1&amp;doflg=ptk&amp;om=0\" target=\"_blank\" title=\"Trova indicazioni stradali\"><img loading=\"lazy\" decoding=\"async\" alt=\"icon-car.png\" src=\"https:\/\/centcols.org\/backup\/wp-content\/plugins\/leaflet-maps-marker\/inc\/img\/icon-car.png\" width=\"14\" height=\"14\" class=\"lmm-panel-api-images\" \/><\/a><\/div><div id=\"lmm_panel_text_85a148da\" class=\"lmm-panel-text\" style=\"font-weight:bold;color:#373737;\">Autun<\/div><\/div>\n<div id=\"lmm_map_85a148da\" class=\"lmm-map\" style=\"background:#f6f6f6;border:1px solid #ccc;height:480px; overflow:hidden;padding:0;\"><p style=\"font-size:80%;color:#9f9e9e;margin-left:5px;\">Caricamento delle mappe in corso - restare in attesa...<noscript><br\/><strong>Non \u00e8 stato possibile caricare le mappe - abilitare JavaScript!<\/strong><br\/><a style=\"text-decoration:none;\" href=\"https:\/\/www.mapsmarker.com\/js-disabled\" target=\"_blank\">&rarr; maggiori informazioni<\/a><\/noscript><\/p><\/div>\n<div id=\"lmm_geo_tags_85a148da\" class=\"lmm-geo-tags geo\">\n<span class=\"paneltext\">Autun<\/span>\n<span class=\"latitude\">46.952280<\/span>, <span class=\"longitude\">4.289102<\/span>\n<span class=\"popuptext\"><\/span>\n<\/div>\n<\/div>\n\n\n\n<p>Troverete qui sotto le rubriche:<\/p>\n\n\n\n<ul><li>Presentazione della regione<\/li><li>I percorsi<\/li><li>Alloggio<\/li><li>Note del Consiglio d&#8217;Amministrazione<\/li><li>Iscrizione<\/li><li>Assemblea generale del Club des Cent Cols&nbsp;<\/li><li>Altre attivit\u00e0 o visite<\/li><\/ul>\n\n\n<div id=\"kpm-root\" class=\"kpm_LTR notranslate\" translate=\"no\">\u00a0<\/div>\n\n\n<h2 class=\"wp-block-heading\">Presentazione di Autun<\/h2>\n\n\n\n<p>E&#8217; nella Sa\u00f4ne e Loira che organizziamo la nostra Assemblea Generale quest&#8217;anno e il nostro soggiorno d&#8217;autunno che vi \u00e8 associato.<\/p>\n\n\n\n<p>Situato a sud del massiccio del Morvan, la citt\u00e0 d\u2019Autun (altitudine 310 m), sotto prefettura della Sa\u00f4ne-e-Loire \u00e8 classificata \u00ab&nbsp;Citt\u00e0 d\u2019Arte e di Storia&nbsp;\u00bb, conta circa 13&nbsp;500 abitani. Nel XIX secolo era una citt\u00e0 industriale (sfruttamento dello scisto bituminoso autuniano fin dall\u2019antichit\u00e0 e della fluorite), ma Autun ha dovuto riconvertirsi nel corso del XX secolo da cui l&#8217;installazione delle grandi officine tra cui le Bas Dim e Nexans (officina di cablaggio industriale)<\/p>\n\n\n\n<h4 class=\"wp-block-heading\">Qualche punto di storia<\/h4>\n\n\n\n<p>La citt\u00e0 diventa la capitale degli Edui (popolo gallico) dopo la vittoria di Giulio Cesare su Vercingetorige a Al\u00e9sia. Verso l\u2019annno 15 a.c. l\u2019imperatore romano Augusto, desiderando aumentare la potenza romana, fond\u00f2 la citta d\u2019Augustodunum (Citt\u00e0 d\u2019Augusto)&nbsp;; essa prese per motto \u00ab&nbsp;Sorella ed emula di Roma \u00bb, che \u00e8 diventato &nbsp;\u00ab&nbsp;Autun gallica ed emula di Roma&nbsp;\u00bb,&nbsp; iscritta sul frontone del Municipio attuale.<\/p>\n\n\n\n<p>Autun ha conservato numerose tracce di ques&#8217;epoca. Con dieci vestigia in superficie, Autun \u00e8 il primo sito gallo-romano situato al nord della Loira. Da vedere in particolare:<\/p>\n\n\n\n<p>I bastioni, un tempo costellati da 53 torri, lunghi 6 km di cui sopravvivono i tre quarti.<\/p>\n\n\n\n<figure class=\"wp-block-image\"><img loading=\"lazy\" decoding=\"async\" width=\"500\" height=\"375\" src=\"https:\/\/centcols.org\/backup\/wp-content\/uploads\/2020\/05\/cit\u00e9-galo-romaine-500x375.jpg\" alt=\"Porte Saint-Andr\u00e9 (\u00a9 JC Durand)\" class=\"wp-image-42987\"\/><figcaption>Porte Saint-Andr\u00e9 (\u00a9 JC Durand)<\/figcaption><\/figure>\n\n\n\n<p>Due della quattro porte che permettevano l&#8217;accesso alla citt\u00e0 gallo-romano, sopravvivono la porta Saint-Andr\u00e9 (qui a fianco) e la porta d\u2019Arroux.<\/p>\n\n\n\n<figure class=\"wp-block-image\"><img loading=\"lazy\" decoding=\"async\" width=\"500\" height=\"375\" src=\"https:\/\/centcols.org\/backup\/wp-content\/uploads\/2020\/05\/th\u00e9\u00e2tre-romain-500x375.jpg\" alt=\"th\u00e9\u00e2tre romain (\u00a9 JC Durand)\" class=\"wp-image-43011\"\/><figcaption>th\u00e9\u00e2tre romain (\u00a9 JC Durand)<\/figcaption><\/figure>\n\n\n\n<p>Il teatro romano (148 m di diametro) poteva accogliere 20 000 spettatori.<\/p>\n\n\n\n<figure class=\"wp-block-image\"><img loading=\"lazy\" decoding=\"async\" width=\"375\" height=\"500\" src=\"https:\/\/centcols.org\/backup\/wp-content\/uploads\/2020\/05\/temple-de-janus-375x500.jpg\" alt=\"Temple de janus (\u00a9 JC Durand)\" class=\"wp-image-43008\"\/><figcaption>Temple de Janus (\u00a9 JC Durand)<\/figcaption><\/figure>\n\n\n\n<p>Il tempio di Giano costruito nel I secolo della nostra era. Antica torre di 24 m d&#8217;altezza. Solo due sezioni sono ancora visibili.<\/p>\n\n\n\n<figure class=\"wp-block-image\"><img decoding=\"async\" src=\"https:\/\/centcols.org\/backup\/wp-content\/uploads\/2020\/05\/20191008_114919-2.jpg\" alt=\"Cath\u00e9drale d'Autun (\u00a9photo JC Durand)\" class=\"wp-image-42947\"\/><figcaption>Cath\u00e9drale d&#8217;Autun (\u00a9photo JC Durand) &nbsp;<br>&nbsp;<br>&nbsp;<br>&nbsp;<br>&nbsp;<br>&nbsp;<br>&nbsp;<br>&nbsp;<br>&nbsp;<\/figcaption><\/figure>\n\n\n\n<p>&nbsp;&nbsp;&nbsp;Nel Medioevo, a partire dal 1120, a Autun, situato sul cammino di Compostela che parte da V\u00e9zelay, inizia la costruzione di una chiesa romana dedicata a Saint-Lazare (d\u2019Aix in Provenza, vescovo del V secolo) che sar\u00e0 consacrata \u00ab&nbsp;cattedrale&nbsp;\u00bb nel XX secolo (in corso di restauro). Fu terminata nel 1146. Questa cattedrale \u00e8 famosa per il suo Timpano (interamente restaurato nel 2009), dedicato all&#8217;Apocalisse, e &nbsp;per i suoi numerosi capitelli (una cinquantina), gli uni storici, gli altri 23 rappresentanti delle foglie. Il Timpano e la maggior parte dei capitelli sono attribuiti allo scultore Gislebertus.<\/p>\n\n\n\n<div class=\"wp-block-image\"><figure class=\"alignleft\"><img loading=\"lazy\" decoding=\"async\" width=\"375\" height=\"500\" src=\"https:\/\/centcols.org\/backup\/wp-content\/uploads\/2020\/05\/tympan-375x500.jpg\" alt=\"Ch\u00e2piteau (\u00a9 JC Durand)\" class=\"wp-image-43017\" srcset=\"https:\/\/centcols.org\/backup\/wp-content\/uploads\/2020\/05\/tympan-375x500.jpg 375w, https:\/\/centcols.org\/backup\/wp-content\/uploads\/2020\/05\/tympan-900x1200.jpg 900w, https:\/\/centcols.org\/backup\/wp-content\/uploads\/2020\/05\/tympan-768x1024.jpg 768w, https:\/\/centcols.org\/backup\/wp-content\/uploads\/2020\/05\/tympan-1152x1536.jpg 1152w, https:\/\/centcols.org\/backup\/wp-content\/uploads\/2020\/05\/tympan-1536x2048.jpg 1536w, https:\/\/centcols.org\/backup\/wp-content\/uploads\/2020\/05\/tympan-600x800.jpg 600w, https:\/\/centcols.org\/backup\/wp-content\/uploads\/2020\/05\/tympan-scaled.jpg 1280w\" sizes=\"(max-width: 375px) 100vw, 375px\" \/><figcaption>Ch\u00e2piteau (\u00a9 JC Durand)<br><br>Il timpano, intonacato dai monaci (XVIII secolo) che non ne apprezzavano le sculture, \u00e8 cos\u00ec scampato alla distruzione della Rivoluzione.<br>Nel XIX secolo, l&#8217;edifico fu recensito da Prosper M\u00e9rim\u00e9e, all&#8217;epoca Ispettore Generale dei Monumenti Storici e restaurato da Viollet-le-Duc.<br>Da notare che il trumeau che rappresenta San Lazzaro e le sue due sorelle, \u00e8 del &nbsp;XIX secolo.<\/figcaption><\/figure><\/div>\n\n\n\n<p>Il timpano, intonacato dai monaci (XVIII secolo) che non ne apprezzavano le sculture, \u00e8 cos\u00ec scampato alla distruzione della Rivoluzione.<\/p>\n\n\n\n<p>Nel XIX secolo, l&#8217;edifico fu recensito da Prosper M\u00e9rim\u00e9e, all&#8217;epoca Ispettore Generale dei Monumenti Storici e restaurato da Viollet-le-Duc.<\/p>\n\n\n\n<p>Da notare che il trumeau che rappresenta San Lazzaro e le sue due sorelle, \u00e8 del &nbsp;XIX secolo.<\/p>\n\n\n\n<figure class=\"wp-block-image\"><img loading=\"lazy\" decoding=\"async\" width=\"500\" height=\"375\" src=\"https:\/\/centcols.org\/backup\/wp-content\/uploads\/2020\/05\/trumeau-500x375.jpg\" alt=\"Tympan au dessus du trumeau (\u00a9 JC Durand)\" class=\"wp-image-43014\"\/><figcaption>Tympan au dessus du trumeau (\u00a9 JC Durand)<\/figcaption><\/figure>\n\n\n\n<p>Due edifici sono dell&#8217;epoca moderna:<\/p>\n\n\n\n<figure class=\"wp-block-image\"><img loading=\"lazy\" decoding=\"async\" width=\"500\" height=\"344\" src=\"https:\/\/centcols.org\/backup\/wp-content\/uploads\/2020\/05\/lyc\u00e9e-militaire-dAutun-500x344.jpg\" alt=\"Lyc\u00e9e militaire d'Autun (\u00a9 JC Durand)\" class=\"wp-image-43002\"\/><figcaption>Lyc\u00e9e militaire d&#8217;Autun (\u00a9 JC Durand)<\/figcaption><\/figure>\n\n\n\n<p>Il liceo militare<a href=\"#_msocom_1\">[TL1]<\/a>&nbsp; &#8211; Edificio costruito nel 1675, a turno grande seminario, ospedale e prigione. Scuola militare dal 1885 divenne liceo militare nel 1993.<\/p>\n\n\n\n<p>Chiostro e tetti borgognoni a tegole verniciate.<\/p>\n\n\n\n<p>&nbsp;&nbsp;&nbsp; . Il liceo Bonaparte \u2013 Costruito nel 1709 \u2013 Antico collegio gesuita. Deve il suo nome al fatto che Napoleone Bonaparte e suo fratello Giuseppe vi sono stati alunni per alcuni mesi.<\/p>\n\n\n\n<p>Griglie in ferro battuto degli &nbsp;\u00ab&nbsp;strumenti scolari&nbsp;\u00bb.<\/p>\n\n\n\n<p>Dell&#8217;epoca contemporanea sono<\/p>\n\n\n\n<p>&nbsp;&nbsp;&nbsp;&nbsp;&nbsp;&nbsp;&nbsp;&nbsp;&nbsp;&nbsp;&nbsp; . Il passaggio coperto.<\/p>\n\n\n\n<p>&nbsp;&nbsp;&nbsp;&nbsp;&nbsp;&nbsp;&nbsp;&nbsp;&nbsp;&nbsp;&nbsp; . Il teatro al&#8217;italiana \u2013 Costruito nel 1884.<\/p>\n\n\n\n<p>&nbsp;&nbsp;&nbsp;&nbsp;&nbsp;&nbsp;&nbsp;&nbsp;&nbsp;&nbsp;&nbsp; . Il Municipio. La vecchia prigione di forma circolare. Dismessa dal 1955. Una delle prime prigioni francesi ad avere scelto la modalit\u00e0 di detenzione cellulare.<\/p>\n\n\n\n<hr class=\"wp-block-separator\"\/>\n\n\n\n<h2 class=\"wp-block-heading\">I percorsi<\/h2>\n\n\n\n<p>Vi sar\u00e0 proposto un circuito il sabato e un altro la domenica mattina. Possono essere fatti sia in bicicletta da strada che in MTB, perch\u00e9 i cammini sono molto ciclabili. Se la regione non ha molti passi, sar\u00e0 tuttavia possibile di coglierne ugualmente qualcuno. Per coloro che desiderano arrivare prima o partire dopo, sar\u00e0 disponibile un percorso supplementare.<br><\/p>\n\n\n\n<p>Se desiderate vedere i paesaggi che andremo a scoprire, viinvito a guardare il sito di Guy Garcin che ha fatto il brevetto Cyclomontagnard di Morvan nel 2012<\/p>\n\n\n\n<figure class=\"wp-block-embed-wordpress wp-block-embed is-type-wp-embed is-provider-guygarcin-039-s-blog-love-velo-fr\"><div class=\"wp-block-embed__wrapper\">\n<blockquote class=\"wp-embedded-content\" data-secret=\"UJxHoK3v0o\"><a href=\"https:\/\/love-velo.fr\/bcmf-morvan-2012\/\">BCMF Morvan 2012<\/a><\/blockquote><iframe class=\"wp-embedded-content\" sandbox=\"allow-scripts\" security=\"restricted\" style=\"position: absolute; clip: rect(1px, 1px, 1px, 1px);\" title=\"\u00ab\u00a0BCMF Morvan 2012\u00a0\u00bb &#8212; GuyGarcin&#039;s Blog\u00b0 : love-velo.fr\" src=\"https:\/\/love-velo.fr\/bcmf-morvan-2012\/embed\/#?secret=2o6DFSQAzl#?secret=UJxHoK3v0o\" data-secret=\"UJxHoK3v0o\" width=\"500\" height=\"282\" frameborder=\"0\" marginwidth=\"0\" marginheight=\"0\" scrolling=\"no\"><\/iframe>\n<\/div><\/figure>\n\n\n\n<h2 class=\"wp-block-heading\">Alloggio<\/h2>\n\n\n\n<figure class=\"wp-block-image\"><img decoding=\"async\" src=\"https:\/\/centcols.org\/backup\/wp-content\/uploads\/2020\/05\/Espace-Saint-Ex-500x375.jpg\" alt=\"Espace Saint Ex (\u00a9 JC Durand)\" class=\"wp-image-42990\"\/><figcaption>Espace Saint Ex (\u00a9 JC Durand)<\/figcaption><\/figure>\n\n\n\n<p>Saremo alloggiati all&#8217;espace Saint EX, membro della rete Ethic Etapes. Questo albergo dispone di 116 letti ripartiti in 53 camere.<\/p>\n\n\n\n<p>Espace Saint EX<\/p>\n\n\n\n<p>3 rue Saint-Exup\u00e9ry<\/p>\n\n\n\n<p>71400 Autun<\/p>\n\n\n\n<p>T\u00e9l&nbsp;: +33 (0)3 85 86 58 30 \u2013 Fax&nbsp;: +33 (0)3 85 86 58 32<\/p>\n\n\n\n<p><strong>Altre possibilit\u00e0 d&#8217;alloggio<\/strong><\/p>\n\n\n\n<p>Il comune dispone di numerosi parcheggi pubblici in prossimit\u00e0 dell&#8217;Espace Saint Ex : lo stazionamento dei camper \u00e8 autorizzato ma non ci cosno servizi ( elettricit\u00e0, acqua, etc&#8230;).<\/p>\n\n\n\n<p><strong>Area di campeggio attrezzata<\/strong><\/p>\n\n\n\n<p>Plan d&#8217;eau du Valon &#8211; Route de Chalon-sur-Sa\u00f4ne &#8211; 71400 Autun<\/p>\n\n\n\n<h2 class=\"wp-block-heading\">Nota del Consiglio d&#8217;Amministrazione<\/h2>\n\n\n\n<p>Se vi occupate da soli di trovare alloggio al di fuori dell&#8217;Ethic \u00e9tapes, vi ringraziamo, comunque, di avisarci della vostra partecipazione al soggiorno e questo per 3 ragioni: <\/p>\n\n\n\n<ol><li>Per dimensionare correttamente gli eventi in comune (riunione d&#8217;informazione, brindisi di benvenuto e di partenza).<\/li><li>Per \u00e8revedere una ripartizione in pi\u00f9 gruppi sui percorsi alfine di migliorare la sicurezza di ciascuno.<\/li><li>Per una migliore gestione degli imprevisti da parte degli organizzatori.<\/li><\/ol>\n\n\n\n<h2 class=\"wp-block-heading\">Iscrizioni<\/h2>\n\n\n\n<p>Per iscrivervi sscricate il modulo PDF dai link sottoindicati. <br>Attenzione al fatto che il modulo comprende due pagine che dovranno essere totalmente ompilate e firmate.<br>I membri associati che vi dovessero accompaganre evono essere precedentemente iscritti presso il proprio delgato territoriale.<br>Se un partecipante non \u00e8 tesserato alla FFCT \u00e8 necessario sottoscrivere l&#8217;assicurazione obbligatoria. La partecipazione al fondo di solidariet\u00e0 \u00e8 inclusa nel costo dell&#8217;iscrizione.<\/p>\n\n\n\n<p><\/p>\n\n\n\n<p><strong>Il vostro forfait cambia a seconda del momento del vostro arrivo e partenza:<\/strong><\/p>\n\n\n\n<ul><li>Se arrivate il venerd\u00ec per la cena e partite domenica dopo pranzo, prendete il forfait a 133\u20ac<\/li><li>Se arrivate il sabato pomeriggio dopo l&#8217;AG e partite domenica mattina prendete il forfait da 55\u20ac<\/li><li>Se arrivate per il pranzo di sabato e partite domenica mattina prendete il forfait \u00bd pensione a 55\u20ac pi\u00f9 il pasto del 14 a pranzo a 19,50\u20ac<\/li><li>Se arrivate per il pranzo di sabato e partite domenica dopo pranzo prendete il forfait pensione a 69\u20ac pi\u00f9 il pasto del 14 a pranzo a 19,50\u20ac<\/li><li>Se venite senza alloggio (sia AR nella giornata che allggio con mezzi propri),potete riservare la cena di venerdi sera (19,50\u20ac), il pranzo del sabato (19,50\u20ac), la cena di sabato  (23,50\u20ac) e\/o il pranzo di domenica (19,50\u20ac).  La cena di sabato \u00e8 pi\u00f9 ricca. <\/li><li>Etc.<\/li><\/ul>\n\n\n\n<p>Potete pagare per bonifico bancario sul conto del Club. Tenuto conto delle spese supplementari non possiamo accettare il pagamento per PayPal.<\/p>\n\n\n\n<p>L&#8217;accettazione dei membri si fa nell&#8217;ordine d&#8217;emissione del bonifico. Inviateci una copia dell&#8217;ordine di bonifico. Se il soggiorno \u00e8 completo sar\u00e0 istituita una lista d&#8217;attesa con le stesse regole di priorit\u00e0.<\/p>\n\n\n\n<p><strong>T\u00e9l\u00e9charger le bulletin <\/strong><br><strong>:<\/strong><a href=\"https:\/\/centcols.org\/backup\/wp-content\/uploads\/2020\/05\/Bulletin-dInscription-Autun.pdf\" target=\"_blank\" rel=\"noreferrer noopener\">Bulletin d&#8217;inscription Autun<\/a><br><a href=\"https:\/\/centcols.org\/backup\/wp-content\/uploads\/2020\/06\/Modulo-discrizione-Autun-Italiano.pdf\" target=\"_blank\" rel=\"noreferrer noopener\">Modulo d&#8217;iscrizione Autun<\/a><\/p>\n\n\n\n<p><a href=\"https:\/\/centcols.org\/backup\/wp-content\/uploads\/2020\/06\/Inscription-form-Autun-in-English.pdf\" target=\"_blank\" rel=\"noreferrer noopener\">Inscription form Autun<\/a> <br>La date limite di recevimento \u00e8 fissata al <strong>12 ottobre 2020.<\/strong><\/p>\n\n\n\n<p><strong>Trombinoscopio :<\/strong><\/p>\n\n\n\n<p>Quando ci troviamo nei soggiorni (e nelle altre manifestazioni), incontriamo molti amici e delle faccie conosciute ma non siamo sicuri di conoscere tutti i loro nomi, e non sempre osiamo chiederlo. Per tentare di rimediare proponiamo di fornire ad ogni partecipante al soggiorno, un trombinoscopio dei presenti molto semplice, con la foto, il nome e il N\u00b0 di socio di tutti quelli che avranno trasmesso (sia prima che al momento dell\u2019iscrizione) la loro foto e l\u2019autorizzazione a pubblicarla sulla pagina trombinoscopio del sito web del Club. Potete inviare una foto digitale del vostro viso, solamente, in formato <strong>JPG<\/strong> di buona definizione, con un rapporto lunghezza\/altezza di &nbsp;\u00be, menzionando bene il vostro nome e &nbsp;N\u00b0 di associato, a <a href=\"mailto:photodemembre@centcols.net\">photodemembre@centcols.net<\/a>, o direttamente a &nbsp;<a href=\"mailto:s\u00e9jours@centcols.net\">s\u00e9jours@centcols.net<\/a> che la trasmetter\u00e0. Barrate la casella SI o NO sul modulo d\u2019iscrizione a seconda che accettiate o meno. Nel caso in cui la casella non fosse barrata, la risposta sar\u00e0 considerata come negativa, Se inviate una foto cartacea con il modulo d\u2019iscrizione, questa non sar\u00e0 utilizzata per il trombinoscopio del soggiorno.<\/p>\n\n\n\n<h2 class=\"wp-block-heading\">L&#8217;Assemblea generale<\/h2>\n\n\n\n<p>Si terr\u00e0 sul posto nel pomeriggio di sabato. Per maggiori dettagli andate sulla pagina<a href=\"https:\/\/centcols.org\/backup\/it\/ag-2020-autun\/\"> <strong>Assemblea Generale<\/strong>.<\/a><\/p>\n\n\n\n<p>La convocazione e i documenti statutari saranno diffusi come d&#8217;abitudine via un Info Cent Cols nel mese d&#8217;ottobre e saranno disponibili sul sito.<\/p>\n\n\n\n<p>Alla fine dei lavori un brindisi ci permetter\u00e0 di ritrovarci in modo meno protocollare.<\/p>\n\n\n\n<h2 class=\"wp-block-heading\">Altre attivit\u00e0 o visite<\/h2>\n\n\n\n<p>Una visita della citt\u00e0 d&#8217;Autun potr\u00e0 essere organizzata dal suo ufficio del turismo<\/p>\n\n\n\n<p>Per gli accompagnatori possiamo suggerire alcune visite d&#8217;Autun, citt\u00e0 di storia e dei suoi dintorni.<\/p>\n\n\n\n<ul><li>il suo patrimoni antico (cattedrale Saint-Lazare, teatro romano, mura antiche)<\/li><li>il castello di Couches<\/li><li>i suoi musei (museo Rolin, maison dei Galvachers, museo del Campagnonnage)<br>I musei di Ch\u00e2teau-Chinon sono chiusi per restauro. La riapertura \u00e8 prevista nel 2022.<\/li><li>la sua gastronomia<\/li><li>il sito archeologico di Bibracte (a 27 km) al Mont Beuvray&nbsp; situato ad una altitudine di 821 metri<\/li><\/ul>\n\n\n\n<p>E&#8217; aperto tutto l&#8217;anno e accessibile col proprio veicolo, tutti i giorni, salvo in caso di intemperie. Il mueso \u00e8 chiuso dal 11 novembre a met\u00e0 marzo. E&#8217; classificato sito natura 2000.<\/p>\n\n\n\n<p><a href=\"http:\/\/www.bibracte.fr\/\">http:\/\/www.bibracte.fr\/<\/a><\/p>\n","protected":false},"excerpt":{"rendered":"<p>Annullato Hanno contribuito alla redazione di questa pagina di presentazione del soggiorno i responsabili dell&#8217;informatica, internazionale e soggiorni e, naturalmente, i &#8220;locali&#8221; Nicole e Jean-Claude Durand. E&#8217; a Autun in Sa\u00f4ne e Loire che ci ritroveremo per il soggiorno autunnale e l&#8217;Assemblea Generale del 2020. Troverete qui sotto le rubriche: Presentazione della regione I percorsi [&hellip;]<\/p>\n","protected":false},"author":69,"featured_media":0,"comment_status":"closed","ping_status":"closed","sticky":false,"template":"","format":"standard","meta":{"_acf_changed":false,"ub_ctt_via":"","_monsterinsights_skip_tracking":false,"_monsterinsights_sitenote_active":false,"_monsterinsights_sitenote_note":"","_monsterinsights_sitenote_category":0,"footnotes":""},"categories":[263],"tags":[],"acf":[],"featured_image_urls":{"full":"","thumbnail":"","medium":"","medium_large":"","large":"","1536x1536":"","2048x2048":"","woocommerce_thumbnail":"","woocommerce_single":"","woocommerce_gallery_thumbnail":""},"post_excerpt_stackable":"<p>Annullato Hanno contribuito alla redazione di questa pagina di presentazione del soggiorno i responsabili dell&#8217;informatica, internazionale e soggiorni e, naturalmente, i &#8220;locali&#8221; Nicole e Jean-Claude Durand. Village de Dun (\u00a9 JC Durand) E&#8217; a Autun in Sa\u00f4ne e Loire che ci ritroveremo per il soggiorno autunnale e l&#8217;Assemblea Generale del 2020. Autun Caricamento delle mappe in corso &#8211; restare in attesa&#8230;Non \u00e8 stato possibile caricare le mappe &#8211; abilitare JavaScript!&rarr; maggiori informazioni Autun 46.952280, 4.289102 Troverete qui sotto le rubriche: Presentazione della regioneI percorsiAlloggioNote del Consiglio d&#8217;AmministrazioneIscrizioneAssemblea generale del Club des Cent Cols&nbsp;Altre attivit\u00e0 o visite \u00a0 Presentazione di Autun&hellip;<\/p>\n","category_list":"<a href=\"https:\/\/centcols.org\/backup\/it\/categorie\/sejours-it\/\" rel=\"category tag\">Soggiorni<\/a>","author_info":{"display_name":"Enrico Alberini","author_link":"https:\/\/centcols.org\/backup\/it\/author\/5065\/"},"comments_num":"0 commenti","featured_image_urls_v2":{"full":"","thumbnail":"","medium":"","medium_large":"","large":"","1536x1536":"","2048x2048":"","woocommerce_thumbnail":"","woocommerce_single":"","woocommerce_gallery_thumbnail":""},"post_excerpt_stackable_v2":"<p>Annullato Hanno contribuito alla redazione di questa pagina di presentazione del soggiorno i responsabili dell&#8217;informatica, internazionale e soggiorni e, naturalmente, i &#8220;locali&#8221; Nicole e Jean-Claude Durand. Village de Dun (\u00a9 JC Durand) E&#8217; a Autun in Sa\u00f4ne e Loire che ci ritroveremo per il soggiorno autunnale e l&#8217;Assemblea Generale del 2020. Autun Caricamento delle mappe in corso &#8211; restare in attesa&#8230;Non \u00e8 stato possibile caricare le mappe &#8211; abilitare JavaScript!&rarr; maggiori informazioni Autun 46.952280, 4.289102 Troverete qui sotto le rubriche: Presentazione della regioneI percorsiAlloggioNote del Consiglio d&#8217;AmministrazioneIscrizioneAssemblea generale del Club des Cent Cols&nbsp;Altre attivit\u00e0 o visite \u00a0 Presentazione di Autun&hellip;<\/p>\n","category_list_v2":"<a href=\"https:\/\/centcols.org\/backup\/it\/categorie\/sejours-it\/\" rel=\"category tag\">Soggiorni<\/a>","author_info_v2":{"name":"Enrico Alberini","url":"https:\/\/centcols.org\/backup\/it\/author\/5065\/"},"comments_num_v2":"0 commenti","featured_image_src":null,"_links":{"self":[{"href":"https:\/\/centcols.org\/backup\/it\/wp-json\/wp\/v2\/posts\/46901"}],"collection":[{"href":"https:\/\/centcols.org\/backup\/it\/wp-json\/wp\/v2\/posts"}],"about":[{"href":"https:\/\/centcols.org\/backup\/it\/wp-json\/wp\/v2\/types\/post"}],"author":[{"embeddable":true,"href":"https:\/\/centcols.org\/backup\/it\/wp-json\/wp\/v2\/users\/69"}],"replies":[{"embeddable":true,"href":"https:\/\/centcols.org\/backup\/it\/wp-json\/wp\/v2\/comments?post=46901"}],"version-history":[{"count":0,"href":"https:\/\/centcols.org\/backup\/it\/wp-json\/wp\/v2\/posts\/46901\/revisions"}],"wp:attachment":[{"href":"https:\/\/centcols.org\/backup\/it\/wp-json\/wp\/v2\/media?parent=46901"}],"wp:term":[{"taxonomy":"category","embeddable":true,"href":"https:\/\/centcols.org\/backup\/it\/wp-json\/wp\/v2\/categories?post=46901"},{"taxonomy":"post_tag","embeddable":true,"href":"https:\/\/centcols.org\/backup\/it\/wp-json\/wp\/v2\/tags?post=46901"}],"curies":[{"name":"wp","href":"https:\/\/api.w.org\/{rel}","templated":true}]}}