{"id":47835,"date":"2020-08-02T16:28:02","date_gmt":"2020-08-02T14:28:02","guid":{"rendered":"https:\/\/centcols.org\/backup\/?p=47835"},"modified":"2020-08-02T16:54:22","modified_gmt":"2020-08-02T14:54:22","slug":"raduno-non-ufficiale-big-ccc-uic","status":"publish","type":"post","link":"https:\/\/centcols.org\/backup\/it\/raduno-non-ufficiale-big-ccc-uic\/","title":{"rendered":"Raduno non ufficiale BIG &#8211; CCC &#8211; UIC"},"content":{"rendered":"\n<figure class=\"wp-block-image size-large\"><img loading=\"lazy\" decoding=\"async\" width=\"1200\" height=\"900\" src=\"https:\/\/centcols.org\/backup\/wp-content\/uploads\/2020\/07\/Aoste-ressemblement-1200x900.jpg\" alt=\"\" class=\"wp-image-47476\" srcset=\"https:\/\/centcols.org\/backup\/wp-content\/uploads\/2020\/07\/Aoste-ressemblement-1200x900.jpg 1200w, https:\/\/centcols.org\/backup\/wp-content\/uploads\/2020\/07\/Aoste-ressemblement-500x375.jpg 500w, https:\/\/centcols.org\/backup\/wp-content\/uploads\/2020\/07\/Aoste-ressemblement-768x576.jpg 768w, https:\/\/centcols.org\/backup\/wp-content\/uploads\/2020\/07\/Aoste-ressemblement-1536x1152.jpg 1536w, https:\/\/centcols.org\/backup\/wp-content\/uploads\/2020\/07\/Aoste-ressemblement-2048x1536.jpg 2048w, https:\/\/centcols.org\/backup\/wp-content\/uploads\/2020\/07\/Aoste-ressemblement-600x450.jpg 600w, https:\/\/centcols.org\/backup\/wp-content\/uploads\/2020\/07\/Aoste-ressemblement-scaled.jpg 1365w\" sizes=\"(max-width: 1200px) 100vw, 1200px\" \/><figcaption>22 luglio 2020 &#8211; Passo del Gran San Bernardo (IT &#8211; CH)<\/figcaption><\/figure>\n\n\n\n<p>\u00ab&nbsp; Non abbiamo le stesse maglie ma abbiamo la stessa passione&nbsp;\u00bb, questa frase di Fran\u00e7ois Candau (il nostro attivo amministratore della pagina face book del Club) sintetizza questa splendida giornata di ciclismo di montagna. Un gruppo di una quindicina di ciclisti di CCC, BIG e UIC hanno pedalato insieme alla conquista del Passo del Grand San Bernardo partendo da Aosta. E\u2019 stata anche l\u2019occasione per porgere un omaggio a \u201cl\u2019Alpino\u201d Giorgio Rossini, recentemente scomparso, che \u00e8 stato&nbsp; un membro eminente di tutte e tre le associazioni. Questa bella giornata di ciclismo \u00e8 stata organizzata all&#8217;ultimo momento ma \u00e8 comunque stata un successo.<\/p>\n","protected":false},"excerpt":{"rendered":"<p>\u00ab&nbsp; Non abbiamo le stesse maglie ma abbiamo la stessa passione&nbsp;\u00bb, questa frase di Fran\u00e7ois Candau (il nostro attivo amministratore della pagina face book del Club) sintetizza questa splendida giornata di ciclismo di montagna. Un gruppo di una quindicina di ciclisti di CCC, BIG e UIC hanno pedalato insieme alla conquista del Passo del Grand [&hellip;]<\/p>\n","protected":false},"author":69,"featured_media":0,"comment_status":"closed","ping_status":"closed","sticky":true,"template":"","format":"standard","meta":{"_acf_changed":false,"ub_ctt_via":"","_monsterinsights_skip_tracking":false,"_monsterinsights_sitenote_active":false,"_monsterinsights_sitenote_note":"","_monsterinsights_sitenote_category":0,"footnotes":""},"categories":[140],"tags":[],"acf":[],"featured_image_urls":{"full":"","thumbnail":"","medium":"","medium_large":"","large":"","1536x1536":"","2048x2048":"","woocommerce_thumbnail":"","woocommerce_single":"","woocommerce_gallery_thumbnail":""},"post_excerpt_stackable":"<p>22 luglio 2020 &#8211; Passo del Gran San Bernardo (IT &#8211; CH) \u00ab&nbsp; Non abbiamo le stesse maglie ma abbiamo la stessa passione&nbsp;\u00bb, questa frase di Fran\u00e7ois Candau (il nostro attivo amministratore della pagina face book del Club) sintetizza questa splendida giornata di ciclismo di montagna. Un gruppo di una quindicina di ciclisti di CCC, BIG e UIC hanno pedalato insieme alla conquista del Passo del Grand San Bernardo partendo da Aosta. E\u2019 stata anche l\u2019occasione per porgere un omaggio a \u201cl\u2019Alpino\u201d Giorgio Rossini, recentemente scomparso, che \u00e8 stato&nbsp; un membro eminente di tutte e tre le associazioni. Questa bella&hellip;<\/p>\n","category_list":"<a href=\"https:\/\/centcols.org\/backup\/it\/categorie\/non-categorizzato\/\" rel=\"category tag\">Non categorizzato<\/a>","author_info":{"display_name":"Enrico Alberini","author_link":"https:\/\/centcols.org\/backup\/it\/author\/5065\/"},"comments_num":"0 commenti","featured_image_urls_v2":{"full":"","thumbnail":"","medium":"","medium_large":"","large":"","1536x1536":"","2048x2048":"","woocommerce_thumbnail":"","woocommerce_single":"","woocommerce_gallery_thumbnail":""},"post_excerpt_stackable_v2":"<p>22 luglio 2020 &#8211; Passo del Gran San Bernardo (IT &#8211; CH) \u00ab&nbsp; Non abbiamo le stesse maglie ma abbiamo la stessa passione&nbsp;\u00bb, questa frase di Fran\u00e7ois Candau (il nostro attivo amministratore della pagina face book del Club) sintetizza questa splendida giornata di ciclismo di montagna. Un gruppo di una quindicina di ciclisti di CCC, BIG e UIC hanno pedalato insieme alla conquista del Passo del Grand San Bernardo partendo da Aosta. E\u2019 stata anche l\u2019occasione per porgere un omaggio a \u201cl\u2019Alpino\u201d Giorgio Rossini, recentemente scomparso, che \u00e8 stato&nbsp; un membro eminente di tutte e tre le associazioni. Questa bella&hellip;<\/p>\n","category_list_v2":"<a href=\"https:\/\/centcols.org\/backup\/it\/categorie\/non-categorizzato\/\" rel=\"category tag\">Non categorizzato<\/a>","author_info_v2":{"name":"Enrico Alberini","url":"https:\/\/centcols.org\/backup\/it\/author\/5065\/"},"comments_num_v2":"0 commenti","featured_image_src":null,"_links":{"self":[{"href":"https:\/\/centcols.org\/backup\/it\/wp-json\/wp\/v2\/posts\/47835"}],"collection":[{"href":"https:\/\/centcols.org\/backup\/it\/wp-json\/wp\/v2\/posts"}],"about":[{"href":"https:\/\/centcols.org\/backup\/it\/wp-json\/wp\/v2\/types\/post"}],"author":[{"embeddable":true,"href":"https:\/\/centcols.org\/backup\/it\/wp-json\/wp\/v2\/users\/69"}],"replies":[{"embeddable":true,"href":"https:\/\/centcols.org\/backup\/it\/wp-json\/wp\/v2\/comments?post=47835"}],"version-history":[{"count":0,"href":"https:\/\/centcols.org\/backup\/it\/wp-json\/wp\/v2\/posts\/47835\/revisions"}],"wp:attachment":[{"href":"https:\/\/centcols.org\/backup\/it\/wp-json\/wp\/v2\/media?parent=47835"}],"wp:term":[{"taxonomy":"category","embeddable":true,"href":"https:\/\/centcols.org\/backup\/it\/wp-json\/wp\/v2\/categories?post=47835"},{"taxonomy":"post_tag","embeddable":true,"href":"https:\/\/centcols.org\/backup\/it\/wp-json\/wp\/v2\/tags?post=47835"}],"curies":[{"name":"wp","href":"https:\/\/api.w.org\/{rel}","templated":true}]}}