{"id":56843,"date":"2021-02-10T15:31:33","date_gmt":"2021-02-10T14:31:33","guid":{"rendered":"https:\/\/centcols.org\/backup\/?p=56843"},"modified":"2021-02-10T15:33:45","modified_gmt":"2021-02-10T14:33:45","slug":"languedoc-roussillon-bernardini-29-agosto-2021","status":"publish","type":"post","link":"https:\/\/centcols.org\/backup\/it\/languedoc-roussillon-bernardini-29-agosto-2021\/","title":{"rendered":"Languedoc &#8211; Roussillon, Bernardini, 29 agosto 2021"},"content":{"rendered":"\n<p>Domenica 29 agosto 2021, Languedoc &#8211; Roussillon<br>Uscita Michel Bernardini<\/p>\n\n\n\n<p>La Bernardini si svolger\u00e0 nel settore di Luz Ardiden<br>Questo raduno, da qualche anno, si svolge in 4 giorni (dal venerd\u00ec al luned\u00ec) in funzione delle scelte dei partecipanti, permettendo di andare a cacciare qualche 2000.<br>I percorsi, nel settore Luz Ardiden &#8211; Cauterets saranno proposti sul sito del club. Il Tourmalet \u00e8 molto vcino. <\/p>\n\n\n\n<div id=\"lmm_91eac468\" style=\"width:100%;\" class=\"mapsmarker markermap marker-40\">\n<div id=\"lmm_panel_91eac468\" class=\"lmm-panel\" style=\"background:#efefef;\">\n<div id=\"lmm_panel_api_91eac468\" class=\"lmm-panel-api\"><a href=\"https:\/\/maps.google.com\/maps?daddr=Route+de+l%5C%26%23039%3BArdiden++Occitanie%2C+France&amp;t=m&amp;layer=1&amp;doflg=ptk&amp;om=0\" target=\"_blank\" title=\"Trova indicazioni stradali\"><img loading=\"lazy\" decoding=\"async\" alt=\"icon-car.png\" src=\"https:\/\/centcols.org\/backup\/wp-content\/plugins\/leaflet-maps-marker\/inc\/img\/icon-car.png\" width=\"14\" height=\"14\" class=\"lmm-panel-api-images\" \/><\/a><\/div><div id=\"lmm_panel_text_91eac468\" class=\"lmm-panel-text\" style=\"font-weight:bold;color:#373737;\">Luz Ardiden<\/div><\/div>\n<div id=\"lmm_map_91eac468\" class=\"lmm-map\" style=\"background:#f6f6f6;border:1px solid #ccc;height:480px; overflow:hidden;padding:0;\"><p style=\"font-size:80%;color:#9f9e9e;margin-left:5px;\">Caricamento delle mappe in corso - restare in attesa...<noscript><br\/><strong>Non \u00e8 stato possibile caricare le mappe - abilitare JavaScript!<\/strong><br\/><a style=\"text-decoration:none;\" href=\"https:\/\/www.mapsmarker.com\/js-disabled\" target=\"_blank\">&rarr; maggiori informazioni<\/a><\/noscript><\/p><\/div>\n<div id=\"lmm_geo_tags_91eac468\" class=\"lmm-geo-tags geo\">\n<span class=\"paneltext\">Luz Ardiden<\/span>\n<span class=\"latitude\">42.867200<\/span>, <span class=\"longitude\">-0.012589<\/span>\n<span class=\"popuptext\"><\/span>\n<\/div>\n<\/div>\n\n\n\n<h3 class=\"wp-block-heading\">Contatto<\/h3>\n\n\n\n<p>Jean-Pierre Lambert<br>06 74 63 27 42<br><a href=\"m&#97;&#105;&#108;to:hi&#103;h&#108;a&#110;d&#46;&#102;l&#111;wer&#64;&#102;&#114;&#101;&#101;.&#102;&#114;\">h&#105;&#103;&#104;lan&#100;&#46;&#102;&#108;ower&#64;f&#114;&#101;e&#46;&#102;r<\/a><\/p>\n","protected":false},"excerpt":{"rendered":"<p>Domenica 29 agosto 2021, Languedoc &#8211; RoussillonUscita Michel Bernardini La Bernardini si svolger\u00e0 nel settore di Luz ArdidenQuesto raduno, da qualche anno, si svolge in 4 giorni (dal venerd\u00ec al luned\u00ec) in funzione delle scelte dei partecipanti, permettendo di andare a cacciare qualche 2000.I percorsi, nel settore Luz Ardiden &#8211; Cauterets saranno proposti sul sito [&hellip;]<\/p>\n","protected":false},"author":69,"featured_media":0,"comment_status":"closed","ping_status":"closed","sticky":true,"template":"","format":"standard","meta":{"_acf_changed":false,"ub_ctt_via":"","_monsterinsights_skip_tracking":false,"_monsterinsights_sitenote_active":false,"_monsterinsights_sitenote_note":"","_monsterinsights_sitenote_category":0,"footnotes":""},"categories":[469,270],"tags":[],"acf":[],"featured_image_urls":{"full":"","thumbnail":"","medium":"","medium_large":"","large":"","1536x1536":"","2048x2048":"","woocommerce_thumbnail":"","woocommerce_single":"","woocommerce_gallery_thumbnail":""},"post_excerpt_stackable":"<p>Domenica 29 agosto 2021, Languedoc &#8211; RoussillonUscita Michel Bernardini La Bernardini si svolger\u00e0 nel settore di Luz ArdidenQuesto raduno, da qualche anno, si svolge in 4 giorni (dal venerd\u00ec al luned\u00ec) in funzione delle scelte dei partecipanti, permettendo di andare a cacciare qualche 2000.I percorsi, nel settore Luz Ardiden &#8211; Cauterets saranno proposti sul sito del club. Il Tourmalet \u00e8 molto vcino. Luz Ardiden Caricamento delle mappe in corso &#8211; restare in attesa&#8230;Non \u00e8 stato possibile caricare le mappe &#8211; abilitare JavaScript!&rarr; maggiori informazioni Luz Ardiden 42.867200, -0.012589 Contatto Jean-Pierre Lambert06 74 63 27 42h&#105;&#103;h&#108;&#97;n&#100;&#46;&#102;&#108;&#111;&#119;&#101;&#114;&#64;&#102;re&#101;.&#102;r<\/p>\n","category_list":"<a href=\"https:\/\/centcols.org\/backup\/it\/categorie\/rassemblements-it\/rassemblements-2021-it\/\" rel=\"category tag\">Gli incontri del 2021<\/a>, <a href=\"https:\/\/centcols.org\/backup\/it\/categorie\/rassemblements-it\/\" rel=\"category tag\">Incontri Regionali<\/a>","author_info":{"display_name":"Enrico Alberini","author_link":"https:\/\/centcols.org\/backup\/it\/author\/5065\/"},"comments_num":"0 commenti","featured_image_urls_v2":{"full":"","thumbnail":"","medium":"","medium_large":"","large":"","1536x1536":"","2048x2048":"","woocommerce_thumbnail":"","woocommerce_single":"","woocommerce_gallery_thumbnail":""},"post_excerpt_stackable_v2":"<p>Domenica 29 agosto 2021, Languedoc &#8211; RoussillonUscita Michel Bernardini La Bernardini si svolger\u00e0 nel settore di Luz ArdidenQuesto raduno, da qualche anno, si svolge in 4 giorni (dal venerd\u00ec al luned\u00ec) in funzione delle scelte dei partecipanti, permettendo di andare a cacciare qualche 2000.I percorsi, nel settore Luz Ardiden &#8211; Cauterets saranno proposti sul sito del club. Il Tourmalet \u00e8 molto vcino. Luz Ardiden Caricamento delle mappe in corso &#8211; restare in attesa&#8230;Non \u00e8 stato possibile caricare le mappe &#8211; abilitare JavaScript!&rarr; maggiori informazioni Luz Ardiden 42.867200, -0.012589 Contatto Jean-Pierre Lambert06 74 63 27 42&#104;&#105;&#103;h&#108;&#97;&#110;&#100;.f&#108;&#111;&#119;er&#64;fr&#101;&#101;&#46;fr<\/p>\n","category_list_v2":"<a href=\"https:\/\/centcols.org\/backup\/it\/categorie\/rassemblements-it\/rassemblements-2021-it\/\" rel=\"category tag\">Gli incontri del 2021<\/a>, <a href=\"https:\/\/centcols.org\/backup\/it\/categorie\/rassemblements-it\/\" rel=\"category tag\">Incontri Regionali<\/a>","author_info_v2":{"name":"Enrico Alberini","url":"https:\/\/centcols.org\/backup\/it\/author\/5065\/"},"comments_num_v2":"0 commenti","featured_image_src":null,"_links":{"self":[{"href":"https:\/\/centcols.org\/backup\/it\/wp-json\/wp\/v2\/posts\/56843"}],"collection":[{"href":"https:\/\/centcols.org\/backup\/it\/wp-json\/wp\/v2\/posts"}],"about":[{"href":"https:\/\/centcols.org\/backup\/it\/wp-json\/wp\/v2\/types\/post"}],"author":[{"embeddable":true,"href":"https:\/\/centcols.org\/backup\/it\/wp-json\/wp\/v2\/users\/69"}],"replies":[{"embeddable":true,"href":"https:\/\/centcols.org\/backup\/it\/wp-json\/wp\/v2\/comments?post=56843"}],"version-history":[{"count":0,"href":"https:\/\/centcols.org\/backup\/it\/wp-json\/wp\/v2\/posts\/56843\/revisions"}],"wp:attachment":[{"href":"https:\/\/centcols.org\/backup\/it\/wp-json\/wp\/v2\/media?parent=56843"}],"wp:term":[{"taxonomy":"category","embeddable":true,"href":"https:\/\/centcols.org\/backup\/it\/wp-json\/wp\/v2\/categories?post=56843"},{"taxonomy":"post_tag","embeddable":true,"href":"https:\/\/centcols.org\/backup\/it\/wp-json\/wp\/v2\/tags?post=56843"}],"curies":[{"name":"wp","href":"https:\/\/api.w.org\/{rel}","templated":true}]}}