{"id":56852,"date":"2021-02-10T18:14:50","date_gmt":"2021-02-10T17:14:50","guid":{"rendered":"https:\/\/centcols.org\/backup\/?p=56852"},"modified":"2021-02-10T18:14:51","modified_gmt":"2021-02-10T17:14:51","slug":"grand-ovest-col-saint-martin-e-col-de-berjou-26-giugno-2021","status":"publish","type":"post","link":"https:\/\/centcols.org\/backup\/it\/grand-ovest-col-saint-martin-e-col-de-berjou-26-giugno-2021\/","title":{"rendered":"Grand Ovest, Col Saint-Martin e Col de Berjou, 26 giugno 2021"},"content":{"rendered":"\n<p>Sabato 26 giugno 2021, Col Saint-Martin (FR-14-0163), Col de Berjou (FR-61-0226)<\/p>\n\n\n\n<p>Per la prima volta, ci \u00e8 proposto un raduno nella regione &#8220;Ovest&#8221;, non \u00e8 necessario essere in alta montagna per partecipare a un momento di convivialit\u00e0!<\/p>\n\n\n\n<h3 class=\"wp-block-heading\">Ritrovo<\/h3>\n\n\n\n<p>Ritrovo alla stazione di Thury Harcourt, sulla ciclabile della Valle l&#8217;Ome per una partenza alle 9 h 30.<br>Raduno alle 12h 00 allo stesso indirizzo<\/p>\n\n\n<div id=\"lmm_52d79971\" style=\"width:100%;\" class=\"mapsmarker markermap marker-37\">\n<div id=\"lmm_panel_52d79971\" class=\"lmm-panel\" style=\"background:#efefef;\">\n<div id=\"lmm_panel_api_52d79971\" class=\"lmm-panel-api\"><a href=\"https:\/\/maps.google.com\/maps?daddr=Thury-Harcourt+Normandie%2C+France&amp;t=m&amp;layer=1&amp;doflg=ptk&amp;om=0\" target=\"_blank\" title=\"Trova indicazioni stradali\"><img loading=\"lazy\" decoding=\"async\" alt=\"icon-car.png\" src=\"https:\/\/centcols.org\/backup\/wp-content\/plugins\/leaflet-maps-marker\/inc\/img\/icon-car.png\" width=\"14\" height=\"14\" class=\"lmm-panel-api-images\" \/><\/a><\/div><div id=\"lmm_panel_text_52d79971\" class=\"lmm-panel-text\" style=\"font-weight:bold;color:#373737;\">Thury Harcourt<\/div><\/div>\n<div id=\"lmm_map_52d79971\" class=\"lmm-map\" style=\"background:#f6f6f6;border:1px solid #ccc;height:480px; overflow:hidden;padding:0;\"><p style=\"font-size:80%;color:#9f9e9e;margin-left:5px;\">Caricamento delle mappe in corso - restare in attesa...<noscript><br\/><strong>Non \u00e8 stato possibile caricare le mappe - abilitare JavaScript!<\/strong><br\/><a style=\"text-decoration:none;\" href=\"https:\/\/www.mapsmarker.com\/js-disabled\" target=\"_blank\">&rarr; maggiori informazioni<\/a><\/noscript><\/p><\/div>\n<div id=\"lmm_geo_tags_52d79971\" class=\"lmm-geo-tags geo\">\n<span class=\"paneltext\">Thury Harcourt<\/span>\n<span class=\"latitude\">48.989272<\/span>, <span class=\"longitude\">-0.481596<\/span>\n<span class=\"popuptext\"><\/span>\n<\/div>\n<\/div>\n\n\n\n<h3 class=\"wp-block-heading\">Contatto<\/h3>\n\n\n\n<p>Fran\u00e7ois Candau<br>06 72 79 72 71<br><a href=\"&#109;&#97;i&#108;&#116;&#111;&#58;&#102;&#114;&#97;ncoi&#115;&#46;&#99;a&#110;&#100;au&#49;&#52;&#64;&#103;&#109;ai&#108;.c&#111;&#109;\">franc&#111;i&#115;.&#99;and&#97;u1&#52;&#64;&#103;mail&#46;c&#111;&#109;<\/a><\/p>\n","protected":false},"excerpt":{"rendered":"<p>Sabato 26 giugno 2021, Col Saint-Martin (FR-14-0163), Col de Berjou (FR-61-0226) Per la prima volta, ci \u00e8 proposto un raduno nella regione &#8220;Ovest&#8221;, non \u00e8 necessario essere in alta montagna per partecipare a un momento di convivialit\u00e0! Ritrovo Ritrovo alla stazione di Thury Harcourt, sulla ciclabile della Valle l&#8217;Ome per una partenza alle 9 h [&hellip;]<\/p>\n","protected":false},"author":69,"featured_media":0,"comment_status":"closed","ping_status":"closed","sticky":false,"template":"","format":"standard","meta":{"_acf_changed":false,"ub_ctt_via":"","_monsterinsights_skip_tracking":false,"_monsterinsights_sitenote_active":false,"_monsterinsights_sitenote_note":"","_monsterinsights_sitenote_category":0,"footnotes":""},"categories":[469,270],"tags":[],"acf":[],"featured_image_urls":{"full":"","thumbnail":"","medium":"","medium_large":"","large":"","1536x1536":"","2048x2048":"","woocommerce_thumbnail":"","woocommerce_single":"","woocommerce_gallery_thumbnail":""},"post_excerpt_stackable":"<p>Sabato 26 giugno 2021, Col Saint-Martin (FR-14-0163), Col de Berjou (FR-61-0226) Per la prima volta, ci \u00e8 proposto un raduno nella regione &#8220;Ovest&#8221;, non \u00e8 necessario essere in alta montagna per partecipare a un momento di convivialit\u00e0! Ritrovo Ritrovo alla stazione di Thury Harcourt, sulla ciclabile della Valle l&#8217;Ome per una partenza alle 9 h 30.Raduno alle 12h 00 allo stesso indirizzo Thury Harcourt Caricamento delle mappe in corso &#8211; restare in attesa&#8230;Non \u00e8 stato possibile caricare le mappe &#8211; abilitare JavaScript!&rarr; maggiori informazioni Thury Harcourt 48.989272, -0.481596 Contatto Fran\u00e7ois Candau06 72 79 72 71&#102;ran&#99;oi&#115;&#46;&#99;anda&#117;&#49;4&#64;g&#109;&#97;i&#108;&#46;&#99;&#111;m<\/p>\n","category_list":"<a href=\"https:\/\/centcols.org\/backup\/it\/categorie\/rassemblements-it\/rassemblements-2021-it\/\" rel=\"category tag\">Gli incontri del 2021<\/a>, <a href=\"https:\/\/centcols.org\/backup\/it\/categorie\/rassemblements-it\/\" rel=\"category tag\">Incontri Regionali<\/a>","author_info":{"display_name":"Enrico Alberini","author_link":"https:\/\/centcols.org\/backup\/it\/author\/5065\/"},"comments_num":"0 commenti","featured_image_urls_v2":{"full":"","thumbnail":"","medium":"","medium_large":"","large":"","1536x1536":"","2048x2048":"","woocommerce_thumbnail":"","woocommerce_single":"","woocommerce_gallery_thumbnail":""},"post_excerpt_stackable_v2":"<p>Sabato 26 giugno 2021, Col Saint-Martin (FR-14-0163), Col de Berjou (FR-61-0226) Per la prima volta, ci \u00e8 proposto un raduno nella regione &#8220;Ovest&#8221;, non \u00e8 necessario essere in alta montagna per partecipare a un momento di convivialit\u00e0! Ritrovo Ritrovo alla stazione di Thury Harcourt, sulla ciclabile della Valle l&#8217;Ome per una partenza alle 9 h 30.Raduno alle 12h 00 allo stesso indirizzo Thury Harcourt Caricamento delle mappe in corso &#8211; restare in attesa&#8230;Non \u00e8 stato possibile caricare le mappe &#8211; abilitare JavaScript!&rarr; maggiori informazioni Thury Harcourt 48.989272, -0.481596 Contatto Fran\u00e7ois Candau06 72 79 72 71&#102;r&#97;n&#99;oi&#115;.&#99;&#97;n&#100;&#97;&#117;&#49;&#52;&#64;&#103;&#109;&#97;&#105;l.&#99;&#111;m<\/p>\n","category_list_v2":"<a href=\"https:\/\/centcols.org\/backup\/it\/categorie\/rassemblements-it\/rassemblements-2021-it\/\" rel=\"category tag\">Gli incontri del 2021<\/a>, <a href=\"https:\/\/centcols.org\/backup\/it\/categorie\/rassemblements-it\/\" rel=\"category tag\">Incontri Regionali<\/a>","author_info_v2":{"name":"Enrico Alberini","url":"https:\/\/centcols.org\/backup\/it\/author\/5065\/"},"comments_num_v2":"0 commenti","featured_image_src":null,"_links":{"self":[{"href":"https:\/\/centcols.org\/backup\/it\/wp-json\/wp\/v2\/posts\/56852"}],"collection":[{"href":"https:\/\/centcols.org\/backup\/it\/wp-json\/wp\/v2\/posts"}],"about":[{"href":"https:\/\/centcols.org\/backup\/it\/wp-json\/wp\/v2\/types\/post"}],"author":[{"embeddable":true,"href":"https:\/\/centcols.org\/backup\/it\/wp-json\/wp\/v2\/users\/69"}],"replies":[{"embeddable":true,"href":"https:\/\/centcols.org\/backup\/it\/wp-json\/wp\/v2\/comments?post=56852"}],"version-history":[{"count":0,"href":"https:\/\/centcols.org\/backup\/it\/wp-json\/wp\/v2\/posts\/56852\/revisions"}],"wp:attachment":[{"href":"https:\/\/centcols.org\/backup\/it\/wp-json\/wp\/v2\/media?parent=56852"}],"wp:term":[{"taxonomy":"category","embeddable":true,"href":"https:\/\/centcols.org\/backup\/it\/wp-json\/wp\/v2\/categories?post=56852"},{"taxonomy":"post_tag","embeddable":true,"href":"https:\/\/centcols.org\/backup\/it\/wp-json\/wp\/v2\/tags?post=56852"}],"curies":[{"name":"wp","href":"https:\/\/api.w.org\/{rel}","templated":true}]}}