{"id":56853,"date":"2021-02-10T18:23:51","date_gmt":"2021-02-10T17:23:51","guid":{"rendered":"https:\/\/centcols.org\/backup\/?p=56853"},"modified":"2021-06-06T17:23:32","modified_gmt":"2021-06-06T15:23:32","slug":"alpi-del-nord-col-du-tra-73-26-giugno-2021","status":"publish","type":"post","link":"https:\/\/centcols.org\/backup\/it\/alpi-del-nord-col-du-tra-73-26-giugno-2021\/","title":{"rendered":"Alpi del Nord, Col du Tra (73), 26 giugno 2021"},"content":{"rendered":"\n<p>Col du Tra, sabato 26 giugno 2021<\/p>\n\n\n\n<figure class=\"wp-block-image\"><img loading=\"lazy\" decoding=\"async\" width=\"249\" height=\"79\" src=\"https:\/\/centcols.org\/backup\/wp-content\/uploads\/2020\/11\/col-du-tra.jpg\" alt=\"\" class=\"wp-image-56730\"\/><\/figure>\n\n\n\n<h3 class=\"wp-block-heading\">Ritrovo<\/h3>\n\n\n\n<p>Quest&#8217;anno vi daremo appuntamento nel centro della cittadina di Notre-Dame-du-Pr\u00e9 in Savoia, al Col du Tra, nel cantone di Moutiers.<br>Per maggiori informazioni sul sito stesso, visitate \u00ab <a href=\"https:\/\/www.coeurdetarentaise-tourisme.com\/\" target=\"_blank\" rel=\"noreferrer noopener\">c\u0153urdetarentaise-tourisme.com <\/a>\u00bb<br><div id=\"lmm_7b6780e1\" style=\"width:100%;\" class=\"mapsmarker markermap marker-34\">\n<div id=\"lmm_panel_7b6780e1\" class=\"lmm-panel\" style=\"background:#efefef;\">\n<div id=\"lmm_panel_api_7b6780e1\" class=\"lmm-panel-api\"><a href=\"https:\/\/maps.google.com\/maps?daddr=Col+du+Tra&amp;t=m&amp;layer=1&amp;doflg=ptk&amp;om=0\" target=\"_blank\" title=\"Trova indicazioni stradali\"><img loading=\"lazy\" decoding=\"async\" alt=\"icon-car.png\" src=\"https:\/\/centcols.org\/backup\/wp-content\/plugins\/leaflet-maps-marker\/inc\/img\/icon-car.png\" width=\"14\" height=\"14\" class=\"lmm-panel-api-images\" \/><\/a><\/div><div id=\"lmm_panel_text_7b6780e1\" class=\"lmm-panel-text\" style=\"font-weight:bold;color:#373737;\">Col du Tra<\/div><\/div>\n<div id=\"lmm_map_7b6780e1\" class=\"lmm-map\" style=\"background:#f6f6f6;border:1px solid #ccc;height:480px; overflow:hidden;padding:0;\"><p style=\"font-size:80%;color:#9f9e9e;margin-left:5px;\">Caricamento delle mappe in corso - restare in attesa...<noscript><br\/><strong>Non \u00e8 stato possibile caricare le mappe - abilitare JavaScript!<\/strong><br\/><a style=\"text-decoration:none;\" href=\"https:\/\/www.mapsmarker.com\/js-disabled\" target=\"_blank\">&rarr; maggiori informazioni<\/a><\/noscript><\/p><\/div>\n<div id=\"lmm_geo_tags_7b6780e1\" class=\"lmm-geo-tags geo\">\n<span class=\"paneltext\">Col du Tra<\/span>\n<span class=\"latitude\">45.514768<\/span>, <span class=\"longitude\">6.596003<\/span>\n<span class=\"popuptext\"><\/span>\n<\/div>\n<\/div><\/p>\n\n\n\n<h3 class=\"wp-block-heading\">Partenza<\/h3>\n\n\n\n<p>Partenze di gruppo possibili dal parcheggio dello stabilimento M\u00e9taux-sp\u00e9ciaux a Pombli\u00e8re Saint Marcel.<\/p>\n\n\n\n<ul><li>Il Col du Tra pu\u00f2 essere raggiunto direttamente dalla salita della pianura, cio\u00e8 12 chilometri con un dislivello di 650 metri con 27 curve nella foresta e negli alpeggi.<\/li><li>Un altro percorso dal parcheggio della fabbrica: prendere la pista ciclabile proprio dal tunnel di Siaix, raggiungere Centron sulle rive dell&#8217;Is\u00e8re, poi Villette e Aime. Prendere la direzione di La Plagne e ai piedi della salita seguire la direzione di Montalbert Longefoy, poi Notre Dame.<\/li><li>Per i ciclisti che partono dal Col du Tra, \u00e8 possibile partire dal Mont Jovet, il punto pi\u00f9 alto del comune a 2558 metri. Dal rifugio Jovet (belle piste) \u00e8 possibile fare un anello per raggiungere il Col des Cornes (2063m) Col du Jovet (2404m) fino al Col du Lac (2359m) e Pas des Brebis (2439).<\/li><\/ul>\n\n\n<div id=\"lmm_55f70f63\" style=\"width:100%;\" class=\"mapsmarker markermap marker-36\">\n<div id=\"lmm_panel_55f70f63\" class=\"lmm-panel\" style=\"background:#efefef;\">\n<div id=\"lmm_panel_api_55f70f63\" class=\"lmm-panel-api\"><a href=\"https:\/\/maps.google.com\/maps?daddr=Pombliere++Auvergne-Rh%C3%B4ne-Alpes%2C+France&amp;t=m&amp;layer=1&amp;doflg=ptk&amp;om=0\" target=\"_blank\" title=\"Trova indicazioni stradali\"><img loading=\"lazy\" decoding=\"async\" alt=\"icon-car.png\" src=\"https:\/\/centcols.org\/backup\/wp-content\/plugins\/leaflet-maps-marker\/inc\/img\/icon-car.png\" width=\"14\" height=\"14\" class=\"lmm-panel-api-images\" \/><\/a><\/div><div id=\"lmm_panel_text_55f70f63\" class=\"lmm-panel-text\" style=\"font-weight:bold;color:#373737;\">Pombli\u00e8re Saint-Marcel<\/div><\/div>\n<div id=\"lmm_map_55f70f63\" class=\"lmm-map\" style=\"background:#f6f6f6;border:1px solid #ccc;height:480px; overflow:hidden;padding:0;\"><p style=\"font-size:80%;color:#9f9e9e;margin-left:5px;\">Caricamento delle mappe in corso - restare in attesa...<noscript><br\/><strong>Non \u00e8 stato possibile caricare le mappe - abilitare JavaScript!<\/strong><br\/><a style=\"text-decoration:none;\" href=\"https:\/\/www.mapsmarker.com\/js-disabled\" target=\"_blank\">&rarr; maggiori informazioni<\/a><\/noscript><\/p><\/div>\n<div id=\"lmm_geo_tags_55f70f63\" class=\"lmm-geo-tags geo\">\n<span class=\"paneltext\">Pombli\u00e8re Saint-Marcel<\/span>\n<span class=\"latitude\">45.498000<\/span>, <span class=\"longitude\">6.560300<\/span>\n<span class=\"popuptext\"><\/span>\n<\/div>\n<\/div>\n\n\n\n<h3 class=\"wp-block-heading\">Ritrovo<\/h3>\n\n\n\n<p>Come al solito dalle 10 del mattino, vi aspettiamo per condividere il bicchiere dell&#8217;amicizia accompagnato da prodotti locali. Alle 11.30, il sindaco, consigliere dipartimentale ci onorer\u00e0 della sua visita.<\/p>\n\n\n\n<h3 class=\"wp-block-heading\">Camping<\/h3>\n\n\n\n<p>C&#8217;\u00e8 un piccolo campeggio nel comune di Notre Dame du pr\u00e9, presso la roccia di arrampicata di Glaisy. Alimenti sono disponibili presso il negozio di alimentari La Fruiti\u00e8re nel centro del villaggio.<\/p>\n\n\n\n<h3 class=\"wp-block-heading\">Contatto<\/h3>\n\n\n\n<p>Bernard Vieillard<br>04 79 09 16 54&nbsp; &#8211;&nbsp; 07 86 15 40 13<br><a href=\"&#109;&#97;ilt&#111;&#58;be&#114;&#101;g7&#51;&#64;o&#114;a&#110;g&#101;&#46;&#102;r\">be&#114;e&#103;&#55;&#51;&#64;&#111;&#114;a&#110;g&#101;.f&#114;<\/a><\/p>\n","protected":false},"excerpt":{"rendered":"<p>Col du Tra, sabato 26 giugno 2021 Ritrovo Quest&#8217;anno vi daremo appuntamento nel centro della cittadina di Notre-Dame-du-Pr\u00e9 in Savoia, al Col du Tra, nel cantone di Moutiers.Per maggiori informazioni sul sito stesso, visitate \u00ab c\u0153urdetarentaise-tourisme.com \u00bb Partenza Partenze di gruppo possibili dal parcheggio dello stabilimento M\u00e9taux-sp\u00e9ciaux a Pombli\u00e8re Saint Marcel. Il Col du Tra [&hellip;]<\/p>\n","protected":false},"author":69,"featured_media":0,"comment_status":"closed","ping_status":"closed","sticky":false,"template":"","format":"standard","meta":{"_acf_changed":false,"ub_ctt_via":"","_monsterinsights_skip_tracking":false,"_monsterinsights_sitenote_active":false,"_monsterinsights_sitenote_note":"","_monsterinsights_sitenote_category":0,"footnotes":""},"categories":[469,270],"tags":[],"acf":[],"featured_image_urls":{"full":"","thumbnail":"","medium":"","medium_large":"","large":"","1536x1536":"","2048x2048":"","woocommerce_thumbnail":"","woocommerce_single":"","woocommerce_gallery_thumbnail":""},"post_excerpt_stackable":"<p>Col du Tra, sabato 26 giugno 2021 Ritrovo Quest&#8217;anno vi daremo appuntamento nel centro della cittadina di Notre-Dame-du-Pr\u00e9 in Savoia, al Col du Tra, nel cantone di Moutiers.Per maggiori informazioni sul sito stesso, visitate \u00ab c\u0153urdetarentaise-tourisme.com \u00bb Col du Tra Caricamento delle mappe in corso &#8211; restare in attesa&#8230;Non \u00e8 stato possibile caricare le mappe &#8211; abilitare JavaScript!&rarr; maggiori informazioni Col du Tra 45.514768, 6.596003 Partenza Partenze di gruppo possibili dal parcheggio dello stabilimento M\u00e9taux-sp\u00e9ciaux a Pombli\u00e8re Saint Marcel. Il Col du Tra pu\u00f2 essere raggiunto direttamente dalla salita della pianura, cio\u00e8 12 chilometri con un dislivello di 650 metri&hellip;<\/p>\n","category_list":"<a href=\"https:\/\/centcols.org\/backup\/it\/categorie\/rassemblements-it\/rassemblements-2021-it\/\" rel=\"category tag\">Gli incontri del 2021<\/a>, <a href=\"https:\/\/centcols.org\/backup\/it\/categorie\/rassemblements-it\/\" rel=\"category tag\">Incontri Regionali<\/a>","author_info":{"display_name":"Enrico Alberini","author_link":"https:\/\/centcols.org\/backup\/it\/author\/5065\/"},"comments_num":"0 commenti","featured_image_urls_v2":{"full":"","thumbnail":"","medium":"","medium_large":"","large":"","1536x1536":"","2048x2048":"","woocommerce_thumbnail":"","woocommerce_single":"","woocommerce_gallery_thumbnail":""},"post_excerpt_stackable_v2":"<p>Col du Tra, sabato 26 giugno 2021 Ritrovo Quest&#8217;anno vi daremo appuntamento nel centro della cittadina di Notre-Dame-du-Pr\u00e9 in Savoia, al Col du Tra, nel cantone di Moutiers.Per maggiori informazioni sul sito stesso, visitate \u00ab c\u0153urdetarentaise-tourisme.com \u00bb Col du Tra Caricamento delle mappe in corso &#8211; restare in attesa&#8230;Non \u00e8 stato possibile caricare le mappe &#8211; abilitare JavaScript!&rarr; maggiori informazioni Col du Tra 45.514768, 6.596003 Partenza Partenze di gruppo possibili dal parcheggio dello stabilimento M\u00e9taux-sp\u00e9ciaux a Pombli\u00e8re Saint Marcel. Il Col du Tra pu\u00f2 essere raggiunto direttamente dalla salita della pianura, cio\u00e8 12 chilometri con un dislivello di 650 metri&hellip;<\/p>\n","category_list_v2":"<a href=\"https:\/\/centcols.org\/backup\/it\/categorie\/rassemblements-it\/rassemblements-2021-it\/\" rel=\"category tag\">Gli incontri del 2021<\/a>, <a href=\"https:\/\/centcols.org\/backup\/it\/categorie\/rassemblements-it\/\" rel=\"category tag\">Incontri Regionali<\/a>","author_info_v2":{"name":"Enrico Alberini","url":"https:\/\/centcols.org\/backup\/it\/author\/5065\/"},"comments_num_v2":"0 commenti","featured_image_src":null,"_links":{"self":[{"href":"https:\/\/centcols.org\/backup\/it\/wp-json\/wp\/v2\/posts\/56853"}],"collection":[{"href":"https:\/\/centcols.org\/backup\/it\/wp-json\/wp\/v2\/posts"}],"about":[{"href":"https:\/\/centcols.org\/backup\/it\/wp-json\/wp\/v2\/types\/post"}],"author":[{"embeddable":true,"href":"https:\/\/centcols.org\/backup\/it\/wp-json\/wp\/v2\/users\/69"}],"replies":[{"embeddable":true,"href":"https:\/\/centcols.org\/backup\/it\/wp-json\/wp\/v2\/comments?post=56853"}],"version-history":[{"count":0,"href":"https:\/\/centcols.org\/backup\/it\/wp-json\/wp\/v2\/posts\/56853\/revisions"}],"wp:attachment":[{"href":"https:\/\/centcols.org\/backup\/it\/wp-json\/wp\/v2\/media?parent=56853"}],"wp:term":[{"taxonomy":"category","embeddable":true,"href":"https:\/\/centcols.org\/backup\/it\/wp-json\/wp\/v2\/categories?post=56853"},{"taxonomy":"post_tag","embeddable":true,"href":"https:\/\/centcols.org\/backup\/it\/wp-json\/wp\/v2\/tags?post=56853"}],"curies":[{"name":"wp","href":"https:\/\/api.w.org\/{rel}","templated":true}]}}