{"id":57434,"date":"2021-06-06T16:09:48","date_gmt":"2021-06-06T14:09:48","guid":{"rendered":"https:\/\/centcols.org\/backup\/?p=57434"},"modified":"2023-05-21T11:46:44","modified_gmt":"2023-05-21T09:46:44","slug":"sejour-ete-2021-meolans-revel-2","status":"publish","type":"post","link":"https:\/\/centcols.org\/backup\/it\/sejour-ete-2021-meolans-revel-2\/","title":{"rendered":"Soggiorno estivo a M\u00e9olans-Revel, dal 4 a 11 settembre 2021"},"content":{"rendered":"<p><span style=\"color: #808080;\">Hanno contribuito alla realizzazione di questa pagina di presentazione del soggiorno Enrico Alberini, Christophe Badonnel, Bernard Giraudeau e i responsabili informatici.<\/span><\/p>\n<div id=\"attachment_57491\" style=\"width: 1210px\" class=\"wp-caption aligncenter\"><img loading=\"lazy\" decoding=\"async\" aria-describedby=\"caption-attachment-57491\" class=\"wp-image-57495 size-large\" src=\"https:\/\/centcols.org\/backup\/wp-content\/uploads\/2021\/05\/barcelonette1-2-1200x900.jpg\" alt=\"Barcelonnette depuis le Belv\u00e8d\u00e8re (\u00a9 Kris Claeys\" width=\"1200\" height=\"900\" srcset=\"https:\/\/centcols.org\/backup\/wp-content\/uploads\/2021\/05\/barcelonette1-2-1200x900.jpg 1200w, https:\/\/centcols.org\/backup\/wp-content\/uploads\/2021\/05\/barcelonette1-2-500x375.jpg 500w, https:\/\/centcols.org\/backup\/wp-content\/uploads\/2021\/05\/barcelonette1-2-768x576.jpg 768w, https:\/\/centcols.org\/backup\/wp-content\/uploads\/2021\/05\/barcelonette1-2-1536x1152.jpg 1536w, https:\/\/centcols.org\/backup\/wp-content\/uploads\/2021\/05\/barcelonette1-2-600x450.jpg 600w, https:\/\/centcols.org\/backup\/wp-content\/uploads\/2021\/05\/barcelonette1-2.jpg 1365w\" sizes=\"(max-width: 1200px) 100vw, 1200px\" \/><p id=\"caption-attachment-57491\" class=\"wp-caption-text\">Barcelonnette dal Belv\u00e8d\u00e8re (\u00a9 Kris Claeys)<\/p><\/div>\n<p><img loading=\"lazy\" decoding=\"async\" class=\"aligncenter wp-image-57483 size-large\" src=\"https:\/\/centcols.org\/backup\/wp-content\/uploads\/2021\/05\/barcelonette2-1200x900.jpg\" alt=\"\" width=\"1200\" height=\"900\" srcset=\"https:\/\/centcols.org\/backup\/wp-content\/uploads\/2021\/05\/barcelonette2-1200x900.jpg 1200w, https:\/\/centcols.org\/backup\/wp-content\/uploads\/2021\/05\/barcelonette2-500x375.jpg 500w, https:\/\/centcols.org\/backup\/wp-content\/uploads\/2021\/05\/barcelonette2-768x576.jpg 768w, https:\/\/centcols.org\/backup\/wp-content\/uploads\/2021\/05\/barcelonette2-1536x1152.jpg 1536w, https:\/\/centcols.org\/backup\/wp-content\/uploads\/2021\/05\/barcelonette2-600x450.jpg 600w, https:\/\/centcols.org\/backup\/wp-content\/uploads\/2021\/05\/barcelonette2.jpg 1365w\" sizes=\"(max-width: 1200px) 100vw, 1200px\" \/><\/p>\n<p><span style=\"color: #000000;\"><br \/>\nIl soggiorno estivo 2021 si svolger\u00e0 dal 4 all&#8217;11 settembre nel dipartimento delle Alpi di Alta Provenza, pi\u00f9 precisamente a M\u00e9olans-Revel. \u00c8 stato preparato da una piccola squadra locale: Paulette Autric, Robert Yonnet e Philippe Fee.<br \/>\n<\/span><\/p>\n<div id=\"lmm_13832e35\" style=\"width:100%;\" class=\"mapsmarker markermap marker-44\">\n<div id=\"lmm_panel_13832e35\" class=\"lmm-panel\" style=\"background:#efefef;\">\n<div id=\"lmm_panel_api_13832e35\" class=\"lmm-panel-api\"><a href=\"https:\/\/maps.google.com\/maps?daddr=Village+Vacances+Cap+France+Lou+Rioclar&amp;t=m&amp;layer=1&amp;doflg=ptk&amp;om=0\" target=\"_blank\" title=\"Trova indicazioni stradali\"><img loading=\"lazy\" decoding=\"async\" alt=\"icon-car.png\" src=\"https:\/\/centcols.org\/backup\/wp-content\/plugins\/leaflet-maps-marker\/inc\/img\/icon-car.png\" width=\"14\" height=\"14\" class=\"lmm-panel-api-images\" \/><\/a><\/div><div id=\"lmm_panel_text_13832e35\" class=\"lmm-panel-text\" style=\"font-weight:bold;color:#373737;\">M\u00e9olans-Revel<\/div><\/div>\n<div id=\"lmm_map_13832e35\" class=\"lmm-map\" style=\"background:#f6f6f6;border:1px solid #ccc;height:480px; overflow:hidden;padding:0;\"><p style=\"font-size:80%;color:#9f9e9e;margin-left:5px;\">Caricamento delle mappe in corso - restare in attesa...<noscript><br\/><strong>Non \u00e8 stato possibile caricare le mappe - abilitare JavaScript!<\/strong><br\/><a style=\"text-decoration:none;\" href=\"https:\/\/www.mapsmarker.com\/js-disabled\" target=\"_blank\">&rarr; maggiori informazioni<\/a><\/noscript><\/p><\/div>\n<div id=\"lmm_geo_tags_13832e35\" class=\"lmm-geo-tags geo\">\n<span class=\"paneltext\">M\u00e9olans-Revel<\/span>\n<span class=\"latitude\">44.409505<\/span>, <span class=\"longitude\">6.523122<\/span>\n<span class=\"popuptext\"><\/span>\n<\/div>\n<\/div>\n<p><span style=\"color: #000000;\">M\u00e9olans-Revel si trova vicino a Barcelonnette nella valle dell&#8217;Ubaye.<br \/>\n<\/span><\/p>\n<p><span style=\"color: #000000;\">Alloggeremo nel village vacances Cap France, Lou Riouclar sito a 1270 metri di quota.<\/span><\/p>\n<p><span style=\"color: #000000;\">Qui sotto troverete le seguenti sezioni:<\/span><\/p>\n<ul>\n<li><span style=\"color: #000000;\">Presentazione della regione<\/span><\/li>\n<li><a href=\"_wp_link_placeholder\" data-wplink-edit=\"true\">I percorsi<\/a>, <a href=\"\/membres\/cctours\/tours.php?lieu=M\u00e9olans&amp;an=2021&amp;genre=R\">stradali<\/a> e <a href=\"\/membres\/cctours\/tours.php?lieu=M\u00e9olans&amp;an=2021&amp;genre=V\">MTB<\/a><\/li>\n<li><span style=\"color: #000000;\">L&#8217;alloggio<\/span><\/li>\n<li><span style=\"color: #000000;\">Note del Consiglio d&#8217;amministrazione<\/span><\/li>\n<li><span style=\"color: #000000;\">Iscrizioni<\/span><\/li>\n<li><span style=\"color: #000000;\">Altre attivit\u00e0 o visite\u00a0 \u00a0<\/span><\/li>\n<\/ul>\n<p><span style=\"color: #ff0000;\"><strong>Alcuni elementi per l&#8217;arrivo, il soggiorno e le regole COVID-19:<\/strong><\/span><\/p>\n<p><strong><u>Attenzione COVID-19:Condizioni di accesso allo stabilimento: per il momento, nessuna condizione \u00e8 richiesta dallo stabilimento che ci accoglie (test PCR o certificato di vaccinazione).<\/u><\/strong><\/p>\n<p><span style=\"color: #ff0000;\">Il direttore del centro mi ha informato oggi che dal 07 agosto, la presentazione della tessera sanitaria sar\u00e0 necessaria per accedere al suo stabilimento.<\/span><\/p>\n<p><span style=\"color: #ff0000;\">Il 04 settembre 2021, al vostro arrivo, l&#8217;host controller\u00e0 il vostro libretto sanitario.<\/span><\/p>\n<p><span style=\"color: #ff0000;\">Quali sono le prove? (fonti governative)<\/span><\/p>\n<p><span style=\"color: #ff0000;\">1 Vaccinazione, a condizione che le persone abbiano un programma di vaccinazione completo e il tempo necessario dopo l&#8217;ultima iniezione, cio\u00e8<\/span><\/p>\n<p><span style=\"color: #ff0000;\">7 giorni dopo la seconda iniezione per i vaccini a doppia iniezione (Pfizer, Moderna, AstraZeneca);<\/span><br \/>\n<span style=\"color: #ff0000;\">4 settimane dopo l&#8217;iniezione per i vaccini a iniezione singola (Janssen Johnson \u00a7 Johnson);<\/span><br \/>\n<span style=\"color: #ff0000;\">7 giorni dopo l&#8217;iniezione per i vaccini in persone con una storia di Covid (iniezione singola)<\/span><br \/>\n<span style=\"color: #ff0000;\">2 prova di un test negativo da meno di 48 ore.<\/span><\/p>\n<p><span style=\"color: #ff0000;\">La tessera sanitaria sar\u00e0 controllata solo all&#8217;arrivo e il test PCR rimarr\u00e0 valido per tutta la durata del vostro soggiorno.<\/span><\/p>\n<p><span style=\"color: #ff0000;\">\u00c8 obbligatorio indossare una maschera nel villaggio turistico, assicuratevi di averne abbastanza per il vostro soggiorno.<\/span><\/p>\n<p><strong><u>Meccanico ciclista :<br \/>\n<\/u><\/strong><strong>Cycle Ubaye Sport<br \/>\n<\/strong>ZAC du Pont Long<br \/>\n04400 Barcelonnette<br \/>\n<a href=\"https:\/\/www.google.com\/search?sxsrf=ALeKk02tt83ZcWn0siBzv6sRSzKetPxvGA%3A1592830042786&amp;ei=WqjwXqrEL4Oca4bJosgG&amp;q=loisir+vtt+pollionnay&amp;oq=loisir+vtt+pollionnay&amp;gs_lcp=CgZwc3ktYWIQARgAMgIIADIGCAAQFhAeMgYIABAWEB4yAggmOgQIIxAnOgQIABBDOgUIABCDAToFCAAQsQM6BwgAEBQQhwI6BggAEAoQQzoHCAAQQxCLAzoFCAAQiwM6CAgAEIMBEIsDOgoIABCxAxBDEIsDOgoIABAUEIcCEIsDUIiZDVjFxQ1gt-ENaABwAHgAgAG2AYgB5BCSAQQxNC43mAEAoAEBqgEHZ3dzLXdpergBAg&amp;sclient=psy-ab\">04 92 34 36 15<\/a><br \/>\naperto dal marted\u00ec al sabato 08h00 &#8211; 12h00 et 14h00 &#8211; 19h00<\/p>\n","protected":false},"excerpt":{"rendered":"<p>Hanno contribuito alla realizzazione di questa pagina di presentazione del soggiorno Enrico Alberini, Christophe Badonnel, Bernard Giraudeau e i responsabili informatici. Il soggiorno estivo 2021 si svolger\u00e0 dal 4 all&#8217;11 settembre nel dipartimento delle Alpi di Alta Provenza, pi\u00f9 precisamente a M\u00e9olans-Revel. \u00c8 stato preparato da una piccola squadra locale: Paulette Autric, Robert Yonnet e [&hellip;]<\/p>\n","protected":false},"author":69,"featured_media":0,"comment_status":"closed","ping_status":"closed","sticky":false,"template":"","format":"standard","meta":{"_acf_changed":false,"ub_ctt_via":"","_monsterinsights_skip_tracking":false,"_monsterinsights_sitenote_active":false,"_monsterinsights_sitenote_note":"","_monsterinsights_sitenote_category":0,"footnotes":""},"categories":[263],"tags":[],"acf":[],"featured_image_urls":{"full":"","thumbnail":"","medium":"","medium_large":"","large":"","1536x1536":"","2048x2048":"","woocommerce_thumbnail":"","woocommerce_single":"","woocommerce_gallery_thumbnail":""},"post_excerpt_stackable":"<p>Hanno contribuito alla realizzazione di questa pagina di presentazione del soggiorno Enrico Alberini, Christophe Badonnel, Bernard Giraudeau e i responsabili informatici. Barcelonnette dal Belv\u00e8d\u00e8re (\u00a9 Kris Claeys) Il soggiorno estivo 2021 si svolger\u00e0 dal 4 all&#8217;11 settembre nel dipartimento delle Alpi di Alta Provenza, pi\u00f9 precisamente a M\u00e9olans-Revel. \u00c8 stato preparato da una piccola squadra locale: Paulette Autric, Robert Yonnet e Philippe Fee. M\u00e9olans-Revel Caricamento delle mappe in corso &#8211; restare in attesa&#8230;Non \u00e8 stato possibile caricare le mappe &#8211; abilitare JavaScript!&rarr; maggiori informazioni M\u00e9olans-Revel 44.409505, 6.523122 M\u00e9olans-Revel si trova vicino a Barcelonnette nella valle dell&#8217;Ubaye. Alloggeremo nel village vacances&hellip;<\/p>\n","category_list":"<a href=\"https:\/\/centcols.org\/backup\/it\/categorie\/sejours-it\/\" rel=\"category tag\">Soggiorni<\/a>","author_info":{"display_name":"Enrico Alberini","author_link":"https:\/\/centcols.org\/backup\/it\/author\/5065\/"},"comments_num":"0 commenti","featured_image_urls_v2":{"full":"","thumbnail":"","medium":"","medium_large":"","large":"","1536x1536":"","2048x2048":"","woocommerce_thumbnail":"","woocommerce_single":"","woocommerce_gallery_thumbnail":""},"post_excerpt_stackable_v2":"<p>Hanno contribuito alla realizzazione di questa pagina di presentazione del soggiorno Enrico Alberini, Christophe Badonnel, Bernard Giraudeau e i responsabili informatici. Barcelonnette dal Belv\u00e8d\u00e8re (\u00a9 Kris Claeys) Il soggiorno estivo 2021 si svolger\u00e0 dal 4 all&#8217;11 settembre nel dipartimento delle Alpi di Alta Provenza, pi\u00f9 precisamente a M\u00e9olans-Revel. \u00c8 stato preparato da una piccola squadra locale: Paulette Autric, Robert Yonnet e Philippe Fee. M\u00e9olans-Revel Caricamento delle mappe in corso &#8211; restare in attesa&#8230;Non \u00e8 stato possibile caricare le mappe &#8211; abilitare JavaScript!&rarr; maggiori informazioni M\u00e9olans-Revel 44.409505, 6.523122 M\u00e9olans-Revel si trova vicino a Barcelonnette nella valle dell&#8217;Ubaye. Alloggeremo nel village vacances&hellip;<\/p>\n","category_list_v2":"<a href=\"https:\/\/centcols.org\/backup\/it\/categorie\/sejours-it\/\" rel=\"category tag\">Soggiorni<\/a>","author_info_v2":{"name":"Enrico Alberini","url":"https:\/\/centcols.org\/backup\/it\/author\/5065\/"},"comments_num_v2":"0 commenti","featured_image_src":null,"_links":{"self":[{"href":"https:\/\/centcols.org\/backup\/it\/wp-json\/wp\/v2\/posts\/57434"}],"collection":[{"href":"https:\/\/centcols.org\/backup\/it\/wp-json\/wp\/v2\/posts"}],"about":[{"href":"https:\/\/centcols.org\/backup\/it\/wp-json\/wp\/v2\/types\/post"}],"author":[{"embeddable":true,"href":"https:\/\/centcols.org\/backup\/it\/wp-json\/wp\/v2\/users\/69"}],"replies":[{"embeddable":true,"href":"https:\/\/centcols.org\/backup\/it\/wp-json\/wp\/v2\/comments?post=57434"}],"version-history":[{"count":0,"href":"https:\/\/centcols.org\/backup\/it\/wp-json\/wp\/v2\/posts\/57434\/revisions"}],"wp:attachment":[{"href":"https:\/\/centcols.org\/backup\/it\/wp-json\/wp\/v2\/media?parent=57434"}],"wp:term":[{"taxonomy":"category","embeddable":true,"href":"https:\/\/centcols.org\/backup\/it\/wp-json\/wp\/v2\/categories?post=57434"},{"taxonomy":"post_tag","embeddable":true,"href":"https:\/\/centcols.org\/backup\/it\/wp-json\/wp\/v2\/tags?post=57434"}],"curies":[{"name":"wp","href":"https:\/\/api.w.org\/{rel}","templated":true}]}}