{"id":59395,"date":"2021-09-14T18:09:39","date_gmt":"2021-09-14T16:09:39","guid":{"rendered":"https:\/\/centcols.org\/backup\/?p=59395"},"modified":"2023-01-06T17:58:00","modified_gmt":"2023-01-06T16:58:00","slug":"barvaux","status":"publish","type":"post","link":"https:\/\/centcols.org\/backup\/it\/barvaux\/","title":{"rendered":"Deze samenkomst heeft plaats te Barvaux sur Ourthe, 3 octobre 2021"},"content":{"rendered":"<h3>Raduno Cent Cols in Belgio<\/h3>\n<p>\u00c8 con piacere che annuncio la prima riunione dei 100 cols Belgio il 03\/10.<br \/>L&#8217;evento \u00e8 organizzato da Etienne Mayeur, un rinomato cicloturista. \u00a0Lo ringrazio per questa iniziativa.<br \/>Purtroppo non sar\u00f2 presente, ma Etienne vi dar\u00e0 un caldo benvenuto.<br \/>L&#8217;incontro avr\u00e0 luogo a Barvaux sur Ourthe village de vacances Azur nelle Ardenne. Punto d&#8217;incontro alle 10 del mattino<\/p>\n<h3>Percorsi<\/h3>\n<p>Su openrunner<\/p>\n<div>\n<p><span lang=\"FR\">13609121<\/span><u><\/u><u><\/u><\/p>\n<\/div>\n<div>\n<p><span lang=\"FR\">13609147<\/span><\/p>\n<p>2004648 opzione per Sabato 2 ottobre da Namur (1 ora da Barvaux)<\/p>\n<\/div>\n<div>\n<h3>Contatto<\/h3>\n<\/div>\n\n\n<p>Etienne Mayeur<br><i><span lang=\"FR\"><a href=\"mailto:em.mayeur@hotmail.com\" target=\"_blank\" rel=\"noopener\"><a href=\"&#109;a&#105;&#108;to:e&#109;&#95;&#109;a&#121;&#101;&#117;&#114;&#64;&#104;&#111;&#116;mai&#108;.&#99;om\">&#101;m_m&#97;&#121;eur&#64;h&#111;&#116;m&#97;&#105;&#108;&#46;&#99;&#111;m<\/a><\/a><\/span><\/i><\/p>\n\n\n\n<h3 class=\"wp-block-heading\">Beste leden van de Club de Cent Cols<\/h3>\n\n\n\n<p>Het is met veel plezier dat ik jullie de eerste samenkomst van de Belgisch leden van onze club aankondig. Deze zal doorgaan op 3\/10.<br>Deze samenkomst wordt door Etienne Mayeur, een gekend wielertoerist, georganiseerd. Ik wilhemhiervoor hartelijk danken.<br>Ik zal jammer genoeg niet kunnen deelnemen maar Etienne zal jullie hartelijk verwelkomen.<br>Deze samenkomst heeft plaats te Barvaux sur Ourthe, village de vacances Azur en Ardenne. Rendez-vous \u00e0 10h.<br>Er zijn 2 ritten voorzien&nbsp;: 1 met 5 cols en 1 met 4.<\/p>\n\n\n\n<p>N\u00b0 openrunner van de ritten :<br>13609121<br>13609147<\/p>\n\n\n\n<h3 class=\"wp-block-heading\">Contact<\/h3>\n\n\n\n<p>Etienne Mayeur<br><em><a href=\"mailto:em.mayeur@hotmail.com\" target=\"_blank\" rel=\"noreferrer noopener\"><a href=\"m&#97;&#105;&#108;t&#111;:&#101;m_m&#97;y&#101;ur&#64;h&#111;&#116;&#109;&#97;il.&#99;om\">&#101;&#109;&#95;&#109;&#97;ye&#117;r&#64;ho&#116;&#109;&#97;i&#108;&#46;&#99;&#111;m<\/a><\/a><\/em><\/p>\n","protected":false},"excerpt":{"rendered":"<p>Raduno Cent Cols in Belgio \u00c8 con piacere che annuncio la prima riunione dei 100 cols Belgio il 03\/10.L&#8217;evento \u00e8 organizzato da Etienne Mayeur, un rinomato cicloturista. \u00a0Lo ringrazio per questa iniziativa.Purtroppo non sar\u00f2 presente, ma Etienne vi dar\u00e0 un caldo benvenuto.L&#8217;incontro avr\u00e0 luogo a Barvaux sur Ourthe village de vacances Azur nelle Ardenne. Punto [&hellip;]<\/p>\n","protected":false},"author":69,"featured_media":0,"comment_status":"closed","ping_status":"closed","sticky":false,"template":"","format":"standard","meta":{"_acf_changed":false,"ub_ctt_via":"","_monsterinsights_skip_tracking":false,"_monsterinsights_sitenote_active":false,"_monsterinsights_sitenote_note":"","_monsterinsights_sitenote_category":0,"footnotes":""},"categories":[469],"tags":[],"acf":[],"featured_image_urls":{"full":"","thumbnail":"","medium":"","medium_large":"","large":"","1536x1536":"","2048x2048":"","woocommerce_thumbnail":"","woocommerce_single":"","woocommerce_gallery_thumbnail":""},"post_excerpt_stackable":"<p>Raduno Cent Cols in Belgio \u00c8 con piacere che annuncio la prima riunione dei 100 cols Belgio il 03\/10.L&#8217;evento \u00e8 organizzato da Etienne Mayeur, un rinomato cicloturista. \u00a0Lo ringrazio per questa iniziativa.Purtroppo non sar\u00f2 presente, ma Etienne vi dar\u00e0 un caldo benvenuto.L&#8217;incontro avr\u00e0 luogo a Barvaux sur Ourthe village de vacances Azur nelle Ardenne. Punto d&#8217;incontro alle 10 del mattino Percorsi Su openrunner 13609121 13609147 2004648 opzione per Sabato 2 ottobre da Namur (1 ora da Barvaux) Contatto Etienne Mayeure&#109;_ma&#121;eu&#114;&#64;ho&#116;&#109;&#97;i&#108;&#46;co&#109; Beste leden van de Club de Cent Cols Het is met veel plezier dat ik jullie de eerste samenkomst van&hellip;<\/p>\n","category_list":"<a href=\"https:\/\/centcols.org\/backup\/it\/categorie\/rassemblements-it\/rassemblements-2021-it\/\" rel=\"category tag\">Gli incontri del 2021<\/a>","author_info":{"display_name":"Enrico Alberini","author_link":"https:\/\/centcols.org\/backup\/it\/author\/5065\/"},"comments_num":"0 commenti","featured_image_urls_v2":{"full":"","thumbnail":"","medium":"","medium_large":"","large":"","1536x1536":"","2048x2048":"","woocommerce_thumbnail":"","woocommerce_single":"","woocommerce_gallery_thumbnail":""},"post_excerpt_stackable_v2":"<p>Raduno Cent Cols in Belgio \u00c8 con piacere che annuncio la prima riunione dei 100 cols Belgio il 03\/10.L&#8217;evento \u00e8 organizzato da Etienne Mayeur, un rinomato cicloturista. \u00a0Lo ringrazio per questa iniziativa.Purtroppo non sar\u00f2 presente, ma Etienne vi dar\u00e0 un caldo benvenuto.L&#8217;incontro avr\u00e0 luogo a Barvaux sur Ourthe village de vacances Azur nelle Ardenne. Punto d&#8217;incontro alle 10 del mattino Percorsi Su openrunner 13609121 13609147 2004648 opzione per Sabato 2 ottobre da Namur (1 ora da Barvaux) Contatto Etienne Mayeur&#101;m&#95;&#109;ay&#101;u&#114;&#64;&#104;&#111;&#116;m&#97;i&#108;&#46;co&#109; Beste leden van de Club de Cent Cols Het is met veel plezier dat ik jullie de eerste samenkomst van&hellip;<\/p>\n","category_list_v2":"<a href=\"https:\/\/centcols.org\/backup\/it\/categorie\/rassemblements-it\/rassemblements-2021-it\/\" rel=\"category tag\">Gli incontri del 2021<\/a>","author_info_v2":{"name":"Enrico Alberini","url":"https:\/\/centcols.org\/backup\/it\/author\/5065\/"},"comments_num_v2":"0 commenti","featured_image_src":null,"_links":{"self":[{"href":"https:\/\/centcols.org\/backup\/it\/wp-json\/wp\/v2\/posts\/59395"}],"collection":[{"href":"https:\/\/centcols.org\/backup\/it\/wp-json\/wp\/v2\/posts"}],"about":[{"href":"https:\/\/centcols.org\/backup\/it\/wp-json\/wp\/v2\/types\/post"}],"author":[{"embeddable":true,"href":"https:\/\/centcols.org\/backup\/it\/wp-json\/wp\/v2\/users\/69"}],"replies":[{"embeddable":true,"href":"https:\/\/centcols.org\/backup\/it\/wp-json\/wp\/v2\/comments?post=59395"}],"version-history":[{"count":0,"href":"https:\/\/centcols.org\/backup\/it\/wp-json\/wp\/v2\/posts\/59395\/revisions"}],"wp:attachment":[{"href":"https:\/\/centcols.org\/backup\/it\/wp-json\/wp\/v2\/media?parent=59395"}],"wp:term":[{"taxonomy":"category","embeddable":true,"href":"https:\/\/centcols.org\/backup\/it\/wp-json\/wp\/v2\/categories?post=59395"},{"taxonomy":"post_tag","embeddable":true,"href":"https:\/\/centcols.org\/backup\/it\/wp-json\/wp\/v2\/tags?post=59395"}],"curies":[{"name":"wp","href":"https:\/\/api.w.org\/{rel}","templated":true}]}}