{"id":60373,"date":"2021-10-29T09:29:22","date_gmt":"2021-10-29T07:29:22","guid":{"rendered":"https:\/\/centcols.org\/backup\/sejour-printemps-2022-ligurie-2-2-2\/"},"modified":"2023-05-21T10:58:22","modified_gmt":"2023-05-21T08:58:22","slug":"sejour-printemps-2022-ligurie-2-2","status":"publish","type":"post","link":"https:\/\/centcols.org\/backup\/it\/sejour-printemps-2022-ligurie-2-2\/","title":{"rendered":"Soggiorno di primavera a Cavi di Lavagna (Liguria) dal 1 al 8 maggio 2022"},"content":{"rendered":"<p>&nbsp;<\/p>\n<p><span style=\"color: #ff0000;\">Il soggiorno \u00e8 stato completamente prenotato da alcuni giorni. Se hai intenzione di partecipare al soggiorno, hai due scelte<\/span><\/p>\n<p><span style=\"color: #ff0000;\">&#8211; o si \u00e8 messi in lista d&#8217;attesa. Dovete inviarmi il vostro modulo d&#8217;iscrizione con il vostro pagamento. Per i francesi, un assegno per l&#8217;importo dell&#8217;iscrizione che sar\u00e0 incassato solo quando sar\u00f2 sicuro di assegnarvi un posto. E per i non francesi, un trasferimento di 37 euro corrispondente all&#8217;importo della quota del singolo partecipante.<\/span><\/p>\n<p><span style=\"color: #ff0000;\">&#8211; oppure ti organizzi da solo per l&#8217;alloggio e mi mandi il tuo modulo d&#8217;iscrizione insieme al pagamento del pacchetto per un solo partecipante.<\/span><\/p>\n<p><span style=\"color: #808080;\">Hanno contribuito alla realizzazione della pagina di presentazione del soggiorno G\u00e9rard Birelli e i responsabili informatici e dei soggiorni del Club.<br \/>\n<\/span><\/p>\n<p>Vincoli COVID 19<\/p>\n<p>I vincoli possono cambiare tra ora e l&#8217;inizio del soggiorno. Attualmente non ci sono vincoli per l&#8217;occupazione di camere doppie.<\/p>\n<p>I prezzi negoziati dal Club con i fornitori di alloggi sono basati su camere doppie e alcune camere singole sono soggette a un supplemento.<\/p>\n<p>Se la situazione sanitaria dovesse rimettere in discussione questo schema in una data finora sconosciuta e imporre, in particolare, camere singole per non coppie, la distribuzione delle camere potrebbe, se necessario, essere effettuata nel modo seguente:<\/p>\n<p>Le coppie e i moduli d&#8217;iscrizione singoli per due persone che chiedono espressamente di stare nella stessa stanza saranno assegnati in via prioritaria alle camere doppie, come originariamente previsto.<br \/>\nI partecipanti che si sono registrati all&#8217;inizio in una camera singola saranno assegnati per primi ad una camera singola, come originariamente previsto.<br \/>\nGli altri partecipanti che verranno assegnati a camere doppie ad uso individuale per soddisfare i requisiti sanitari, potrebbero ricevere un supplemento di circa 100\u20ac per la durata del soggiorno (stesso importo dei partecipanti che hanno prenotato originariamente in camere singole).<\/p>\n<p>Alla fine alcuni di loro saranno diretti, se possibile, in un terzo hotel in una camera singola secondo le modalit\u00e0 finanziarie e organizzative che il Consiglio di Amministrazione avr\u00e0 deciso in quel momento.<\/p>\n<p>In quest&#8217;ultimo caso, il partecipante avrebbe due opzioni:<\/p>\n<p>Accettare il cambiamento delle tariffe e delle modalit\u00e0 organizzative legate ai vincoli sanitari imposti ai fornitori di alloggi, e pagare i 100 euro extra quando richiesti<br \/>\nCancellare la prenotazione attivare l&#8217;assicurazione di cancellazione se \u00e8 stata stipulata. Una tassa di cancellazione di 37,64\u20ac sar\u00e0 dedotta dall&#8217;importo pagato al Club des Cent Cols.<\/p>\n<p><img loading=\"lazy\" decoding=\"async\" class=\"wp-image-36411 size-full\" style=\"font-size: 1.4em;\" src=\"https:\/\/centcols.org\/backup\/wp-content\/uploads\/2019\/08\/cinque-terre-italy-mediterranean-sea-1207636-scaled.jpg\" alt=\"Cinque Terre ((libre de droits)\" width=\"1200\" height=\"795\" srcset=\"https:\/\/centcols.org\/backup\/wp-content\/uploads\/2019\/08\/cinque-terre-italy-mediterranean-sea-1207636-scaled.jpg 1546w, https:\/\/centcols.org\/backup\/wp-content\/uploads\/2019\/08\/cinque-terre-italy-mediterranean-sea-1207636-600x397.jpg 600w, https:\/\/centcols.org\/backup\/wp-content\/uploads\/2019\/08\/cinque-terre-italy-mediterranean-sea-1207636-500x331.jpg 500w, https:\/\/centcols.org\/backup\/wp-content\/uploads\/2019\/08\/cinque-terre-italy-mediterranean-sea-1207636-768x509.jpg 768w, https:\/\/centcols.org\/backup\/wp-content\/uploads\/2019\/08\/cinque-terre-italy-mediterranean-sea-1207636-1200x795.jpg 1200w\" sizes=\"(max-width: 1200px) 100vw, 1200px\" \/><\/p>\n<p>Cinque Terre (libera da diritti)<span style=\"color: #000000;\">Per la seconda volta, il Club organizza un soggiorno in Italia sulla Riviera di Levante, principalmente nelle Cinque Terre (in ligure : Cinque Taere) ma anche nei Parchi Nazionali di Portofino e dell&#8217;Aveto.<\/span><\/p>\n<p><span style=\"color: #000000;\">Soggiorneremo a Cavi di Lavagna, che \u00e8 situato tra Genova e La Spezia e i nostri circuiti saranno ripartiti intorno a questa base. Necessiteranno frequentemente di spostamenti in autovettura di qualche decina di minuti. Potremo approfittare di questi circuiti per percorrere i parchi e i luoghi sopra menzionati, ma anche queste belle montagne degli Appennini che spesso si tuffano direttamente nel mare.<br \/>\nGli accompagnatori trarranno piacere visitando gli stessi luoghi e parchi<\/span><\/p>\n<p><span style=\"color: #000000;\">Saremo alloggiati in due alberghi situati a circa 800 m uno dall&#8217;altro. Il Real Park \u00e8 posto in prossimit\u00e0 della spiaggia e il Doria a qualche centinaio di metri da questi.\u00a0<\/span><\/p>\n<div id=\"attachment_36332\" style=\"width: 1210px\" class=\"wp-caption alignnone\"><img loading=\"lazy\" decoding=\"async\" aria-describedby=\"caption-attachment-36332\" class=\"wp-image-36336 size-full\" src=\"https:\/\/centcols.org\/backup\/wp-content\/uploads\/2019\/08\/IMG_3790-scaled.jpg\" alt=\"V2 Carro, village de Castiglione Chiavarese (\u00a9 Thierry Labour)\" width=\"1200\" height=\"800\" srcset=\"https:\/\/centcols.org\/backup\/wp-content\/uploads\/2019\/08\/IMG_3790-scaled.jpg 1536w, https:\/\/centcols.org\/backup\/wp-content\/uploads\/2019\/08\/IMG_3790-600x400.jpg 600w, https:\/\/centcols.org\/backup\/wp-content\/uploads\/2019\/08\/IMG_3790-500x333.jpg 500w, https:\/\/centcols.org\/backup\/wp-content\/uploads\/2019\/08\/IMG_3790-768x512.jpg 768w, https:\/\/centcols.org\/backup\/wp-content\/uploads\/2019\/08\/IMG_3790-1200x800.jpg 1200w\" sizes=\"(max-width: 1200px) 100vw, 1200px\" \/><p id=\"caption-attachment-36332\" class=\"wp-caption-text\">V2 Carro, paese di Castiglione Chiavarese (\u00a9 Thierry Labour)<\/p><\/div>\n<ul>\n<li><span style=\"color: #000000;\">Troverete qui sotto le rubriche :<\/span>\n<ul>\n<li><span style=\"color: #000000;\">Presentazione della regione<\/span><\/li>\n<li><a href=\"\/membres\/cctours\/tours.php?lieu=Lavagna&amp;an=2022\"><span style=\"color: #000000;\">I circuiti<\/span><\/a><\/li>\n<li><span style=\"color: #000000;\">Alloggio<\/span><\/li>\n<li><span style=\"color: #000000;\">Note del Consiglio d&#8217;Amministrazione<\/span><\/li>\n<li><span style=\"color: #000000;\">Iscrizione, con una mappa del luogo<\/span><\/li>\n<li><span style=\"color: #000000;\">Altre attivit\u00e0 o visite<\/span><\/li>\n<\/ul>\n<p><span style=\"color: #000000;\"> \u00a0<\/span><\/li>\n<\/ul>\n","protected":false},"excerpt":{"rendered":"<p>Pour la deuxi\u00e8me fois, le Club organise un s\u00e9jour en Italie sur la Riviera di Levante, principalement dans les Cinque Terre (en ligure : Cinque Taere) mais \u00e9galement dans les Parcs Nationaux de Portofino et de l&#8217;Aveto.<\/p>\n<p>Nous s\u00e9journerons \u00e0 Cavi di Lavagna qui est situ\u00e9 entre G\u00eanes et La Spezia &#8230;<\/p>\n","protected":false},"author":69,"featured_media":36336,"comment_status":"closed","ping_status":"closed","sticky":false,"template":"","format":"standard","meta":{"_acf_changed":false,"ub_ctt_via":"","_monsterinsights_skip_tracking":false,"_monsterinsights_sitenote_active":false,"_monsterinsights_sitenote_note":"","_monsterinsights_sitenote_category":0,"footnotes":""},"categories":[263],"tags":[],"acf":[],"featured_image_urls":{"full":["https:\/\/centcols.org\/backup\/wp-content\/uploads\/2019\/08\/IMG_3790-scaled.jpg",1536,1024,false],"thumbnail":["https:\/\/centcols.org\/backup\/wp-content\/uploads\/2019\/08\/IMG_3790-300x300.jpg",300,300,true],"medium":["https:\/\/centcols.org\/backup\/wp-content\/uploads\/2019\/08\/IMG_3790-500x333.jpg",500,333,true],"medium_large":["https:\/\/centcols.org\/backup\/wp-content\/uploads\/2019\/08\/IMG_3790-768x512.jpg",768,512,true],"large":["https:\/\/centcols.org\/backup\/wp-content\/uploads\/2019\/08\/IMG_3790-1200x800.jpg",1200,800,true],"1536x1536":["https:\/\/centcols.org\/backup\/wp-content\/uploads\/2019\/08\/IMG_3790-scaled.jpg",1536,1024,false],"2048x2048":["https:\/\/centcols.org\/backup\/wp-content\/uploads\/2019\/08\/IMG_3790-scaled.jpg",1536,1024,false],"woocommerce_thumbnail":["https:\/\/centcols.org\/backup\/wp-content\/uploads\/2019\/08\/IMG_3790-300x300.jpg",300,300,true],"woocommerce_single":["https:\/\/centcols.org\/backup\/wp-content\/uploads\/2019\/08\/IMG_3790-600x400.jpg",600,400,true],"woocommerce_gallery_thumbnail":["https:\/\/centcols.org\/backup\/wp-content\/uploads\/2019\/08\/IMG_3790-100x100.jpg",100,100,true]},"post_excerpt_stackable":"<p>Pour la deuxi\u00e8me fois, le Club organise un s\u00e9jour en Italie sur la Riviera di Levante, principalement dans les Cinque Terre (en ligure : Cinque Taere) mais \u00e9galement dans les Parcs Nationaux de Portofino et de l&#8217;Aveto.<\/p>\n<p>Nous s\u00e9journerons \u00e0 Cavi di Lavagna qui est situ\u00e9 entre G\u00eanes et La Spezia &#8230;<\/p>\n","category_list":"<a href=\"https:\/\/centcols.org\/backup\/it\/categorie\/sejours-it\/\" rel=\"category tag\">Soggiorni<\/a>","author_info":{"display_name":"Enrico Alberini","author_link":"https:\/\/centcols.org\/backup\/it\/author\/5065\/"},"comments_num":"0 commenti","featured_image_urls_v2":{"full":["https:\/\/centcols.org\/backup\/wp-content\/uploads\/2019\/08\/IMG_3790-scaled.jpg",1536,1024,false],"thumbnail":["https:\/\/centcols.org\/backup\/wp-content\/uploads\/2019\/08\/IMG_3790-300x300.jpg",300,300,true],"medium":["https:\/\/centcols.org\/backup\/wp-content\/uploads\/2019\/08\/IMG_3790-500x333.jpg",500,333,true],"medium_large":["https:\/\/centcols.org\/backup\/wp-content\/uploads\/2019\/08\/IMG_3790-768x512.jpg",768,512,true],"large":["https:\/\/centcols.org\/backup\/wp-content\/uploads\/2019\/08\/IMG_3790-1200x800.jpg",1200,800,true],"1536x1536":["https:\/\/centcols.org\/backup\/wp-content\/uploads\/2019\/08\/IMG_3790-scaled.jpg",1536,1024,false],"2048x2048":["https:\/\/centcols.org\/backup\/wp-content\/uploads\/2019\/08\/IMG_3790-scaled.jpg",1536,1024,false],"woocommerce_thumbnail":["https:\/\/centcols.org\/backup\/wp-content\/uploads\/2019\/08\/IMG_3790-300x300.jpg",300,300,true],"woocommerce_single":["https:\/\/centcols.org\/backup\/wp-content\/uploads\/2019\/08\/IMG_3790-600x400.jpg",600,400,true],"woocommerce_gallery_thumbnail":["https:\/\/centcols.org\/backup\/wp-content\/uploads\/2019\/08\/IMG_3790-100x100.jpg",100,100,true]},"post_excerpt_stackable_v2":"<p>Pour la deuxi\u00e8me fois, le Club organise un s\u00e9jour en Italie sur la Riviera di Levante, principalement dans les Cinque Terre (en ligure : Cinque Taere) mais \u00e9galement dans les Parcs Nationaux de Portofino et de l&#8217;Aveto.<\/p>\n<p>Nous s\u00e9journerons \u00e0 Cavi di Lavagna qui est situ\u00e9 entre G\u00eanes et La Spezia &#8230;<\/p>\n","category_list_v2":"<a href=\"https:\/\/centcols.org\/backup\/it\/categorie\/sejours-it\/\" rel=\"category tag\">Soggiorni<\/a>","author_info_v2":{"name":"Enrico Alberini","url":"https:\/\/centcols.org\/backup\/it\/author\/5065\/"},"comments_num_v2":"0 commenti","featured_image_src":"https:\/\/centcols.org\/backup\/wp-content\/uploads\/2019\/08\/IMG_3790-scaled.jpg","_links":{"self":[{"href":"https:\/\/centcols.org\/backup\/it\/wp-json\/wp\/v2\/posts\/60373"}],"collection":[{"href":"https:\/\/centcols.org\/backup\/it\/wp-json\/wp\/v2\/posts"}],"about":[{"href":"https:\/\/centcols.org\/backup\/it\/wp-json\/wp\/v2\/types\/post"}],"author":[{"embeddable":true,"href":"https:\/\/centcols.org\/backup\/it\/wp-json\/wp\/v2\/users\/69"}],"replies":[{"embeddable":true,"href":"https:\/\/centcols.org\/backup\/it\/wp-json\/wp\/v2\/comments?post=60373"}],"version-history":[{"count":0,"href":"https:\/\/centcols.org\/backup\/it\/wp-json\/wp\/v2\/posts\/60373\/revisions"}],"wp:featuredmedia":[{"embeddable":true,"href":"https:\/\/centcols.org\/backup\/it\/wp-json\/wp\/v2\/media\/36336"}],"wp:attachment":[{"href":"https:\/\/centcols.org\/backup\/it\/wp-json\/wp\/v2\/media?parent=60373"}],"wp:term":[{"taxonomy":"category","embeddable":true,"href":"https:\/\/centcols.org\/backup\/it\/wp-json\/wp\/v2\/categories?post=60373"},{"taxonomy":"post_tag","embeddable":true,"href":"https:\/\/centcols.org\/backup\/it\/wp-json\/wp\/v2\/tags?post=60373"}],"curies":[{"name":"wp","href":"https:\/\/api.w.org\/{rel}","templated":true}]}}