





{"id":62097,"date":"2021-12-23T07:39:17","date_gmt":"2021-12-23T06:39:17","guid":{"rendered":"https:\/\/centcols.org\/backup\/rassemblement-au-col-luitel-25-juin-2022\/"},"modified":"2022-05-23T16:49:59","modified_gmt":"2022-05-23T14:49:59","slug":"rassemblement-au-col-luitel-25-juin-2022","status":"publish","type":"post","link":"https:\/\/centcols.org\/backup\/it\/rassemblement-au-col-luitel-25-juin-2022\/","title":{"rendered":"Alpi del Nord, Commemorazione del 50esimo anniversario del Club, Raduno al Col Luitel, 25 giugno 2022"},"content":{"rendered":"\n<pre class=\"wp-block-preformatted\">testo di Bernard Giraudeau et Guy Harl\u00e9<\/pre>\n\n\n\n<p>Col Luitel, 25 giugno 2022<\/p>\n\n\n\n<figure class=\"wp-block-image size-large\"><img decoding=\"async\" src=\"https:\/\/centcols.org\/backup\/wp-content\/uploads\/2021\/12\/luitel-panneau.jpg\" alt=\"\"\/><\/figure>\n\n\n\n<p>Per il cinquantesimo anniversario del Club des Cent Cols, la riunione delle Alpi del Nord si terr\u00e0 nel luogo emblematico della sua creazione. Questo passo era il 100\u00b0 attraversato da Jean Perdoux da quando ne aveva iniziato la lista.<\/p>\n\n\n\n<p>Questo raduno vuole essere un incontro conviviale durante il quale avremo il piacere di incontrare non solo i membri del club, ma anche altri ciclisti della regione che, speriamo, vorranno unirsi a noi.<\/p>\n\n\n\n<p>L&#8217;accoglienza \u00e8 prevista a partire dalle 11:00 sul parcheggio della la maison foresti\u00e8re de Pr\u00e9mol, a circa 2 km dal Col Luitel versante Uriage).<\/p>\n\n\n\n\n\n\t\t\t\t<div id=\"map_ol3js_1\" class=\"map undefined\" data-map_name=\"undefined\" data-map=\"map_ol3js_1\" style=\"width:95%; max-width:100%; height:450px; display:block; overflow:hidden;border:thin solid blue; background-image: url(https:\/\/centcols.org\/backup\/wp-content\/plugins\/osm\/GDPR_bckgrnd.png); background-repeat: no-repeat; background-position: center; position: relative;\" >\n\t\t\t\t  <div id=\"map_ol3js_1_popup\" class=\"ol-popup\" >\n\t\t\t\t\t<a href=\"#\" id=\"map_ol3js_1_popup-closer\" class=\"ol-popup-closer\"><\/a>\n\t\t\t\t\t<div id=\"map_ol3js_1_popup-content\" ><\/div>\n\t\t\t\t  <\/div>\n\t\t\t\t<\/div>\n\t\t\t\n\t\t\t\t<link rel=\"stylesheet\" href=\"https:\/\/centcols.org\/backup\/wp-content\/plugins\/osm\/js\/OL\/7.1.0\/ol.css?ver=7.1.0\" type=\"text\/css\">\n\t\t\t\t<link rel=\"stylesheet\" href=\"https:\/\/centcols.org\/backup\/wp-content\/plugins\/osm\/css\/osm_map_v3.css?ver=1.0.0\" type=\"text\/css\">\n\t\t\t\t<link rel=\"stylesheet\" href=\"https:\/\/centcols.org\/backup\/wp-content\/plugins\/osm\/css\/osm_map.css?ver=1.0.0\" type=\"text\/css\">\n\t\t\t\t<!-- The line below is only needed for old environments like Internet Explorer and Android 4.x -->\n                                <script src=\"https:\/\/centcols.org\/backup\/wp-content\/plugins\/osm\/js\/polyfill\/v2\/polyfill.min.js?features=requestAnimationFrame,Element.prototype.classList,URL\"><\/script>\n\n\t\t\t\t<script src=\"https:\/\/centcols.org\/backup\/wp-content\/plugins\/osm\/js\/OL\/7.1.0\/ol.js?ver=7.1.0\" type=\"text\/javascript\"><\/script>\n\t\t\t\t<script src=\"https:\/\/centcols.org\/backup\/wp-content\/plugins\/osm\/js\/osm-v3-plugin-lib.js?ver=1.0.0\" type=\"text\/javascript\"><\/script>\n\t\t\t\t<script src=\"https:\/\/centcols.org\/backup\/wp-content\/plugins\/osm\/js\/osm-metabox-events.js?ver=1.0.0\" type=\"text\/javascript\"><\/script>\n\t\t\t\t<script src=\"https:\/\/centcols.org\/backup\/wp-content\/plugins\/osm\/js\/osm-startup-lib.js\" type=\"text\/javascript\"><\/script>\n\t\t\t\t<script type=\"text\/javascript\">\n\t\t\t\t\ttranslations['openlayer'] = \"open layer\";\n\t\t\t\t\ttranslations['openlayerAtStartup'] = \"open layer at startup\";\n\t\t\t\t\ttranslations['generateLink'] = \"link to this map with opened layers\";\n\t\t\t\t\ttranslations['shortDescription'] = \"short description\";\n\t\t\t\t\ttranslations['generatedShortCode'] = \"to get a text control link paste this code in your wordpress editor\";\n\t\t\t\t\ttranslations['closeLayer'] = \"close layer\";\n\t\t\t\t\ttranslations['cantGenerateLink'] = \"put this string in the existing map short code to control this map\";\n\t\t\t  <\/script>\n\n\n\t\t\t  <script type=\"text\/javascript\">\n\t\t\t  vectorM['map_ol3js_1'] = [];\n\t        \n        var raster = getTileLayer(\"osm\",\"NoKey\");\t\t\t\n\n\t\t\t  var map_ol3js_1 = new ol.Map({\n\t\t\t\tinteractions: ol.interaction.defaults.defaults({mouseWheelZoom:false}),\n\t\t\t\tlayers: [raster],\n\t\t\t\ttarget: \"map_ol3js_1\",\n\t\t\t\tview: new ol.View({\n\t\t\t\t  center: ol.proj.transform([5.8464,45.1019], \"EPSG:4326\", \"EPSG:3857\"),\n\t\t\t\t  zoom: 17.0\n\t\t\t\t})\n\t\t\t  });\n\t\t\t  addControls2Map(map_ol3js_1,1,1,3,1,5,6,7,1,1);\nosm_addPopupClickhandler(map_ol3js_1,  \"map_ol3js_1\"); \nosm_addMouseHover(map_ol3js_1); <\/script>\n\n\n\n<p>Non c&#8217;\u00e8 un itinerario prestabilito per raggiungere il raduno, ma sarebbe opportuno arrivare tra le 11.00 e le 11.15. Potete fare quello che volete, l&#8217;importante \u00e8 arrivare in tempo per partecipare a questa cerimonia del 50\u00b0 anniversario.<\/p>\n\n\n\n<p>Tuttavia si possono suggerire 2 percorsi, uno stradale e uno MTB:<\/p>\n\n\n\n<ul><li><a href=\"https:\/\/centcols.org\/backup\/wp-content\/uploads\/2022\/05\/URIAGE-ROUTE.zip\">Percorso stradale<\/a>, partenza possibile alle 8.30 dal parcheggio all&#8217;uscita di Uriage sul lato di Gi\u00e8res (parcheggio per auto e camper) OR 14732575. 14 km e 900 m di dislivello<\/li><li><a href=\"https:\/\/centcols.org\/backup\/wp-content\/uploads\/2022\/05\/parcours-VTT-1.zip\">Percorso MTB<\/a>, Possibile partenza alle 8:30 dal parcheggio della casa forestale di Pr\u00e9mol OR 14732570. 16 km e 560 m di dislivello<\/li><\/ul>\n\n\n\n<p>Dopo l&#8217;evento, se ne avete voglia, potete fare gli itinerari suggeriti dai soci del club&nbsp;: <a href=\"https:\/\/centcols.org\/backup\/wp-content\/uploads\/2022\/05\/Thierry-Labour.zip\">Thierry Labour<\/a> OR 14732557 (59km e 1862m di dislivello) , <a href=\"https:\/\/centcols.org\/backup\/wp-content\/uploads\/2022\/05\/Pierre-Chatel.zip\">Pierre Chatel<\/a> OR 14732512 (67,6km e 2030m di dislivello).<\/p>\n\n\n\n<p>Per preparare questa giornata, vi preghiamo di compilare il seguente questionario per segnalare la vostra presenza. Se mi avete gi\u00e0 comunicato la vostra partecipazione, non \u00e8 obbligatorio rispondere al questionario.<br><strong><a target=\"_blank\" href=\"https:\/\/docs.google.com\/forms\/d\/e\/1FAIpQLSeNCcsXCRUJETCxKd5la7IKVpCgjlbRjUJPK8_wAco4thIKgQ\/viewform?usp=pp_url\" rel=\"noreferrer noopener\">Io compilo il questionario<\/a><\/strong><\/p>\n\n\n\n<p>o<br><a target=\"_blank\" href=\"https:\/\/docs.google.com\/forms\/d\/e\/1FAIpQLSeNCcsXCRUJETCxKd5la7IKVpCgjlbRjUJPK8_wAco4thIKgQ\/viewform?usp=pp_url\" rel=\"noreferrer noopener\">https:\/\/docs.google.com\/forms\/d\/e\/1FAIpQLSeNCcsXCRUJETCxKd5la7IKVpCgjlbRjUJPK8_wAco4thIKgQ\/viewform?usp=pp_url<\/a><\/p>\n\n\n\n<h3 class=\"wp-block-heading\">Contatto<\/h3>\n\n\n\n<p>Guy Harl\u00e9<\/p>\n\n\n\n<p>T\u00e9l : +33 6 77 11 17 03 <\/p>\n\n\n\n<a href=\"m&#97;&#105;lt&#111;&#58;&#103;&#117;&#121;.h&#97;&#114;l&#101;&#64;&#103;&#109;ai&#108;&#46;&#99;om\">gu&#121;&#46;&#104;&#97;r&#108;e&#64;gm&#97;i&#108;&#46;co&#109;<\/a>\n","protected":false},"excerpt":{"rendered":"<p>testo di Bernard Giraudeau et Guy Harl\u00e9 Col Luitel, 25 giugno 2022 Per il cinquantesimo anniversario del Club des Cent Cols, la riunione delle Alpi del Nord si terr\u00e0 nel luogo emblematico della sua creazione. Questo passo era il 100\u00b0 attraversato da Jean Perdoux da quando ne aveva iniziato la lista. Questo raduno vuole essere [&hellip;]<\/p>\n","protected":false},"author":69,"featured_media":0,"comment_status":"closed","ping_status":"closed","sticky":false,"template":"","format":"standard","meta":{"_acf_changed":false,"ub_ctt_via":"","_monsterinsights_skip_tracking":false,"_monsterinsights_sitenote_active":false,"_monsterinsights_sitenote_note":"","_monsterinsights_sitenote_category":0,"footnotes":""},"categories":[532,270],"tags":[],"acf":[],"featured_image_urls":{"full":"","thumbnail":"","medium":"","medium_large":"","large":"","1536x1536":"","2048x2048":"","woocommerce_thumbnail":"","woocommerce_single":"","woocommerce_gallery_thumbnail":""},"post_excerpt_stackable":"<p>testo di Bernard Giraudeau et Guy Harl\u00e9 Col Luitel, 25 giugno 2022 Per il cinquantesimo anniversario del Club des Cent Cols, la riunione delle Alpi del Nord si terr\u00e0 nel luogo emblematico della sua creazione. Questo passo era il 100\u00b0 attraversato da Jean Perdoux da quando ne aveva iniziato la lista. Questo raduno vuole essere un incontro conviviale durante il quale avremo il piacere di incontrare non solo i membri del club, ma anche altri ciclisti della regione che, speriamo, vorranno unirsi a noi. L&#8217;accoglienza \u00e8 prevista a partire dalle 11:00 sul parcheggio della la maison foresti\u00e8re de Pr\u00e9mol, a&hellip;<\/p>\n","category_list":"<a href=\"https:\/\/centcols.org\/backup\/it\/categorie\/rassemblements-it\/rassemblements-2022-it\/\" rel=\"category tag\">Gli incontri del 2022<\/a>, <a href=\"https:\/\/centcols.org\/backup\/it\/categorie\/rassemblements-it\/\" rel=\"category tag\">Incontri Regionali<\/a>","author_info":{"display_name":"Enrico Alberini","author_link":"https:\/\/centcols.org\/backup\/it\/author\/5065\/"},"comments_num":"0 commenti","featured_image_urls_v2":{"full":"","thumbnail":"","medium":"","medium_large":"","large":"","1536x1536":"","2048x2048":"","woocommerce_thumbnail":"","woocommerce_single":"","woocommerce_gallery_thumbnail":""},"post_excerpt_stackable_v2":"<p>testo di Bernard Giraudeau et Guy Harl\u00e9 Col Luitel, 25 giugno 2022 Per il cinquantesimo anniversario del Club des Cent Cols, la riunione delle Alpi del Nord si terr\u00e0 nel luogo emblematico della sua creazione. Questo passo era il 100\u00b0 attraversato da Jean Perdoux da quando ne aveva iniziato la lista. Questo raduno vuole essere un incontro conviviale durante il quale avremo il piacere di incontrare non solo i membri del club, ma anche altri ciclisti della regione che, speriamo, vorranno unirsi a noi. L&#8217;accoglienza \u00e8 prevista a partire dalle 11:00 sul parcheggio della la maison foresti\u00e8re de Pr\u00e9mol, a&hellip;<\/p>\n","category_list_v2":"<a href=\"https:\/\/centcols.org\/backup\/it\/categorie\/rassemblements-it\/rassemblements-2022-it\/\" rel=\"category tag\">Gli incontri del 2022<\/a>, <a href=\"https:\/\/centcols.org\/backup\/it\/categorie\/rassemblements-it\/\" rel=\"category tag\">Incontri Regionali<\/a>","author_info_v2":{"name":"Enrico Alberini","url":"https:\/\/centcols.org\/backup\/it\/author\/5065\/"},"comments_num_v2":"0 commenti","featured_image_src":null,"_links":{"self":[{"href":"https:\/\/centcols.org\/backup\/it\/wp-json\/wp\/v2\/posts\/62097"}],"collection":[{"href":"https:\/\/centcols.org\/backup\/it\/wp-json\/wp\/v2\/posts"}],"about":[{"href":"https:\/\/centcols.org\/backup\/it\/wp-json\/wp\/v2\/types\/post"}],"author":[{"embeddable":true,"href":"https:\/\/centcols.org\/backup\/it\/wp-json\/wp\/v2\/users\/69"}],"replies":[{"embeddable":true,"href":"https:\/\/centcols.org\/backup\/it\/wp-json\/wp\/v2\/comments?post=62097"}],"version-history":[{"count":0,"href":"https:\/\/centcols.org\/backup\/it\/wp-json\/wp\/v2\/posts\/62097\/revisions"}],"wp:attachment":[{"href":"https:\/\/centcols.org\/backup\/it\/wp-json\/wp\/v2\/media?parent=62097"}],"wp:term":[{"taxonomy":"category","embeddable":true,"href":"https:\/\/centcols.org\/backup\/it\/wp-json\/wp\/v2\/categories?post=62097"},{"taxonomy":"post_tag","embeddable":true,"href":"https:\/\/centcols.org\/backup\/it\/wp-json\/wp\/v2\/tags?post=62097"}],"curies":[{"name":"wp","href":"https:\/\/api.w.org\/{rel}","templated":true}]}}