{"id":62111,"date":"2022-11-23T11:14:00","date_gmt":"2022-11-23T10:14:00","guid":{"rendered":"https:\/\/centcols.org\/backup\/andorre-bernardini-du-8-au-12-septembre-2022\/"},"modified":"2023-05-31T18:39:30","modified_gmt":"2023-05-31T16:39:30","slug":"bernardini-2023","status":"publish","type":"post","link":"https:\/\/centcols.org\/backup\/it\/bernardini-2023\/","title":{"rendered":"Raduno Occitano Bernardini, 25 giugno 2023 &#8211; Amelie les Bains"},"content":{"rendered":"\n<p>Dal 1990 al 1994, Ren\u00e9 Marty \u00e8 stato responsabile dell&#8217;organizzazione della &#8220;Concentration de la ligue Pyr\u00e9n\u00e9es Roussillon&#8221;. Nel 1995 la ribattezz\u00f2 &#8220;Randonn\u00e9e souvenir Michel Bernardini&#8221; in onore dell&#8217;amico scomparso prematuramente nel 1993 e se ne prese cura fino al 2015.<\/p>\n\n\n\n<p>Dal 2016 al 2022, Jean Pierre Lambert ha assunto il comando con successo.<\/p>\n\n\n\n<p>Mi \u00e8 stato chiesto di portare avanti questa organizzazione e sono lieto di accettare la sfida!<br>Ho apprezzato immensamente questi incontri, non ne ho mai perso uno in oltre 20 anni!<\/p>\n\n\n\n<p>Potremo quindi ritrovarci per la Rencontre Occitane Bernardini 2023.<br>Un incontro che deve rimanere nello spirito degli altri incontri regionali.<br>Occitane per segnalare la posizione geografica a cui sono molto legato.<br>Bernardini per onorare la memoria di Michel Bernardini.<\/p>\n\n\n\n<p>L&#8217;incontro regionale si svolger\u00e0 domenica 25 giugno 2023 nel cuore della Vallespir, con partenza da Am\u00e9lie les Bains Palalda alle ore 9.00. Il percorso proposto \u00e8 relativamente facile e di fatto accessibile alle gravel. In 35 chilometri si possono attraversare otto passi con un dislivello di 1250 metri.<\/p>\n\n\n\n<p>Il percorso di domenica \u00e8 pubblicato su Openrunner (numero 16538625).<\/p>\n\n\n\n<p>Da diversi anni questo incontro si \u00e8 trasformato in una mini-vacanza per il grande piacere dei partecipanti. Chi lo desidera pu\u00f2 ritrovarsi dalla sera di gioved\u00ec 22 o dal venerd\u00ec mattina fino al luned\u00ec. Verranno proposti altri tre percorsi, anch&#8217;essi alla portata di tutti. Per coloro che parteciperanno all&#8217;intero soggiorno, da venerd\u00ec 23 a luned\u00ec 26, \u00e8 possibile scalare 43 passi. La maggior parte di essi sar\u00e0 ciclabile. Solo alcuni tratti richiederanno un po&#8217; di poussage o addirittura di portage.<\/p>\n\n\n\n<p>Venerd\u00ec 23 giugno: OR 15759697 &#8211; 35 km &#8211; D 960 m &#8211; 14 passi. Trattandosi di un percorso breve, \u00e8 possibile completarlo con un ritorno da Am\u00e9lie alla Collada de Sant Pau: OR 16874377 &#8211; 17 km e D 230 m.<br>Sabato 24 giugno: OR 16875417 &#8211; 57 km &#8211; D 1300 m &#8211; 6 colli oppure OR 16495317 &#8211; 70 km &#8211; D 1700 m &#8211; 11 colli.<br>Luned\u00ec 26 giugno: OR 16875007 &#8211; 47 km &#8211; D 1300 m &#8211; 8 colli oppure OR 16495422 &#8211; 58 km &#8211; D 1800 m &#8211; 10 colli.<\/p>\n\n\n\n<p>Per venerd\u00ec, sabato e luned\u00ec, questi itinerari sono solo dei suggerimenti. Possono essere percorsi a ritmo libero, con la possibilit\u00e0 di modifiche e con un orario di partenza adatto a tutti. C&#8217;\u00e8 anche la possibilit\u00e0 di fare delle escursioni su strada.<\/p>\n\n\n\n<p><br>In citt\u00e0 c&#8217;\u00e8 una pletora di alloggi\u2026 ma ci sono anche molti turisti. Non esitate a prenotare in anticipo il vostro alloggio se volete partecipare per pi\u00f9 giorni. L&#8217;hotel di appartamenti Castel Emeraude sembra offrire un buon rapporto qualit\u00e0-prezzo.<\/p>\n\n\n\n<p class=\"has-text-align-center\"><img loading=\"lazy\" decoding=\"async\" width=\"1000\" height=\"466\" class=\"wp-image-74263\" style=\"width: 1000px;\" src=\"https:\/\/centcols.org\/backup\/wp-content\/uploads\/2023\/05\/Amelie-Les-Bains.jpeg\" alt=\"\" srcset=\"https:\/\/centcols.org\/backup\/wp-content\/uploads\/2023\/05\/Amelie-Les-Bains.jpeg 1958w, https:\/\/centcols.org\/backup\/wp-content\/uploads\/2023\/05\/Amelie-Les-Bains-500x233.jpeg 500w, https:\/\/centcols.org\/backup\/wp-content\/uploads\/2023\/05\/Amelie-Les-Bains-1200x560.jpeg 1200w, https:\/\/centcols.org\/backup\/wp-content\/uploads\/2023\/05\/Amelie-Les-Bains-768x358.jpeg 768w, https:\/\/centcols.org\/backup\/wp-content\/uploads\/2023\/05\/Amelie-Les-Bains-1536x716.jpeg 1536w, https:\/\/centcols.org\/backup\/wp-content\/uploads\/2023\/05\/Amelie-Les-Bains-600x280.jpeg 600w\" sizes=\"(max-width: 1000px) 100vw, 1000px\" \/><\/p>\n\n\n\n<h3 class=\"wp-block-heading\">Contatto<\/h3>\n\n\n\n<p>Fred Singla CCC 5173<br>06 33 68 33 44.<br><a href=\"&#109;a&#105;l&#116;o&#58;&#53;&#49;73c&#99;c&#64;&#103;m&#97;&#105;&#108;&#46;&#99;&#111;&#109;\">&#53;1&#55;3&#99;&#99;c&#64;gm&#97;i&#108;&#46;&#99;o&#109;<\/a><\/p>\n","protected":false},"excerpt":{"rendered":"<p>Dal 1990 al 1994, Ren\u00e9 Marty \u00e8 stato responsabile dell&#8217;organizzazione della &#8220;Concentration de la ligue Pyr\u00e9n\u00e9es Roussillon&#8221;. Nel 1995 la ribattezz\u00f2 &#8220;Randonn\u00e9e souvenir Michel Bernardini&#8221; in onore dell&#8217;amico scomparso prematuramente nel 1993 e se ne prese cura fino al 2015. Dal 2016 al 2022, Jean Pierre Lambert ha assunto il comando con successo. Mi \u00e8 [&hellip;]<\/p>\n","protected":false},"author":69,"featured_media":0,"comment_status":"closed","ping_status":"closed","sticky":false,"template":"","format":"standard","meta":{"_acf_changed":false,"ub_ctt_via":"","_monsterinsights_skip_tracking":false,"_monsterinsights_sitenote_active":false,"_monsterinsights_sitenote_note":"","_monsterinsights_sitenote_category":0,"footnotes":""},"categories":[560,270],"tags":[],"acf":[],"featured_image_urls":{"full":"","thumbnail":"","medium":"","medium_large":"","large":"","1536x1536":"","2048x2048":"","woocommerce_thumbnail":"","woocommerce_single":"","woocommerce_gallery_thumbnail":""},"post_excerpt_stackable":"<p>Dal 1990 al 1994, Ren\u00e9 Marty \u00e8 stato responsabile dell&#8217;organizzazione della &#8220;Concentration de la ligue Pyr\u00e9n\u00e9es Roussillon&#8221;. Nel 1995 la ribattezz\u00f2 &#8220;Randonn\u00e9e souvenir Michel Bernardini&#8221; in onore dell&#8217;amico scomparso prematuramente nel 1993 e se ne prese cura fino al 2015. Dal 2016 al 2022, Jean Pierre Lambert ha assunto il comando con successo. Mi \u00e8 stato chiesto di portare avanti questa organizzazione e sono lieto di accettare la sfida!Ho apprezzato immensamente questi incontri, non ne ho mai perso uno in oltre 20 anni! Potremo quindi ritrovarci per la Rencontre Occitane Bernardini 2023.Un incontro che deve rimanere nello spirito degli altri&hellip;<\/p>\n","category_list":"<a href=\"https:\/\/centcols.org\/backup\/it\/categorie\/rassemblements-it\/rassemblements-2023-it\/\" rel=\"category tag\">Gli incontri del 2023<\/a>, <a href=\"https:\/\/centcols.org\/backup\/it\/categorie\/rassemblements-it\/\" rel=\"category tag\">Incontri Regionali<\/a>","author_info":{"display_name":"Enrico Alberini","author_link":"https:\/\/centcols.org\/backup\/it\/author\/5065\/"},"comments_num":"0 commenti","featured_image_urls_v2":{"full":"","thumbnail":"","medium":"","medium_large":"","large":"","1536x1536":"","2048x2048":"","woocommerce_thumbnail":"","woocommerce_single":"","woocommerce_gallery_thumbnail":""},"post_excerpt_stackable_v2":"<p>Dal 1990 al 1994, Ren\u00e9 Marty \u00e8 stato responsabile dell&#8217;organizzazione della &#8220;Concentration de la ligue Pyr\u00e9n\u00e9es Roussillon&#8221;. Nel 1995 la ribattezz\u00f2 &#8220;Randonn\u00e9e souvenir Michel Bernardini&#8221; in onore dell&#8217;amico scomparso prematuramente nel 1993 e se ne prese cura fino al 2015. Dal 2016 al 2022, Jean Pierre Lambert ha assunto il comando con successo. Mi \u00e8 stato chiesto di portare avanti questa organizzazione e sono lieto di accettare la sfida!Ho apprezzato immensamente questi incontri, non ne ho mai perso uno in oltre 20 anni! Potremo quindi ritrovarci per la Rencontre Occitane Bernardini 2023.Un incontro che deve rimanere nello spirito degli altri&hellip;<\/p>\n","category_list_v2":"<a href=\"https:\/\/centcols.org\/backup\/it\/categorie\/rassemblements-it\/rassemblements-2023-it\/\" rel=\"category tag\">Gli incontri del 2023<\/a>, <a href=\"https:\/\/centcols.org\/backup\/it\/categorie\/rassemblements-it\/\" rel=\"category tag\">Incontri Regionali<\/a>","author_info_v2":{"name":"Enrico Alberini","url":"https:\/\/centcols.org\/backup\/it\/author\/5065\/"},"comments_num_v2":"0 commenti","featured_image_src":null,"_links":{"self":[{"href":"https:\/\/centcols.org\/backup\/it\/wp-json\/wp\/v2\/posts\/62111"}],"collection":[{"href":"https:\/\/centcols.org\/backup\/it\/wp-json\/wp\/v2\/posts"}],"about":[{"href":"https:\/\/centcols.org\/backup\/it\/wp-json\/wp\/v2\/types\/post"}],"author":[{"embeddable":true,"href":"https:\/\/centcols.org\/backup\/it\/wp-json\/wp\/v2\/users\/69"}],"replies":[{"embeddable":true,"href":"https:\/\/centcols.org\/backup\/it\/wp-json\/wp\/v2\/comments?post=62111"}],"version-history":[{"count":0,"href":"https:\/\/centcols.org\/backup\/it\/wp-json\/wp\/v2\/posts\/62111\/revisions"}],"wp:attachment":[{"href":"https:\/\/centcols.org\/backup\/it\/wp-json\/wp\/v2\/media?parent=62111"}],"wp:term":[{"taxonomy":"category","embeddable":true,"href":"https:\/\/centcols.org\/backup\/it\/wp-json\/wp\/v2\/categories?post=62111"},{"taxonomy":"post_tag","embeddable":true,"href":"https:\/\/centcols.org\/backup\/it\/wp-json\/wp\/v2\/tags?post=62111"}],"curies":[{"name":"wp","href":"https:\/\/api.w.org\/{rel}","templated":true}]}}