





{"id":62117,"date":"2021-12-30T11:50:19","date_gmt":"2021-12-30T10:50:19","guid":{"rendered":"https:\/\/centcols.org\/backup\/drome-ardeche-vaucluse-col-du-geail-27-aout-2022\/"},"modified":"2022-08-01T11:51:34","modified_gmt":"2022-08-01T09:51:34","slug":"drome-ardeche-vaucluse-col-du-geail-27-aout-2022","status":"publish","type":"post","link":"https:\/\/centcols.org\/backup\/it\/drome-ardeche-vaucluse-col-du-geail-27-aout-2022\/","title":{"rendered":"Dr\u00f4me Ard\u00e8che Vaucluse, Col du Geail 27 agosto 2022"},"content":{"rendered":"\n<p>Il raduno Dr\u00f4me Ard\u00e8che Vaucluse si svolger\u00e0 nel sud della Dr\u00f4me al Col du Geail (FR-26-0920) il 27 agosto 2022. Piccolo parcheggio e tavoli da picnic per condividere salsicce e formaggi..<\/p>\n\n\n\n\n\n\t\t\t\t<div id=\"map_ol3js_1\" class=\"map undefined\" data-map_name=\"undefined\" data-map=\"map_ol3js_1\" style=\"width:95%; max-width:100%; height:450px; display:block; overflow:hidden;border:thin solid blue; background-image: url(https:\/\/centcols.org\/backup\/wp-content\/plugins\/osm\/GDPR_bckgrnd.png); background-repeat: no-repeat; background-position: center; position: relative;\" >\n\t\t\t\t  <div id=\"map_ol3js_1_popup\" class=\"ol-popup\" >\n\t\t\t\t\t<a href=\"#\" id=\"map_ol3js_1_popup-closer\" class=\"ol-popup-closer\"><\/a>\n\t\t\t\t\t<div id=\"map_ol3js_1_popup-content\" ><\/div>\n\t\t\t\t  <\/div>\n\t\t\t\t<\/div>\n\t\t\t\n\t\t\t\t<link rel=\"stylesheet\" href=\"https:\/\/centcols.org\/backup\/wp-content\/plugins\/osm\/js\/OL\/7.1.0\/ol.css?ver=7.1.0\" type=\"text\/css\">\n\t\t\t\t<link rel=\"stylesheet\" href=\"https:\/\/centcols.org\/backup\/wp-content\/plugins\/osm\/css\/osm_map_v3.css?ver=1.0.0\" type=\"text\/css\">\n\t\t\t\t<link rel=\"stylesheet\" href=\"https:\/\/centcols.org\/backup\/wp-content\/plugins\/osm\/css\/osm_map.css?ver=1.0.0\" type=\"text\/css\">\n\t\t\t\t<!-- The line below is only needed for old environments like Internet Explorer and Android 4.x -->\n                                <script src=\"https:\/\/centcols.org\/backup\/wp-content\/plugins\/osm\/js\/polyfill\/v2\/polyfill.min.js?features=requestAnimationFrame,Element.prototype.classList,URL\"><\/script>\n\n\t\t\t\t<script src=\"https:\/\/centcols.org\/backup\/wp-content\/plugins\/osm\/js\/OL\/7.1.0\/ol.js?ver=7.1.0\" type=\"text\/javascript\"><\/script>\n\t\t\t\t<script src=\"https:\/\/centcols.org\/backup\/wp-content\/plugins\/osm\/js\/osm-v3-plugin-lib.js?ver=1.0.0\" type=\"text\/javascript\"><\/script>\n\t\t\t\t<script src=\"https:\/\/centcols.org\/backup\/wp-content\/plugins\/osm\/js\/osm-metabox-events.js?ver=1.0.0\" type=\"text\/javascript\"><\/script>\n\t\t\t\t<script src=\"https:\/\/centcols.org\/backup\/wp-content\/plugins\/osm\/js\/osm-startup-lib.js\" type=\"text\/javascript\"><\/script>\n\t\t\t\t<script type=\"text\/javascript\">\n\t\t\t\t\ttranslations['openlayer'] = \"open layer\";\n\t\t\t\t\ttranslations['openlayerAtStartup'] = \"open layer at startup\";\n\t\t\t\t\ttranslations['generateLink'] = \"link to this map with opened layers\";\n\t\t\t\t\ttranslations['shortDescription'] = \"short description\";\n\t\t\t\t\ttranslations['generatedShortCode'] = \"to get a text control link paste this code in your wordpress editor\";\n\t\t\t\t\ttranslations['closeLayer'] = \"close layer\";\n\t\t\t\t\ttranslations['cantGenerateLink'] = \"put this string in the existing map short code to control this map\";\n\t\t\t  <\/script>\n\n\n\t\t\t  <script type=\"text\/javascript\">\n\t\t\t  vectorM['map_ol3js_1'] = [];\n\t        \n        var raster = getTileLayer(\"osm\",\"NoKey\");\t\t\t\n\n\t\t\t  var map_ol3js_1 = new ol.Map({\n\t\t\t\tinteractions: ol.interaction.defaults.defaults({mouseWheelZoom:false}),\n\t\t\t\tlayers: [raster],\n\t\t\t\ttarget: \"map_ol3js_1\",\n\t\t\t\tview: new ol.View({\n\t\t\t\t  center: ol.proj.transform([5.2941,44.5073], \"EPSG:4326\", \"EPSG:3857\"),\n\t\t\t\t  zoom: 15.0\n\t\t\t\t})\n\t\t\t  });\n\t\t\t  addControls2Map(map_ol3js_1,1,1,3,1,5,6,7,1,1);\nosm_addPopupClickhandler(map_ol3js_1,  \"map_ol3js_1\"); \nosm_addMouseHover(map_ol3js_1); <\/script>\n\n\n\n<p>Il circuito stradale \u00e8 un classico in questa zona, i partecipanti passeranno per Saint-Nazaire le D\u00e9sert, La Motte-Chalancon, la selvaggia valle del torrente Arnayon che porta al passo del Pr\u00e9 Guittard. 7 passi per 55 km. Sono disponibili dei passi opzionali, in particolare R1, per i pi\u00f9 coraggiosi.<\/p>\n\n\n\n<p>Il circuito di mountain bike \u00e8 principalmente su sentieri o piste. 10 passi per 30 km. \u00c8 possibile aggiungere altri 2 passi senza troppo sforzo (passo Gorat per esempio). Durante la ricognizione non abbiamo potuto andare al col de L&#8217;Epervier perch\u00e9 la persona che vive nella casa lasciando la strada ci ha obbligato a tornare indietro. Il percorso verificato nel 2021.<\/p>\n\n\n\n<p><br>Partenza alle 9 del mattino dal passo del Geail per gli appassionati di mountain bike. I ciclisti su strada possono parcheggiare al col de Lescou, finiranno in discesa dopo il raduno. <\/p>\n\n\n\n<p>I percorsi: <br>N0 Openrunner MTB\u00a0 15247120<br>N0 Openrunner strada 15247061<\/p>\n\n\n\n<h3 class=\"wp-block-heading\">Contatto<\/h3>\n\n\n\n<p>Jean-Marie Gilouin<br>06 31 79 01 06<br><a href=\"ma&#105;l&#116;&#111;:b&#106;&#109;&#46;&#99;&#101;&#110;&#116;co&#108;&#115;&#64;gm&#97;il.c&#111;m\">&#98;j&#109;.&#99;&#101;&#110;&#116;c&#111;&#108;s&#64;&#103;&#109;&#97;&#105;l&#46;c&#111;m<\/a><\/p>\n","protected":false},"excerpt":{"rendered":"<p>Il raduno Dr\u00f4me Ard\u00e8che Vaucluse si svolger\u00e0 nel sud della Dr\u00f4me al Col du Geail (FR-26-0920) il 27 agosto 2022. Piccolo parcheggio e tavoli da picnic per condividere salsicce e formaggi.. Il circuito stradale \u00e8 un classico in questa zona, i partecipanti passeranno per Saint-Nazaire le D\u00e9sert, La Motte-Chalancon, la selvaggia valle del torrente Arnayon [&hellip;]<\/p>\n","protected":false},"author":69,"featured_media":0,"comment_status":"closed","ping_status":"closed","sticky":false,"template":"","format":"standard","meta":{"_acf_changed":false,"ub_ctt_via":"","_monsterinsights_skip_tracking":false,"_monsterinsights_sitenote_active":false,"_monsterinsights_sitenote_note":"","_monsterinsights_sitenote_category":0,"footnotes":""},"categories":[532,270],"tags":[],"acf":[],"featured_image_urls":{"full":"","thumbnail":"","medium":"","medium_large":"","large":"","1536x1536":"","2048x2048":"","woocommerce_thumbnail":"","woocommerce_single":"","woocommerce_gallery_thumbnail":""},"post_excerpt_stackable":"<p>Il raduno Dr\u00f4me Ard\u00e8che Vaucluse si svolger\u00e0 nel sud della Dr\u00f4me al Col du Geail (FR-26-0920) il 27 agosto 2022. Piccolo parcheggio e tavoli da picnic per condividere salsicce e formaggi.. Il circuito stradale \u00e8 un classico in questa zona, i partecipanti passeranno per Saint-Nazaire le D\u00e9sert, La Motte-Chalancon, la selvaggia valle del torrente Arnayon che porta al passo del Pr\u00e9 Guittard. 7 passi per 55 km. Sono disponibili dei passi opzionali, in particolare R1, per i pi\u00f9 coraggiosi. Il circuito di mountain bike \u00e8 principalmente su sentieri o piste. 10 passi per 30 km. \u00c8 possibile aggiungere altri 2&hellip;<\/p>\n","category_list":"<a href=\"https:\/\/centcols.org\/backup\/it\/categorie\/rassemblements-it\/rassemblements-2022-it\/\" rel=\"category tag\">Gli incontri del 2022<\/a>, <a href=\"https:\/\/centcols.org\/backup\/it\/categorie\/rassemblements-it\/\" rel=\"category tag\">Incontri Regionali<\/a>","author_info":{"display_name":"Enrico Alberini","author_link":"https:\/\/centcols.org\/backup\/it\/author\/5065\/"},"comments_num":"0 commenti","featured_image_urls_v2":{"full":"","thumbnail":"","medium":"","medium_large":"","large":"","1536x1536":"","2048x2048":"","woocommerce_thumbnail":"","woocommerce_single":"","woocommerce_gallery_thumbnail":""},"post_excerpt_stackable_v2":"<p>Il raduno Dr\u00f4me Ard\u00e8che Vaucluse si svolger\u00e0 nel sud della Dr\u00f4me al Col du Geail (FR-26-0920) il 27 agosto 2022. Piccolo parcheggio e tavoli da picnic per condividere salsicce e formaggi.. Il circuito stradale \u00e8 un classico in questa zona, i partecipanti passeranno per Saint-Nazaire le D\u00e9sert, La Motte-Chalancon, la selvaggia valle del torrente Arnayon che porta al passo del Pr\u00e9 Guittard. 7 passi per 55 km. Sono disponibili dei passi opzionali, in particolare R1, per i pi\u00f9 coraggiosi. Il circuito di mountain bike \u00e8 principalmente su sentieri o piste. 10 passi per 30 km. \u00c8 possibile aggiungere altri 2&hellip;<\/p>\n","category_list_v2":"<a href=\"https:\/\/centcols.org\/backup\/it\/categorie\/rassemblements-it\/rassemblements-2022-it\/\" rel=\"category tag\">Gli incontri del 2022<\/a>, <a href=\"https:\/\/centcols.org\/backup\/it\/categorie\/rassemblements-it\/\" rel=\"category tag\">Incontri Regionali<\/a>","author_info_v2":{"name":"Enrico Alberini","url":"https:\/\/centcols.org\/backup\/it\/author\/5065\/"},"comments_num_v2":"0 commenti","featured_image_src":null,"_links":{"self":[{"href":"https:\/\/centcols.org\/backup\/it\/wp-json\/wp\/v2\/posts\/62117"}],"collection":[{"href":"https:\/\/centcols.org\/backup\/it\/wp-json\/wp\/v2\/posts"}],"about":[{"href":"https:\/\/centcols.org\/backup\/it\/wp-json\/wp\/v2\/types\/post"}],"author":[{"embeddable":true,"href":"https:\/\/centcols.org\/backup\/it\/wp-json\/wp\/v2\/users\/69"}],"replies":[{"embeddable":true,"href":"https:\/\/centcols.org\/backup\/it\/wp-json\/wp\/v2\/comments?post=62117"}],"version-history":[{"count":0,"href":"https:\/\/centcols.org\/backup\/it\/wp-json\/wp\/v2\/posts\/62117\/revisions"}],"wp:attachment":[{"href":"https:\/\/centcols.org\/backup\/it\/wp-json\/wp\/v2\/media?parent=62117"}],"wp:term":[{"taxonomy":"category","embeddable":true,"href":"https:\/\/centcols.org\/backup\/it\/wp-json\/wp\/v2\/categories?post=62117"},{"taxonomy":"post_tag","embeddable":true,"href":"https:\/\/centcols.org\/backup\/it\/wp-json\/wp\/v2\/tags?post=62117"}],"curies":[{"name":"wp","href":"https:\/\/api.w.org\/{rel}","templated":true}]}}