{"id":62197,"date":"2022-01-05T17:35:48","date_gmt":"2022-01-05T16:35:48","guid":{"rendered":"https:\/\/centcols.org\/backup\/grand-est-3-septembre-2022\/"},"modified":"2022-08-21T17:53:01","modified_gmt":"2022-08-21T15:53:01","slug":"grand-est-3-septembre-2022","status":"publish","type":"post","link":"https:\/\/centcols.org\/backup\/it\/grand-est-3-septembre-2022\/","title":{"rendered":"Grand-Est, Pont-\u00e0-Mousson (54), 3 settembre 2022"},"content":{"rendered":"\n<p>Il raduno regionale Grand-Est 2022 si terr\u00e0 a Pont-\u00e0-Mousson (54700) il sabato 3 settembre 2022.<\/p>\n\n\n\n<p>Il luogo d&#8217;incontro sar\u00e0 situato nella citt\u00e0 di Pont-\u00e0-Mousson nel parcheggio della piscina (segnato dalla freccia nera sulla mappa qui sotto e molto ben indicato in citt\u00e0).<\/p>\n\n\n\n<p>Appuntamento alle 8.30 per un caff\u00e8 di benvenuto. Partenza del gruppo verso le 9 del mattino.<\/p>\n\n\n\n<p>Il circuito proposto \u00e8 solo stradale. Passer\u00e0 per il passo RUDEMONT (FR-54-0250) e 2 nuovi passi che saranno presenti nel prossimo addendum.<\/p>\n\n\n\n<p>Questo circuito \u00e8 lungo circa 45 km e in parte segue la pista ciclabile lungo la Mosella.<br>Al momento della mia passaggio (9\/2\/22),  ho trovato che la strada  la discesa dal colle di Rudemont (FR-54-0250) verso Nov\u00e9ant era fangosa e l&#8217;asfalto molto degradato. Si pu\u00f2 tornare indietro al passo e unirsi alla strada delle vecchia dogana in fondo ad Arnaville e continuare sulla pista ciclabile verso Metz.<\/p>\n\n\n\n<p>Scarica la traccia GPX su Opern Runner 15372166<\/p>\n\n\n\n<figure class=\"wp-block-image size-large\"><img loading=\"lazy\" decoding=\"async\" width=\"1144\" height=\"581\" src=\"https:\/\/centcols.org\/backup\/wp-content\/uploads\/2022\/01\/Pont-a-Mousson-parking-de-la-piscine.jpg\" alt=\"parking\" class=\"wp-image-62184\" srcset=\"https:\/\/centcols.org\/backup\/wp-content\/uploads\/2022\/01\/Pont-a-Mousson-parking-de-la-piscine.jpg 1144w, https:\/\/centcols.org\/backup\/wp-content\/uploads\/2022\/01\/Pont-a-Mousson-parking-de-la-piscine-500x254.jpg 500w, https:\/\/centcols.org\/backup\/wp-content\/uploads\/2022\/01\/Pont-a-Mousson-parking-de-la-piscine-768x390.jpg 768w, https:\/\/centcols.org\/backup\/wp-content\/uploads\/2022\/01\/Pont-a-Mousson-parking-de-la-piscine-600x305.jpg 600w\" sizes=\"(max-width: 1144px) 100vw, 1144px\" \/><\/figure>\n\n\n\n<p>Mentre i ciclisti pedalano allegramente, c&#8217;\u00e8 la possibilit\u00e0 di visitare<a href=\"https:\/\/www.abbaye-premontres.com\/\">l&#8217;abbaye des pr\u00e9montr\u00e9s<\/a> sita nelle vicinanze o la <a href=\"https:\/\/ville-pont-a-mousson.fr\/fr\/\">ville de Pont-\u00e0-Mousson<\/a>. Bisogna andare a visitare <a href=\"https:\/\/fr.wikipedia.org\/wiki\/Place_Duroc_(Pont-%C3%A0-Mousson)\"> place DUROC<\/a>, triangolare e fiancheggiata da portici.<\/p>\n\n\n\n<h3 class=\"wp-block-heading\">Contatto<\/h3>\n\n\n\n<p><br>Denis MATHIEU <br>+33 (0)6 85 20 02 55<br><a href=\"m&#97;i&#108;&#116;&#111;:d&#101;&#110;&#105;&#46;mat&#104;i&#101;&#117;&#64;&#111;&#114;an&#103;&#101;&#46;&#102;r\">deni&#46;ma&#116;h&#105;e&#117;&#64;&#111;ra&#110;&#103;e&#46;&#102;&#114;<\/a><\/p>\n\n\n\n<p><\/p>\n","protected":false},"excerpt":{"rendered":"<p>Il raduno regionale Grand-Est 2022 si terr\u00e0 a Pont-\u00e0-Mousson (54700) il sabato 3 settembre 2022. Il luogo d&#8217;incontro sar\u00e0 situato nella citt\u00e0 di Pont-\u00e0-Mousson nel parcheggio della piscina (segnato dalla freccia nera sulla mappa qui sotto e molto ben indicato in citt\u00e0). Appuntamento alle 8.30 per un caff\u00e8 di benvenuto. Partenza del gruppo verso le [&hellip;]<\/p>\n","protected":false},"author":69,"featured_media":0,"comment_status":"closed","ping_status":"closed","sticky":false,"template":"","format":"standard","meta":{"_acf_changed":false,"ub_ctt_via":"","_monsterinsights_skip_tracking":false,"_monsterinsights_sitenote_active":false,"_monsterinsights_sitenote_note":"","_monsterinsights_sitenote_category":0,"footnotes":""},"categories":[532,270],"tags":[],"acf":[],"featured_image_urls":{"full":"","thumbnail":"","medium":"","medium_large":"","large":"","1536x1536":"","2048x2048":"","woocommerce_thumbnail":"","woocommerce_single":"","woocommerce_gallery_thumbnail":""},"post_excerpt_stackable":"<p>Il raduno regionale Grand-Est 2022 si terr\u00e0 a Pont-\u00e0-Mousson (54700) il sabato 3 settembre 2022. Il luogo d&#8217;incontro sar\u00e0 situato nella citt\u00e0 di Pont-\u00e0-Mousson nel parcheggio della piscina (segnato dalla freccia nera sulla mappa qui sotto e molto ben indicato in citt\u00e0). Appuntamento alle 8.30 per un caff\u00e8 di benvenuto. Partenza del gruppo verso le 9 del mattino. Il circuito proposto \u00e8 solo stradale. Passer\u00e0 per il passo RUDEMONT (FR-54-0250) e 2 nuovi passi che saranno presenti nel prossimo addendum. Questo circuito \u00e8 lungo circa 45 km e in parte segue la pista ciclabile lungo la Mosella.Al momento della mia&hellip;<\/p>\n","category_list":"<a href=\"https:\/\/centcols.org\/backup\/it\/categorie\/rassemblements-it\/rassemblements-2022-it\/\" rel=\"category tag\">Gli incontri del 2022<\/a>, <a href=\"https:\/\/centcols.org\/backup\/it\/categorie\/rassemblements-it\/\" rel=\"category tag\">Incontri Regionali<\/a>","author_info":{"display_name":"Enrico Alberini","author_link":"https:\/\/centcols.org\/backup\/it\/author\/5065\/"},"comments_num":"0 commenti","featured_image_urls_v2":{"full":"","thumbnail":"","medium":"","medium_large":"","large":"","1536x1536":"","2048x2048":"","woocommerce_thumbnail":"","woocommerce_single":"","woocommerce_gallery_thumbnail":""},"post_excerpt_stackable_v2":"<p>Il raduno regionale Grand-Est 2022 si terr\u00e0 a Pont-\u00e0-Mousson (54700) il sabato 3 settembre 2022. Il luogo d&#8217;incontro sar\u00e0 situato nella citt\u00e0 di Pont-\u00e0-Mousson nel parcheggio della piscina (segnato dalla freccia nera sulla mappa qui sotto e molto ben indicato in citt\u00e0). Appuntamento alle 8.30 per un caff\u00e8 di benvenuto. Partenza del gruppo verso le 9 del mattino. Il circuito proposto \u00e8 solo stradale. Passer\u00e0 per il passo RUDEMONT (FR-54-0250) e 2 nuovi passi che saranno presenti nel prossimo addendum. Questo circuito \u00e8 lungo circa 45 km e in parte segue la pista ciclabile lungo la Mosella.Al momento della mia&hellip;<\/p>\n","category_list_v2":"<a href=\"https:\/\/centcols.org\/backup\/it\/categorie\/rassemblements-it\/rassemblements-2022-it\/\" rel=\"category tag\">Gli incontri del 2022<\/a>, <a href=\"https:\/\/centcols.org\/backup\/it\/categorie\/rassemblements-it\/\" rel=\"category tag\">Incontri Regionali<\/a>","author_info_v2":{"name":"Enrico Alberini","url":"https:\/\/centcols.org\/backup\/it\/author\/5065\/"},"comments_num_v2":"0 commenti","featured_image_src":null,"_links":{"self":[{"href":"https:\/\/centcols.org\/backup\/it\/wp-json\/wp\/v2\/posts\/62197"}],"collection":[{"href":"https:\/\/centcols.org\/backup\/it\/wp-json\/wp\/v2\/posts"}],"about":[{"href":"https:\/\/centcols.org\/backup\/it\/wp-json\/wp\/v2\/types\/post"}],"author":[{"embeddable":true,"href":"https:\/\/centcols.org\/backup\/it\/wp-json\/wp\/v2\/users\/69"}],"replies":[{"embeddable":true,"href":"https:\/\/centcols.org\/backup\/it\/wp-json\/wp\/v2\/comments?post=62197"}],"version-history":[{"count":0,"href":"https:\/\/centcols.org\/backup\/it\/wp-json\/wp\/v2\/posts\/62197\/revisions"}],"wp:attachment":[{"href":"https:\/\/centcols.org\/backup\/it\/wp-json\/wp\/v2\/media?parent=62197"}],"wp:term":[{"taxonomy":"category","embeddable":true,"href":"https:\/\/centcols.org\/backup\/it\/wp-json\/wp\/v2\/categories?post=62197"},{"taxonomy":"post_tag","embeddable":true,"href":"https:\/\/centcols.org\/backup\/it\/wp-json\/wp\/v2\/tags?post=62197"}],"curies":[{"name":"wp","href":"https:\/\/api.w.org\/{rel}","templated":true}]}}