





{"id":62503,"date":"2022-02-09T11:33:23","date_gmt":"2022-02-09T10:33:23","guid":{"rendered":"https:\/\/centcols.org\/backup\/rassemblement-massif-central-est-dimanche-25-septembre-2022-col-de-la-croix-de-presles\/"},"modified":"2022-08-21T17:49:20","modified_gmt":"2022-08-21T15:49:20","slug":"rassemblement-massif-central-est-dimanche-25-septembre-2022-col-de-la-croix-de-presles","status":"publish","type":"post","link":"https:\/\/centcols.org\/backup\/it\/rassemblement-massif-central-est-dimanche-25-septembre-2022-col-de-la-croix-de-presles\/","title":{"rendered":"Raduno sul Massiccio Centrale Est, domenica 25 settembre 2022, Col de La Croix de Presles"},"content":{"rendered":"\n<p>Domenica 25 settembre 2022 al Col de la Croix de Presles (FR-69-0527).<\/p>\n\n\n\n\n\n\t\t\t\t<div id=\"map_ol3js_1\" class=\"map undefined\" data-map_name=\"undefined\" data-map=\"map_ol3js_1\" style=\"width:95%; max-width:100%; height:450px; display:block; overflow:hidden;border:2px solid grey; background-image: url(https:\/\/centcols.org\/backup\/wp-content\/plugins\/osm\/GDPR_bckgrnd.png); background-repeat: no-repeat; background-position: center; position: relative;\" >\n\t\t\t\t  <div id=\"map_ol3js_1_popup\" class=\"ol-popup\" >\n\t\t\t\t\t<a href=\"#\" id=\"map_ol3js_1_popup-closer\" class=\"ol-popup-closer\"><\/a>\n\t\t\t\t\t<div id=\"map_ol3js_1_popup-content\" ><\/div>\n\t\t\t\t  <\/div>\n\t\t\t\t<\/div>\n\t\t\t\n\t\t\t\t<link rel=\"stylesheet\" href=\"https:\/\/centcols.org\/backup\/wp-content\/plugins\/osm\/js\/OL\/7.1.0\/ol.css?ver=7.1.0\" type=\"text\/css\">\n\t\t\t\t<link rel=\"stylesheet\" href=\"https:\/\/centcols.org\/backup\/wp-content\/plugins\/osm\/css\/osm_map_v3.css?ver=1.0.0\" type=\"text\/css\">\n\t\t\t\t<link rel=\"stylesheet\" href=\"https:\/\/centcols.org\/backup\/wp-content\/plugins\/osm\/css\/osm_map.css?ver=1.0.0\" type=\"text\/css\">\n\t\t\t\t<!-- The line below is only needed for old environments like Internet Explorer and Android 4.x -->\n                                <script src=\"https:\/\/centcols.org\/backup\/wp-content\/plugins\/osm\/js\/polyfill\/v2\/polyfill.min.js?features=requestAnimationFrame,Element.prototype.classList,URL\"><\/script>\n\n\t\t\t\t<script src=\"https:\/\/centcols.org\/backup\/wp-content\/plugins\/osm\/js\/OL\/7.1.0\/ol.js?ver=7.1.0\" type=\"text\/javascript\"><\/script>\n\t\t\t\t<script src=\"https:\/\/centcols.org\/backup\/wp-content\/plugins\/osm\/js\/osm-v3-plugin-lib.js?ver=1.0.0\" type=\"text\/javascript\"><\/script>\n\t\t\t\t<script src=\"https:\/\/centcols.org\/backup\/wp-content\/plugins\/osm\/js\/osm-metabox-events.js?ver=1.0.0\" type=\"text\/javascript\"><\/script>\n\t\t\t\t<script src=\"https:\/\/centcols.org\/backup\/wp-content\/plugins\/osm\/js\/osm-startup-lib.js\" type=\"text\/javascript\"><\/script>\n\t\t\t\t<script type=\"text\/javascript\">\n\t\t\t\t\ttranslations['openlayer'] = \"open layer\";\n\t\t\t\t\ttranslations['openlayerAtStartup'] = \"open layer at startup\";\n\t\t\t\t\ttranslations['generateLink'] = \"link to this map with opened layers\";\n\t\t\t\t\ttranslations['shortDescription'] = \"short description\";\n\t\t\t\t\ttranslations['generatedShortCode'] = \"to get a text control link paste this code in your wordpress editor\";\n\t\t\t\t\ttranslations['closeLayer'] = \"close layer\";\n\t\t\t\t\ttranslations['cantGenerateLink'] = \"put this string in the existing map short code to control this map\";\n\t\t\t  <\/script>\n\n\n\t\t\t  <script type=\"text\/javascript\">\n\t\t\t  vectorM['map_ol3js_1'] = [];\n\t        \n        var raster = getTileLayer(\"osm\",\"NoKey\");\t\t\t\n\n\t\t\t  var map_ol3js_1 = new ol.Map({\n\t\t\t\tinteractions: ol.interaction.defaults.defaults({mouseWheelZoom:false}),\n\t\t\t\tlayers: [raster],\n\t\t\t\ttarget: \"map_ol3js_1\",\n\t\t\t\tview: new ol.View({\n\t\t\t\t  center: ol.proj.transform([4.7920,45.8405], \"EPSG:4326\", \"EPSG:3857\"),\n\t\t\t\t  zoom: 12.1\n\t\t\t\t})\n\t\t\t  });\n\t\t\t  addControls2Map(map_ol3js_1,1,1,3,1,5,6,7,1,1);\nosm_addPopupClickhandler(map_ol3js_1,  \"map_ol3js_1\"); \nosm_addMouseHover(map_ol3js_1); <\/script>\n\n\n\n<p>Vi si propone un incontro amichevole a questo passo del massiccio dei Monts d&#8217;Or a nord di Lione sul territorio della metropoli urbana di Lione.<\/p>\n\n\n\n<p>Vi sar\u00e0 proposto un circuito stradale di una quarantina di chilometri a partire da Limonest (o sul luogo di vostra scelta) per attraversare i tre passi della metropoli di Lione con in pi\u00f9 l&#8217;appuntamento del mezzogiorno, i passi di Trion (FR-69-0266) e il passo di Verdun (FR-69-0602b).<\/p>\n\n\n\n<p>L&#8217;opportunit\u00e0 di scoprire la regione di Lione in modo originale, i panorami della citt\u00e0 e anche le Alpi con tempo sereno saranno in programma cos\u00ec come alcuni luoghi emblematici della capitale dei Galli come Fourvi\u00e8re, la cattedrale Saint Jean, le banchine di Sa\u00f4ne, il ristorante Bocuse ecc.<\/p>\n\n\n\n<p>Appuntamento al Col de la Croix de Presles (FR-69-0527) dalle 11 per condividere vino e formaggio nella pi\u00f9 pura tradizione dei cent cols.<\/p>\n\n\n\n<p>PARCHEGGIO LIMONEST : parco dello sport, route de Saint Didier au mont d&#8217;Or.<\/p>\n\n\n\n<p>Si precisa che il sabato e la domenica la salita Limonest &#8211; Col du Verdun \u00e8 chiusa al traffico.<\/p>\n\n\n\n<p>Il percorso \u00e8 su Open Runner <a href=\"https:\/\/www.openrunner.com\/route-details\/14229840\" target=\"_blank\" rel=\"noreferrer noopener\">14229840<\/a><\/p>\n\n\n\n<h3 class=\"wp-block-heading\">Contatto&nbsp;:<\/h3>\n\n\n\n<p><br> Philippe CHAZOTTIER <br>06 24 33 78 13&nbsp;&nbsp;&nbsp;<br><a href=\"m&#97;i&#108;&#116;o&#58;<&#97; &#104;&#114;&#101;f=&#34;&#109;&#97;&#105;&#108;&#116;&#111;&#58;&#112;&#99;h&#97;zo&#116;tie&#114;&#64;&#119;a&#110;a&#100;o&#111;.&#102;&#114;\" &#116;&#97;r&#103;&#101;t=\"_b&#108;&#97;&#110;&#107;&#34; &#114;e&#108;=&#34;no&#114;&#101;fe&#114;rer&#32;noopen&#101;&#114;\"&#62;p&#99;&#104;&#97;z&#111;&#116;t&#105;&#101;&#114;&#64;w&#97;&#110;&#97;&#100;o&#111;&#46;f&#114;&#60;&#47;&#97;&#62;\">&#60;a h&#114;ef=\"&#109;a&#105;&#108;to:p&#99;&#104;a&#122;o&#116;t&#105;er&#64;&#119;&#97;n&#97;doo.f&#114;\" targe&#116;=\"_&#98;&#108;ank\" &#114;&#101;l&#61;&#34;no&#114;ef&#101;&#114;rer n&#111;o&#112;ener&#34;>pch&#97;zotti&#101;&#114;&#64;&#119;&#97;na&#100;&#111;o&#46;f&#114;&#60;\/&#97;><\/a><\/p>\n\n\n\n<p>L&#8217;uscita sar\u00e0 annullata in caso di maltempo .<\/p>\n","protected":false},"excerpt":{"rendered":"<p>Domenica 25 settembre 2022 al Col de la Croix de Presles (FR-69-0527). Vi si propone un incontro amichevole a questo passo del massiccio dei Monts d&#8217;Or a nord di Lione sul territorio della metropoli urbana di Lione. Vi sar\u00e0 proposto un circuito stradale di una quarantina di chilometri a partire da Limonest (o sul luogo [&hellip;]<\/p>\n","protected":false},"author":69,"featured_media":0,"comment_status":"closed","ping_status":"closed","sticky":false,"template":"","format":"standard","meta":{"_acf_changed":false,"ub_ctt_via":"","_monsterinsights_skip_tracking":false,"_monsterinsights_sitenote_active":false,"_monsterinsights_sitenote_note":"","_monsterinsights_sitenote_category":0,"footnotes":""},"categories":[532,270],"tags":[],"acf":[],"featured_image_urls":{"full":"","thumbnail":"","medium":"","medium_large":"","large":"","1536x1536":"","2048x2048":"","woocommerce_thumbnail":"","woocommerce_single":"","woocommerce_gallery_thumbnail":""},"post_excerpt_stackable":"<p>Domenica 25 settembre 2022 al Col de la Croix de Presles (FR-69-0527). Vi si propone un incontro amichevole a questo passo del massiccio dei Monts d&#8217;Or a nord di Lione sul territorio della metropoli urbana di Lione. Vi sar\u00e0 proposto un circuito stradale di una quarantina di chilometri a partire da Limonest (o sul luogo di vostra scelta) per attraversare i tre passi della metropoli di Lione con in pi\u00f9 l&#8217;appuntamento del mezzogiorno, i passi di Trion (FR-69-0266) e il passo di Verdun (FR-69-0602b). L&#8217;opportunit\u00e0 di scoprire la regione di Lione in modo originale, i panorami della citt\u00e0 e anche&hellip;<\/p>\n","category_list":"<a href=\"https:\/\/centcols.org\/backup\/it\/categorie\/rassemblements-it\/rassemblements-2022-it\/\" rel=\"category tag\">Gli incontri del 2022<\/a>, <a href=\"https:\/\/centcols.org\/backup\/it\/categorie\/rassemblements-it\/\" rel=\"category tag\">Incontri Regionali<\/a>","author_info":{"display_name":"Enrico Alberini","author_link":"https:\/\/centcols.org\/backup\/it\/author\/5065\/"},"comments_num":"0 commenti","featured_image_urls_v2":{"full":"","thumbnail":"","medium":"","medium_large":"","large":"","1536x1536":"","2048x2048":"","woocommerce_thumbnail":"","woocommerce_single":"","woocommerce_gallery_thumbnail":""},"post_excerpt_stackable_v2":"<p>Domenica 25 settembre 2022 al Col de la Croix de Presles (FR-69-0527). Vi si propone un incontro amichevole a questo passo del massiccio dei Monts d&#8217;Or a nord di Lione sul territorio della metropoli urbana di Lione. Vi sar\u00e0 proposto un circuito stradale di una quarantina di chilometri a partire da Limonest (o sul luogo di vostra scelta) per attraversare i tre passi della metropoli di Lione con in pi\u00f9 l&#8217;appuntamento del mezzogiorno, i passi di Trion (FR-69-0266) e il passo di Verdun (FR-69-0602b). L&#8217;opportunit\u00e0 di scoprire la regione di Lione in modo originale, i panorami della citt\u00e0 e anche&hellip;<\/p>\n","category_list_v2":"<a href=\"https:\/\/centcols.org\/backup\/it\/categorie\/rassemblements-it\/rassemblements-2022-it\/\" rel=\"category tag\">Gli incontri del 2022<\/a>, <a href=\"https:\/\/centcols.org\/backup\/it\/categorie\/rassemblements-it\/\" rel=\"category tag\">Incontri Regionali<\/a>","author_info_v2":{"name":"Enrico Alberini","url":"https:\/\/centcols.org\/backup\/it\/author\/5065\/"},"comments_num_v2":"0 commenti","featured_image_src":null,"_links":{"self":[{"href":"https:\/\/centcols.org\/backup\/it\/wp-json\/wp\/v2\/posts\/62503"}],"collection":[{"href":"https:\/\/centcols.org\/backup\/it\/wp-json\/wp\/v2\/posts"}],"about":[{"href":"https:\/\/centcols.org\/backup\/it\/wp-json\/wp\/v2\/types\/post"}],"author":[{"embeddable":true,"href":"https:\/\/centcols.org\/backup\/it\/wp-json\/wp\/v2\/users\/69"}],"replies":[{"embeddable":true,"href":"https:\/\/centcols.org\/backup\/it\/wp-json\/wp\/v2\/comments?post=62503"}],"version-history":[{"count":0,"href":"https:\/\/centcols.org\/backup\/it\/wp-json\/wp\/v2\/posts\/62503\/revisions"}],"wp:attachment":[{"href":"https:\/\/centcols.org\/backup\/it\/wp-json\/wp\/v2\/media?parent=62503"}],"wp:term":[{"taxonomy":"category","embeddable":true,"href":"https:\/\/centcols.org\/backup\/it\/wp-json\/wp\/v2\/categories?post=62503"},{"taxonomy":"post_tag","embeddable":true,"href":"https:\/\/centcols.org\/backup\/it\/wp-json\/wp\/v2\/tags?post=62503"}],"curies":[{"name":"wp","href":"https:\/\/api.w.org\/{rel}","templated":true}]}}