





{"id":68008,"date":"2022-09-15T18:44:53","date_gmt":"2022-09-15T16:44:53","guid":{"rendered":"https:\/\/centcols.org\/backup\/?p=68008"},"modified":"2022-12-16T09:09:21","modified_gmt":"2022-12-16T08:09:21","slug":"assemblee-generale-annecy-5-novembre-2022","status":"publish","type":"post","link":"https:\/\/centcols.org\/backup\/it\/assemblee-generale-annecy-5-novembre-2022\/","title":{"rendered":"Assemblea Generale del  Club des Cent Cols, Annecy (Alta-Savoia) il 5 novembre 2022"},"content":{"rendered":"\n<h2 class=\"kt-adv-heading_56406b-a3 wp-block-kadence-advancedheading\" data-kb-block=\"kb-adv-heading_56406b-a3\">Resoconto <\/h2>\n\n\n\n<p><strong>Annecy, Imperial Palace, 5 novembre 2022<\/strong><\/p>\n<p>Il presidente, Enrico ALBERINI, apre l&#8217;Assemblea Generale a 14 h.<\/p>\n<p>Ringrazia della loro presenza <br>Martine CANO, Presidente della FFCT, <br>Catherine BOURGEAIS-ROUET, Presidente del COREG Aura (Auvergne-Rh\u00f4ne-Alpes) e del CODEP74, <br>Antoine ARMAND, deputato della circoscrizione d\u2019Annecy.<\/p>\n<p>Dopo la sua relazione morale (vedi ICC dell&#8217;ottobre 2022), passa la parola a Herv\u00e9 RETIERE, segretario del club, per la relazione sull&#8217;attivit\u00e0 del club. Questo rapporto sar\u00e0 utilizzato come base per una presentazione pi\u00f9 completa da utilizzare al di fuori del club. Lo si pu\u00f2 trovare qui:<\/p>\n<p><a href=\"https:\/\/centcols.org\/backup\/wp-content\/uploads\/2022\/11\/intervention-HR-AG-ccc-2022.movie_.mp4\">Presentazione dell&#8217;attivit\u00e0 del club<\/a><\/p>\n<p>S\u00e9bastien VADOT, il tesoriere, presenta il rapporto finanziario e poi il bilancio previsionale&nbsp;<\/p>\n<p><a href=\"https:\/\/centcols.org\/backup\/wp-content\/uploads\/2022\/11\/intervention-sv-ag-ccc-2022.movie_.mp4\">Presentazione del rapporto finanziario<\/a><\/p>\n<p>Alain LAXENAIRE e Michel MATHIEU, revisori dei conti, prendono la parola per presentare la loro relazione.<\/p>\n<p>Il Presidente annuncia&nbsp; i risultati delle votazioni, sottolineando il significativo aumento del numero di elettori per l&#8217;anno 2022: 899 votanti. Rispetto ai 466 elettori del 2021, l&#8217;aumento \u00e8 del 93%.<\/p>\n<p>I risultati:<\/p>\n<p>Numero degli iscritti : 1974<br>Numero dei votanti : 899<br>Partecipazione : 45,6 %<\/p>\n\n\n\n<figure class=\"wp-block-table is-style-stripes\"><table><tbody><tr><td><\/td><td class=\"has-text-align-center\" data-align=\"center\"><strong>Si<\/strong><\/td><td class=\"has-text-align-center\" data-align=\"center\"><strong>No<\/strong><\/td><td class=\"has-text-align-center\" data-align=\"center\"><strong>B<\/strong>ianchi<\/td><td class=\"has-text-align-center\" data-align=\"center\"><strong>Nul<\/strong>li<\/td><\/tr><tr><td><strong>Rapporto moral<\/strong>e<\/td><td class=\"has-text-align-center\" data-align=\"center\"><strong>871<\/strong><\/td><td class=\"has-text-align-center\" data-align=\"center\"><strong>10<\/strong><\/td><td class=\"has-text-align-center\" data-align=\"center\"><strong>13<\/strong><\/td><td class=\"has-text-align-center\" data-align=\"center\"><strong>5<\/strong><\/td><\/tr><tr><td><\/td><td class=\"has-text-align-center\" data-align=\"center\"><em>96.9 %<\/em><\/td><td class=\"has-text-align-center\" data-align=\"center\"><em>1.1 %<\/em><\/td><td class=\"has-text-align-center\" data-align=\"center\"><em>1.4 %<\/em><\/td><td class=\"has-text-align-center\" data-align=\"center\"><em>0.6 %<\/em><\/td><\/tr><tr><td><strong>Rapporto delle attivit\u00e0<\/strong><\/td><td class=\"has-text-align-center\" data-align=\"center\"><strong>872<\/strong><\/td><td class=\"has-text-align-center\" data-align=\"center\"><strong>8<\/strong><\/td><td class=\"has-text-align-center\" data-align=\"center\"><strong>14<\/strong><\/td><td class=\"has-text-align-center\" data-align=\"center\"><strong>5<\/strong><\/td><\/tr><tr><td><\/td><td class=\"has-text-align-center\" data-align=\"center\"><em>97.0 %<\/em><\/td><td class=\"has-text-align-center\" data-align=\"center\"><em>0.9 %<\/em><\/td><td class=\"has-text-align-center\" data-align=\"center\"><em>1.5 %<\/em><\/td><td class=\"has-text-align-center\" data-align=\"center\"><em>0.6 %<\/em><\/td><\/tr><tr><td><strong>Rapporto finanziario<\/strong><\/td><td class=\"has-text-align-center\" data-align=\"center\"><strong>876<\/strong><\/td><td class=\"has-text-align-center\" data-align=\"center\"><strong>8<\/strong><\/td><td class=\"has-text-align-center\" data-align=\"center\"><strong>10<\/strong><\/td><td class=\"has-text-align-center\" data-align=\"center\"><strong>5<\/strong><\/td><\/tr><tr><td><\/td><td class=\"has-text-align-center\" data-align=\"center\"><em>97.4 %<\/em><\/td><td class=\"has-text-align-center\" data-align=\"center\"><em>0.9 %<\/em><\/td><td class=\"has-text-align-center\" data-align=\"center\"><em>1.1 %<\/em><\/td><td class=\"has-text-align-center\" data-align=\"center\"><em>0.6 %<\/em><\/td><\/tr><\/tbody><\/table><\/figure>\n\n\n\n<p>Conclusa la parte statutaria, il Presidente ha passato la parola a Graham CUTTING, che ha annunciato la fine di un progetto titanico: l&#8217;elaborazione dei cataloghi dei passi di tutto il mondo.<\/p>\n<p><a href=\"https:\/\/centcols.org\/backup\/wp-content\/uploads\/2022\/11\/intervention-graham-ag-ccc-2022.movie_.mp4\">Intervento de Graham Cutting.<\/a><\/p>\n<p>Didier R\u00c9MOND ha poi presentato il futuro soggiorno estivo 2023 a Praz-sur-Arly (la presentazione sar\u00e0 pubblicata sul sito web del club).<\/p>\n<p>Il Presidente ha quindi presentato all&#8217;Assemblea Christophe MARCHAL, l&#8217;8.000\u00b0 socio del club.<\/p>\n<p><a href=\"https:\/\/centcols.org\/backup\/wp-content\/uploads\/2022\/11\/ccc-christophe-marchal-8000.movie_.mp4\">Presentazione di Christophe Marchal.<\/a><\/p>\n<p>Ha poi consegnato ai DT Pierre MAI, Didier R\u00c9MOND, G\u00e9rard FILLION-ROBIN e Alain GILLODES un diploma per i servizi resi al club.<\/p>\n<p><a href=\"https:\/\/centcols.org\/backup\/wp-admin\/post.php?post=66597&amp;action=edit&amp;lang=fr\">Consegna dei diplomi per i servizi resi ai DT<\/a>.<\/p>\n<p>Jean PERDOUX, fondatore del Club e Presidente d&#8217;onore, prende la parola.<\/p>\n<p><a href=\"https:\/\/centcols.org\/backup\/wp-content\/uploads\/2022\/11\/ccc-jean-perdoux.movie1_-1.mp4\">Intervento di Jean Perdoux \u2013 Parte 1<\/a><\/p>\n<p><a href=\"https:\/\/centcols.org\/backup\/ccc-jean-perdoux-movie2\/\">Intervento de Jean Perdoux&nbsp; &#8211; Parte 2<\/a><\/p>\n<p>La parola data a Henri DUSSEAU \u2013 Presidente&nbsp; Honoris Causa<\/p>\n<p><a href=\"https:\/\/centcols.org\/backup\/wp-content\/uploads\/2022\/11\/ccc-henri-dusseau.mp4\">Intervento di Henri Dusseau<\/a><\/p>\n<p>Gli ultimi tre presidenti hanno poi completato la storia dei 50 anni del Club.<\/p>\n<p><a href=\"https:\/\/centcols.org\/backup\/wp-content\/uploads\/2022\/11\/ccc-claude-benistrand.mp4\">Intervento di Claude B\u00e9nistrand<\/a> \u2013 Presidente dal 2001 al 2009.<\/p>\n<p><a href=\"https:\/\/centcols.org\/backup\/wp-content\/uploads\/2022\/11\/ccc-regis-paraz.movie_.mp4\">Intervento di R\u00e9gis Paraz<\/a> \u2013 Presidente dal 2009 al 2017.<\/p>\n<p><a href=\"https:\/\/centcols.org\/backup\/wp-content\/uploads\/2022\/11\/intervention-BG-AG-ccc-2022.movie_-1.mp4\">Intervento di Bernard Giraudeau<\/a> \u2013 Presidente dal 2017 al 2021.<\/p>\n<p>&nbsp;<\/p>\n<p>Durante la pausa, proiezione delle diapositive di Claude MABILLOT durante la concentrazione in Alvernia al Col de la Croix des Gardes il 17 settembre 2022.<\/p>\n<p>&nbsp;<\/p>\n<p>Alla ripresa ,<a href=\"https:\/\/centcols.org\/backup\/wp-content\/uploads\/2022\/11\/Video-daniel-Gobert.mp4\"> intervento videoregistrazione di Daniel Gobert<\/a>, Presidente del BIG (Brevet International du Grimpeur)<\/p>\n<p>Successivamente prendono la parola :<\/p>\n<p>Eric THOUVENIN, Presidente e fondatore di Openrunner<\/p>\n<p>Michel ROUGERT (vice-presidente del Cosfic 2024, organizzatore della settimana Federale 2024 della FFCT)<\/p>\n<p>Catherine BOURGEAIS-ROUET, Presidente del&nbsp; COREG Aura (Auvergne-Rh\u00f4ne-Alpes) e del CODEP74<\/p>\n<p>Martine CANO, Presidente della FFCT dar\u00e0 la sua testimonianza finale al cinquantenario del club.<\/p>\n<p>E infine&nbsp; Enrico ALBERINI concluder\u00e0&nbsp; questa Assemblea Generale straordinaria invitando gli astanti al rinfresco.<\/p>\n<h2>Allegati al resoconto dell&#8217;Assemblea Generale :&nbsp;<\/h2>\n\n\n\n<p><a href=\"https:\/\/centcols.org\/backup\/wp-content\/uploads\/2022\/11\/ccc-jean-perdoux-bon-wagon.movie_.mp4\">Il lago d&#8217;Annecy, la pista ciclabile<\/a> spiegati da Jean PERDOUX durante la sosta al Bon Wagon durante il giro del lago di domenica mattina.<\/p>\n<p><a href=\"https:\/\/centcols.org\/backup\/it\/les-tables-au-diner-apres-lassemblee-generale-5-novembre-2022\/\">I tavoli della cena dopo l&#8217;Assemblea Generale<\/a>\u00a0<\/p>\n<p><a href=\"https:\/\/centcols.org\/backup\/it\/assemblee-generale-5-novembre-2022-lalbum-photo-de-bernard-corbet-2\/\">L&#8217;album fotografico di\u00a0 Bernard Corbet<\/a><\/p>\n<p><a href=\"https:\/\/centcols.org\/backup\/it\/assemblee-generale-5-novembre-2022-lalbum-photo-de-pierre-mai\/\">L&#8217;album fotografico di Pierre Mai<\/a><\/p>\n<p><a href=\"https:\/\/love-velo.fr\/ag-du-cinquantenaire-du-club-des-cent-cols-2022\/\">L&#8217;Ag sul blog di Guy Garcin<\/a><\/p>\n\n\n\n<h2 class=\"wp-block-heading\">Assembla g\u00e9nerale 2022<\/h2>\n\n\n\n<p>L&#8217;Assemblea Generale 2022 si terr\u00e0 a Annecy (sala dell&#8217;Imp\u00e9rial Palace  sabato 5 novembre 2022 a 14 h <\/p>\n\n\n\n<p>Per partecipare al soggiorno associato, andate sulla pagina <strong><a href=\"https:\/\/centcols.org\/backup\/it\/categorie\/sejours-it\/\">Soggiorni <\/a><\/strong>&nbsp;del sito<\/p>\n\n\n\n<p>Imp\u00e9rial Palace- Annecy<br>All. de l&#8217;Imp\u00e9rial, <br>74000 Annecy, Francia<br>T\u00e9l : <a href=\"https:\/\/www.google.com\/search?q=imperial+annecy&amp;oq=imperial+annecy&amp;aqs=chrome.0.0i355i512j46i175i199i512j0i22i30l8.7194j0j4&amp;sourceid=chrome&amp;ie=UTF-8#\">+33 (0) 4 50 09 30 00<\/a><br>https:\/\/www.hotel-imperial-palace.com\/<\/p>\n\n\n\n\n\n\t\t\t\t<div id=\"map_ol3js_1\" class=\"map undefined\" data-map_name=\"undefined\" data-map=\"map_ol3js_1\" style=\"width:95%; max-width:100%; height:450px; display:block; overflow:hidden;border:thin solid blue;\" >\n\t\t\t\t  <div id=\"map_ol3js_1_popup\" class=\"ol-popup\" >\n\t\t\t\t\t<a href=\"#\" id=\"map_ol3js_1_popup-closer\" class=\"ol-popup-closer\"><\/a>\n\t\t\t\t\t<div id=\"map_ol3js_1_popup-content\" ><\/div>\n\t\t\t\t  <\/div>\n\t\t\t\t<\/div>\n\t\t\t\n\t\t\t\t<link rel=\"stylesheet\" href=\"https:\/\/centcols.org\/backup\/wp-content\/plugins\/osm\/js\/OL\/7.1.0\/ol.css?ver=7.1.0\" type=\"text\/css\">\n\t\t\t\t<link rel=\"stylesheet\" href=\"https:\/\/centcols.org\/backup\/wp-content\/plugins\/osm\/css\/osm_map_v3.css?ver=1.0.0\" type=\"text\/css\">\n\t\t\t\t<link rel=\"stylesheet\" href=\"https:\/\/centcols.org\/backup\/wp-content\/plugins\/osm\/css\/osm_map.css?ver=1.0.0\" type=\"text\/css\">\n\t\t\t\t<!-- The line below is only needed for old environments like Internet Explorer and Android 4.x -->\n                                <script src=\"https:\/\/centcols.org\/backup\/wp-content\/plugins\/osm\/js\/polyfill\/v2\/polyfill.min.js?features=requestAnimationFrame,Element.prototype.classList,URL\"><\/script>\n\n\t\t\t\t<script src=\"https:\/\/centcols.org\/backup\/wp-content\/plugins\/osm\/js\/OL\/7.1.0\/ol.js?ver=7.1.0\" type=\"text\/javascript\"><\/script>\n\t\t\t\t<script src=\"https:\/\/centcols.org\/backup\/wp-content\/plugins\/osm\/js\/osm-v3-plugin-lib.js?ver=1.0.0\" type=\"text\/javascript\"><\/script>\n\t\t\t\t<script src=\"https:\/\/centcols.org\/backup\/wp-content\/plugins\/osm\/js\/osm-metabox-events.js?ver=1.0.0\" type=\"text\/javascript\"><\/script>\n\t\t\t\t<script src=\"https:\/\/centcols.org\/backup\/wp-content\/plugins\/osm\/js\/osm-startup-lib.js\" type=\"text\/javascript\"><\/script>\n\t\t\t\t<script type=\"text\/javascript\">\n\t\t\t\t\ttranslations['openlayer'] = \"open layer\";\n\t\t\t\t\ttranslations['openlayerAtStartup'] = \"open layer at startup\";\n\t\t\t\t\ttranslations['generateLink'] = \"link to this map with opened layers\";\n\t\t\t\t\ttranslations['shortDescription'] = \"short description\";\n\t\t\t\t\ttranslations['generatedShortCode'] = \"to get a text control link paste this code in your wordpress editor\";\n\t\t\t\t\ttranslations['closeLayer'] = \"close layer\";\n\t\t\t\t\ttranslations['cantGenerateLink'] = \"put this string in the existing map short code to control this map\";\n\t\t\t  <\/script>\n\n\n\t\t\t  <script type=\"text\/javascript\">\n\t\t\t  vectorM['map_ol3js_1'] = [];\n\t        \n        var raster = getTileLayer(\"osm\",\"NoKey\");\t\t\t\n\n\t\t\t  var map_ol3js_1 = new ol.Map({\n\t\t\t\tinteractions: ol.interaction.defaults.defaults({mouseWheelZoom:false}),\n\t\t\t\tlayers: [raster],\n\t\t\t\ttarget: \"map_ol3js_1\",\n\t\t\t\tview: new ol.View({\n\t\t\t\t  center: ol.proj.transform([6.1434,45.9047], \"EPSG:4326\", \"EPSG:3857\"),\n\t\t\t\t  zoom: 16.9\n\t\t\t\t})\n\t\t\t  });\n\t\t\t  addControls2Map(map_ol3js_1,1,1,3,1,5,6,7,1,1);\nosm_addPopupClickhandler(map_ol3js_1,  \"map_ol3js_1\"); \nosm_addMouseHover(map_ol3js_1); <\/script>\n\n\n\n<p><br><\/p>\n","protected":false},"excerpt":{"rendered":"<p>Annecy, Imperial Palace, 5 novembre 2022 Il presidente, Enrico ALBERINI, apre l&#8217;Assemblea Generale a 14 h. Ringrazia della loro presenza Martine CANO, Presidente della FFCT, Catherine BOURGEAIS-ROUET, Presidente del COREG Aura (Auvergne-Rh\u00f4ne-Alpes) e del CODEP74, Antoine ARMAND, deputato della circoscrizione d\u2019Annecy. Dopo la sua relazione morale (vedi ICC dell&#8217;ottobre 2022), passa la parola a Herv\u00e9 [&hellip;]<\/p>\n","protected":false},"author":69,"featured_media":0,"comment_status":"closed","ping_status":"closed","sticky":false,"template":"","format":"standard","meta":{"_acf_changed":false,"ub_ctt_via":"","_monsterinsights_skip_tracking":false,"_monsterinsights_sitenote_active":false,"_monsterinsights_sitenote_note":"","_monsterinsights_sitenote_category":0,"footnotes":""},"categories":[337,140],"tags":[],"acf":[],"featured_image_urls":{"full":"","thumbnail":"","medium":"","medium_large":"","large":"","1536x1536":"","2048x2048":"","woocommerce_thumbnail":"","woocommerce_single":"","woocommerce_gallery_thumbnail":""},"post_excerpt_stackable":"<p>Resoconto Annecy, Imperial Palace, 5 novembre 2022 Il presidente, Enrico ALBERINI, apre l&#8217;Assemblea Generale a 14 h. Ringrazia della loro presenza Martine CANO, Presidente della FFCT, Catherine BOURGEAIS-ROUET, Presidente del COREG Aura (Auvergne-Rh\u00f4ne-Alpes) e del CODEP74, Antoine ARMAND, deputato della circoscrizione d\u2019Annecy. Dopo la sua relazione morale (vedi ICC dell&#8217;ottobre 2022), passa la parola a Herv\u00e9 RETIERE, segretario del club, per la relazione sull&#8217;attivit\u00e0 del club. Questo rapporto sar\u00e0 utilizzato come base per una presentazione pi\u00f9 completa da utilizzare al di fuori del club. Lo si pu\u00f2 trovare qui: Presentazione dell&#8217;attivit\u00e0 del club S\u00e9bastien VADOT, il tesoriere, presenta il rapporto&hellip;<\/p>\n","category_list":"<a href=\"https:\/\/centcols.org\/backup\/it\/categorie\/assemblees-generales-it\/\" rel=\"category tag\">Assemblee generali<\/a>, <a href=\"https:\/\/centcols.org\/backup\/it\/categorie\/non-categorizzato\/\" rel=\"category tag\">Non categorizzato<\/a>","author_info":{"display_name":"Enrico Alberini","author_link":"https:\/\/centcols.org\/backup\/it\/author\/5065\/"},"comments_num":"0 commenti","featured_image_urls_v2":{"full":"","thumbnail":"","medium":"","medium_large":"","large":"","1536x1536":"","2048x2048":"","woocommerce_thumbnail":"","woocommerce_single":"","woocommerce_gallery_thumbnail":""},"post_excerpt_stackable_v2":"<p>Resoconto Annecy, Imperial Palace, 5 novembre 2022 Il presidente, Enrico ALBERINI, apre l&#8217;Assemblea Generale a 14 h. Ringrazia della loro presenza Martine CANO, Presidente della FFCT, Catherine BOURGEAIS-ROUET, Presidente del COREG Aura (Auvergne-Rh\u00f4ne-Alpes) e del CODEP74, Antoine ARMAND, deputato della circoscrizione d\u2019Annecy. Dopo la sua relazione morale (vedi ICC dell&#8217;ottobre 2022), passa la parola a Herv\u00e9 RETIERE, segretario del club, per la relazione sull&#8217;attivit\u00e0 del club. Questo rapporto sar\u00e0 utilizzato come base per una presentazione pi\u00f9 completa da utilizzare al di fuori del club. Lo si pu\u00f2 trovare qui: Presentazione dell&#8217;attivit\u00e0 del club S\u00e9bastien VADOT, il tesoriere, presenta il rapporto&hellip;<\/p>\n","category_list_v2":"<a href=\"https:\/\/centcols.org\/backup\/it\/categorie\/assemblees-generales-it\/\" rel=\"category tag\">Assemblee generali<\/a>, <a href=\"https:\/\/centcols.org\/backup\/it\/categorie\/non-categorizzato\/\" rel=\"category tag\">Non categorizzato<\/a>","author_info_v2":{"name":"Enrico Alberini","url":"https:\/\/centcols.org\/backup\/it\/author\/5065\/"},"comments_num_v2":"0 commenti","featured_image_src":null,"_links":{"self":[{"href":"https:\/\/centcols.org\/backup\/it\/wp-json\/wp\/v2\/posts\/68008"}],"collection":[{"href":"https:\/\/centcols.org\/backup\/it\/wp-json\/wp\/v2\/posts"}],"about":[{"href":"https:\/\/centcols.org\/backup\/it\/wp-json\/wp\/v2\/types\/post"}],"author":[{"embeddable":true,"href":"https:\/\/centcols.org\/backup\/it\/wp-json\/wp\/v2\/users\/69"}],"replies":[{"embeddable":true,"href":"https:\/\/centcols.org\/backup\/it\/wp-json\/wp\/v2\/comments?post=68008"}],"version-history":[{"count":0,"href":"https:\/\/centcols.org\/backup\/it\/wp-json\/wp\/v2\/posts\/68008\/revisions"}],"wp:attachment":[{"href":"https:\/\/centcols.org\/backup\/it\/wp-json\/wp\/v2\/media?parent=68008"}],"wp:term":[{"taxonomy":"category","embeddable":true,"href":"https:\/\/centcols.org\/backup\/it\/wp-json\/wp\/v2\/categories?post=68008"},{"taxonomy":"post_tag","embeddable":true,"href":"https:\/\/centcols.org\/backup\/it\/wp-json\/wp\/v2\/tags?post=68008"}],"curies":[{"name":"wp","href":"https:\/\/api.w.org\/{rel}","templated":true}]}}