{"id":68111,"date":"2022-12-01T11:15:00","date_gmt":"2022-12-01T10:15:00","guid":{"rendered":"https:\/\/centcols.org\/backup\/suisse-sortie-vtt-dimanche-03-juin-2023\/"},"modified":"2022-12-02T11:26:29","modified_gmt":"2022-12-02T10:26:29","slug":"suisse-sortie-vtt-dimanche-03-juin-2023","status":"publish","type":"post","link":"https:\/\/centcols.org\/backup\/it\/suisse-sortie-vtt-dimanche-03-juin-2023\/","title":{"rendered":"Ballens (Vaud), Svizzera, uscita MTB, sabato 03 giugno 2023"},"content":{"rendered":"\n<p>Partenza da Ballens (Vaud)<\/p>\n\n\n\n<p>Appuntamento nella piazza del villaggio alle  8h30 per il caff\u00e9, <strong>partenza a  9h00.<\/strong><\/p>\n\n\n\n<p>36 km, 1100 m di dislivello, 4 passi: <br>Col de Mondis\u00e9 CH-VD-1461, <br>Col du Sorcier CH-VD-1563,<br>Col des Combes CH-VD-1569, <br>Col du Marchairuz CH-VD-1447.<\/p>\n\n\n\n<h4 class=\"wp-block-heading\">L&#8217;uscita avr\u00e0 luogo solo in caso di beltempo.<\/h4>\n\n\n\n<figure class=\"wp-block-image size-large is-style-rounded\"><img loading=\"lazy\" decoding=\"async\" width=\"534\" height=\"299\" src=\"https:\/\/centcols.org\/backup\/wp-content\/uploads\/2022\/12\/image-1.png\" alt=\"\" class=\"wp-image-68107\" srcset=\"https:\/\/centcols.org\/backup\/wp-content\/uploads\/2022\/12\/image-1.png 534w, https:\/\/centcols.org\/backup\/wp-content\/uploads\/2022\/12\/image-1-500x280.png 500w\" sizes=\"(max-width: 534px) 100vw, 534px\" \/><\/figure>\n\n\n\n<h4 class=\"wp-block-heading\">Contatto<\/h4>\n\n\n\n<p>Pierre Mai<br>Vy de Bi\u00e8re 8<br>CH-1144 Ballens<br>T\u00e9l : +41 21 807 34 17, mobile: +41 76 498 58 73<br><a href=\"&#109;&#97;&#105;l&#116;&#111;&#58;&#112;&#109;a&#105;&#64;&#98;l&#117;ewin&#46;&#99;&#104;\">p&#109;&#97;i&#64;b&#108;u&#101;wi&#110;.&#99;&#104;<\/a><\/p>\n","protected":false},"excerpt":{"rendered":"<p>Partenza da Ballens (Vaud) Appuntamento nella piazza del villaggio alle 8h30 per il caff\u00e9, partenza a 9h00. 36 km, 1100 m di dislivello, 4 passi: Col de Mondis\u00e9 CH-VD-1461, Col du Sorcier CH-VD-1563,Col des Combes CH-VD-1569, Col du Marchairuz CH-VD-1447. L&#8217;uscita avr\u00e0 luogo solo in caso di beltempo. Contatto Pierre MaiVy de Bi\u00e8re 8CH-1144 BallensT\u00e9l [&hellip;]<\/p>\n","protected":false},"author":69,"featured_media":0,"comment_status":"closed","ping_status":"closed","sticky":false,"template":"","format":"standard","meta":{"_acf_changed":false,"ub_ctt_via":"","_monsterinsights_skip_tracking":false,"_monsterinsights_sitenote_active":false,"_monsterinsights_sitenote_note":"","_monsterinsights_sitenote_category":0,"footnotes":""},"categories":[560],"tags":[],"acf":[],"featured_image_urls":{"full":"","thumbnail":"","medium":"","medium_large":"","large":"","1536x1536":"","2048x2048":"","woocommerce_thumbnail":"","woocommerce_single":"","woocommerce_gallery_thumbnail":""},"post_excerpt_stackable":"<p>Partenza da Ballens (Vaud) Appuntamento nella piazza del villaggio alle 8h30 per il caff\u00e9, partenza a 9h00. 36 km, 1100 m di dislivello, 4 passi: Col de Mondis\u00e9 CH-VD-1461, Col du Sorcier CH-VD-1563,Col des Combes CH-VD-1569, Col du Marchairuz CH-VD-1447. L&#8217;uscita avr\u00e0 luogo solo in caso di beltempo. Contatto Pierre MaiVy de Bi\u00e8re 8CH-1144 BallensT\u00e9l : +41 21 807 34 17, mobile: +41 76 498 58 73pmai&#64;b&#108;&#117;&#101;&#119;&#105;n&#46;c&#104;<\/p>\n","category_list":"<a href=\"https:\/\/centcols.org\/backup\/it\/categorie\/rassemblements-it\/rassemblements-2023-it\/\" rel=\"category tag\">Gli incontri del 2023<\/a>","author_info":{"display_name":"Enrico Alberini","author_link":"https:\/\/centcols.org\/backup\/it\/author\/5065\/"},"comments_num":"0 commenti","featured_image_urls_v2":{"full":"","thumbnail":"","medium":"","medium_large":"","large":"","1536x1536":"","2048x2048":"","woocommerce_thumbnail":"","woocommerce_single":"","woocommerce_gallery_thumbnail":""},"post_excerpt_stackable_v2":"<p>Partenza da Ballens (Vaud) Appuntamento nella piazza del villaggio alle 8h30 per il caff\u00e9, partenza a 9h00. 36 km, 1100 m di dislivello, 4 passi: Col de Mondis\u00e9 CH-VD-1461, Col du Sorcier CH-VD-1563,Col des Combes CH-VD-1569, Col du Marchairuz CH-VD-1447. L&#8217;uscita avr\u00e0 luogo solo in caso di beltempo. Contatto Pierre MaiVy de Bi\u00e8re 8CH-1144 BallensT\u00e9l : +41 21 807 34 17, mobile: +41 76 498 58 73p&#109;&#97;&#105;&#64;bl&#117;&#101;wi&#110;.&#99;h<\/p>\n","category_list_v2":"<a href=\"https:\/\/centcols.org\/backup\/it\/categorie\/rassemblements-it\/rassemblements-2023-it\/\" rel=\"category tag\">Gli incontri del 2023<\/a>","author_info_v2":{"name":"Enrico Alberini","url":"https:\/\/centcols.org\/backup\/it\/author\/5065\/"},"comments_num_v2":"0 commenti","featured_image_src":null,"_links":{"self":[{"href":"https:\/\/centcols.org\/backup\/it\/wp-json\/wp\/v2\/posts\/68111"}],"collection":[{"href":"https:\/\/centcols.org\/backup\/it\/wp-json\/wp\/v2\/posts"}],"about":[{"href":"https:\/\/centcols.org\/backup\/it\/wp-json\/wp\/v2\/types\/post"}],"author":[{"embeddable":true,"href":"https:\/\/centcols.org\/backup\/it\/wp-json\/wp\/v2\/users\/69"}],"replies":[{"embeddable":true,"href":"https:\/\/centcols.org\/backup\/it\/wp-json\/wp\/v2\/comments?post=68111"}],"version-history":[{"count":0,"href":"https:\/\/centcols.org\/backup\/it\/wp-json\/wp\/v2\/posts\/68111\/revisions"}],"wp:attachment":[{"href":"https:\/\/centcols.org\/backup\/it\/wp-json\/wp\/v2\/media?parent=68111"}],"wp:term":[{"taxonomy":"category","embeddable":true,"href":"https:\/\/centcols.org\/backup\/it\/wp-json\/wp\/v2\/categories?post=68111"},{"taxonomy":"post_tag","embeddable":true,"href":"https:\/\/centcols.org\/backup\/it\/wp-json\/wp\/v2\/tags?post=68111"}],"curies":[{"name":"wp","href":"https:\/\/api.w.org\/{rel}","templated":true}]}}