





{"id":68411,"date":"2022-12-02T10:00:00","date_gmt":"2022-12-02T09:00:00","guid":{"rendered":"https:\/\/centcols.org\/backup\/?p=68411"},"modified":"2023-02-12T18:11:06","modified_gmt":"2023-02-12T17:11:06","slug":"grand-est-plancher-les-mines-70290-sabato-27-maggio-2023","status":"publish","type":"post","link":"https:\/\/centcols.org\/backup\/it\/grand-est-plancher-les-mines-70290-sabato-27-maggio-2023\/","title":{"rendered":"Grand-Est, Plancher-les-Mines 70290, Sabato 27 maggio 2023"},"content":{"rendered":"\n<p>L&#8217;incontro regionale del GRAND-EST 2023 \u00e8 previsto per il 27 maggio 2023, con partenza alle ore 9 da Plancher-les-Mines 70290.<\/p>\n\n\n\n<p>Un aperitivo di benvenuto sar\u00e0 servito a partire dalle 8 nel parcheggio dell&#8217;impasse du canal (girare a destra in rue du pont du Var, il parcheggio si trova sulla sinistra dopo il piccolo ponte).<\/p>\n\n\n\n\n\n\t\t\t\t<div id=\"map_ol3js_1\" class=\"map undefined\" data-map_name=\"undefined\" data-map=\"map_ol3js_1\" style=\"width:95%; max-width:100%; height:450px; display:block; overflow:hidden;border:thin solid blue; background-image: url(https:\/\/centcols.org\/backup\/wp-content\/plugins\/osm\/GDPR_bckgrnd.png); background-repeat: no-repeat; background-position: center; position: relative;\" >\n\t\t\t\t  <div id=\"map_ol3js_1_popup\" class=\"ol-popup\" >\n\t\t\t\t\t<a href=\"#\" id=\"map_ol3js_1_popup-closer\" class=\"ol-popup-closer\"><\/a>\n\t\t\t\t\t<div id=\"map_ol3js_1_popup-content\" ><\/div>\n\t\t\t\t  <\/div>\n\t\t\t\t<\/div>\n\t\t\t\n\t\t\t\t<link rel=\"stylesheet\" href=\"https:\/\/centcols.org\/backup\/wp-content\/plugins\/osm\/js\/OL\/7.1.0\/ol.css?ver=7.1.0\" type=\"text\/css\">\n\t\t\t\t<link rel=\"stylesheet\" href=\"https:\/\/centcols.org\/backup\/wp-content\/plugins\/osm\/css\/osm_map_v3.css?ver=1.0.0\" type=\"text\/css\">\n\t\t\t\t<link rel=\"stylesheet\" href=\"https:\/\/centcols.org\/backup\/wp-content\/plugins\/osm\/css\/osm_map.css?ver=1.0.0\" type=\"text\/css\">\n\t\t\t\t<!-- The line below is only needed for old environments like Internet Explorer and Android 4.x -->\n                                <script src=\"https:\/\/centcols.org\/backup\/wp-content\/plugins\/osm\/js\/polyfill\/v2\/polyfill.min.js?features=requestAnimationFrame,Element.prototype.classList,URL\"><\/script>\n\n\t\t\t\t<script src=\"https:\/\/centcols.org\/backup\/wp-content\/plugins\/osm\/js\/OL\/7.1.0\/ol.js?ver=7.1.0\" type=\"text\/javascript\"><\/script>\n\t\t\t\t<script src=\"https:\/\/centcols.org\/backup\/wp-content\/plugins\/osm\/js\/osm-v3-plugin-lib.js?ver=1.0.0\" type=\"text\/javascript\"><\/script>\n\t\t\t\t<script src=\"https:\/\/centcols.org\/backup\/wp-content\/plugins\/osm\/js\/osm-metabox-events.js?ver=1.0.0\" type=\"text\/javascript\"><\/script>\n\t\t\t\t<script src=\"https:\/\/centcols.org\/backup\/wp-content\/plugins\/osm\/js\/osm-startup-lib.js\" type=\"text\/javascript\"><\/script>\n\t\t\t\t<script type=\"text\/javascript\">\n\t\t\t\t\ttranslations['openlayer'] = \"open layer\";\n\t\t\t\t\ttranslations['openlayerAtStartup'] = \"open layer at startup\";\n\t\t\t\t\ttranslations['generateLink'] = \"link to this map with opened layers\";\n\t\t\t\t\ttranslations['shortDescription'] = \"short description\";\n\t\t\t\t\ttranslations['generatedShortCode'] = \"to get a text control link paste this code in your wordpress editor\";\n\t\t\t\t\ttranslations['closeLayer'] = \"close layer\";\n\t\t\t\t\ttranslations['cantGenerateLink'] = \"put this string in the existing map short code to control this map\";\n\t\t\t  <\/script>\n\n\n\t\t\t  <script type=\"text\/javascript\">\n\t\t\t  vectorM['map_ol3js_1'] = [];\n\t        \n        var raster = getTileLayer(\"osm\",\"NoKey\");\t\t\t\n\n\t\t\t  var map_ol3js_1 = new ol.Map({\n\t\t\t\tinteractions: ol.interaction.defaults.defaults({mouseWheelZoom:false}),\n\t\t\t\tlayers: [raster],\n\t\t\t\ttarget: \"map_ol3js_1\",\n\t\t\t\tview: new ol.View({\n\t\t\t\t  center: ol.proj.transform([6.7408,47.7587], \"EPSG:4326\", \"EPSG:3857\"),\n\t\t\t\t  zoom: 17.0\n\t\t\t\t})\n\t\t\t  });\n\t\t\t  osm_addMarkerLayer(map_ol3js_1,6.7411,47.7583,\"https:\/\/centcols.org\/backup\/wp-content\/plugins\/osm\/icons\/mic_blue_cycling_01.png\",-16,-41,\"<p><\/p>\") ; \naddControls2Map(map_ol3js_1,1,1,3,1,5,6,7,1,1);\nosm_addPopupClickhandler(map_ol3js_1,  \"map_ol3js_1\"); \nosm_addMouseHover(map_ol3js_1); <\/script>\n\n\n\n<p><\/p>\n\n\n\n<p>I circuiti proposti si concluderanno alla &#8220;planche des belles filles&#8221;, dove verr\u00e0 servito il tradizionale aperitivo d&#8217;arrivo.<\/p>\n\n\n\n<figure class=\"wp-block-image\"><img decoding=\"async\" src=\"https:\/\/s2.qwant.com\/thumbr\/0x380\/f\/4\/e19bfa4a9e9f2d0c3b4d69d2cfae9eae578623415334edbaa2a52b20374dfe\/870x489_index.jpg?u=https%3A%2F%2Fcdn.radiofrance.fr%2Fs3%2Fcruiser-production%2F2019%2F10%2Fa2e64e91-25cc-4674-b480-771991e916a0%2F870x489_index.jpg&amp;q=0&amp;b=1&amp;p=0&amp;a=0\" alt=\"Tour de France 2020 : comment La Planche des Belles\n          Filles est devenue ...\"\/><\/figure>\n\n\n\n<p>Il circuito di mountain bike passer\u00e0 per il nuovo passo &#8220;Sans Nom&#8221; FR-70-1001. La traccia 15701832 \u00e8 disponibile su Openrunner. 35 km e 1100 D+.<\/p>\n\n\n\n<p>Il percorso di mountain bike si svilupper\u00e0 nella riserva naturale nazionale dei Ballons comtois. Durante il periodo invernale, tra il 15 dicembre e il 14 luglio, la mountain bike pu\u00f2 essere praticata solo su piste e sentieri segnalati e autorizzati <a href=\"https:\/\/centcols.org\/backup\/wp-content\/uploads\/2023\/02\/A3-SentierPer.pdf\">(vedi mappa allegata).<\/a><br><br>\u00c8 previsto anche un circuito stradale (traccia 16147893 OR) che prevede il passaggio di due passi asfaltati (FR-70-0640 Chevesytaye e FR-70-0914 Chev\u00e8res) di 50 km e 850 m di D+.<br>Questo percorso \u00e8 stato proposto da Philippe PILLET 5585 che accompagner\u00e0 il gruppo.<\/p>\n\n\n\n<p>Questo raduno, programmato subito dopo il soggiorno nella Foresta Nera, dovrebbe permettere al maggior numero di persone possibile di salire su questo &#8220;planche&#8221; gi\u00e0 scalato pi\u00f9 volte dai corridori del Tour de France.<\/p>\n\n\n\n<h4 class=\"wp-block-heading\">Contatto locale<\/h4>\n\n\n\n<p>Jean-Christophe BRAUMANN : 06 48 80 28 48<\/p>\n\n\n\n<h4 class=\"wp-block-heading\">Contatto<\/h4>\n\n\n\n<p>DT03E &#8211; Denis MATHIEU<br>+33 (0)6 85 20 02 55<br><a href=\"&#109;a&#105;&#108;&#116;&#111;&#58;&#100;e&#110;&#105;.&#109;ath&#105;&#101;&#117;&#64;&#111;&#114;&#97;&#110;ge&#46;&#102;r\">&#100;&#101;&#110;&#105;.math&#105;eu&#64;o&#114;an&#103;e.&#102;r<\/a><\/p>\n\n\n\n<h2 class=\"wp-block-heading\">La Planche des Belles Filles<\/h2>\n\n\n\n<p>La Planche des Belles Filles \u00e8 cos\u00ec chiamata perch\u00e9 nel 1635 le donne e le ragazze del villaggio di Plancher-Bas decisero di rifugiarsi sulle colline per sfuggire ai feroci e spietati guerrieri svedesi. Gli uomini rimasero a difendere il loro villaggio. L&#8217;unico sopravvissuto fu un ragazzo che si rifugi\u00f2 con le donne, ma le tracce che lasci\u00f2 sul terreno furono seguite dai guerrieri. La fine \u00e8 aperta a molte leggende. Cercate su internet se volete saperne di pi\u00f9\u2026 La parola &#8220;planche&#8221; designava le colline pi\u00f9 basse che conducevano a una montagna. Ora si dice &#8220;contreforts&#8221;. Tradotto parola per parola: i contrafforti delle belle ragazze.<\/p>\n","protected":false},"excerpt":{"rendered":"<p>L&#8217;incontro regionale del GRAND-EST 2023 \u00e8 previsto per il 27 maggio 2023, con partenza alle ore 9 da Plancher-les-Mines 70290. Un aperitivo di benvenuto sar\u00e0 servito a partire dalle 8 nel parcheggio dell&#8217;impasse du canal (girare a destra in rue du pont du Var, il parcheggio si trova sulla sinistra dopo il piccolo ponte). I [&hellip;]<\/p>\n","protected":false},"author":69,"featured_media":0,"comment_status":"closed","ping_status":"closed","sticky":false,"template":"","format":"standard","meta":{"_acf_changed":false,"ub_ctt_via":"","_monsterinsights_skip_tracking":false,"_monsterinsights_sitenote_active":false,"_monsterinsights_sitenote_note":"","_monsterinsights_sitenote_category":0,"footnotes":""},"categories":[560,270],"tags":[],"acf":[],"featured_image_urls":{"full":"","thumbnail":"","medium":"","medium_large":"","large":"","1536x1536":"","2048x2048":"","woocommerce_thumbnail":"","woocommerce_single":"","woocommerce_gallery_thumbnail":""},"post_excerpt_stackable":"<p>L&#8217;incontro regionale del GRAND-EST 2023 \u00e8 previsto per il 27 maggio 2023, con partenza alle ore 9 da Plancher-les-Mines 70290. Un aperitivo di benvenuto sar\u00e0 servito a partire dalle 8 nel parcheggio dell&#8217;impasse du canal (girare a destra in rue du pont du Var, il parcheggio si trova sulla sinistra dopo il piccolo ponte). I circuiti proposti si concluderanno alla &#8220;planche des belles filles&#8221;, dove verr\u00e0 servito il tradizionale aperitivo d&#8217;arrivo. Il circuito di mountain bike passer\u00e0 per il nuovo passo &#8220;Sans Nom&#8221; FR-70-1001. La traccia 15701832 \u00e8 disponibile su Openrunner. 35 km e 1100 D+. Il percorso di mountain&hellip;<\/p>\n","category_list":"<a href=\"https:\/\/centcols.org\/backup\/it\/categorie\/rassemblements-it\/rassemblements-2023-it\/\" rel=\"category tag\">Gli incontri del 2023<\/a>, <a href=\"https:\/\/centcols.org\/backup\/it\/categorie\/rassemblements-it\/\" rel=\"category tag\">Incontri Regionali<\/a>","author_info":{"display_name":"Enrico Alberini","author_link":"https:\/\/centcols.org\/backup\/it\/author\/5065\/"},"comments_num":"0 commenti","featured_image_urls_v2":{"full":"","thumbnail":"","medium":"","medium_large":"","large":"","1536x1536":"","2048x2048":"","woocommerce_thumbnail":"","woocommerce_single":"","woocommerce_gallery_thumbnail":""},"post_excerpt_stackable_v2":"<p>L&#8217;incontro regionale del GRAND-EST 2023 \u00e8 previsto per il 27 maggio 2023, con partenza alle ore 9 da Plancher-les-Mines 70290. Un aperitivo di benvenuto sar\u00e0 servito a partire dalle 8 nel parcheggio dell&#8217;impasse du canal (girare a destra in rue du pont du Var, il parcheggio si trova sulla sinistra dopo il piccolo ponte). I circuiti proposti si concluderanno alla &#8220;planche des belles filles&#8221;, dove verr\u00e0 servito il tradizionale aperitivo d&#8217;arrivo. Il circuito di mountain bike passer\u00e0 per il nuovo passo &#8220;Sans Nom&#8221; FR-70-1001. La traccia 15701832 \u00e8 disponibile su Openrunner. 35 km e 1100 D+. Il percorso di mountain&hellip;<\/p>\n","category_list_v2":"<a href=\"https:\/\/centcols.org\/backup\/it\/categorie\/rassemblements-it\/rassemblements-2023-it\/\" rel=\"category tag\">Gli incontri del 2023<\/a>, <a href=\"https:\/\/centcols.org\/backup\/it\/categorie\/rassemblements-it\/\" rel=\"category tag\">Incontri Regionali<\/a>","author_info_v2":{"name":"Enrico Alberini","url":"https:\/\/centcols.org\/backup\/it\/author\/5065\/"},"comments_num_v2":"0 commenti","featured_image_src":null,"_links":{"self":[{"href":"https:\/\/centcols.org\/backup\/it\/wp-json\/wp\/v2\/posts\/68411"}],"collection":[{"href":"https:\/\/centcols.org\/backup\/it\/wp-json\/wp\/v2\/posts"}],"about":[{"href":"https:\/\/centcols.org\/backup\/it\/wp-json\/wp\/v2\/types\/post"}],"author":[{"embeddable":true,"href":"https:\/\/centcols.org\/backup\/it\/wp-json\/wp\/v2\/users\/69"}],"replies":[{"embeddable":true,"href":"https:\/\/centcols.org\/backup\/it\/wp-json\/wp\/v2\/comments?post=68411"}],"version-history":[{"count":0,"href":"https:\/\/centcols.org\/backup\/it\/wp-json\/wp\/v2\/posts\/68411\/revisions"}],"wp:attachment":[{"href":"https:\/\/centcols.org\/backup\/it\/wp-json\/wp\/v2\/media?parent=68411"}],"wp:term":[{"taxonomy":"category","embeddable":true,"href":"https:\/\/centcols.org\/backup\/it\/wp-json\/wp\/v2\/categories?post=68411"},{"taxonomy":"post_tag","embeddable":true,"href":"https:\/\/centcols.org\/backup\/it\/wp-json\/wp\/v2\/tags?post=68411"}],"curies":[{"name":"wp","href":"https:\/\/api.w.org\/{rel}","templated":true}]}}