{"id":69121,"date":"2022-06-08T12:39:53","date_gmt":"2022-06-08T10:39:53","guid":{"rendered":"https:\/\/centcols.org\/backup\/les-boucles-d-ardeche\/"},"modified":"2022-12-17T18:37:19","modified_gmt":"2022-12-17T17:37:19","slug":"les-boucles-d-ardeche","status":"publish","type":"post","link":"https:\/\/centcols.org\/backup\/it\/les-boucles-d-ardeche\/","title":{"rendered":"Gli Anelli dell&#8217;Ard\u00e8che"},"content":{"rendered":"<h2>Presentazione<\/h2>\n<p>Un circuito di 1421 km che copre i dipartimenti dell&#8217;Ard\u00e8che e del Gard, con 6 anelli, 120 passi, 4 passi facoltativi e un dislivello approssimativo di 27.990 metri.<\/p>\n<p>Questa randonn\u00e9 dei 100 cols en Ard\u00e8che \u00e8 stata elaborata da Jean-Marc Cl\u00e9ment della Confr\u00e9rie des Cent Cols sulla base della randonn\u00e9 dei 100 passi in Ard\u00e8che gi\u00e0 esistente.<\/p>\n<h2>Percorsi<\/h2>\n<p><iframe loading=\"lazy\" src=\"\/rando_perm\/carto\/mbtrp.php?rp=arb\" width=\"800\" height=\"600\"><\/iframe><\/p>\n<p><a href=\"\/rando_perm\/inscription.php?rando=arb\" target=\"_blank\" rel=\"noreferrer noopener\">Modulo d&#8217;iscrizione<\/a><\/p>\n<h2>Tema<\/h2>\n<p>Il Club des Cent Cols, fondato nel 1972, affiliato alla\u00a0<a href=\"http:\/\/www.ffct.org\/\">Federazione Francese di Cicloturismo<\/a>\u00a0al N\u00b06384, vi propone questa Randonn\u00e9 Permanente basata su un tema semplice: \u00abCento passi\u00bb.<\/p>\n<p>Cento passi, sia per entrare nella Confraternit\u00e0 dei Cent Cols, sa per permettervi di progredire \u00abnell\u2019Albo d\u2019onore\u00bb della Confraternita, in ogni modo per farvi scoprire o riscoprire il dipartimento della Dr\u00f4me cos\u00ec ricco in siti naturali e storici.<\/p>\n<h2>Controlli<\/h2>\n<p>Dodici controlli sono obbligatori; saranno effettuati in punti del percorso scelti dall&#8217;escursionista, con un controllo per ogni anello (i numeri degli anelli si trovano sulla mappa del percorso).<\/p>\n<p>Gli anelli (con le tappe proposte) sono i seguenti e partono da :<\/p>\n<ol>\n<li>Tournon &#8211; Vanosc : 93,5 km, Vanosc &#8211; Lamastre : 99,5 km, Lamastre &#8211; Tournon : 80,5 km (D+ cumul\u00e9 : 5255 m)<\/li>\n<li>Lamastre &#8211; Duni\u00e8res : 115,5 km, Duni\u00e8re &#8211; Lamastre : 95,5 km (D+ cumul\u00e9 : 4550\u00a0m)<\/li>\n<li>Lamastre &#8211; Le B\u00e9age : 126 km, Le B\u00e9age &#8211; Lamastre : 123,5 km (D+ cumul\u00e9 : 5535\u00a0m)<\/li>\n<li>Privas &#8211; Largenti\u00e8re : 95 km, Largenti\u00e8re &#8211; St Germain : 75 km, St Germain &#8211; Privas : 132 km (D+ cumul\u00e9 : 5885\u00a0m)<\/li>\n<li>Vals les bains &#8211; Lanarce : 98 km, Lanarce &#8211; Vals les Bains, : 105 km (D+ cumul\u00e9 : 4015\u00a0m)<\/li>\n<li>Largenti\u00e8re &#8211; Les Vans : 80 km, Les Vans &#8211; Largenti\u00e8re : 102 km (D+ cumul\u00e9 : 3050\u00a0m)<\/li>\n<\/ol>\n<h2>I principali passi<\/h2>\n\n\n<ul><li>Col du Rouvey (07)<\/li><li>Col des 4 Vios (07)<\/li><li>Col de la Croix de Pecona(43)<\/li><li>Pas du Benas (07)<\/li><li>Col du Pendu (07)<\/li><li>Col de Loubaresse (07)<\/li><\/ul>\n\n\n\n<h2 class=\"wp-block-heading\">Siti BCN e BPF sui percorsi<\/h2>\n\n\n\n<ul><li>Vallon Pont d\u2019Arc<\/li><li>Les Vans<\/li><li>Loubaresse<\/li><li>Lac d\u2019Issarl\u00e8s<\/li><li>St Agr\u00e8ve<\/li><li>Le Gerbier de Joncs<\/li><\/ul>\n\n\n\n<h2 class=\"wp-block-heading\">Regola del gioco delle Randonn\u00e9 permanenti<\/h2>\n\n\n\n<p>Ogni partecipante a questa randonn\u00e9 si impegna a rispettare la&nbsp;<a href=\"https:\/\/centcols.org\/backup\/it\/rdj-randonnees-permanentes\/\">regola del gioco<\/a>&nbsp;specifica.<\/p>\n\n\n\n<h2 class=\"wp-block-heading\">Per maggiori informazioni<\/h2>\n\n\n\n<h3 class=\"wp-block-heading\">Rivolgersi al responsabile delle randonn\u00e9 permanenti<\/h3>\n\n\n\n<p>Jean-Marc CLEMENT<br>10 rue de Normandie<br>31120 Portet sur Garonne<br>FRANCE<\/p>\n\n\n\n<p>T\u00e9l : +33 (0)5 61 76 30 12<br>E-mail : <a href=\"&#109;&#97;i&#108;t&#111;&#58;ra&#110;d&#111;s&#64;ce&#110;tco&#108;&#115;&#46;n&#101;t&#32;\">&#114;&#97;&#110;&#100;o&#115;&#64;cent&#99;ols&#46;&#110;e&#116; <\/a><\/p>\n\n\n\n<p>Attenzione: inviate le mappe dei percorsi da approvare, cos\u00ec come le cartoline e i resoconti di viaggio, solo al responsabile delle randonn\u00e9 permanenti attivo al momento dell&#8217;invio e che troverete sul sito web di 100 COLS!<\/p>\n","protected":false},"excerpt":{"rendered":"<p>Presentazione Un circuito di 1421 km che copre i dipartimenti dell&#8217;Ard\u00e8che e del Gard, con 6 anelli, 120 passi, 4 passi facoltativi e un dislivello approssimativo di 27.990 metri. Questa randonn\u00e9 dei 100 cols en Ard\u00e8che \u00e8 stata elaborata da Jean-Marc Cl\u00e9ment della Confr\u00e9rie des Cent Cols sulla base della randonn\u00e9 dei 100 passi in [&hellip;]<\/p>\n","protected":false},"author":16,"featured_media":0,"comment_status":"closed","ping_status":"closed","sticky":false,"template":"","format":"standard","meta":{"_acf_changed":false,"ub_ctt_via":"","_monsterinsights_skip_tracking":false,"_monsterinsights_sitenote_active":false,"_monsterinsights_sitenote_note":"","_monsterinsights_sitenote_category":0,"footnotes":""},"categories":[334,322],"tags":[],"acf":[],"featured_image_urls":{"full":"","thumbnail":"","medium":"","medium_large":"","large":"","1536x1536":"","2048x2048":"","woocommerce_thumbnail":"","woocommerce_single":"","woocommerce_gallery_thumbnail":""},"post_excerpt_stackable":"<p>Presentazione Un circuito di 1421 km che copre i dipartimenti dell&#8217;Ard\u00e8che e del Gard, con 6 anelli, 120 passi, 4 passi facoltativi e un dislivello approssimativo di 27.990 metri. Questa randonn\u00e9 dei 100 cols en Ard\u00e8che \u00e8 stata elaborata da Jean-Marc Cl\u00e9ment della Confr\u00e9rie des Cent Cols sulla base della randonn\u00e9 dei 100 passi in Ard\u00e8che gi\u00e0 esistente. Percorsi Modulo d&#8217;iscrizione Tema Il Club des Cent Cols, fondato nel 1972, affiliato alla\u00a0Federazione Francese di Cicloturismo\u00a0al N\u00b06384, vi propone questa Randonn\u00e9 Permanente basata su un tema semplice: \u00abCento passi\u00bb. Cento passi, sia per entrare nella Confraternit\u00e0 dei Cent Cols, sa per&hellip;<\/p>\n","category_list":"<a href=\"https:\/\/centcols.org\/backup\/it\/categorie\/noflux-it\/\" rel=\"category tag\">NoFlux<\/a>, <a href=\"https:\/\/centcols.org\/backup\/it\/categorie\/randonne-permanenti\/\" rel=\"category tag\">Randonn\u00e9 permanenti<\/a>","author_info":{"display_name":"Daniel Bossard","author_link":"https:\/\/centcols.org\/backup\/it\/author\/6053\/"},"comments_num":"0 commenti","featured_image_urls_v2":{"full":"","thumbnail":"","medium":"","medium_large":"","large":"","1536x1536":"","2048x2048":"","woocommerce_thumbnail":"","woocommerce_single":"","woocommerce_gallery_thumbnail":""},"post_excerpt_stackable_v2":"<p>Presentazione Un circuito di 1421 km che copre i dipartimenti dell&#8217;Ard\u00e8che e del Gard, con 6 anelli, 120 passi, 4 passi facoltativi e un dislivello approssimativo di 27.990 metri. Questa randonn\u00e9 dei 100 cols en Ard\u00e8che \u00e8 stata elaborata da Jean-Marc Cl\u00e9ment della Confr\u00e9rie des Cent Cols sulla base della randonn\u00e9 dei 100 passi in Ard\u00e8che gi\u00e0 esistente. Percorsi Modulo d&#8217;iscrizione Tema Il Club des Cent Cols, fondato nel 1972, affiliato alla\u00a0Federazione Francese di Cicloturismo\u00a0al N\u00b06384, vi propone questa Randonn\u00e9 Permanente basata su un tema semplice: \u00abCento passi\u00bb. Cento passi, sia per entrare nella Confraternit\u00e0 dei Cent Cols, sa per&hellip;<\/p>\n","category_list_v2":"<a href=\"https:\/\/centcols.org\/backup\/it\/categorie\/noflux-it\/\" rel=\"category tag\">NoFlux<\/a>, <a href=\"https:\/\/centcols.org\/backup\/it\/categorie\/randonne-permanenti\/\" rel=\"category tag\">Randonn\u00e9 permanenti<\/a>","author_info_v2":{"name":"Daniel Bossard","url":"https:\/\/centcols.org\/backup\/it\/author\/6053\/"},"comments_num_v2":"0 commenti","featured_image_src":null,"_links":{"self":[{"href":"https:\/\/centcols.org\/backup\/it\/wp-json\/wp\/v2\/posts\/69121"}],"collection":[{"href":"https:\/\/centcols.org\/backup\/it\/wp-json\/wp\/v2\/posts"}],"about":[{"href":"https:\/\/centcols.org\/backup\/it\/wp-json\/wp\/v2\/types\/post"}],"author":[{"embeddable":true,"href":"https:\/\/centcols.org\/backup\/it\/wp-json\/wp\/v2\/users\/16"}],"replies":[{"embeddable":true,"href":"https:\/\/centcols.org\/backup\/it\/wp-json\/wp\/v2\/comments?post=69121"}],"version-history":[{"count":0,"href":"https:\/\/centcols.org\/backup\/it\/wp-json\/wp\/v2\/posts\/69121\/revisions"}],"wp:attachment":[{"href":"https:\/\/centcols.org\/backup\/it\/wp-json\/wp\/v2\/media?parent=69121"}],"wp:term":[{"taxonomy":"category","embeddable":true,"href":"https:\/\/centcols.org\/backup\/it\/wp-json\/wp\/v2\/categories?post=69121"},{"taxonomy":"post_tag","embeddable":true,"href":"https:\/\/centcols.org\/backup\/it\/wp-json\/wp\/v2\/tags?post=69121"}],"curies":[{"name":"wp","href":"https:\/\/api.w.org\/{rel}","templated":true}]}}