{"id":69139,"date":"2022-12-16T18:08:26","date_gmt":"2022-12-16T17:08:26","guid":{"rendered":"https:\/\/centcols.org\/backup\/michel-minard\/"},"modified":"2023-12-15T14:46:18","modified_gmt":"2023-12-15T13:46:18","slug":"michel-minard","status":"publish","type":"post","link":"https:\/\/centcols.org\/backup\/it\/michel-minard\/","title":{"rendered":"Michel Minard"},"content":{"rendered":"\n<p>Prima di conoscere Michel N.1361), negli anni &#8217;90 andavamo spesso in bicicletta con suo figlio Philippe. Anche Philippe era un membro attivo tra i Cent Cols in quel periodo.<br>Il primo incontro con Michel \u00e8 avvenuto durante il soggiorno di Gilette nell&#8217;aprile 2015. Con poco pi\u00f9 di 1300 passi all&#8217;epoca, ci ha detto che il suo obiettivo era di arrivare a 1500. Questo obiettivo ci \u00e8 sembrato molto ambizioso, data l&#8217;imponente morfologia e l&#8217;et\u00e0 dell&#8217;individuo.<br>Tuttavia, non contavamo sulla sua ostinazione e perseveranza, perch\u00e9 avrebbe superato questo obiettivo. Era l&#8217;incarnazione di una forza tranquilla e lo abbiamo ritrovato in seguito in ognuno dei nostri soggiorni con il CCC. Si rifiutava categoricamente di passare al VAE e ci diceva regolarmente: &#8220;Questa \u00e8 la mia ultima partecipazione\u2026&#8221;.<br>La perdita della moglie Colette nel 2008 lo aveva colpito molto e spesso ne evocava il ricordo.<br>A 85 anni se n&#8217;\u00e8 andato con discrezione, come ha sempre vissuto, e alle prossime riunioni non vedremo pi\u00f9 il piccolo camper che era il suo unico veicolo.<\/p>\n\n\n\n<p>Claude et Michel RABUTEAU<\/p>\n","protected":false},"excerpt":{"rendered":"<p>Prima di conoscere Michel N.1361), negli anni &#8217;90 andavamo spesso in bicicletta con suo figlio Philippe. Anche Philippe era un membro attivo tra i Cent Cols in quel periodo.Il primo incontro con Michel \u00e8 avvenuto durante il soggiorno di Gilette nell&#8217;aprile 2015. Con poco pi\u00f9 di 1300 passi all&#8217;epoca, ci ha detto che il suo [&hellip;]<\/p>\n","protected":false},"author":69,"featured_media":0,"comment_status":"closed","ping_status":"closed","sticky":false,"template":"","format":"standard","meta":{"_acf_changed":false,"ub_ctt_via":"","_monsterinsights_skip_tracking":false,"_monsterinsights_sitenote_active":false,"_monsterinsights_sitenote_note":"","_monsterinsights_sitenote_category":0,"footnotes":""},"categories":[567,631],"tags":[],"acf":[],"featured_image_urls":{"full":"","thumbnail":"","medium":"","medium_large":"","large":"","1536x1536":"","2048x2048":"","woocommerce_thumbnail":"","woocommerce_single":"","woocommerce_gallery_thumbnail":""},"post_excerpt_stackable":"<p>Prima di conoscere Michel N.1361), negli anni &#8217;90 andavamo spesso in bicicletta con suo figlio Philippe. Anche Philippe era un membro attivo tra i Cent Cols in quel periodo.Il primo incontro con Michel \u00e8 avvenuto durante il soggiorno di Gilette nell&#8217;aprile 2015. Con poco pi\u00f9 di 1300 passi all&#8217;epoca, ci ha detto che il suo obiettivo era di arrivare a 1500. Questo obiettivo ci \u00e8 sembrato molto ambizioso, data l&#8217;imponente morfologia e l&#8217;et\u00e0 dell&#8217;individuo.Tuttavia, non contavamo sulla sua ostinazione e perseveranza, perch\u00e9 avrebbe superato questo obiettivo. Era l&#8217;incarnazione di una forza tranquilla e lo abbiamo ritrovato in seguito in ognuno&hellip;<\/p>\n","category_list":"<a href=\"https:\/\/centcols.org\/backup\/it\/categorie\/ci-hanno-lasciato\/\" rel=\"category tag\">Ci hanno lasciato<\/a>, <a href=\"https:\/\/centcols.org\/backup\/it\/categorie\/carnet-noir-it\/\" rel=\"category tag\">Ci hanno lasciato<\/a>","author_info":{"display_name":"Enrico Alberini","author_link":"https:\/\/centcols.org\/backup\/it\/author\/5065\/"},"comments_num":"0 commenti","featured_image_urls_v2":{"full":"","thumbnail":"","medium":"","medium_large":"","large":"","1536x1536":"","2048x2048":"","woocommerce_thumbnail":"","woocommerce_single":"","woocommerce_gallery_thumbnail":""},"post_excerpt_stackable_v2":"<p>Prima di conoscere Michel N.1361), negli anni &#8217;90 andavamo spesso in bicicletta con suo figlio Philippe. Anche Philippe era un membro attivo tra i Cent Cols in quel periodo.Il primo incontro con Michel \u00e8 avvenuto durante il soggiorno di Gilette nell&#8217;aprile 2015. Con poco pi\u00f9 di 1300 passi all&#8217;epoca, ci ha detto che il suo obiettivo era di arrivare a 1500. Questo obiettivo ci \u00e8 sembrato molto ambizioso, data l&#8217;imponente morfologia e l&#8217;et\u00e0 dell&#8217;individuo.Tuttavia, non contavamo sulla sua ostinazione e perseveranza, perch\u00e9 avrebbe superato questo obiettivo. Era l&#8217;incarnazione di una forza tranquilla e lo abbiamo ritrovato in seguito in ognuno&hellip;<\/p>\n","category_list_v2":"<a href=\"https:\/\/centcols.org\/backup\/it\/categorie\/ci-hanno-lasciato\/\" rel=\"category tag\">Ci hanno lasciato<\/a>, <a href=\"https:\/\/centcols.org\/backup\/it\/categorie\/carnet-noir-it\/\" rel=\"category tag\">Ci hanno lasciato<\/a>","author_info_v2":{"name":"Enrico Alberini","url":"https:\/\/centcols.org\/backup\/it\/author\/5065\/"},"comments_num_v2":"0 commenti","featured_image_src":null,"_links":{"self":[{"href":"https:\/\/centcols.org\/backup\/it\/wp-json\/wp\/v2\/posts\/69139"}],"collection":[{"href":"https:\/\/centcols.org\/backup\/it\/wp-json\/wp\/v2\/posts"}],"about":[{"href":"https:\/\/centcols.org\/backup\/it\/wp-json\/wp\/v2\/types\/post"}],"author":[{"embeddable":true,"href":"https:\/\/centcols.org\/backup\/it\/wp-json\/wp\/v2\/users\/69"}],"replies":[{"embeddable":true,"href":"https:\/\/centcols.org\/backup\/it\/wp-json\/wp\/v2\/comments?post=69139"}],"version-history":[{"count":0,"href":"https:\/\/centcols.org\/backup\/it\/wp-json\/wp\/v2\/posts\/69139\/revisions"}],"wp:attachment":[{"href":"https:\/\/centcols.org\/backup\/it\/wp-json\/wp\/v2\/media?parent=69139"}],"wp:term":[{"taxonomy":"category","embeddable":true,"href":"https:\/\/centcols.org\/backup\/it\/wp-json\/wp\/v2\/categories?post=69139"},{"taxonomy":"post_tag","embeddable":true,"href":"https:\/\/centcols.org\/backup\/it\/wp-json\/wp\/v2\/tags?post=69139"}],"curies":[{"name":"wp","href":"https:\/\/api.w.org\/{rel}","templated":true}]}}