{"id":69309,"date":"2022-12-29T16:50:32","date_gmt":"2022-12-29T15:50:32","guid":{"rendered":"https:\/\/centcols.org\/backup\/?p=69309"},"modified":"2024-03-28T17:07:31","modified_gmt":"2024-03-28T16:07:31","slug":"sejour-ete-2023-praz-sur-arly","status":"publish","type":"post","link":"https:\/\/centcols.org\/backup\/it\/sejour-ete-2023-praz-sur-arly\/","title":{"rendered":"Soggiorno estivo a Praz-sur-Arly, dal 26 agosto al 02 settembre 2023"},"content":{"rendered":"<p>Enrico Alberini, Jean Luc Matte, Christophe Badonnel e i responsabili informatici hanno contribuito a questa pagina di presentazione del viaggio.<\/p>\n<p>Il soggiorno estivo 2023 si svolger\u00e0 dal 26 agosto al 02 settembre 2023 nel dipartimento dell&#8217;Alta Savoia, nel cuore della regione del Monte Bianco. \u00c8 stato preparato da un piccolo team locale: Didier R\u00e9mond e S\u00e9bastien Vadot.<\/p>\n<p><a href=\"https:\/\/photos.app.goo.gl\/DjrFVz4AiSMx2FpT9\">Album di foto di Didier R\u00e9mond<\/a><\/p>\n<div id=\"attachment_69451\" style=\"width: 310px\" class=\"wp-caption aligncenter\"><img loading=\"lazy\" decoding=\"async\" aria-describedby=\"caption-attachment-69451\" class=\"size-thumbnail wp-image-69451\" src=\"https:\/\/centcols.org\/backup\/wp-content\/uploads\/2022\/12\/vue-sur-le-Mont-Blanc-300x300.jpg\" alt=\"\" width=\"300\" height=\"300\" srcset=\"https:\/\/centcols.org\/backup\/wp-content\/uploads\/2022\/12\/vue-sur-le-Mont-Blanc-300x300.jpg 300w, https:\/\/centcols.org\/backup\/wp-content\/uploads\/2022\/12\/vue-sur-le-Mont-Blanc-100x100.jpg 100w\" sizes=\"(max-width: 300px) 100vw, 300px\" \/><p id=\"caption-attachment-69451\" class=\"wp-caption-text\">vue sur le Mont Blanc<\/p><\/div>\n<p><span style=\"color: #000000;\">Soggiorneremo nel villaggio turistico Belambra &#8220;l&#8217;Alisier&#8221;<br \/>\n<\/span><\/p>\n<p><div class=\"leaflet-map WPLeafletMap\" style=\"height:600px; width:100%;\"><\/div><script>\nwindow.WPLeafletMapPlugin = window.WPLeafletMapPlugin || [];\nwindow.WPLeafletMapPlugin.push(function WPLeafletMapShortcode() {\/*<script>*\/\nvar baseUrl = atob('aHR0cHM6Ly97c30udGlsZS5vcGVuc3RyZWV0bWFwLm9yZy97en0ve3h9L3t5fS5wbmc=');\nvar base = (!baseUrl && window.MQ) ?\n    window.MQ.mapLayer() : L.tileLayer(baseUrl,\n        L.Util.extend({}, {\n            detectRetina: 0,\n        },\n        {\"subdomains\":\"abc\",\"noWrap\":false,\"maxZoom\":18}        )\n    );\n    var options = L.Util.extend({}, {\n        layers: [base],\n        attributionControl: false\n    },\n    {\"zoomControl\":true,\"scrollWheelZoom\":true,\"doubleClickZoom\":false,\"fitBounds\":false,\"minZoom\":0,\"maxZoom\":18,\"maxBounds\":null,\"attribution\":\"<a href=\\\"http:\\\/\\\/leafletjs.com\\\">Leaflet<\\\/a>; \\u00a9 <a href=\\\"http:\\\/\\\/www.openstreetmap.org\\\/copyright\\\">OpenStreetMap<\\\/a> contributors\"},\n    {});\nwindow.WPLeafletMapPlugin.createMap(options).setView([45.836,6.566],14);});<\/script><br \/>\n<script>\nwindow.WPLeafletMapPlugin = window.WPLeafletMapPlugin || [];\nwindow.WPLeafletMapPlugin.push(function WPLeafletMarkerShortcode() {\/*<script>*\/\nvar map = window.WPLeafletMapPlugin.getCurrentMap();\nvar group = window.WPLeafletMapPlugin.getCurrentGroup();\nvar marker_options = window.WPLeafletMapPlugin.getIconOptions({\"iconUrl\":\"\\\/res\\\/lib\\\/leaflet\\\/images\\\/hotel.png\",\"iconSize\":\"24,72\",\"popupAnchor\":\"0,-32\"});\nvar marker = L.marker(\n    [45.836,6.566],\n    marker_options\n);\nvar is_image = map.is_image_map;\nif (marker_options.draggable) {\n    marker.on('dragend', function () {\n        var latlng = this.getLatLng();\n        var lat = latlng.lat;\n        var lng = latlng.lng;\n        if (is_image) {\n            console.log('leaflet-marker y=' + lat + ' x=' + lng);\n        } else {\n            console.log('leaflet-marker lat=' + lat + ' lng=' + lng);\n        }\n    });\n}\nmarker.addTo( group );\nmarker.bindPopup(window.WPLeafletMapPlugin.unescape('Club Belambra L&amp;#8217;Alisier'));window.WPLeafletMapPlugin.markers.push( marker );\n        });<\/script><\/p>\n<p><span style=\"color: #000000;\">Troverete qui sotto le rubriche :<\/span><\/p>\n<ul>\n<li><span style=\"color: #000000;\">Presentazione della regione<\/span><\/li>\n<li><span style=\"color: #000000;\">Percorsi,\u00a0\u00a0 percorsi su strada, percorsi in mountain bike<\/span><\/li>\n<li><span style=\"color: #000000;\">Alloggio<\/span><\/li>\n<li><span style=\"color: #000000;\">Nota del Consiglio di Amministrazione<\/span><\/li>\n<li><span style=\"color: #000000;\">Iscrizione<\/span><\/li>\n<li><span style=\"color: #000000;\">Altre attivit\u00e0 o visite\u00a0 <\/span><\/li>\n<\/ul>\n<p><strong><u>Ciclo riparatori:<br \/>\n<\/u><\/strong><\/p>\n","protected":false},"excerpt":{"rendered":"<p>Enrico Alberini, Jean Luc Matte, Christophe Badonnel e i responsabili informatici hanno contribuito a questa pagina di presentazione del viaggio. Il soggiorno estivo 2023 si svolger\u00e0 dal 26 agosto al 02 settembre 2023 nel dipartimento dell&#8217;Alta Savoia, nel cuore della regione del Monte Bianco. \u00c8 stato preparato da un piccolo team locale: Didier R\u00e9mond e [&hellip;]<\/p>\n","protected":false},"author":69,"featured_media":0,"comment_status":"closed","ping_status":"closed","sticky":false,"template":"","format":"standard","meta":{"_acf_changed":false,"ub_ctt_via":"","_monsterinsights_skip_tracking":false,"_monsterinsights_sitenote_active":false,"_monsterinsights_sitenote_note":"","_monsterinsights_sitenote_category":0,"footnotes":""},"categories":[263],"tags":[],"acf":[],"featured_image_urls":{"full":"","thumbnail":"","medium":"","medium_large":"","large":"","1536x1536":"","2048x2048":"","woocommerce_thumbnail":"","woocommerce_single":"","woocommerce_gallery_thumbnail":""},"post_excerpt_stackable":"<p>Enrico Alberini, Jean Luc Matte, Christophe Badonnel e i responsabili informatici hanno contribuito a questa pagina di presentazione del viaggio. Il soggiorno estivo 2023 si svolger\u00e0 dal 26 agosto al 02 settembre 2023 nel dipartimento dell&#8217;Alta Savoia, nel cuore della regione del Monte Bianco. \u00c8 stato preparato da un piccolo team locale: Didier R\u00e9mond e S\u00e9bastien Vadot. Album di foto di Didier R\u00e9mond vue sur le Mont Blanc Soggiorneremo nel villaggio turistico Belambra &#8220;l&#8217;Alisier&#8221; Troverete qui sotto le rubriche : Presentazione della regione Percorsi,\u00a0\u00a0 percorsi su strada, percorsi in mountain bike Alloggio Nota del Consiglio di Amministrazione Iscrizione Altre attivit\u00e0&hellip;<\/p>\n","category_list":"<a href=\"https:\/\/centcols.org\/backup\/it\/categorie\/sejours-it\/\" rel=\"category tag\">Soggiorni<\/a>","author_info":{"display_name":"Enrico Alberini","author_link":"https:\/\/centcols.org\/backup\/it\/author\/5065\/"},"comments_num":"0 commenti","featured_image_urls_v2":{"full":"","thumbnail":"","medium":"","medium_large":"","large":"","1536x1536":"","2048x2048":"","woocommerce_thumbnail":"","woocommerce_single":"","woocommerce_gallery_thumbnail":""},"post_excerpt_stackable_v2":"<p>Enrico Alberini, Jean Luc Matte, Christophe Badonnel e i responsabili informatici hanno contribuito a questa pagina di presentazione del viaggio. Il soggiorno estivo 2023 si svolger\u00e0 dal 26 agosto al 02 settembre 2023 nel dipartimento dell&#8217;Alta Savoia, nel cuore della regione del Monte Bianco. \u00c8 stato preparato da un piccolo team locale: Didier R\u00e9mond e S\u00e9bastien Vadot. Album di foto di Didier R\u00e9mond vue sur le Mont Blanc Soggiorneremo nel villaggio turistico Belambra &#8220;l&#8217;Alisier&#8221; Troverete qui sotto le rubriche : Presentazione della regione Percorsi,\u00a0\u00a0 percorsi su strada, percorsi in mountain bike Alloggio Nota del Consiglio di Amministrazione Iscrizione Altre attivit\u00e0&hellip;<\/p>\n","category_list_v2":"<a href=\"https:\/\/centcols.org\/backup\/it\/categorie\/sejours-it\/\" rel=\"category tag\">Soggiorni<\/a>","author_info_v2":{"name":"Enrico Alberini","url":"https:\/\/centcols.org\/backup\/it\/author\/5065\/"},"comments_num_v2":"0 commenti","featured_image_src":null,"_links":{"self":[{"href":"https:\/\/centcols.org\/backup\/it\/wp-json\/wp\/v2\/posts\/69309"}],"collection":[{"href":"https:\/\/centcols.org\/backup\/it\/wp-json\/wp\/v2\/posts"}],"about":[{"href":"https:\/\/centcols.org\/backup\/it\/wp-json\/wp\/v2\/types\/post"}],"author":[{"embeddable":true,"href":"https:\/\/centcols.org\/backup\/it\/wp-json\/wp\/v2\/users\/69"}],"replies":[{"embeddable":true,"href":"https:\/\/centcols.org\/backup\/it\/wp-json\/wp\/v2\/comments?post=69309"}],"version-history":[{"count":0,"href":"https:\/\/centcols.org\/backup\/it\/wp-json\/wp\/v2\/posts\/69309\/revisions"}],"wp:attachment":[{"href":"https:\/\/centcols.org\/backup\/it\/wp-json\/wp\/v2\/media?parent=69309"}],"wp:term":[{"taxonomy":"category","embeddable":true,"href":"https:\/\/centcols.org\/backup\/it\/wp-json\/wp\/v2\/categories?post=69309"},{"taxonomy":"post_tag","embeddable":true,"href":"https:\/\/centcols.org\/backup\/it\/wp-json\/wp\/v2\/tags?post=69309"}],"curies":[{"name":"wp","href":"https:\/\/api.w.org\/{rel}","templated":true}]}}