{"id":69957,"date":"2022-11-21T10:23:00","date_gmt":"2022-11-21T09:23:00","guid":{"rendered":"https:\/\/centcols.org\/backup\/drome-ardeche-vaucluse-2023\/"},"modified":"2023-08-28T08:25:48","modified_gmt":"2023-08-28T06:25:48","slug":"drome-ardeche-vaucluse-2023","status":"publish","type":"post","link":"https:\/\/centcols.org\/backup\/it\/drome-ardeche-vaucluse-2023\/","title":{"rendered":"Dr\u00f4me Ard\u00e8che Vaucluse, sabato 9 settembre 2023 al col du Laux (FR-26-0883)"},"content":{"rendered":"\n<p class=\"has-medium-font-size\">Questo incontro si terr\u00e0 sabato 9 settembre 2023. Accoglienza dalle 11.00 alle 15.30.<br>Pedalerete nella Dr\u00f4me Proven\u00e7ale, al confine con i dipartimenti delle Hautes-Alpes e delle Alpes de Haute Provence.  Si tratta di un paesaggio di media montagna, con passi a un&#8217;altitudine compresa tra gli 800 e i 1000 metri.<br>Un susseguirsi di cime e vallate che spezzano un po&#8217; le gambe. Il rilievo \u00e8 calcareo con magnifiche marne bianche o arancio pastello. Fotografi, preparate le vostre macchine fotografiche.<br>Gli organizzatori vi offriranno salsicce, formaggio e altre specialit\u00e0 regionali con alcuni liquidi. Ne avrete bisogno per confortarvi dopo le fatiche della giornata.<br>giornata di sforzi.<\/p>\n\n\n\n<p class=\"has-medium-font-size\">Nom openrunner : Route Col du Laux 56 km 5 cols<br><a href=\"https:\/\/www.openrunner.com\/route-details\/17357018\">https:\/\/www.openrunner.com\/route-details\/17357018<\/a><br>FR-05-0604 Le Collet 592 &#8212;<br>FR-05-0749 Le Col 749 &#8212;<br>FR-05-0744 Le Collet 744 &#8212;<br>FR-26-0883 Col du Laux 883 &#8212;<br>FR-26-0886a Le Collet 883 &#8212;<br><br>Si consiglia di partire dal villaggio di Verclause , parcheggio del SuperU.<br><br>Nome openrunner VTT col du Laux 36 km 11 cols<br><a href=\"https:\/\/www.openrunner.com\/route-details\/17356423\" title=\"\">https:\/\/www.openrunner.com\/route-details\/17356423<\/a><br><br>FR-26-0883 Col du Laux 883<br>FR-26-1087 Col de l&#8217;Ebastier 1087<br>FR-26-1052b Col du Reychasset<br>FR-26-1155a Col de Montaux 1155<br>FR-26-1134 Col du Sault 1134<br>FR-05-1135a Col de Lagremuse 1135<br>FR-05-1142a Col du Bravoux 1142<br>FR-26-1056b Col de Pierre Vesce 1056<br>FR-26-0997 Collet de Martin 997<br>FR-05-0937 Col de l&#8217;Adr\u00e8chon 937<br>FR-05-0991 Col d&#8217;Etoile 991<br><br>Si consigli di partire dal  col de Reychasset che si trova sul circuito. C&#8217;\u00e8 lo spazio per diversi veicoli. Qiuesto peremeete di evitare di salire in MTB sulla strada asfaltata.<\/p>\n\n\n\n<h3 class=\"wp-block-heading\">Contatto<\/h3>\n\n\n\n<p class=\"has-medium-font-size\">Jean-Marie Gilouin<br>06 31 79 01 06<br><a href=\"mai&#108;t&#111;:&#98;&#106;&#109;&#46;c&#101;n&#116;&#99;ols&#64;gma&#105;&#108;.co&#109;\">&#98;&#106;m.&#99;&#101;&#110;&#116;&#99;&#111;&#108;s&#64;gm&#97;&#105;l&#46;c&#111;&#109;<\/a><\/p>\n","protected":false},"excerpt":{"rendered":"<p>Questo incontro si terr\u00e0 sabato 9 settembre 2023. Accoglienza dalle 11.00 alle 15.30.Pedalerete nella Dr\u00f4me Proven\u00e7ale, al confine con i dipartimenti delle Hautes-Alpes e delle Alpes de Haute Provence. Si tratta di un paesaggio di media montagna, con passi a un&#8217;altitudine compresa tra gli 800 e i 1000 metri.Un susseguirsi di cime e vallate che [&hellip;]<\/p>\n","protected":false},"author":69,"featured_media":0,"comment_status":"closed","ping_status":"closed","sticky":false,"template":"","format":"standard","meta":{"_acf_changed":false,"ub_ctt_via":"","_monsterinsights_skip_tracking":false,"_monsterinsights_sitenote_active":false,"_monsterinsights_sitenote_note":"","_monsterinsights_sitenote_category":0,"footnotes":""},"categories":[560],"tags":[],"acf":[],"featured_image_urls":{"full":"","thumbnail":"","medium":"","medium_large":"","large":"","1536x1536":"","2048x2048":"","woocommerce_thumbnail":"","woocommerce_single":"","woocommerce_gallery_thumbnail":""},"post_excerpt_stackable":"<p>Questo incontro si terr\u00e0 sabato 9 settembre 2023. Accoglienza dalle 11.00 alle 15.30.Pedalerete nella Dr\u00f4me Proven\u00e7ale, al confine con i dipartimenti delle Hautes-Alpes e delle Alpes de Haute Provence. Si tratta di un paesaggio di media montagna, con passi a un&#8217;altitudine compresa tra gli 800 e i 1000 metri.Un susseguirsi di cime e vallate che spezzano un po&#8217; le gambe. Il rilievo \u00e8 calcareo con magnifiche marne bianche o arancio pastello. Fotografi, preparate le vostre macchine fotografiche.Gli organizzatori vi offriranno salsicce, formaggio e altre specialit\u00e0 regionali con alcuni liquidi. Ne avrete bisogno per confortarvi dopo le fatiche della giornata.giornata di&hellip;<\/p>\n","category_list":"<a href=\"https:\/\/centcols.org\/backup\/it\/categorie\/rassemblements-it\/rassemblements-2023-it\/\" rel=\"category tag\">Gli incontri del 2023<\/a>","author_info":{"display_name":"Enrico Alberini","author_link":"https:\/\/centcols.org\/backup\/it\/author\/5065\/"},"comments_num":"0 commenti","featured_image_urls_v2":{"full":"","thumbnail":"","medium":"","medium_large":"","large":"","1536x1536":"","2048x2048":"","woocommerce_thumbnail":"","woocommerce_single":"","woocommerce_gallery_thumbnail":""},"post_excerpt_stackable_v2":"<p>Questo incontro si terr\u00e0 sabato 9 settembre 2023. Accoglienza dalle 11.00 alle 15.30.Pedalerete nella Dr\u00f4me Proven\u00e7ale, al confine con i dipartimenti delle Hautes-Alpes e delle Alpes de Haute Provence. Si tratta di un paesaggio di media montagna, con passi a un&#8217;altitudine compresa tra gli 800 e i 1000 metri.Un susseguirsi di cime e vallate che spezzano un po&#8217; le gambe. Il rilievo \u00e8 calcareo con magnifiche marne bianche o arancio pastello. Fotografi, preparate le vostre macchine fotografiche.Gli organizzatori vi offriranno salsicce, formaggio e altre specialit\u00e0 regionali con alcuni liquidi. Ne avrete bisogno per confortarvi dopo le fatiche della giornata.giornata di&hellip;<\/p>\n","category_list_v2":"<a href=\"https:\/\/centcols.org\/backup\/it\/categorie\/rassemblements-it\/rassemblements-2023-it\/\" rel=\"category tag\">Gli incontri del 2023<\/a>","author_info_v2":{"name":"Enrico Alberini","url":"https:\/\/centcols.org\/backup\/it\/author\/5065\/"},"comments_num_v2":"0 commenti","featured_image_src":null,"_links":{"self":[{"href":"https:\/\/centcols.org\/backup\/it\/wp-json\/wp\/v2\/posts\/69957"}],"collection":[{"href":"https:\/\/centcols.org\/backup\/it\/wp-json\/wp\/v2\/posts"}],"about":[{"href":"https:\/\/centcols.org\/backup\/it\/wp-json\/wp\/v2\/types\/post"}],"author":[{"embeddable":true,"href":"https:\/\/centcols.org\/backup\/it\/wp-json\/wp\/v2\/users\/69"}],"replies":[{"embeddable":true,"href":"https:\/\/centcols.org\/backup\/it\/wp-json\/wp\/v2\/comments?post=69957"}],"version-history":[{"count":0,"href":"https:\/\/centcols.org\/backup\/it\/wp-json\/wp\/v2\/posts\/69957\/revisions"}],"wp:attachment":[{"href":"https:\/\/centcols.org\/backup\/it\/wp-json\/wp\/v2\/media?parent=69957"}],"wp:term":[{"taxonomy":"category","embeddable":true,"href":"https:\/\/centcols.org\/backup\/it\/wp-json\/wp\/v2\/categories?post=69957"},{"taxonomy":"post_tag","embeddable":true,"href":"https:\/\/centcols.org\/backup\/it\/wp-json\/wp\/v2\/tags?post=69957"}],"curies":[{"name":"wp","href":"https:\/\/api.w.org\/{rel}","templated":true}]}}