{"id":74330,"date":"2023-07-15T17:57:00","date_gmt":"2023-07-15T15:57:00","guid":{"rendered":"https:\/\/centcols.org\/backup\/fr-2a-piana\/"},"modified":"2023-12-06T16:54:57","modified_gmt":"2023-12-06T15:54:57","slug":"fr-2a-piana","status":"publish","type":"post","link":"https:\/\/centcols.org\/backup\/it\/fr-2a-piana\/","title":{"rendered":"FR-2A Piana, E Calenche, Porto &#8211; Strada 102 km, D+ 2377m, 10 passi"},"content":{"rendered":"\n<figure class=\"wp-block-image size-large is-resized\"><img loading=\"lazy\" decoding=\"async\" width=\"907\" height=\"548\" src=\"https:\/\/centcols.org\/backup\/wp-content\/uploads\/2023\/05\/Capture-decran-2023-05-08-120123.jpg\" alt=\"\" class=\"wp-image-72623\" style=\"width:1078px;height:651px\" srcset=\"https:\/\/centcols.org\/backup\/wp-content\/uploads\/2023\/05\/Capture-decran-2023-05-08-120123.jpg 907w, https:\/\/centcols.org\/backup\/wp-content\/uploads\/2023\/05\/Capture-decran-2023-05-08-120123-500x302.jpg 500w, https:\/\/centcols.org\/backup\/wp-content\/uploads\/2023\/05\/Capture-decran-2023-05-08-120123-768x464.jpg 768w, https:\/\/centcols.org\/backup\/wp-content\/uploads\/2023\/05\/Capture-decran-2023-05-08-120123-600x363.jpg 600w\" sizes=\"(max-width: 907px) 100vw, 907px\" \/><\/figure>\n\n\n\n<figure class=\"wp-block-image size-large\"><img loading=\"lazy\" decoding=\"async\" width=\"1200\" height=\"320\" src=\"https:\/\/centcols.org\/backup\/wp-content\/uploads\/2023\/05\/FR-2A-Piana-E-Calanche-Porto-1200x320.jpeg\" alt=\"\" class=\"wp-image-72629\" srcset=\"https:\/\/centcols.org\/backup\/wp-content\/uploads\/2023\/05\/FR-2A-Piana-E-Calanche-Porto-1200x320.jpeg 1200w, https:\/\/centcols.org\/backup\/wp-content\/uploads\/2023\/05\/FR-2A-Piana-E-Calanche-Porto-500x133.jpeg 500w, https:\/\/centcols.org\/backup\/wp-content\/uploads\/2023\/05\/FR-2A-Piana-E-Calanche-Porto-768x205.jpeg 768w, https:\/\/centcols.org\/backup\/wp-content\/uploads\/2023\/05\/FR-2A-Piana-E-Calanche-Porto-1536x410.jpeg 1536w, https:\/\/centcols.org\/backup\/wp-content\/uploads\/2023\/05\/FR-2A-Piana-E-Calanche-Porto-2048x546.jpeg 2048w, https:\/\/centcols.org\/backup\/wp-content\/uploads\/2023\/05\/FR-2A-Piana-E-Calanche-Porto-600x160.jpeg 600w\" sizes=\"(max-width: 1200px) 100vw, 1200px\" \/><\/figure>\n\n\n\n<h2 class=\"wp-block-heading\">Descrizione dell&#8217;autore<\/h2>\n\n\n\n<p><span style=\"font-size: 20px; font-family: arial, helvetica, sans-serif;\"><strong>Autore<\/strong>: Bernard Giraudeau<\/span><\/p>\n\n\n\n<p class=\"has-medium-font-size\"><strong>Percorso<\/strong>: completato nel 2022<\/p>\n\n\n\n<p class=\"has-medium-font-size\"><strong>Partenza<\/strong> : Sagone, incrocio D81 \/ D70 nel centro del villaggio. Alt : 5 m<\/p>\n\n\n\n<p class=\"has-medium-font-size\"><strong>Descrizione turistica<\/strong><\/p>\n\n\n\n<p class=\"has-medium-font-size\">Questo circuito \u00e8 uno dei 2 o 3 percorsi pi\u00f9 belli della Corsica. Partendo da Carg\u00e8se, la vista precipita verso i piccoli golfi di Per\u00f9 e Chiuni. Piana \u00e8 uno dei pi\u00f9 bei villaggi di Francia e il Golfo di Porto si presenta in tre colori: verde per la foresta, blu per il mare e rosso per le rocce. Le famose &#8220;Calanche&#8221; si trovano tra Piana e Porto. Qui il granito rosso \u00e8 eroso in pizzi e merletti. La salita verso Evisa, attraverso la valle del fiume Porto e dei suoi affluenti, non \u00e8 mai faticosa.<\/p>\n\n\n\n<p class=\"has-medium-font-size\"><strong>10<span style=\"font-size: 20px; font-family: arial, helvetica, sans-serif;\"> <\/span>passi<\/strong><\/p>\n\n\n\n<p class=\"has-medium-font-size\">1 Bocca Curnatoghiu <a href=\"https:\/\/centcols.org\/backup\/util\/geo\/visu.php?code=FR-2A-0154\" target=\"_blank\" rel=\"noopener\" title=\"\">FR-2A-0154<\/a><br>2 Bocca di a Torraccia <a href=\"https:\/\/centcols.org\/backup\/util\/geo\/visu.php?code=FR-2A-0101\" target=\"_blank\" rel=\"noopener\" title=\"\">FR-2A-0101<\/a><br>3 Bocca di San Martino <a href=\"https:\/\/centcols.org\/backup\/util\/geo\/visu.php?code=FR-2A-0433\" target=\"_blank\" rel=\"noopener\" title=\"\">FR-2A-0433<\/a><br>4 Bocca a Lavu <a href=\"https:\/\/centcols.org\/backup\/util\/geo\/visu.php?code=FR-2A-0491a\" target=\"_blank\" rel=\"noopener\" title=\"\">FR-2A-0491a<\/a><br>5 Bocca di Ghineparu <a href=\"https:\/\/centcols.org\/backup\/util\/geo\/visu.php?code=FR-2A-0425\" target=\"_blank\" rel=\"noopener\" title=\"\">FR-2A-0425<\/a><br>6 Col de Cappiciolo <a href=\"https:\/\/centcols.org\/backup\/util\/geo\/visu.php?code=FR-2A-0547\" target=\"_blank\" rel=\"noopener\" title=\"\">FR-2A-0547<\/a><br>7 Bocca a Zora <a href=\"https:\/\/centcols.org\/backup\/util\/geo\/visu.php?code=FR-2A-0889\" target=\"_blank\" rel=\"noopener\" title=\"\">FR-2A-0889<\/a><br>8 Col de Sevi <a href=\"https:\/\/centcols.org\/backup\/util\/geo\/visu.php?code=FR-2A-1101\" target=\"_blank\" rel=\"noopener\" title=\"\">FR-2A-1101<\/a><br>9 Col de St-Roch <a href=\"https:\/\/centcols.org\/backup\/util\/geo\/visu.php?code=FR-2A-0743\" target=\"_blank\" rel=\"noopener\" title=\"\">FR-2A-0743<\/a><br>10 Col Saint Antoine <a href=\"https:\/\/centcols.org\/backup\/util\/geo\/visu.php?code=FR-2A-0491b\" target=\"_blank\" rel=\"noopener\" title=\"\">FR-2A-0491b<\/a><\/p>\n\n\n\n<p class=\"has-medium-font-size\">Opzione Gravel&nbsp;:<br>Bocca di Vetricelli <a href=\"https:\/\/centcols.org\/backup\/util\/geo\/visu.php?code=FR-2A-0141\" target=\"_blank\" rel=\"noopener\" title=\"\">FR-2A-0141<\/a> da Bocca Curnatoghiu R1<br>Bocca d\u2019Ameglia <a href=\"https:\/\/centcols.org\/backup\/util\/geo\/visu.php?code=FR-2A-0707\" target=\"_blank\" rel=\"noopener\" title=\"\">FR-2A-0707<\/a> R1\/2 dopo Col de St-Roch<\/p>\n\n\n\n<p class=\"has-medium-font-size\"><strong>Descrizione tecnica<\/strong><\/p>\n\n\n\n<p class=\"has-medium-font-size\">Le strade sono di buona qualit\u00e0. La salita al piccolo Col de Curnatoghiu \u00e8 ripida e il Col non \u00e8 il punto pi\u00f9 alto prima di Carg\u00e8se! Anche la strada \u00e8 ripida subito dopo il Col de Sevi, ma \u00e8 in discesa!<\/p>\n\n\n\n<p class=\"has-medium-font-size\"><span style=\"font-size: 20px; font-family: arial, helvetica, sans-serif;\"><strong>Parole chiave<\/strong> : Montagne de Cagna, Piscia, Vacca, Burivoli, Figari, centcols<\/span><\/p>\n\n\n\n<p class=\"has-medium-font-size\"><span style=\"font-size: 20px; font-family: arial, helvetica, sans-serif;\"><strong><strong>Collegamento a Openrunner, mappa interattiva, profilo, traccia gpx<\/strong><\/strong><\/span>:<br><a href=\"https:\/\/www.openrunner.com\/route-details\/16703115\" target=\"_blank\" rel=\"noreferrer noopener\"><strong>https:\/\/www.openrunner.com\/route-details\/16703115<\/strong><br><\/a><\/p>\n\n\n\n<p class=\"has-medium-font-size\">Questo percorso \u00e8 offerto a titolo puramente indicativo. L&#8217;autore non si assume alcuna responsabilit\u00e0, n\u00e9 quella del Club des Cent Cols, per eventuali imponderabilit\u00e0 dovute al ciclista stesso, all&#8217;equipaggiamento utilizzato o a qualsiasi cosa abbia a che fare con la strada, le piste e i sentieri, i loro dintorni e gli altri utenti di essi.<\/p>\n\n\n\n<p class=\"has-medium-font-size\">Qui, una <a href=\"https:\/\/centcols.org\/backup\/it\/liste-parcours-cent-cols-sur-or-2\/\" target=\"_blank\" rel=\"noopener\" title=\"\">cronaca esaustiva dei percorsi dei soci<\/a> del Club des Cent Cols<\/p>\n\n\n\n<h2 class=\"kt-adv-heading74330_934590-a2 wp-block-kadence-advancedheading\" data-kb-block=\"kb-adv-heading74330_934590-a2\">Fotografie<\/h2>\n\n\n<div class=\"wp-block-image\">\n<figure class=\"aligncenter size-large\"><img loading=\"lazy\" decoding=\"async\" width=\"1000\" height=\"712\" src=\"https:\/\/centcols.org\/backup\/wp-content\/uploads\/2023\/05\/Porto.jpg\" alt=\"\" class=\"wp-image-72641\" srcset=\"https:\/\/centcols.org\/backup\/wp-content\/uploads\/2023\/05\/Porto.jpg 1000w, https:\/\/centcols.org\/backup\/wp-content\/uploads\/2023\/05\/Porto-500x356.jpg 500w, https:\/\/centcols.org\/backup\/wp-content\/uploads\/2023\/05\/Porto-768x547.jpg 768w, https:\/\/centcols.org\/backup\/wp-content\/uploads\/2023\/05\/Porto-600x427.jpg 600w\" sizes=\"(max-width: 1000px) 100vw, 1000px\" \/><figcaption class=\"wp-element-caption\"><strong>Porto e il suo porticciolo<\/strong><\/figcaption><\/figure><\/div>\n\n<div class=\"wp-block-image\">\n<figure class=\"aligncenter size-large\"><img loading=\"lazy\" decoding=\"async\" width=\"1000\" height=\"699\" src=\"https:\/\/centcols.org\/backup\/wp-content\/uploads\/2023\/05\/Golfe-de-porto-etc.jpg\" alt=\"\" class=\"wp-image-72635\" srcset=\"https:\/\/centcols.org\/backup\/wp-content\/uploads\/2023\/05\/Golfe-de-porto-etc.jpg 1000w, https:\/\/centcols.org\/backup\/wp-content\/uploads\/2023\/05\/Golfe-de-porto-etc-500x350.jpg 500w, https:\/\/centcols.org\/backup\/wp-content\/uploads\/2023\/05\/Golfe-de-porto-etc-768x537.jpg 768w, https:\/\/centcols.org\/backup\/wp-content\/uploads\/2023\/05\/Golfe-de-porto-etc-600x419.jpg 600w\" sizes=\"(max-width: 1000px) 100vw, 1000px\" \/><figcaption class=\"wp-element-caption\"><strong>Splendori del Golfo di Porto<\/strong><\/figcaption><\/figure><\/div>\n\n<div class=\"wp-block-image\">\n<figure class=\"aligncenter size-large\"><img loading=\"lazy\" decoding=\"async\" width=\"1000\" height=\"700\" src=\"https:\/\/centcols.org\/backup\/wp-content\/uploads\/2023\/05\/Romantisme-.....jpg\" alt=\"\" class=\"wp-image-72647\" srcset=\"https:\/\/centcols.org\/backup\/wp-content\/uploads\/2023\/05\/Romantisme-.....jpg 1000w, https:\/\/centcols.org\/backup\/wp-content\/uploads\/2023\/05\/Romantisme-....-500x350.jpg 500w, https:\/\/centcols.org\/backup\/wp-content\/uploads\/2023\/05\/Romantisme-....-768x538.jpg 768w, https:\/\/centcols.org\/backup\/wp-content\/uploads\/2023\/05\/Romantisme-....-600x420.jpg 600w\" sizes=\"(max-width: 1000px) 100vw, 1000px\" \/><figcaption class=\"wp-element-caption\"><strong>Romanticismo nelle Calanche<\/strong><\/figcaption><\/figure><\/div>\n\n<div class=\"wp-block-image\">\n<figure class=\"aligncenter size-large\"><img decoding=\"async\" src=\"https:\/\/centcols.org\/backup\/util\/geo\/visu\/FR\/img\/1340\/5001.jpg\" alt=\"\"\/><figcaption class=\"wp-element-caption\"><strong>Bocca Curnatoghiu<\/strong><\/figcaption><\/figure><\/div>\n\n<div class=\"wp-block-image\">\n<figure class=\"aligncenter size-large\"><img decoding=\"async\" src=\"https:\/\/centcols.org\/backup\/util\/geo\/visu\/FR\/img\/1340\/3302.jpg\" alt=\"\"\/><figcaption class=\"wp-element-caption\"><strong>Bocca di a Torraccia<\/strong><\/figcaption><\/figure><\/div>\n\n<div class=\"wp-block-image\">\n<figure class=\"aligncenter size-large\"><img decoding=\"async\" src=\"https:\/\/centcols.org\/backup\/util\/geo\/visu\/FR\/img\/1341\/3702.jpg\" alt=\"\"\/><figcaption class=\"wp-element-caption\"><strong>Bocca di San Martino<\/strong><\/figcaption><\/figure><\/div>\n\n<div class=\"wp-block-image\">\n<figure class=\"aligncenter size-large\"><img decoding=\"async\" src=\"https:\/\/centcols.org\/backup\/util\/geo\/visu\/FR\/img\/1341\/5605.jpg\" alt=\"\"\/><figcaption class=\"wp-element-caption\"><strong>Bocca a Lavu<\/strong><\/figcaption><\/figure><\/div>\n\n<div class=\"wp-block-image\">\n<figure class=\"aligncenter size-large\"><img decoding=\"async\" src=\"https:\/\/centcols.org\/backup\/util\/geo\/visu\/FR\/img\/1341\/3601.jpg\" alt=\"\"\/><figcaption class=\"wp-element-caption\"><strong>Bocca di Ghineparu<\/strong><\/figcaption><\/figure><\/div>\n\n<div class=\"wp-block-image\">\n<figure class=\"aligncenter size-large\"><img decoding=\"async\" src=\"https:\/\/centcols.org\/backup\/util\/geo\/visu\/FR\/img\/1341\/7902.jpg\" alt=\"\"\/><figcaption class=\"wp-element-caption\"><strong>Col de Cappiciolo<\/strong><\/figcaption><\/figure><\/div>\n\n<div class=\"wp-block-image\">\n<figure class=\"aligncenter size-large\"><img decoding=\"async\" src=\"https:\/\/centcols.org\/backup\/util\/geo\/visu\/FR\/img\/1343\/1700.jpg\" alt=\"\"\/><figcaption class=\"wp-element-caption\"><strong>Bocca a Zora<\/strong><\/figcaption><\/figure><\/div>\n\n<div class=\"wp-block-image\">\n<figure class=\"aligncenter size-large\"><img decoding=\"async\" src=\"https:\/\/centcols.org\/backup\/util\/geo\/visu\/FR\/img\/1343\/9305.jpg\" alt=\"\"\/><figcaption class=\"wp-element-caption\"><strong>Col de Sevi<\/strong><\/figcaption><\/figure><\/div>\n\n<div class=\"wp-block-image\">\n<figure class=\"aligncenter size-large\"><img decoding=\"async\" src=\"https:\/\/centcols.org\/backup\/util\/geo\/visu\/FR\/img\/1342\/5602.jpg\" alt=\"\"\/><figcaption class=\"wp-element-caption\"><strong>Col de Saint-Roch<\/strong><\/figcaption><\/figure><\/div>\n\n<div class=\"wp-block-image\">\n<figure class=\"aligncenter size-large\"><img decoding=\"async\" src=\"https:\/\/centcols.org\/backup\/util\/geo\/visu\/FR\/img\/1341\/5700.jpg\" alt=\"\"\/><figcaption class=\"wp-element-caption\"><strong>Col Saint-Antoine<\/strong><\/figcaption><\/figure><\/div>\n\n<div class=\"wp-block-image\">\n<figure class=\"aligncenter size-large\"><img decoding=\"async\" src=\"https:\/\/centcols.org\/backup\/util\/geo\/visu\/FR\/img\/1340\/4801.jpg\" alt=\"\"\/><figcaption class=\"wp-element-caption\"><strong>Bocca di Vetricelle<\/strong><\/figcaption><\/figure><\/div>\n\n<div class=\"wp-block-image\">\n<figure class=\"aligncenter size-large\"><img decoding=\"async\" src=\"https:\/\/centcols.org\/backup\/util\/geo\/visu\/FR\/img\/1342\/4103.jpg\" alt=\"\"\/><figcaption class=\"wp-element-caption\"><strong>Bocca d&#8217;Ameglia<\/strong><\/figcaption><\/figure><\/div>","protected":false},"excerpt":{"rendered":"<p>Descrizione dell&#8217;autore Autore: Bernard Giraudeau Percorso: completato nel 2022 Partenza : Sagone, incrocio D81 \/ D70 nel centro del villaggio. Alt : 5 m Descrizione turistica Questo circuito \u00e8 uno dei 2 o 3 percorsi pi\u00f9 belli della Corsica. Partendo da Carg\u00e8se, la vista precipita verso i piccoli golfi di Per\u00f9 e Chiuni. Piana \u00e8 [&hellip;]<\/p>\n","protected":false},"author":69,"featured_media":0,"comment_status":"closed","ping_status":"closed","sticky":false,"template":"","format":"standard","meta":{"_acf_changed":false,"ub_ctt_via":"","_monsterinsights_skip_tracking":false,"_monsterinsights_sitenote_active":false,"_monsterinsights_sitenote_note":"","_monsterinsights_sitenote_category":0,"footnotes":""},"categories":[606,609],"tags":[],"acf":[],"featured_image_urls":{"full":"","thumbnail":"","medium":"","medium_large":"","large":"","1536x1536":"","2048x2048":"","woocommerce_thumbnail":"","woocommerce_single":"","woocommerce_gallery_thumbnail":""},"post_excerpt_stackable":"<p>Descrizione dell&#8217;autore Autore: Bernard Giraudeau Percorso: completato nel 2022 Partenza : Sagone, incrocio D81 \/ D70 nel centro del villaggio. Alt : 5 m Descrizione turistica Questo circuito \u00e8 uno dei 2 o 3 percorsi pi\u00f9 belli della Corsica. Partendo da Carg\u00e8se, la vista precipita verso i piccoli golfi di Per\u00f9 e Chiuni. Piana \u00e8 uno dei pi\u00f9 bei villaggi di Francia e il Golfo di Porto si presenta in tre colori: verde per la foresta, blu per il mare e rosso per le rocce. Le famose &#8220;Calanche&#8221; si trovano tra Piana e Porto. Qui il granito rosso \u00e8 eroso&hellip;<\/p>\n","category_list":"<a href=\"https:\/\/centcols.org\/backup\/it\/categorie\/percorsi-dei-membri\/\" rel=\"category tag\">Percorsi dei membri<\/a>, <a href=\"https:\/\/centcols.org\/backup\/it\/categorie\/percorsi-dei-membri\/percorsi-francia\/\" rel=\"category tag\">Percorsi in Francia<\/a>","author_info":{"display_name":"Enrico Alberini","author_link":"https:\/\/centcols.org\/backup\/it\/author\/5065\/"},"comments_num":"0 commenti","featured_image_urls_v2":{"full":"","thumbnail":"","medium":"","medium_large":"","large":"","1536x1536":"","2048x2048":"","woocommerce_thumbnail":"","woocommerce_single":"","woocommerce_gallery_thumbnail":""},"post_excerpt_stackable_v2":"<p>Descrizione dell&#8217;autore Autore: Bernard Giraudeau Percorso: completato nel 2022 Partenza : Sagone, incrocio D81 \/ D70 nel centro del villaggio. Alt : 5 m Descrizione turistica Questo circuito \u00e8 uno dei 2 o 3 percorsi pi\u00f9 belli della Corsica. Partendo da Carg\u00e8se, la vista precipita verso i piccoli golfi di Per\u00f9 e Chiuni. Piana \u00e8 uno dei pi\u00f9 bei villaggi di Francia e il Golfo di Porto si presenta in tre colori: verde per la foresta, blu per il mare e rosso per le rocce. Le famose &#8220;Calanche&#8221; si trovano tra Piana e Porto. Qui il granito rosso \u00e8 eroso&hellip;<\/p>\n","category_list_v2":"<a href=\"https:\/\/centcols.org\/backup\/it\/categorie\/percorsi-dei-membri\/\" rel=\"category tag\">Percorsi dei membri<\/a>, <a href=\"https:\/\/centcols.org\/backup\/it\/categorie\/percorsi-dei-membri\/percorsi-francia\/\" rel=\"category tag\">Percorsi in Francia<\/a>","author_info_v2":{"name":"Enrico Alberini","url":"https:\/\/centcols.org\/backup\/it\/author\/5065\/"},"comments_num_v2":"0 commenti","featured_image_src":null,"_links":{"self":[{"href":"https:\/\/centcols.org\/backup\/it\/wp-json\/wp\/v2\/posts\/74330"}],"collection":[{"href":"https:\/\/centcols.org\/backup\/it\/wp-json\/wp\/v2\/posts"}],"about":[{"href":"https:\/\/centcols.org\/backup\/it\/wp-json\/wp\/v2\/types\/post"}],"author":[{"embeddable":true,"href":"https:\/\/centcols.org\/backup\/it\/wp-json\/wp\/v2\/users\/69"}],"replies":[{"embeddable":true,"href":"https:\/\/centcols.org\/backup\/it\/wp-json\/wp\/v2\/comments?post=74330"}],"version-history":[{"count":0,"href":"https:\/\/centcols.org\/backup\/it\/wp-json\/wp\/v2\/posts\/74330\/revisions"}],"wp:attachment":[{"href":"https:\/\/centcols.org\/backup\/it\/wp-json\/wp\/v2\/media?parent=74330"}],"wp:term":[{"taxonomy":"category","embeddable":true,"href":"https:\/\/centcols.org\/backup\/it\/wp-json\/wp\/v2\/categories?post=74330"},{"taxonomy":"post_tag","embeddable":true,"href":"https:\/\/centcols.org\/backup\/it\/wp-json\/wp\/v2\/tags?post=74330"}],"curies":[{"name":"wp","href":"https:\/\/api.w.org\/{rel}","templated":true}]}}