{"id":75024,"date":"2023-05-11T09:02:06","date_gmt":"2023-05-11T07:02:06","guid":{"rendered":"https:\/\/centcols.org\/backup\/fr-06-tende-o\/"},"modified":"2023-11-22T10:41:52","modified_gmt":"2023-11-22T09:41:52","slug":"fr-06-tende-o","status":"publish","type":"post","link":"https:\/\/centcols.org\/backup\/it\/fr-06-tende-o\/","title":{"rendered":"FR-06 Tende Ovest -MTB 49km, D+ 1644m, 7 passi"},"content":{"rendered":"\n<figure class=\"wp-block-image size-large is-resized\"><img loading=\"lazy\" decoding=\"async\" width=\"905\" height=\"542\" src=\"https:\/\/centcols.org\/backup\/wp-content\/uploads\/2023\/05\/Capture-decran-2023-05-11-084632.jpg\" alt=\"\" class=\"wp-image-72718\" style=\"width:1017px;height:609px\" srcset=\"https:\/\/centcols.org\/backup\/wp-content\/uploads\/2023\/05\/Capture-decran-2023-05-11-084632.jpg 905w, https:\/\/centcols.org\/backup\/wp-content\/uploads\/2023\/05\/Capture-decran-2023-05-11-084632-500x299.jpg 500w, https:\/\/centcols.org\/backup\/wp-content\/uploads\/2023\/05\/Capture-decran-2023-05-11-084632-768x460.jpg 768w, https:\/\/centcols.org\/backup\/wp-content\/uploads\/2023\/05\/Capture-decran-2023-05-11-084632-600x359.jpg 600w\" sizes=\"(max-width: 905px) 100vw, 905px\" \/><\/figure>\n\n\n\n<figure class=\"wp-block-image size-large\"><img loading=\"lazy\" decoding=\"async\" width=\"1200\" height=\"320\" src=\"https:\/\/centcols.org\/backup\/wp-content\/uploads\/2023\/05\/FR-06-Tende-Ouest-1200x320.jpeg\" alt=\"\" class=\"wp-image-72724\" srcset=\"https:\/\/centcols.org\/backup\/wp-content\/uploads\/2023\/05\/FR-06-Tende-Ouest-1200x320.jpeg 1200w, https:\/\/centcols.org\/backup\/wp-content\/uploads\/2023\/05\/FR-06-Tende-Ouest-500x133.jpeg 500w, https:\/\/centcols.org\/backup\/wp-content\/uploads\/2023\/05\/FR-06-Tende-Ouest-768x205.jpeg 768w, https:\/\/centcols.org\/backup\/wp-content\/uploads\/2023\/05\/FR-06-Tende-Ouest-1536x410.jpeg 1536w, https:\/\/centcols.org\/backup\/wp-content\/uploads\/2023\/05\/FR-06-Tende-Ouest-2048x546.jpeg 2048w, https:\/\/centcols.org\/backup\/wp-content\/uploads\/2023\/05\/FR-06-Tende-Ouest-600x160.jpeg 600w\" sizes=\"(max-width: 1200px) 100vw, 1200px\" \/><\/figure>\n\n\n\n<h2 class=\"wp-block-heading\">Descrizione dell&#8217;autore<\/h2>\n\n\n\n<p><span style=\"font-size: 20px; font-family: arial, helvetica, sans-serif;\"><strong>Autore<\/strong>: Ren\u00e9 Rial<\/span><\/p>\n\n\n\n<p class=\"has-medium-font-size\"><strong>Percorso<\/strong>: completato il 9\/09\/2016<\/p>\n\n\n\n<p class=\"has-medium-font-size\"><strong>Inizio<\/strong>: Centro del paese di Tenda, vicino all&#8217;uscita nord. Alt: 825 m<\/p>\n\n\n\n<p><\/p>\n\n\n\n<p class=\"has-medium-font-size\"><strong>Descrizione turistica<\/strong><\/p>\n\n\n\n<p class=\"has-medium-font-size\">I sentieri e i passi della cresta di Tenda sono ben noti agli appassionati di mountain bike e di passi. Numerose opere militari costeggiano i sentieri della cresta che costituisce il confine tra Italia e Francia. Lungo il percorso si trovano molti punti panoramici degni di nota.<\/p>\n\n\n\n<div style=\"height:16px\" aria-hidden=\"true\" class=\"wp-block-spacer\"><\/div>\n\n\n\n<p class=\"has-medium-font-size\"><strong>7 <\/strong>passi<\/p>\n\n\n\n<p class=\"has-medium-font-size\">1 Col de Tende Ouest ou Colla Bassa <a href=\"https:\/\/centcols.org\/backup\/util\/geo\/visu.php?code=FR-06-1871\" target=\"_blank\" rel=\"noreferrer noopener\">FR-06-1871<\/a><br>2 Col de Pernante ou Colletta <a href=\"https:\/\/centcols.org\/backup\/util\/geo\/visu.php?code=FR-06-1898\" target=\"_blank\" rel=\"noreferrer noopener\">FR-06-1898<\/a><br>3 Baisse du P\u00e9ru <a href=\"https:\/\/centcols.org\/backup\/util\/geo\/visu.php?code=FR-06-2079\" target=\"_blank\" rel=\"noreferrer noopener\">FR-06-2079<\/a><br>4 Baisse de Barsenzane <a href=\"https:\/\/centcols.org\/backup\/util\/geo\/visu.php?code=FR-06-2075\" target=\"_blank\" rel=\"noreferrer noopener\">FR-06-2075<\/a><br>5 Baisse de Pe\u00efrefique <a href=\"https:\/\/centcols.org\/backup\/util\/geo\/visu.php?code=FR-06-2030\" target=\"_blank\" rel=\"noreferrer noopener\">FR-06-2030<\/a><br>6 Baisse d&#8217;Ourne <a href=\"https:\/\/centcols.org\/backup\/util\/geo\/visu.php?code=FR-06-2040\" target=\"_blank\" rel=\"noreferrer noopener\">FR-06-2040<\/a><br>7 Colla Megiana ou Colla Mezzana <a href=\"https:\/\/centcols.org\/backup\/util\/geo\/visu.php?code=FR-06-1760b\" target=\"_blank\" rel=\"noreferrer noopener\">FR-06-1760b<\/a><\/p>\n\n\n\n<p class=\"has-medium-font-size\">Facoltativo: La Porte <a href=\"https:\/\/centcols.org\/backup\/util\/geo\/visu.php?code=FR-06-2100\" target=\"_blank\" rel=\"noreferrer noopener\">FR-06-2100<\/a> su R1\/R2 da Baisse de d&#8217;Ourne<\/p>\n\n\n\n<div style=\"height:18px\" aria-hidden=\"true\" class=\"wp-block-spacer\"><\/div>\n\n\n\n<p class=\"has-medium-font-size\"><strong>Descrizione tecnica<\/strong><\/p>\n\n\n\n<p class=\"has-medium-font-size\">La maggior parte del percorso si svolge su piacevoli piste ciclabili. Ci sono anche alcuni tratti pi\u00f9 impegnativi. La salita alla Baisse de Barsenzane si svolge su un sentiero parzialmente ciclabile o percorribile a piedi.<\/p>\n\n\n\n<p class=\"has-medium-font-size\"><strong><strong>Parole chiave<\/strong><\/strong>: Centcols,Tende,Tenda, Pierefique, Pietrifica, Roya<\/p>\n\n\n\n<p class=\"has-medium-font-size\"><strong><strong>Collegamento a Openrunner, mappa interattiva, profilo, traccia gpx<\/strong><\/strong> : <strong><a href=\"https:\/\/www.openrunner.com\/route-details\/6599219\" target=\"_blank\" rel=\"noreferrer noopener\">https:\/\/www.openrunner.com\/route-details\/6599219<\/a><\/strong><\/p>\n\n\n\n<p class=\"has-medium-font-size\">Questo percorso \u00e8 offerto a titolo puramente indicativo. L&#8217;autore non si assume alcuna responsabilit\u00e0, n\u00e9 quella del Club des Cent Cols, per eventuali imponderabilit\u00e0 dovute al ciclista stesso, all&#8217;equipaggiamento utilizzato o a qualsiasi cosa abbia a che fare con la strada, le piste e i sentieri, i loro dintorni e gli altri utenti di essi.<\/p>\n\n\n\n<p class=\"has-medium-font-size\">Qui, una <a href=\"https:\/\/centcols.org\/backup\/it\/liste-parcours-cent-cols-sur-or-2\/\" target=\"_blank\" rel=\"noopener\" title=\"\">cronaca esaustiva dei percorsi dei soci<\/a> del Club des Cent Cols<\/p>\n\n\n\n<h2 class=\"kt-adv-heading75024_0ee463-59 wp-block-kadence-advancedheading\" data-kb-block=\"kb-adv-heading75024_0ee463-59\">Photos<\/h2>\n\n\n\n<p class=\"has-medium-font-size\">Album photo : <strong><a href=\"https:\/\/goo.gl\/photos\/ePWghy1jaYNJMY9a9\" target=\"_blank\" rel=\"noreferrer noopener\">https:\/\/goo.gl\/photos\/ePWghy1jaYNJMY9a9<\/a><\/strong><\/p>\n\n\n<div class=\"wp-block-image\">\n<figure class=\"aligncenter size-large\"><img loading=\"lazy\" decoding=\"async\" width=\"1200\" height=\"675\" src=\"https:\/\/centcols.org\/backup\/wp-content\/uploads\/2023\/05\/Tende-1200x675.jpg\" alt=\"\" class=\"wp-image-72742\" srcset=\"https:\/\/centcols.org\/backup\/wp-content\/uploads\/2023\/05\/Tende-1200x675.jpg 1200w, https:\/\/centcols.org\/backup\/wp-content\/uploads\/2023\/05\/Tende-500x281.jpg 500w, https:\/\/centcols.org\/backup\/wp-content\/uploads\/2023\/05\/Tende-768x432.jpg 768w, https:\/\/centcols.org\/backup\/wp-content\/uploads\/2023\/05\/Tende-1536x864.jpg 1536w, https:\/\/centcols.org\/backup\/wp-content\/uploads\/2023\/05\/Tende-600x338.jpg 600w, https:\/\/centcols.org\/backup\/wp-content\/uploads\/2023\/05\/Tende.jpg 1560w\" sizes=\"(max-width: 1200px) 100vw, 1200px\" \/><figcaption class=\"wp-element-caption\"><strong>Tende<\/strong><\/figcaption><\/figure><\/div>\n\n\n<figure class=\"wp-block-image size-large\"><img loading=\"lazy\" decoding=\"async\" width=\"1000\" height=\"563\" src=\"https:\/\/centcols.org\/backup\/wp-content\/uploads\/2023\/05\/Paysage-2.jpg\" alt=\"\" class=\"wp-image-72736\" srcset=\"https:\/\/centcols.org\/backup\/wp-content\/uploads\/2023\/05\/Paysage-2.jpg 1000w, https:\/\/centcols.org\/backup\/wp-content\/uploads\/2023\/05\/Paysage-2-500x282.jpg 500w, https:\/\/centcols.org\/backup\/wp-content\/uploads\/2023\/05\/Paysage-2-768x432.jpg 768w, https:\/\/centcols.org\/backup\/wp-content\/uploads\/2023\/05\/Paysage-2-600x338.jpg 600w\" sizes=\"(max-width: 1000px) 100vw, 1000px\" \/><figcaption class=\"wp-element-caption\"><strong>La passerella<\/strong><\/figcaption><\/figure>\n\n\n\n<figure class=\"wp-block-image size-large\"><img loading=\"lazy\" decoding=\"async\" width=\"1200\" height=\"675\" src=\"https:\/\/centcols.org\/backup\/wp-content\/uploads\/2023\/05\/Les-lacets-de-Tende-1200x675.jpg\" alt=\"\" class=\"wp-image-72730\" srcset=\"https:\/\/centcols.org\/backup\/wp-content\/uploads\/2023\/05\/Les-lacets-de-Tende-1200x675.jpg 1200w, https:\/\/centcols.org\/backup\/wp-content\/uploads\/2023\/05\/Les-lacets-de-Tende-500x281.jpg 500w, https:\/\/centcols.org\/backup\/wp-content\/uploads\/2023\/05\/Les-lacets-de-Tende-768x432.jpg 768w, https:\/\/centcols.org\/backup\/wp-content\/uploads\/2023\/05\/Les-lacets-de-Tende-1536x864.jpg 1536w, https:\/\/centcols.org\/backup\/wp-content\/uploads\/2023\/05\/Les-lacets-de-Tende-600x338.jpg 600w, https:\/\/centcols.org\/backup\/wp-content\/uploads\/2023\/05\/Les-lacets-de-Tende.jpg 1607w\" sizes=\"(max-width: 1200px) 100vw, 1200px\" \/><figcaption class=\"wp-element-caption\"><strong>I lacci del Col de Tende<\/strong><\/figcaption><\/figure>\n\n\n<div class=\"wp-block-image\">\n<figure class=\"aligncenter size-large\"><img decoding=\"async\" src=\"https:\/\/centcols.org\/backup\/util\/geo\/visu\/FR\/img\/1313\/8704.jpg\" alt=\"\"\/><figcaption class=\"wp-element-caption\"><strong>Col de Tende Ouest<\/strong><\/figcaption><\/figure><\/div>\n\n<div class=\"wp-block-image\">\n<figure class=\"aligncenter size-large\"><img decoding=\"async\" src=\"https:\/\/centcols.org\/backup\/util\/geo\/visu\/FR\/img\/1313\/9201.jpg\" alt=\"\"\/><figcaption class=\"wp-element-caption\"><strong>Col de Pernante<\/strong><\/figcaption><\/figure><\/div>\n\n<div class=\"wp-block-image\">\n<figure class=\"aligncenter size-large\"><img decoding=\"async\" src=\"https:\/\/centcols.org\/backup\/util\/geo\/visu\/FR\/img\/1314\/3000.jpg\" alt=\"\"\/><figcaption class=\"wp-element-caption\"><strong>Baisse du P\u00e9ru<\/strong><\/figcaption><\/figure><\/div>\n\n<div class=\"wp-block-image\">\n<figure class=\"aligncenter size-large\"><img decoding=\"async\" src=\"https:\/\/centcols.org\/backup\/util\/geo\/visu\/FR\/img\/1314\/1902.jpg\" alt=\"\"\/><figcaption class=\"wp-element-caption\"><strong>Baisse de Pe\u00efrefique<\/strong><\/figcaption><\/figure><\/div>\n\n<div class=\"wp-block-image\">\n<figure class=\"aligncenter size-large\"><img decoding=\"async\" src=\"https:\/\/centcols.org\/backup\/util\/geo\/visu\/FR\/img\/1314\/2103.jpg\" alt=\"\"\/><figcaption class=\"wp-element-caption\"><strong>Baisse d&#8217;Ourne<\/strong><\/figcaption><\/figure><\/div>\n\n<div class=\"wp-block-image\">\n<figure class=\"aligncenter size-large\"><img decoding=\"async\" src=\"https:\/\/centcols.org\/backup\/util\/geo\/visu\/FR\/img\/1313\/7103.jpg\" alt=\"\"\/><figcaption class=\"wp-element-caption\"><strong>Colla Megiana<\/strong><\/figcaption><\/figure><\/div>\n\n<div class=\"wp-block-image\">\n<figure class=\"aligncenter size-large\"><img decoding=\"async\" src=\"https:\/\/centcols.org\/backup\/util\/geo\/visu\/FR\/img\/1314\/3503.jpg\" alt=\"\"\/><figcaption class=\"wp-element-caption\"><strong>La Porte<\/strong><\/figcaption><\/figure><\/div>","protected":false},"excerpt":{"rendered":"<p>Descrizione dell&#8217;autore Autore: Ren\u00e9 Rial Percorso: completato il 9\/09\/2016 Inizio: Centro del paese di Tenda, vicino all&#8217;uscita nord. Alt: 825 m Descrizione turistica I sentieri e i passi della cresta di Tenda sono ben noti agli appassionati di mountain bike e di passi. Numerose opere militari costeggiano i sentieri della cresta che costituisce il confine [&hellip;]<\/p>\n","protected":false},"author":69,"featured_media":0,"comment_status":"closed","ping_status":"closed","sticky":false,"template":"","format":"standard","meta":{"_acf_changed":false,"ub_ctt_via":"","_monsterinsights_skip_tracking":false,"_monsterinsights_sitenote_active":false,"_monsterinsights_sitenote_note":"","_monsterinsights_sitenote_category":0,"footnotes":""},"categories":[606,611],"tags":[],"acf":[],"featured_image_urls":{"full":"","thumbnail":"","medium":"","medium_large":"","large":"","1536x1536":"","2048x2048":"","woocommerce_thumbnail":"","woocommerce_single":"","woocommerce_gallery_thumbnail":""},"post_excerpt_stackable":"<p>Descrizione dell&#8217;autore Autore: Ren\u00e9 Rial Percorso: completato il 9\/09\/2016 Inizio: Centro del paese di Tenda, vicino all&#8217;uscita nord. Alt: 825 m Descrizione turistica I sentieri e i passi della cresta di Tenda sono ben noti agli appassionati di mountain bike e di passi. Numerose opere militari costeggiano i sentieri della cresta che costituisce il confine tra Italia e Francia. Lungo il percorso si trovano molti punti panoramici degni di nota. 7 passi 1 Col de Tende Ouest ou Colla Bassa FR-06-18712 Col de Pernante ou Colletta FR-06-18983 Baisse du P\u00e9ru FR-06-20794 Baisse de Barsenzane FR-06-20755 Baisse de Pe\u00efrefique FR-06-20306 Baisse&hellip;<\/p>\n","category_list":"<a href=\"https:\/\/centcols.org\/backup\/it\/categorie\/percorsi-dei-membri\/\" rel=\"category tag\">Percorsi dei membri<\/a>, <a href=\"https:\/\/centcols.org\/backup\/it\/categorie\/percorsi-dei-membri\/senza-etichetta-cent-cols\/\" rel=\"category tag\">Senza Etichetta Cent Cols<\/a>","author_info":{"display_name":"Enrico Alberini","author_link":"https:\/\/centcols.org\/backup\/it\/author\/5065\/"},"comments_num":"0 commenti","featured_image_urls_v2":{"full":"","thumbnail":"","medium":"","medium_large":"","large":"","1536x1536":"","2048x2048":"","woocommerce_thumbnail":"","woocommerce_single":"","woocommerce_gallery_thumbnail":""},"post_excerpt_stackable_v2":"<p>Descrizione dell&#8217;autore Autore: Ren\u00e9 Rial Percorso: completato il 9\/09\/2016 Inizio: Centro del paese di Tenda, vicino all&#8217;uscita nord. Alt: 825 m Descrizione turistica I sentieri e i passi della cresta di Tenda sono ben noti agli appassionati di mountain bike e di passi. Numerose opere militari costeggiano i sentieri della cresta che costituisce il confine tra Italia e Francia. Lungo il percorso si trovano molti punti panoramici degni di nota. 7 passi 1 Col de Tende Ouest ou Colla Bassa FR-06-18712 Col de Pernante ou Colletta FR-06-18983 Baisse du P\u00e9ru FR-06-20794 Baisse de Barsenzane FR-06-20755 Baisse de Pe\u00efrefique FR-06-20306 Baisse&hellip;<\/p>\n","category_list_v2":"<a href=\"https:\/\/centcols.org\/backup\/it\/categorie\/percorsi-dei-membri\/\" rel=\"category tag\">Percorsi dei membri<\/a>, <a href=\"https:\/\/centcols.org\/backup\/it\/categorie\/percorsi-dei-membri\/senza-etichetta-cent-cols\/\" rel=\"category tag\">Senza Etichetta Cent Cols<\/a>","author_info_v2":{"name":"Enrico Alberini","url":"https:\/\/centcols.org\/backup\/it\/author\/5065\/"},"comments_num_v2":"0 commenti","featured_image_src":null,"_links":{"self":[{"href":"https:\/\/centcols.org\/backup\/it\/wp-json\/wp\/v2\/posts\/75024"}],"collection":[{"href":"https:\/\/centcols.org\/backup\/it\/wp-json\/wp\/v2\/posts"}],"about":[{"href":"https:\/\/centcols.org\/backup\/it\/wp-json\/wp\/v2\/types\/post"}],"author":[{"embeddable":true,"href":"https:\/\/centcols.org\/backup\/it\/wp-json\/wp\/v2\/users\/69"}],"replies":[{"embeddable":true,"href":"https:\/\/centcols.org\/backup\/it\/wp-json\/wp\/v2\/comments?post=75024"}],"version-history":[{"count":0,"href":"https:\/\/centcols.org\/backup\/it\/wp-json\/wp\/v2\/posts\/75024\/revisions"}],"wp:attachment":[{"href":"https:\/\/centcols.org\/backup\/it\/wp-json\/wp\/v2\/media?parent=75024"}],"wp:term":[{"taxonomy":"category","embeddable":true,"href":"https:\/\/centcols.org\/backup\/it\/wp-json\/wp\/v2\/categories?post=75024"},{"taxonomy":"post_tag","embeddable":true,"href":"https:\/\/centcols.org\/backup\/it\/wp-json\/wp\/v2\/tags?post=75024"}],"curies":[{"name":"wp","href":"https:\/\/api.w.org\/{rel}","templated":true}]}}