{"id":75033,"date":"2023-07-16T17:29:00","date_gmt":"2023-07-16T15:29:00","guid":{"rendered":"https:\/\/centcols.org\/backup\/fr-2a-cruzzini\/"},"modified":"2023-12-06T17:15:22","modified_gmt":"2023-12-06T16:15:22","slug":"fr-2a-cruzzini","status":"publish","type":"post","link":"https:\/\/centcols.org\/backup\/it\/fr-2a-cruzzini\/","title":{"rendered":"FR-2A La val du Cruzzini- Strada 87km, D+1654m , 4 passi"},"content":{"rendered":"\n<figure class=\"wp-block-image size-large is-resized\"><img loading=\"lazy\" decoding=\"async\" width=\"903\" height=\"541\" src=\"https:\/\/centcols.org\/backup\/wp-content\/uploads\/2023\/05\/Capture-decran-2023-05-21-170626.jpg\" alt=\"\" class=\"wp-image-73746\" srcset=\"https:\/\/centcols.org\/backup\/wp-content\/uploads\/2023\/05\/Capture-decran-2023-05-21-170626.jpg 903w, https:\/\/centcols.org\/backup\/wp-content\/uploads\/2023\/05\/Capture-decran-2023-05-21-170626-500x300.jpg 500w, https:\/\/centcols.org\/backup\/wp-content\/uploads\/2023\/05\/Capture-decran-2023-05-21-170626-768x460.jpg 768w, https:\/\/centcols.org\/backup\/wp-content\/uploads\/2023\/05\/Capture-decran-2023-05-21-170626-600x359.jpg 600w\" sizes=\"(max-width: 903px) 100vw, 903px\" \/><\/figure>\n\n\n\n<figure class=\"wp-block-image size-large\"><img loading=\"lazy\" decoding=\"async\" width=\"1200\" height=\"320\" src=\"https:\/\/centcols.org\/backup\/wp-content\/uploads\/2023\/05\/FR-2A-La-vallee-du-Cruzzini-1200x320.jpeg\" alt=\"\" class=\"wp-image-73752\" srcset=\"https:\/\/centcols.org\/backup\/wp-content\/uploads\/2023\/05\/FR-2A-La-vallee-du-Cruzzini-1200x320.jpeg 1200w, https:\/\/centcols.org\/backup\/wp-content\/uploads\/2023\/05\/FR-2A-La-vallee-du-Cruzzini-500x133.jpeg 500w, https:\/\/centcols.org\/backup\/wp-content\/uploads\/2023\/05\/FR-2A-La-vallee-du-Cruzzini-768x205.jpeg 768w, https:\/\/centcols.org\/backup\/wp-content\/uploads\/2023\/05\/FR-2A-La-vallee-du-Cruzzini-1536x410.jpeg 1536w, https:\/\/centcols.org\/backup\/wp-content\/uploads\/2023\/05\/FR-2A-La-vallee-du-Cruzzini-2048x546.jpeg 2048w, https:\/\/centcols.org\/backup\/wp-content\/uploads\/2023\/05\/FR-2A-La-vallee-du-Cruzzini-600x160.jpeg 600w\" sizes=\"(max-width: 1200px) 100vw, 1200px\" \/><\/figure>\n\n\n\n<h2 class=\"wp-block-heading\">Descrizione dell&#8217;autore<\/h2>\n\n\n\n<p><span style=\"font-size: 20px; font-family: arial, helvetica, sans-serif;\"><strong>Autore<\/strong>: Bernard Giraudeau<\/span><\/p>\n\n\n\n<p class=\"has-medium-font-size\"><strong>Partenza e arrivo<\/strong>: sulla T 22 nei pressi di Afa, parcheggio vicino all&#8217;incrocio T20 \/ D161 &#8211; Alt: 40 m.<\/p>\n\n\n\n<p><\/p>\n\n\n\n<p class=\"has-medium-font-size\"><strong>Descrizione<\/strong> <strong>turistica<\/strong><\/p>\n\n\n\n<p class=\"has-medium-font-size\">Attraverso la <strong>Bocca di Sarzoggiu<\/strong>, il percorso raggiunge la <strong>Cinarca<\/strong> e i suoi villaggi a mensola affacciati sul <strong>Golfo del Liscia<\/strong>. Poi, passando per la <strong>Bocca d&#8217;Ambiegna<\/strong>, raggiunge la valle del <strong>fiume Cruzzini<\/strong>, che sfiora prima di risalire per unirsi alla <strong>Bocca di Tartavellu<\/strong>. In discesa, attraversa <strong>Vero<\/strong> e ritrova l&#8217;asse stradale Ajaccio-Bastia (T20) per un breve tratto e per lo pi\u00f9 in discesa! Infine, l&#8217;itinerario riprende il suo percorso tranquillo su piccole strade per raggiungere il punto di partenza. Le strade sono in buone condizioni, ma mai dritte o pianeggianti!<\/p>\n\n\n\n<p class=\"has-medium-font-size\"><strong>4 passi<\/strong><\/p>\n\n\n\n<p class=\"has-medium-font-size\">1 &#8211; Bocca di Sarzoggiu <a href=\"https:\/\/centcols.org\/backup\/util\/geo\/visu.php?code=FR-2A-0612\" target=\"_blank\" rel=\"noopener\" title=\"\">FR-2A-0612<\/a><br>2 &#8211; Bocca d&#8217;Ambiegna <a href=\"https:\/\/centcols.org\/backup\/util\/geo\/visu.php?code=FR-2A-0376\" target=\"_blank\" rel=\"noopener\" title=\"\">FR-2A-0376<\/a><br>3 &#8211; Bocca di Tartavellu <a href=\"https:\/\/centcols.org\/backup\/util\/geo\/visu.php?code=FR-2A-0885\" target=\"_blank\" rel=\"noopener\" title=\"\">FR-2A-0885<\/a><br>4 &#8211; Bocca di Carazzi <a href=\"https:\/\/centcols.org\/backup\/util\/geo\/visu.php?code=FR-2A-0210\" target=\"_blank\" rel=\"noopener\" title=\"\">FR-2A-0210<\/a><\/p>\n\n\n\n<p class=\"has-medium-font-size\"><strong><strong>Collegamento a Openrunner, mappa interattiva, profilo, traccia gpx<\/strong><\/strong><br><a href=\"https:\/\/www.openrunner.com\/route-details\/10954550\" target=\"_blank\" rel=\"noopener\" title=\"\">https:\/\/www.openrunner.com\/route-details\/10954550<\/a><\/p>\n\n\n\n<p class=\"has-medium-font-size\"><strong>Parole chiave<\/strong> : Cinarca, Cruzini, Bocca di Sarzoggiu, Bocca di Tartavellu, centcols<\/p>\n\n\n\n<p class=\"has-medium-font-size\">Questo itinerario \u00e8 fornito a titolo puramente informativo. L&#8217;autore non si assume alcuna responsabilit\u00e0, n\u00e9 quella del Club des Cent Cols, per le imponderabilit\u00e0 causate dal ciclista stesso, dall&#8217;equipaggiamento utilizzato o da qualsiasi cosa abbia a che fare con la strada, i suoi dintorni o gli altri utenti della strada.<\/p>\n\n\n\n<p class=\"has-medium-font-size\">Qui, una&nbsp;<a href=\"https:\/\/centcols.org\/backup\/it\/liste-parcours-cent-cols-sur-or-2\/\" target=\"_blank\" rel=\"noopener\" title=\"\">cronaca esaustiva dei percorsi dei membri<\/a>&nbsp;del Club des Cent Cols<\/p>\n\n\n\n<h2 class=\"kt-adv-heading75033_1eb66d-7b wp-block-kadence-advancedheading\" data-kb-block=\"kb-adv-heading75033_1eb66d-7b\">Fotografie<\/h2>\n\n\n<div class=\"wp-block-image\">\n<figure class=\"aligncenter size-large\"><img decoding=\"async\" src=\"https:\/\/centcols.org\/backup\/util\/geo\/visu\/FR\/img\/1342\/0703.jpg\" alt=\"\"\/><figcaption class=\"wp-element-caption\"><strong>Bocca di Sarzoggiu<\/strong><\/figcaption><\/figure><\/div>\n\n<div class=\"wp-block-image\">\n<figure class=\"aligncenter size-large\"><img decoding=\"async\" src=\"https:\/\/centcols.org\/backup\/util\/geo\/visu\/FR\/img\/1341\/1502.jpg\" alt=\"\"\/><figcaption class=\"wp-element-caption\"><strong>Bocca d&#8217;Ambiegna<\/strong><\/figcaption><\/figure><\/div>\n\n<div class=\"wp-block-image\">\n<figure class=\"aligncenter size-large\"><img decoding=\"async\" src=\"https:\/\/centcols.org\/backup\/util\/geo\/visu\/FR\/img\/1343\/1405.jpg\" alt=\"\"\/><figcaption class=\"wp-element-caption\"><strong>Bocca di Tartavellu<\/strong><\/figcaption><\/figure><\/div>\n\n<div class=\"wp-block-image\">\n<figure class=\"aligncenter size-large\"><img decoding=\"async\" src=\"https:\/\/centcols.org\/backup\/util\/geo\/visu\/FR\/img\/1340\/7202.jpg\" alt=\"\"\/><figcaption class=\"wp-element-caption\"><strong>Bocca di Carazzi<\/strong><\/figcaption><\/figure><\/div>","protected":false},"excerpt":{"rendered":"<p>Descrizione dell&#8217;autore Autore: Bernard Giraudeau Partenza e arrivo: sulla T 22 nei pressi di Afa, parcheggio vicino all&#8217;incrocio T20 \/ D161 &#8211; Alt: 40 m. Descrizione turistica Attraverso la Bocca di Sarzoggiu, il percorso raggiunge la Cinarca e i suoi villaggi a mensola affacciati sul Golfo del Liscia. Poi, passando per la Bocca d&#8217;Ambiegna, raggiunge [&hellip;]<\/p>\n","protected":false},"author":69,"featured_media":0,"comment_status":"closed","ping_status":"closed","sticky":false,"template":"","format":"standard","meta":{"_acf_changed":false,"ub_ctt_via":"","_monsterinsights_skip_tracking":false,"_monsterinsights_sitenote_active":false,"_monsterinsights_sitenote_note":"","_monsterinsights_sitenote_category":0,"footnotes":""},"categories":[606,609],"tags":[],"acf":[],"featured_image_urls":{"full":"","thumbnail":"","medium":"","medium_large":"","large":"","1536x1536":"","2048x2048":"","woocommerce_thumbnail":"","woocommerce_single":"","woocommerce_gallery_thumbnail":""},"post_excerpt_stackable":"<p>Descrizione dell&#8217;autore Autore: Bernard Giraudeau Partenza e arrivo: sulla T 22 nei pressi di Afa, parcheggio vicino all&#8217;incrocio T20 \/ D161 &#8211; Alt: 40 m. Descrizione turistica Attraverso la Bocca di Sarzoggiu, il percorso raggiunge la Cinarca e i suoi villaggi a mensola affacciati sul Golfo del Liscia. Poi, passando per la Bocca d&#8217;Ambiegna, raggiunge la valle del fiume Cruzzini, che sfiora prima di risalire per unirsi alla Bocca di Tartavellu. In discesa, attraversa Vero e ritrova l&#8217;asse stradale Ajaccio-Bastia (T20) per un breve tratto e per lo pi\u00f9 in discesa! Infine, l&#8217;itinerario riprende il suo percorso tranquillo su piccole&hellip;<\/p>\n","category_list":"<a href=\"https:\/\/centcols.org\/backup\/it\/categorie\/percorsi-dei-membri\/\" rel=\"category tag\">Percorsi dei membri<\/a>, <a href=\"https:\/\/centcols.org\/backup\/it\/categorie\/percorsi-dei-membri\/percorsi-francia\/\" rel=\"category tag\">Percorsi in Francia<\/a>","author_info":{"display_name":"Enrico Alberini","author_link":"https:\/\/centcols.org\/backup\/it\/author\/5065\/"},"comments_num":"0 commenti","featured_image_urls_v2":{"full":"","thumbnail":"","medium":"","medium_large":"","large":"","1536x1536":"","2048x2048":"","woocommerce_thumbnail":"","woocommerce_single":"","woocommerce_gallery_thumbnail":""},"post_excerpt_stackable_v2":"<p>Descrizione dell&#8217;autore Autore: Bernard Giraudeau Partenza e arrivo: sulla T 22 nei pressi di Afa, parcheggio vicino all&#8217;incrocio T20 \/ D161 &#8211; Alt: 40 m. Descrizione turistica Attraverso la Bocca di Sarzoggiu, il percorso raggiunge la Cinarca e i suoi villaggi a mensola affacciati sul Golfo del Liscia. Poi, passando per la Bocca d&#8217;Ambiegna, raggiunge la valle del fiume Cruzzini, che sfiora prima di risalire per unirsi alla Bocca di Tartavellu. In discesa, attraversa Vero e ritrova l&#8217;asse stradale Ajaccio-Bastia (T20) per un breve tratto e per lo pi\u00f9 in discesa! Infine, l&#8217;itinerario riprende il suo percorso tranquillo su piccole&hellip;<\/p>\n","category_list_v2":"<a href=\"https:\/\/centcols.org\/backup\/it\/categorie\/percorsi-dei-membri\/\" rel=\"category tag\">Percorsi dei membri<\/a>, <a href=\"https:\/\/centcols.org\/backup\/it\/categorie\/percorsi-dei-membri\/percorsi-francia\/\" rel=\"category tag\">Percorsi in Francia<\/a>","author_info_v2":{"name":"Enrico Alberini","url":"https:\/\/centcols.org\/backup\/it\/author\/5065\/"},"comments_num_v2":"0 commenti","featured_image_src":null,"_links":{"self":[{"href":"https:\/\/centcols.org\/backup\/it\/wp-json\/wp\/v2\/posts\/75033"}],"collection":[{"href":"https:\/\/centcols.org\/backup\/it\/wp-json\/wp\/v2\/posts"}],"about":[{"href":"https:\/\/centcols.org\/backup\/it\/wp-json\/wp\/v2\/types\/post"}],"author":[{"embeddable":true,"href":"https:\/\/centcols.org\/backup\/it\/wp-json\/wp\/v2\/users\/69"}],"replies":[{"embeddable":true,"href":"https:\/\/centcols.org\/backup\/it\/wp-json\/wp\/v2\/comments?post=75033"}],"version-history":[{"count":0,"href":"https:\/\/centcols.org\/backup\/it\/wp-json\/wp\/v2\/posts\/75033\/revisions"}],"wp:attachment":[{"href":"https:\/\/centcols.org\/backup\/it\/wp-json\/wp\/v2\/media?parent=75033"}],"wp:term":[{"taxonomy":"category","embeddable":true,"href":"https:\/\/centcols.org\/backup\/it\/wp-json\/wp\/v2\/categories?post=75033"},{"taxonomy":"post_tag","embeddable":true,"href":"https:\/\/centcols.org\/backup\/it\/wp-json\/wp\/v2\/tags?post=75033"}],"curies":[{"name":"wp","href":"https:\/\/api.w.org\/{rel}","templated":true}]}}