{"id":75037,"date":"2023-05-11T09:36:19","date_gmt":"2023-05-11T07:36:19","guid":{"rendered":"https:\/\/centcols.org\/backup\/fr-06-tende-e\/"},"modified":"2023-11-22T10:39:57","modified_gmt":"2023-11-22T09:39:57","slug":"fr-06-tende-e","status":"publish","type":"post","link":"https:\/\/centcols.org\/backup\/it\/fr-06-tende-e\/","title":{"rendered":"FR-06 Tende Est &#8211; MTB 79km, D+ 2539m, 20 passi"},"content":{"rendered":"\n<figure class=\"wp-block-image size-large is-resized\"><img loading=\"lazy\" decoding=\"async\" width=\"905\" height=\"543\" src=\"https:\/\/centcols.org\/backup\/wp-content\/uploads\/2023\/05\/Capture-decran-2023-05-11-090936.jpg\" alt=\"\" class=\"wp-image-72758\" srcset=\"https:\/\/centcols.org\/backup\/wp-content\/uploads\/2023\/05\/Capture-decran-2023-05-11-090936.jpg 905w, https:\/\/centcols.org\/backup\/wp-content\/uploads\/2023\/05\/Capture-decran-2023-05-11-090936-500x300.jpg 500w, https:\/\/centcols.org\/backup\/wp-content\/uploads\/2023\/05\/Capture-decran-2023-05-11-090936-768x461.jpg 768w, https:\/\/centcols.org\/backup\/wp-content\/uploads\/2023\/05\/Capture-decran-2023-05-11-090936-600x360.jpg 600w\" sizes=\"(max-width: 905px) 100vw, 905px\" \/><\/figure>\n\n\n\n<figure class=\"wp-block-image size-large\"><img loading=\"lazy\" decoding=\"async\" width=\"1200\" height=\"320\" src=\"https:\/\/centcols.org\/backup\/wp-content\/uploads\/2023\/05\/FR-06-Tende-Est-1200x320.jpeg\" alt=\"\" class=\"wp-image-72764\" srcset=\"https:\/\/centcols.org\/backup\/wp-content\/uploads\/2023\/05\/FR-06-Tende-Est-1200x320.jpeg 1200w, https:\/\/centcols.org\/backup\/wp-content\/uploads\/2023\/05\/FR-06-Tende-Est-500x133.jpeg 500w, https:\/\/centcols.org\/backup\/wp-content\/uploads\/2023\/05\/FR-06-Tende-Est-768x205.jpeg 768w, https:\/\/centcols.org\/backup\/wp-content\/uploads\/2023\/05\/FR-06-Tende-Est-1536x410.jpeg 1536w, https:\/\/centcols.org\/backup\/wp-content\/uploads\/2023\/05\/FR-06-Tende-Est-2048x546.jpeg 2048w, https:\/\/centcols.org\/backup\/wp-content\/uploads\/2023\/05\/FR-06-Tende-Est-600x160.jpeg 600w\" sizes=\"(max-width: 1200px) 100vw, 1200px\" \/><\/figure>\n\n\n\n<h2 class=\"wp-block-heading\">Descrizione dell&#8217;autore<\/h2>\n\n\n\n<p><span style=\"font-size: 20px; font-family: arial, helvetica, sans-serif;\"><strong>Autore<\/strong>: Ren\u00e9 Rial<\/span><\/p>\n\n\n\n<p class=\"has-medium-font-size\"><strong>Percorso completado <\/strong>il 07\/09\/2016.<\/p>\n\n\n\n<p class=\"has-medium-font-size\"><strong>Punto di partenza<\/strong>: Centro di Tenda, uscita nord, vicino alla stazione. Alt: 824 m<\/p>\n\n\n\n<p><\/p>\n\n\n\n<p class=\"has-medium-font-size\"><strong>Descrizione turistica<\/strong><\/p>\n\n\n\n<p class=\"has-medium-font-size\">I comuni di Tenda e La Brigue occupano la parte pi\u00f9 orientale delle Alpi Marittime, lungo il confine con la Liguria e il Piemonte. Le numerose opere militari lungo il percorso testimoniano la storia turbolenta della regione. Il santuario di Notre-Dame-des-Fontaines a La Brigue (km 10,2) ospita un notevole affresco del XV secolo.<\/p>\n\n\n\n<p class=\"has-medium-font-size\">Lungo il percorso si possono ammirare numerosi punti panoramici.<\/p>\n\n\n\n<div style=\"height:16px\" aria-hidden=\"true\" class=\"wp-block-spacer\"><\/div>\n\n\n\n<p class=\"has-medium-font-size\"><strong>20 passi<\/strong><\/p>\n\n\n\n<div class=\"wp-block-group\"><div class=\"wp-block-group__inner-container is-layout-flow wp-block-group-is-layout-flow\">\n<pre class=\"wp-block-preformatted\"><span style=\"font-size: 20px; font-family: arial, helvetica, sans-serif;\">1 Col Linaire <a href=\"https:\/\/centcols.org\/backup\/util\/geo\/visu.php?code=FR-06-1430\" target=\"_blank\" rel=\"noopener\">FR-06-1430<\/a><\/span>\n\n<span style=\"font-size: 20px; font-family: arial, helvetica, sans-serif;\">2 Baisse de Sanson Ouest <a href=\"https:\/\/centcols.org\/backup\/util\/geo\/visu.php?code=FR-06-1694\" target=\"_blank\" rel=\"noopener\">FR-06-1694 <\/a>&nbsp;Bassa di Sanson <a href=\"https:\/\/centcols.org\/backup\/util\/geo\/visu.php?code=IT-IM-1685b\" target=\"_blank\" rel=\"noopener\" title=\"\">IT-IM-1685b<\/a><\/span>\n\n<span style=\"font-size: 20px; font-family: arial, helvetica, sans-serif;\">3 Baisse de Sanson Est <a href=\"https:\/\/centcols.org\/backup\/util\/geo\/visu.php?code=FR-06-1680a\" target=\"_blank\" rel=\"noopener\">FR-06-1680a<\/a> Colla di Sanson <a href=\"https:\/\/centcols.org\/backup\/util\/geo\/visu.php?code=IT-IM-1696\" target=\"_blank\" rel=\"noopener\">IT-IM-1696<\/a>&nbsp;<\/span>\n\n<span style=\"font-size: 20px; font-family: arial, helvetica, sans-serif;\">4 Pas de Colle Ardente <a href=\"https:\/\/centcols.org\/backup\/util\/geo\/visu.php?code=FR-06-1599\" target=\"_blank\" rel=\"noopener\">FR-06-1599<\/a> &nbsp;Passo di Collardente <a href=\"https:\/\/centcols.org\/backup\/util\/geo\/visu.php?code=IT-IM-1600\" target=\"_blank\" rel=\"noopener\">IT-IM-1600<\/a> <\/span>\n\n<span style=\"font-size: 20px; font-family: arial, helvetica, sans-serif;\">5 Baisse des Fraches <a href=\"https:\/\/centcols.org\/backup\/util\/geo\/visu.php?code=FR-06-1599a\" target=\"_blank\" rel=\"noopener\">FR-06-1599a<\/a> Baisse Fraches <a href=\"https:\/\/centcols.org\/backup\/util\/geo\/visu.php?code=IT-IM-1599\" target=\"_blank\" rel=\"noopener\">IT-IM-1599<\/a> <\/span>\n\n<span style=\"font-size: 20px; font-family: arial, helvetica, sans-serif;\">6 Col de la Lari\u00e9e <a href=\"https:\/\/centcols.org\/backup\/util\/geo\/visu.php?code=FR-06-1956\" target=\"_blank\" rel=\"noopener\">FR-06-1956<\/a> <\/span>\n\n<span style=\"font-size: 20px; font-family: arial, helvetica, sans-serif;\">7 Pas du Tanarel <a href=\"https:\/\/centcols.org\/backup\/util\/geo\/visu.php?code=FR-06-2045\" target=\"_blank\" rel=\"noopener\">FR-06-2045<\/a> Passo del Tanarello <a href=\"https:\/\/centcols.org\/backup\/util\/geo\/visu.php?code=IT-CN-2045\" target=\"_blank\" rel=\"noopener\">IT-CN-2045<\/a> <\/span>\n\n<span style=\"font-size: 20px; font-family: arial, helvetica, sans-serif;\">8 Col de Gravairole <a href=\"https:\/\/centcols.org\/backup\/util\/geo\/visu.php?code=FR-06-2250\" target=\"_blank\" rel=\"noopener\">FR-06-2250<\/a> Col de Gravairole <a href=\"https:\/\/centcols.org\/backup\/util\/geo\/visu.php?code=IT-CN-2250\" target=\"_blank\" rel=\"noopener\">IT-CN-2250<\/a> <\/span>\n\n<span style=\"font-size: 20px; font-family: arial, helvetica, sans-serif;\">9 Col Roux <a href=\"https:\/\/centcols.org\/backup\/util\/geo\/visu.php?code=FR-06-2175\" target=\"_blank\" rel=\"noopener\">FR-06-2175<\/a> Colla Rossa <a href=\"https:\/\/centcols.org\/backup\/util\/geo\/visu.php?code=IT-CN-2175\" target=\"_blank\" rel=\"noopener\">IT-CN-2175<\/a><\/span>\n\n<span style=\"font-size: 20px; font-family: arial, helvetica, sans-serif;\">10 Col de l'Ev\u00eaque <a href=\"https:\/\/centcols.org\/backup\/util\/geo\/visu.php?code=FR-06-2161\" target=\"_blank\" rel=\"noopener\">FR-06-2161<\/a> Col de l'Ev\u00eaque <a href=\"https:\/\/centcols.org\/backup\/util\/geo\/visu.php?code=IT-CN-2161\" target=\"_blank\" rel=\"noopener\">IT-CN-2161<\/a> <\/span>\n\n<span style=\"font-size: 20px; font-family: arial, helvetica, sans-serif;\">11 Col de la Celle Vieille <a href=\"https:\/\/centcols.org\/backup\/util\/geo\/visu.php?code=FR-06-2099\" target=\"_blank\" rel=\"noopener\">FR-06-2099<\/a> Col de Celle Vieille <a href=\"https:\/\/centcols.org\/backup\/util\/geo\/visu.php?code=IT-CN-2099\" target=\"_blank\" rel=\"noopener\">IT-CN-2099<\/a> <\/span>\n\n<span style=\"font-size: 20px; font-family: arial, helvetica, sans-serif;\">12 Col des Seigneurs <a href=\"https:\/\/centcols.org\/backup\/util\/geo\/visu.php?code=FR-06-2111\" target=\"_blank\" rel=\"noopener\">FR-06-2111<\/a> Colle dei Signori <a href=\"https:\/\/centcols.org\/backup\/util\/geo\/visu.php?code=IT-CN-2111\" target=\"_blank\" rel=\"noopener\">IT-CN-2111<\/a> <\/span>\n\n<span style=\"font-size: 20px; font-family: arial, helvetica, sans-serif;\">13 Col de Marguareis <a href=\"https:\/\/centcols.org\/backup\/util\/geo\/visu.php?code=FR-06-2085\" target=\"_blank\" rel=\"noopener\">FR-06-2085<\/a> <\/span>\n\n<span style=\"font-size: 20px; font-family: arial, helvetica, sans-serif;\">14 Col de Chevolail <a href=\"https:\/\/centcols.org\/backup\/util\/geo\/visu.php?code=FR-06-2235\" target=\"_blank\" rel=\"noopener\">FR-06-2235<\/a><\/span>\n\n<span style=\"font-size: 20px; font-family: arial, helvetica, sans-serif;\">15 Col de la Boa\u00efra <a href=\"https:\/\/centcols.org\/backup\/util\/geo\/visu.php?code=FR-06-2102\" target=\"_blank\" rel=\"noopener\">FR-06-2102<\/a> Colle della Boaria <a href=\"https:\/\/centcols.org\/backup\/util\/geo\/visu.php?code=IT-CN-2102\" target=\"_blank\" rel=\"noopener\">IT-CN-02102<\/a> <\/span>\n\n<span style=\"font-size: 20px; font-family: arial, helvetica, sans-serif;\">16 Col de la Perle <a href=\"https:\/\/centcols.org\/backup\/util\/geo\/visu.php?code=FR-06-2086\" target=\"_blank\" rel=\"noopener\">FR-06-2086 <\/a>&nbsp;Col de la <a href=\"https:\/\/centcols.org\/backup\/util\/geo\/visu.php?code=IT-CN-2086\" target=\"_blank\" rel=\"noopener\">Perle IT-CN-2086<\/a> <\/span>\n\n<span style=\"font-size: 20px; font-family: arial, helvetica, sans-serif;\">17 Colletto Campanino <a href=\"https:\/\/centcols.org\/backup\/util\/geo\/visu.php?code=IT-CN-2142\" target=\"_blank\" rel=\"noopener\">IT-CN-2142<\/a> <\/span>\n\n<span style=\"font-size: 20px; font-family: arial, helvetica, sans-serif;\">18 Col de Cannelle <a href=\"https:\/\/centcols.org\/backup\/util\/geo\/visu.php?code=FR-06-1882\" target=\"_blank\" rel=\"noopener\">FR-06-1882 <\/a>&nbsp;Col de Cannelle <a href=\"https:\/\/centcols.org\/backup\/util\/geo\/visu.php?code=IT-CN-1882\" target=\"_blank\" rel=\"noopener\">IT-CN-1882<\/a> <\/span>\n\n<span style=\"font-size: 20px; font-family: arial, helvetica, sans-serif;\">19 Col de Tende Est <a href=\"https:\/\/centcols.org\/backup\/util\/geo\/visu.php?code=FR-06-1890\" target=\"_blank\" rel=\"noopener\">FR-06-1890 <\/a>&nbsp;Col de Tende Est <a href=\"https:\/\/centcols.org\/backup\/util\/geo\/visu.php?code=IT-CN-1890\" target=\"_blank\" rel=\"noopener\">IT-CN-1890<\/a> <\/span>\n\n<span style=\"font-size: 20px; font-family: arial, helvetica, sans-serif;\">20 Col de Tende Ouest <a href=\"https:\/\/centcols.org\/backup\/util\/geo\/visu.php?code=FR-06-1871\" target=\"_blank\" rel=\"noopener\">FR-06-1871 <\/a>&nbsp;Colle di Tenda <a href=\"https:\/\/centcols.org\/backup\/util\/geo\/visu.php?code=IT-CN-1871\" target=\"_blank\" rel=\"noopener\">IT-CN-1871<\/a><\/span><\/pre>\n<\/div><\/div>\n\n\n\n<p class=\"has-medium-font-size\">Opzione :<br>Colle di Capoves <a href=\"https:\/\/centcols.org\/backup\/util\/geo\/visu.php?code=FR-06-2207\" target=\"_blank\" rel=\"noreferrer noopener\">FR-06-2207<\/a> Colle di Capoves <a href=\"https:\/\/centcols.org\/backup\/util\/geo\/visu.php?code=IT-CN-2212\" target=\"_blank\" rel=\"noreferrer noopener\">IT-CN-2212<\/a> (fuori dal sentiero, 30 m a destra, 5 m pi\u00f9 in alto).<\/p>\n\n\n\n<div style=\"height:18px\" aria-hidden=\"true\" class=\"wp-block-spacer\"><\/div>\n\n\n\n<p class=\"has-medium-font-size\"><strong>Tecnica di descrizione<\/strong><\/p>\n\n\n\n<p class=\"has-medium-font-size\">Dopo Notre-Dame-des-Fontaines, il percorso sale su una lunga e bella strada (R1\/2) fino al Pas de Tanarel. Segue una serie di passi su sentieri parzialmente ciclabili, che richiedono una breve spinta fino al Col de Celle Vieille (S2\/3). Si prosegue poi su un altro sentiero R1\/2 fino al Col de la route de Tenda. Una serie di 48 tornanti riporta al villaggio di Tenda.<\/p>\n\n\n\n<p class=\"has-medium-font-size\"><span style=\"font-size: 20px; font-family: arial, helvetica, sans-serif;\"><strong>Parole chiave<\/strong> : Centcols,Tende,Tenda,Saint Dalmas de Tende, La Brigue,<\/span><\/p>\n\n\n\n<p class=\"has-medium-font-size\"><strong><strong>Collegamento a Openrunner, mappa interattiva, profilo, traccia gpx<\/strong>: <a href=\"https:\/\/www.openrunner.com\/route-details\/6593420\">https:\/\/www.openrunner.com\/route-details\/6593420<\/a><\/strong><\/p>\n\n\n\n<p class=\"has-medium-font-size\">Questo itinerario \u00e8 offerto a titolo puramente indicativo. L&#8217;autore non si assume alcuna responsabilit\u00e0, n\u00e9 quella del Club des Cent Cols, per le imponderabilit\u00e0 dovute al ciclista stesso, all&#8217;attrezzatura utilizzata o a qualsiasi cosa abbia a che fare con la strada, le piste e i sentieri, il loro ambiente e gli altri utenti.<\/p>\n\n\n\n<p class=\"has-medium-font-size\">Qui, una <a href=\"https:\/\/centcols.org\/backup\/it\/liste-parcours-cent-cols-sur-or-2\/\" target=\"_blank\" rel=\"noopener\" title=\"\">cronaca esaustiva degli itinerari percorsi dai soci<\/a> del Club des Cent Cols<\/p>\n\n\n\n<h2 class=\"kt-adv-heading75037_869e57-fc wp-block-kadence-advancedheading\" data-kb-block=\"kb-adv-heading75037_869e57-fc\">Photos<\/h2>\n\n\n\n<p class=\"has-medium-font-size\">Album photo : <a href=\"https:\/\/photos.app.goo.gl\/C88VUYadbEtxqpqd9\" target=\"_blank\" rel=\"noreferrer noopener\">https:\/\/photos.app.goo.gl\/C88VUYadbEtxqpqd9<\/a><\/p>\n\n\n<div class=\"wp-block-image\">\n<figure class=\"aligncenter size-large\"><img loading=\"lazy\" decoding=\"async\" width=\"1200\" height=\"675\" src=\"https:\/\/centcols.org\/backup\/wp-content\/uploads\/2023\/05\/Vue-1-1200x675.jpg\" alt=\"\" class=\"wp-image-72770\" srcset=\"https:\/\/centcols.org\/backup\/wp-content\/uploads\/2023\/05\/Vue-1-1200x675.jpg 1200w, https:\/\/centcols.org\/backup\/wp-content\/uploads\/2023\/05\/Vue-1-500x281.jpg 500w, https:\/\/centcols.org\/backup\/wp-content\/uploads\/2023\/05\/Vue-1-768x432.jpg 768w, https:\/\/centcols.org\/backup\/wp-content\/uploads\/2023\/05\/Vue-1-1536x864.jpg 1536w, https:\/\/centcols.org\/backup\/wp-content\/uploads\/2023\/05\/Vue-1-600x338.jpg 600w, https:\/\/centcols.org\/backup\/wp-content\/uploads\/2023\/05\/Vue-1.jpg 1708w\" sizes=\"(max-width: 1200px) 100vw, 1200px\" \/><\/figure><\/div>\n\n<div class=\"wp-block-image\">\n<figure class=\"aligncenter size-large\"><img loading=\"lazy\" decoding=\"async\" width=\"1200\" height=\"675\" src=\"https:\/\/centcols.org\/backup\/wp-content\/uploads\/2023\/05\/Vue-2-1200x675.jpg\" alt=\"\" class=\"wp-image-72776\" srcset=\"https:\/\/centcols.org\/backup\/wp-content\/uploads\/2023\/05\/Vue-2-1200x675.jpg 1200w, https:\/\/centcols.org\/backup\/wp-content\/uploads\/2023\/05\/Vue-2-500x281.jpg 500w, https:\/\/centcols.org\/backup\/wp-content\/uploads\/2023\/05\/Vue-2-768x432.jpg 768w, https:\/\/centcols.org\/backup\/wp-content\/uploads\/2023\/05\/Vue-2-1536x864.jpg 1536w, https:\/\/centcols.org\/backup\/wp-content\/uploads\/2023\/05\/Vue-2-600x338.jpg 600w, https:\/\/centcols.org\/backup\/wp-content\/uploads\/2023\/05\/Vue-2.jpg 1607w\" sizes=\"(max-width: 1200px) 100vw, 1200px\" \/><\/figure><\/div>\n\n<div class=\"wp-block-image\">\n<figure class=\"aligncenter size-large\"><img loading=\"lazy\" decoding=\"async\" width=\"1200\" height=\"675\" src=\"https:\/\/centcols.org\/backup\/wp-content\/uploads\/2023\/05\/Vue-3-1200x675.jpg\" alt=\"\" class=\"wp-image-72782\" srcset=\"https:\/\/centcols.org\/backup\/wp-content\/uploads\/2023\/05\/Vue-3-1200x675.jpg 1200w, https:\/\/centcols.org\/backup\/wp-content\/uploads\/2023\/05\/Vue-3-500x281.jpg 500w, https:\/\/centcols.org\/backup\/wp-content\/uploads\/2023\/05\/Vue-3-768x432.jpg 768w, https:\/\/centcols.org\/backup\/wp-content\/uploads\/2023\/05\/Vue-3-1536x864.jpg 1536w, https:\/\/centcols.org\/backup\/wp-content\/uploads\/2023\/05\/Vue-3-600x338.jpg 600w, https:\/\/centcols.org\/backup\/wp-content\/uploads\/2023\/05\/Vue-3.jpg 1607w\" sizes=\"(max-width: 1200px) 100vw, 1200px\" \/><\/figure><\/div>\n\n\n<p class=\"has-text-align-center\"><strong>Le cotte di Tend<\/strong>e<\/p>\n\n\n<div class=\"wp-block-image\">\n<figure class=\"aligncenter size-large\"><img decoding=\"async\" src=\"https:\/\/centcols.org\/backup\/util\/geo\/visu\/FR\/img\/1312\/8202.jpg\" alt=\"\"\/><figcaption class=\"wp-element-caption\"><strong>Col Linaire<\/strong><\/figcaption><\/figure><\/div>\n\n<div class=\"wp-block-image\">\n<figure class=\"aligncenter size-large\"><img decoding=\"async\" src=\"https:\/\/centcols.org\/backup\/util\/geo\/visu\/FR\/img\/1313\/2204.jpg\" alt=\"\"\/><figcaption class=\"wp-element-caption\"><strong>Pas de Colle Ardente<\/strong><\/figcaption><\/figure><\/div>\n\n<div class=\"wp-block-image\">\n<figure class=\"aligncenter size-large\"><img decoding=\"async\" src=\"https:\/\/centcols.org\/backup\/util\/geo\/visu\/FR\/img\/1314\/2303.jpg\" alt=\"\"\/><figcaption class=\"wp-element-caption\"><strong>Pas du Tanarel<\/strong><\/figcaption><\/figure><\/div>\n\n<div class=\"wp-block-image\">\n<figure class=\"aligncenter size-large\"><img decoding=\"async\" src=\"https:\/\/centcols.org\/backup\/util\/geo\/visu\/FR\/img\/1314\/6401.jpg\" alt=\"\"\/><figcaption class=\"wp-element-caption\"><strong>Col de Gravairole<\/strong><\/figcaption><\/figure><\/div>\n\n<div class=\"wp-block-image\">\n<figure class=\"aligncenter size-large\"><img decoding=\"async\" src=\"https:\/\/centcols.org\/backup\/util\/geo\/visu\/FR\/img\/1314\/4601.jpg\" alt=\"\"\/><figcaption class=\"wp-element-caption\"><strong>Col de l&#8217;Ev\u00eaque<\/strong><\/figcaption><\/figure><\/div>\n\n<div class=\"wp-block-image\">\n<figure class=\"aligncenter size-large\"><img decoding=\"async\" src=\"https:\/\/centcols.org\/backup\/util\/geo\/visu\/FR\/img\/1314\/3902.jpg\" alt=\"\"\/><figcaption class=\"wp-element-caption\"><strong>Col des Seigneurs<\/strong><\/figcaption><\/figure><\/div>\n\n<div class=\"wp-block-image\">\n<figure class=\"aligncenter size-large\"><img decoding=\"async\" src=\"https:\/\/centcols.org\/backup\/util\/geo\/visu\/FR\/img\/1314\/3200.jpg\" alt=\"\"\/><figcaption class=\"wp-element-caption\"><strong>Col de la Perle<\/strong><\/figcaption><\/figure><\/div>\n\n<div class=\"wp-block-image\">\n<figure class=\"aligncenter size-large\"><img decoding=\"async\" src=\"https:\/\/centcols.org\/backup\/util\/geo\/visu\/IT\/img\/1465\/5201.jpg\" alt=\"\"\/><figcaption class=\"wp-element-caption\"><strong>Colletto Campanino<\/strong><\/figcaption><\/figure><\/div>\n\n<div class=\"wp-block-image\">\n<figure class=\"aligncenter size-large\"><img decoding=\"async\" src=\"https:\/\/centcols.org\/backup\/util\/geo\/visu\/FR\/img\/1313\/8901.jpg\" alt=\"\"\/><figcaption class=\"wp-element-caption\"><strong>Col de Cannelle<\/strong><\/figcaption><\/figure><\/div>\n\n<div class=\"wp-block-image\">\n<figure class=\"aligncenter size-large\"><img decoding=\"async\" src=\"https:\/\/centcols.org\/backup\/util\/geo\/visu\/FR\/img\/1313\/9103.jpg\" alt=\"\"\/><figcaption class=\"wp-element-caption\"><strong>Col de Tende Est<\/strong><\/figcaption><\/figure><\/div>","protected":false},"excerpt":{"rendered":"<p>Descrizione dell&#8217;autore Autore: Ren\u00e9 Rial Percorso completado il 07\/09\/2016. Punto di partenza: Centro di Tenda, uscita nord, vicino alla stazione. Alt: 824 m Descrizione turistica I comuni di Tenda e La Brigue occupano la parte pi\u00f9 orientale delle Alpi Marittime, lungo il confine con la Liguria e il Piemonte. Le numerose opere militari lungo il [&hellip;]<\/p>\n","protected":false},"author":69,"featured_media":0,"comment_status":"closed","ping_status":"closed","sticky":false,"template":"","format":"standard","meta":{"_acf_changed":false,"ub_ctt_via":"","_monsterinsights_skip_tracking":false,"_monsterinsights_sitenote_active":false,"_monsterinsights_sitenote_note":"","_monsterinsights_sitenote_category":0,"footnotes":""},"categories":[606,611],"tags":[],"acf":[],"featured_image_urls":{"full":"","thumbnail":"","medium":"","medium_large":"","large":"","1536x1536":"","2048x2048":"","woocommerce_thumbnail":"","woocommerce_single":"","woocommerce_gallery_thumbnail":""},"post_excerpt_stackable":"<p>Descrizione dell&#8217;autore Autore: Ren\u00e9 Rial Percorso completado il 07\/09\/2016. Punto di partenza: Centro di Tenda, uscita nord, vicino alla stazione. Alt: 824 m Descrizione turistica I comuni di Tenda e La Brigue occupano la parte pi\u00f9 orientale delle Alpi Marittime, lungo il confine con la Liguria e il Piemonte. Le numerose opere militari lungo il percorso testimoniano la storia turbolenta della regione. Il santuario di Notre-Dame-des-Fontaines a La Brigue (km 10,2) ospita un notevole affresco del XV secolo. Lungo il percorso si possono ammirare numerosi punti panoramici. 20 passi 1 Col Linaire FR-06-1430 2 Baisse de Sanson Ouest FR-06-1694 &nbsp;Bassa&hellip;<\/p>\n","category_list":"<a href=\"https:\/\/centcols.org\/backup\/it\/categorie\/percorsi-dei-membri\/\" rel=\"category tag\">Percorsi dei membri<\/a>, <a href=\"https:\/\/centcols.org\/backup\/it\/categorie\/percorsi-dei-membri\/senza-etichetta-cent-cols\/\" rel=\"category tag\">Senza Etichetta Cent Cols<\/a>","author_info":{"display_name":"Enrico Alberini","author_link":"https:\/\/centcols.org\/backup\/it\/author\/5065\/"},"comments_num":"0 commenti","featured_image_urls_v2":{"full":"","thumbnail":"","medium":"","medium_large":"","large":"","1536x1536":"","2048x2048":"","woocommerce_thumbnail":"","woocommerce_single":"","woocommerce_gallery_thumbnail":""},"post_excerpt_stackable_v2":"<p>Descrizione dell&#8217;autore Autore: Ren\u00e9 Rial Percorso completado il 07\/09\/2016. Punto di partenza: Centro di Tenda, uscita nord, vicino alla stazione. Alt: 824 m Descrizione turistica I comuni di Tenda e La Brigue occupano la parte pi\u00f9 orientale delle Alpi Marittime, lungo il confine con la Liguria e il Piemonte. Le numerose opere militari lungo il percorso testimoniano la storia turbolenta della regione. Il santuario di Notre-Dame-des-Fontaines a La Brigue (km 10,2) ospita un notevole affresco del XV secolo. Lungo il percorso si possono ammirare numerosi punti panoramici. 20 passi 1 Col Linaire FR-06-1430 2 Baisse de Sanson Ouest FR-06-1694 &nbsp;Bassa&hellip;<\/p>\n","category_list_v2":"<a href=\"https:\/\/centcols.org\/backup\/it\/categorie\/percorsi-dei-membri\/\" rel=\"category tag\">Percorsi dei membri<\/a>, <a href=\"https:\/\/centcols.org\/backup\/it\/categorie\/percorsi-dei-membri\/senza-etichetta-cent-cols\/\" rel=\"category tag\">Senza Etichetta Cent Cols<\/a>","author_info_v2":{"name":"Enrico Alberini","url":"https:\/\/centcols.org\/backup\/it\/author\/5065\/"},"comments_num_v2":"0 commenti","featured_image_src":null,"_links":{"self":[{"href":"https:\/\/centcols.org\/backup\/it\/wp-json\/wp\/v2\/posts\/75037"}],"collection":[{"href":"https:\/\/centcols.org\/backup\/it\/wp-json\/wp\/v2\/posts"}],"about":[{"href":"https:\/\/centcols.org\/backup\/it\/wp-json\/wp\/v2\/types\/post"}],"author":[{"embeddable":true,"href":"https:\/\/centcols.org\/backup\/it\/wp-json\/wp\/v2\/users\/69"}],"replies":[{"embeddable":true,"href":"https:\/\/centcols.org\/backup\/it\/wp-json\/wp\/v2\/comments?post=75037"}],"version-history":[{"count":0,"href":"https:\/\/centcols.org\/backup\/it\/wp-json\/wp\/v2\/posts\/75037\/revisions"}],"wp:attachment":[{"href":"https:\/\/centcols.org\/backup\/it\/wp-json\/wp\/v2\/media?parent=75037"}],"wp:term":[{"taxonomy":"category","embeddable":true,"href":"https:\/\/centcols.org\/backup\/it\/wp-json\/wp\/v2\/categories?post=75037"},{"taxonomy":"post_tag","embeddable":true,"href":"https:\/\/centcols.org\/backup\/it\/wp-json\/wp\/v2\/tags?post=75037"}],"curies":[{"name":"wp","href":"https:\/\/api.w.org\/{rel}","templated":true}]}}