{"id":75041,"date":"2023-07-13T16:31:00","date_gmt":"2023-07-13T14:31:00","guid":{"rendered":"https:\/\/centcols.org\/backup\/fr-2b-niolu\/"},"modified":"2023-12-06T17:04:39","modified_gmt":"2023-12-06T16:04:39","slug":"fr-2b-niolu","status":"publish","type":"post","link":"https:\/\/centcols.org\/backup\/it\/fr-2b-niolu\/","title":{"rendered":"FR-2B Le Creste del Niolu &#8211; MTB 46 km, D+1487m, 7 passi"},"content":{"rendered":"\n<figure class=\"wp-block-image size-large is-resized\"><img loading=\"lazy\" decoding=\"async\" width=\"905\" height=\"542\" src=\"https:\/\/centcols.org\/backup\/wp-content\/uploads\/2023\/05\/Capture-decran-2023-05-14-161201-1.jpg\" alt=\"\" class=\"wp-image-73078\" style=\"width:1103px;height:660px\" srcset=\"https:\/\/centcols.org\/backup\/wp-content\/uploads\/2023\/05\/Capture-decran-2023-05-14-161201-1.jpg 905w, https:\/\/centcols.org\/backup\/wp-content\/uploads\/2023\/05\/Capture-decran-2023-05-14-161201-1-500x299.jpg 500w, https:\/\/centcols.org\/backup\/wp-content\/uploads\/2023\/05\/Capture-decran-2023-05-14-161201-1-768x460.jpg 768w, https:\/\/centcols.org\/backup\/wp-content\/uploads\/2023\/05\/Capture-decran-2023-05-14-161201-1-600x359.jpg 600w\" sizes=\"(max-width: 905px) 100vw, 905px\" \/><\/figure>\n\n\n<div class=\"wp-block-image\">\n<figure class=\"aligncenter size-large\"><img loading=\"lazy\" decoding=\"async\" width=\"1200\" height=\"320\" src=\"https:\/\/centcols.org\/backup\/wp-content\/uploads\/2023\/05\/FR-2B-Les-cretes-sud-du-Niolu-1200x320.jpeg\" alt=\"\" class=\"wp-image-73046\" srcset=\"https:\/\/centcols.org\/backup\/wp-content\/uploads\/2023\/05\/FR-2B-Les-cretes-sud-du-Niolu-1200x320.jpeg 1200w, https:\/\/centcols.org\/backup\/wp-content\/uploads\/2023\/05\/FR-2B-Les-cretes-sud-du-Niolu-500x133.jpeg 500w, https:\/\/centcols.org\/backup\/wp-content\/uploads\/2023\/05\/FR-2B-Les-cretes-sud-du-Niolu-768x205.jpeg 768w, https:\/\/centcols.org\/backup\/wp-content\/uploads\/2023\/05\/FR-2B-Les-cretes-sud-du-Niolu-1536x410.jpeg 1536w, https:\/\/centcols.org\/backup\/wp-content\/uploads\/2023\/05\/FR-2B-Les-cretes-sud-du-Niolu-2048x546.jpeg 2048w, https:\/\/centcols.org\/backup\/wp-content\/uploads\/2023\/05\/FR-2B-Les-cretes-sud-du-Niolu-600x160.jpeg 600w\" sizes=\"(max-width: 1200px) 100vw, 1200px\" \/><\/figure><\/div>\n\n\n<h2 class=\"wp-block-heading\">Descrizione dell&#8217;autore<\/h2>\n\n\n\n<p><span style=\"font-size: 20px; font-family: arial, helvetica, sans-serif;\"><strong>Autore<\/strong>: Bernard Giraudeau<\/span><\/p>\n\n\n\n<p><span style=\"font-family: arial, helvetica, sans-serif; font-size: 20px;\"><strong>Percorso<\/strong>: completato nel 2019<\/span><\/p>\n\n\n\n<p class=\"has-medium-font-size\"><strong>Partenza<\/strong>: parcheggio vicino alla diga di Calacuccia. Alt: 810 m<\/p>\n\n\n\n<p><\/p>\n\n\n\n<p class=\"has-medium-font-size\"><strong>Descrizione turistica<\/strong><\/p>\n\n\n\n<p class=\"has-medium-font-size\">Le creste meridionali del Niolu sono uno splendido punto di osservazione sulla vasta e verdeggiante depressione della valle del Golo, detta appunto del Niolu. L&#8217;orizzonte nord-occidentale \u00e8 dominato dal massiccio del Monte Cinto, la vetta pi\u00f9 alta della Corsica (2.706 m), e dai suoi satelliti, tutti alti pi\u00f9 di 2.500 metri.<\/p>\n\n\n\n<p class=\"has-medium-font-size\">A sud-est, si possono vedere le gole di un altro dei grandi fiumi della Corsica, il Tavignanu a monte di Corte.<\/p>\n\n\n\n<div style=\"height:16px\" aria-hidden=\"true\" class=\"wp-block-spacer\"><\/div>\n\n\n\n<p class=\"has-medium-font-size\"><strong>7 passi<\/strong><\/p>\n\n\n\n<p class=\"wp-block-preformatted has-medium-font-size\"><span style=\"font-size: 20px; font-family: arial, helvetica, sans-serif;\">1 <\/span>&#8211; Bocca a Croce <a href=\"https:\/\/centcols.org\/backup\/util\/geo\/visu.php?code=FR-2B-1602b\" target=\"_blank\" rel=\"noopener\" title=\"\">FR-2B-1602b<\/a><\/p>\n\n\n\n<p class=\"wp-block-preformatted has-medium-font-size\">2 &#8211; Bocca Capizzolu <a href=\"https:\/\/centcols.org\/backup\/util\/geo\/visu.php?code=FR-2B-1602a\" target=\"_blank\" rel=\"noopener\" title=\"\">FR-2B-1602a<\/a>  <\/p>\n\n\n\n<p class=\"wp-block-preformatted has-medium-font-size\">3 &#8211; Bocca di l&#8217;Arinella <a href=\"https:\/\/centcols.org\/backup\/util\/geo\/visu.php?code=FR-2B-1592\" target=\"_blank\" rel=\"noopener\" title=\"\">FR-2B-1592<\/a><\/p>\n\n\n\n<p class=\"wp-block-preformatted has-medium-font-size\">4 &#8211; Bocca Aleri <a href=\"https:\/\/centcols.org\/backup\/util\/geo\/visu.php?code=FR-2B-1575\" target=\"_blank\" rel=\"noopener\" title=\"\">FR-2B-1575<\/a><\/p>\n\n\n\n<p class=\"wp-block-preformatted has-medium-font-size\">5 &#8211; Colletta di Melo <a href=\"https:\/\/centcols.org\/backup\/util\/geo\/visu.php?code=FR-2B-1444\">FR-2B-1<\/a><a href=\"https:\/\/centcols.org\/backup\/util\/geo\/visu.php?code=FR-2B-1444\" target=\"_blank\" rel=\"noopener\" title=\"\">4<\/a><a href=\"https:\/\/centcols.org\/backup\/util\/geo\/visu.php?code=FR-2B-1444\">44<\/a><\/p>\n\n\n\n<p class=\"wp-block-preformatted has-medium-font-size\">6 &#8211; Bocca di Conia <a href=\"https:\/\/centcols.org\/backup\/util\/geo\/visu.php?code=FR-2B-1669\" target=\"_blank\" rel=\"noopener\" title=\"\">FR-2B-1669<\/a><\/p>\n\n\n\n<p class=\"wp-block-preformatted has-medium-font-size\">7 &#8211; Bocca a Canaghia <a href=\"https:\/\/centcols.org\/backup\/util\/geo\/visu.php?code=FR-2B-1815\" target=\"_blank\" rel=\"noopener\" title=\"\">FR-2B-1815<\/a><\/p>\n\n\n\n<div style=\"height:18px\" aria-hidden=\"true\" class=\"wp-block-spacer\"><\/div>\n\n\n\n<p class=\"has-medium-font-size\"><strong>Descrizione tecnica<\/strong><\/p>\n\n\n\n<p class=\"has-medium-font-size\">Il tratto asfaltato copre il 15% del percorso, pari a 6,8 km.<\/p>\n\n\n\n<p class=\"has-medium-font-size\">Le piste forestali o DFCI rappresentano il 72%, ovvero 33 km.<\/p>\n\n\n\n<p class=\"has-medium-font-size\">Tre settori su sentieri saranno facili. I settori finali intorno a Bocca di Conia (S2-3) e Bocca a Canaghia (R2) saranno pi\u00f9 impegnativi.<\/p>\n\n\n\n<p class=\"has-medium-font-size\">Una Gravel bike pu\u00f2 quindi essere utilizzata su un&#8217;ampia area.<\/p>\n\n\n\n<p class=\"has-medium-font-size\"><span style=\"font-size: 20px; font-family: arial, helvetica, sans-serif;\"><strong>Parole chiave<\/strong> : <\/span>Niolu, Calacuccia, Albertacce, Casamaccioli, centcols<\/p>\n\n\n\n<p class=\"has-medium-font-size\"><span style=\"font-size: 20px; font-family: arial, helvetica, sans-serif;\"><strong><strong>Collegamento a Openrunner, mappa interattiva, profilo, traccia gpx<\/strong><\/strong> : <\/span><strong><a href=\"https:\/\/www.openrunner.com\/route-details\/16608615\" target=\"_blank\" rel=\"noreferrer noopener\">https:\/\/www.openrunner.com\/route-details\/16608615<\/a><\/strong><\/p>\n\n\n\n<p class=\"has-medium-font-size\">Questo percorso \u00e8 offerto a titolo puramente indicativo. L&#8217;autore non si assume alcuna responsabilit\u00e0, n\u00e9 quella del Club des Cent Cols, per eventuali imponderabilit\u00e0 dovute al ciclista stesso, all&#8217;equipaggiamento utilizzato o a qualsiasi cosa abbia a che fare con la strada, le piste e i sentieri, i loro dintorni e gli altri utenti di essi.<\/p>\n\n\n\n<p class=\"has-medium-font-size\">Qui, una <a href=\"https:\/\/centcols.org\/backup\/it\/liste-parcours-cent-cols-sur-or-2\/\" target=\"_blank\" rel=\"noopener\" title=\"\">cronaca esaustiva dei percorsi dei soci<\/a> del Club des Cent Cols<\/p>\n\n\n\n<h2 class=\"kt-adv-heading75041_aaf5ed-bc wp-block-kadence-advancedheading\" data-kb-block=\"kb-adv-heading75041_aaf5ed-bc\">Fotografie<\/h2>\n\n\n<div class=\"wp-block-image\">\n<figure class=\"aligncenter size-large\"><img loading=\"lazy\" decoding=\"async\" width=\"800\" height=\"600\" src=\"https:\/\/centcols.org\/backup\/wp-content\/uploads\/2023\/05\/Piste-R1-depuis-Bocca-Aleri.jpg\" alt=\"\" class=\"wp-image-73070\" srcset=\"https:\/\/centcols.org\/backup\/wp-content\/uploads\/2023\/05\/Piste-R1-depuis-Bocca-Aleri.jpg 800w, https:\/\/centcols.org\/backup\/wp-content\/uploads\/2023\/05\/Piste-R1-depuis-Bocca-Aleri-500x375.jpg 500w, https:\/\/centcols.org\/backup\/wp-content\/uploads\/2023\/05\/Piste-R1-depuis-Bocca-Aleri-768x576.jpg 768w, https:\/\/centcols.org\/backup\/wp-content\/uploads\/2023\/05\/Piste-R1-depuis-Bocca-Aleri-600x450.jpg 600w\" sizes=\"(max-width: 800px) 100vw, 800px\" \/><figcaption class=\"wp-element-caption\"><strong>Corsa R1 da Bocca Aleri<\/strong><\/figcaption><\/figure><\/div>\n\n\n<figure class=\"wp-block-image size-large\"><img loading=\"lazy\" decoding=\"async\" width=\"800\" height=\"600\" src=\"https:\/\/centcols.org\/backup\/wp-content\/uploads\/2023\/05\/Monte-Cinto-sans-legende.jpg\" alt=\"\" class=\"wp-image-73058\" srcset=\"https:\/\/centcols.org\/backup\/wp-content\/uploads\/2023\/05\/Monte-Cinto-sans-legende.jpg 800w, https:\/\/centcols.org\/backup\/wp-content\/uploads\/2023\/05\/Monte-Cinto-sans-legende-500x375.jpg 500w, https:\/\/centcols.org\/backup\/wp-content\/uploads\/2023\/05\/Monte-Cinto-sans-legende-768x576.jpg 768w, https:\/\/centcols.org\/backup\/wp-content\/uploads\/2023\/05\/Monte-Cinto-sans-legende-600x450.jpg 600w\" sizes=\"(max-width: 800px) 100vw, 800px\" \/><figcaption class=\"wp-element-caption\"><strong>Monte Cinto<\/strong><\/figcaption><\/figure>\n\n\n\n<figure class=\"wp-block-image size-large\"><img loading=\"lazy\" decoding=\"async\" width=\"800\" height=\"600\" src=\"https:\/\/centcols.org\/backup\/wp-content\/uploads\/2023\/05\/Les-bergerie-de-Conia.jpg\" alt=\"\" class=\"wp-image-73052\" srcset=\"https:\/\/centcols.org\/backup\/wp-content\/uploads\/2023\/05\/Les-bergerie-de-Conia.jpg 800w, https:\/\/centcols.org\/backup\/wp-content\/uploads\/2023\/05\/Les-bergerie-de-Conia-500x375.jpg 500w, https:\/\/centcols.org\/backup\/wp-content\/uploads\/2023\/05\/Les-bergerie-de-Conia-768x576.jpg 768w, https:\/\/centcols.org\/backup\/wp-content\/uploads\/2023\/05\/Les-bergerie-de-Conia-600x450.jpg 600w\" sizes=\"(max-width: 800px) 100vw, 800px\" \/><figcaption class=\"wp-element-caption\"><strong>Le Bergerie di Conia<\/strong><\/figcaption><\/figure>\n\n\n\n<figure class=\"wp-block-image size-large\"><img loading=\"lazy\" decoding=\"async\" width=\"800\" height=\"600\" src=\"https:\/\/centcols.org\/backup\/wp-content\/uploads\/2023\/05\/Bocca-Cappizzolu-Sans-L.jpg\" alt=\"\" class=\"wp-image-73034\" srcset=\"https:\/\/centcols.org\/backup\/wp-content\/uploads\/2023\/05\/Bocca-Cappizzolu-Sans-L.jpg 800w, https:\/\/centcols.org\/backup\/wp-content\/uploads\/2023\/05\/Bocca-Cappizzolu-Sans-L-500x375.jpg 500w, https:\/\/centcols.org\/backup\/wp-content\/uploads\/2023\/05\/Bocca-Cappizzolu-Sans-L-768x576.jpg 768w, https:\/\/centcols.org\/backup\/wp-content\/uploads\/2023\/05\/Bocca-Cappizzolu-Sans-L-600x450.jpg 600w\" sizes=\"(max-width: 800px) 100vw, 800px\" \/><figcaption class=\"wp-element-caption\"><strong>Bocca Cappizzolu <\/strong><\/figcaption><\/figure>\n","protected":false},"excerpt":{"rendered":"<p>Descrizione dell&#8217;autore Autore: Bernard Giraudeau Percorso: completato nel 2019 Partenza: parcheggio vicino alla diga di Calacuccia. Alt: 810 m Descrizione turistica Le creste meridionali del Niolu sono uno splendido punto di osservazione sulla vasta e verdeggiante depressione della valle del Golo, detta appunto del Niolu. L&#8217;orizzonte nord-occidentale \u00e8 dominato dal massiccio del Monte Cinto, la [&hellip;]<\/p>\n","protected":false},"author":69,"featured_media":0,"comment_status":"closed","ping_status":"closed","sticky":false,"template":"","format":"standard","meta":{"_acf_changed":false,"ub_ctt_via":"","_monsterinsights_skip_tracking":false,"_monsterinsights_sitenote_active":false,"_monsterinsights_sitenote_note":"","_monsterinsights_sitenote_category":0,"footnotes":""},"categories":[606,609],"tags":[],"acf":[],"featured_image_urls":{"full":"","thumbnail":"","medium":"","medium_large":"","large":"","1536x1536":"","2048x2048":"","woocommerce_thumbnail":"","woocommerce_single":"","woocommerce_gallery_thumbnail":""},"post_excerpt_stackable":"<p>Descrizione dell&#8217;autore Autore: Bernard Giraudeau Percorso: completato nel 2019 Partenza: parcheggio vicino alla diga di Calacuccia. Alt: 810 m Descrizione turistica Le creste meridionali del Niolu sono uno splendido punto di osservazione sulla vasta e verdeggiante depressione della valle del Golo, detta appunto del Niolu. L&#8217;orizzonte nord-occidentale \u00e8 dominato dal massiccio del Monte Cinto, la vetta pi\u00f9 alta della Corsica (2.706 m), e dai suoi satelliti, tutti alti pi\u00f9 di 2.500 metri. A sud-est, si possono vedere le gole di un altro dei grandi fiumi della Corsica, il Tavignanu a monte di Corte. 7 passi 1 &#8211; Bocca a Croce&hellip;<\/p>\n","category_list":"<a href=\"https:\/\/centcols.org\/backup\/it\/categorie\/percorsi-dei-membri\/\" rel=\"category tag\">Percorsi dei membri<\/a>, <a href=\"https:\/\/centcols.org\/backup\/it\/categorie\/percorsi-dei-membri\/percorsi-francia\/\" rel=\"category tag\">Percorsi in Francia<\/a>","author_info":{"display_name":"Enrico Alberini","author_link":"https:\/\/centcols.org\/backup\/it\/author\/5065\/"},"comments_num":"0 commenti","featured_image_urls_v2":{"full":"","thumbnail":"","medium":"","medium_large":"","large":"","1536x1536":"","2048x2048":"","woocommerce_thumbnail":"","woocommerce_single":"","woocommerce_gallery_thumbnail":""},"post_excerpt_stackable_v2":"<p>Descrizione dell&#8217;autore Autore: Bernard Giraudeau Percorso: completato nel 2019 Partenza: parcheggio vicino alla diga di Calacuccia. Alt: 810 m Descrizione turistica Le creste meridionali del Niolu sono uno splendido punto di osservazione sulla vasta e verdeggiante depressione della valle del Golo, detta appunto del Niolu. L&#8217;orizzonte nord-occidentale \u00e8 dominato dal massiccio del Monte Cinto, la vetta pi\u00f9 alta della Corsica (2.706 m), e dai suoi satelliti, tutti alti pi\u00f9 di 2.500 metri. A sud-est, si possono vedere le gole di un altro dei grandi fiumi della Corsica, il Tavignanu a monte di Corte. 7 passi 1 &#8211; Bocca a Croce&hellip;<\/p>\n","category_list_v2":"<a href=\"https:\/\/centcols.org\/backup\/it\/categorie\/percorsi-dei-membri\/\" rel=\"category tag\">Percorsi dei membri<\/a>, <a href=\"https:\/\/centcols.org\/backup\/it\/categorie\/percorsi-dei-membri\/percorsi-francia\/\" rel=\"category tag\">Percorsi in Francia<\/a>","author_info_v2":{"name":"Enrico Alberini","url":"https:\/\/centcols.org\/backup\/it\/author\/5065\/"},"comments_num_v2":"0 commenti","featured_image_src":null,"_links":{"self":[{"href":"https:\/\/centcols.org\/backup\/it\/wp-json\/wp\/v2\/posts\/75041"}],"collection":[{"href":"https:\/\/centcols.org\/backup\/it\/wp-json\/wp\/v2\/posts"}],"about":[{"href":"https:\/\/centcols.org\/backup\/it\/wp-json\/wp\/v2\/types\/post"}],"author":[{"embeddable":true,"href":"https:\/\/centcols.org\/backup\/it\/wp-json\/wp\/v2\/users\/69"}],"replies":[{"embeddable":true,"href":"https:\/\/centcols.org\/backup\/it\/wp-json\/wp\/v2\/comments?post=75041"}],"version-history":[{"count":0,"href":"https:\/\/centcols.org\/backup\/it\/wp-json\/wp\/v2\/posts\/75041\/revisions"}],"wp:attachment":[{"href":"https:\/\/centcols.org\/backup\/it\/wp-json\/wp\/v2\/media?parent=75041"}],"wp:term":[{"taxonomy":"category","embeddable":true,"href":"https:\/\/centcols.org\/backup\/it\/wp-json\/wp\/v2\/categories?post=75041"},{"taxonomy":"post_tag","embeddable":true,"href":"https:\/\/centcols.org\/backup\/it\/wp-json\/wp\/v2\/tags?post=75041"}],"curies":[{"name":"wp","href":"https:\/\/api.w.org\/{rel}","templated":true}]}}