{"id":77947,"date":"2023-06-16T14:23:00","date_gmt":"2023-06-16T12:23:00","guid":{"rendered":"https:\/\/centcols.org\/backup\/suisse-ch-ti-erbonne\/"},"modified":"2023-11-20T08:46:30","modified_gmt":"2023-11-20T07:46:30","slug":"suisse-ch-ti-erbonne","status":"publish","type":"post","link":"https:\/\/centcols.org\/backup\/it\/suisse-ch-ti-erbonne\/","title":{"rendered":"CH-TI Erbonne e Bocchetta d&#8217;Orimento &#8211; Strada 64 km, D+ 1550 m, 1 passo"},"content":{"rendered":"<div class=\"wp-block-image\">\n<figure class=\"aligncenter size-large\"><img decoding=\"async\" src=\"https:\/\/centcols.org\/backup\/wp-content\/uploads\/2023\/06\/Capture-decran-2023-06-16-135334.jpg\" alt=\"\"\/><\/figure><\/div>\n\n<div class=\"wp-block-image\">\n<figure class=\"aligncenter size-large\"><img decoding=\"async\" src=\"https:\/\/centcols.org\/backup\/wp-content\/uploads\/2023\/06\/CH-Ti-Erbonne-et-Bochetta-dOrimento-1536x410.jpeg\" alt=\"\"\/><\/figure><\/div>\n\n\n<h2 class=\"wp-block-heading\">Descrizione dell&#8217;autore<\/h2>\n\n\n<p style=\"font-family: arial, helvetica, sans-serif; font-size: 14px;\"><strong>Autore<\/strong>\u00a0: Andr\u00e9 Rudaz<\/p>\n<p style=\"font-family: arial, helvetica, sans-serif; font-size: 14px;\"><strong>Partenza<\/strong> : Riva San Vitale (Ticino ). Parcheggio a pagamento, Via del l&#8217;Indipendenza. Alt: 276 m<\/p>\n\n\n<h2 class=\"wp-block-heading\">Descrizione turistica<\/h2>\n\n\n<p><span style=\"font-family: arial, helvetica, sans-serif; font-size: 14px;\">Questo percorso \u00e8 a cavallo del confine tra Svizzera e Italia, con il territorio elvetico che, curiosamente, si trova a sud di quello italiano! Passa per Erbonne, un piccolo villaggio ai confini della Lombardia.<\/span><\/p>\n<p><span style=\"font-size: 14px; font-family: arial, helvetica, sans-serif;\">Il villaggio, che contava 15 abitanti nel 2001, 9 nel 2012 e 4 nel 2023, si trova a 6 km da Casasco d&#8217;Intelvi e ad appena 1 km dal villaggio svizzero di Scudellate. Oltre trecento anni di conflitti tra il comune di San Fedele Intelvi e gli abitanti di Erbonne, tagliati fuori da ogni tipo di servizio comunale, portarono gli erbesi a stipulare un accordo con il villaggio svizzero di Scudellate che, dietro pagamento, garantiva agli erbesi servizi medici, scolastici e funebri!<\/span><\/p>\n<p><span style=\"font-size: 14px; font-family: arial, helvetica, sans-serif;\">Nel 1911, per la prima volta, fu costruito un cimitero a Erbonne!<\/span><\/p>\n<p><span style=\"font-size: 14px; font-family: arial, helvetica, sans-serif;\">La strada che collega San Fedele Intelvi a Erbonne fu costruita nel 1954.<\/span><\/p>\n<p><span style=\"font-size: 14px; font-family: arial, helvetica, sans-serif;\">Tra il 1916 e il 1969, San Fedele ha garantito una scuola a Erbonne, inizialmente in locali privati e, dal 1958, in una struttura appositamente costruita.<\/span><\/p>\n<p style=\"font-family: arial, helvetica, sans-serif; font-size: 14px;\"><strong>1 passo<\/strong><\/p>\n<p style=\"font-family: arial, helvetica, sans-serif; font-size: 14px;\">Bocchetta d&#8217;Orimento <a style=\"font-family: arial, helvetica, sans-serif; font-size: 14px;\" href=\"https:\/\/centcols.org\/backup\/util\/geo\/visuGen.php?code=IT-CO-1275a\">IT-CO-1275a<\/a><\/p>\n\n\n<h2 class=\"wp-block-heading\">Descrizione tecnica<\/h2>\n\n\n<p style=\"font-family: arial, helvetica, sans-serif; font-size: 14px;\">Scudellate e Erbonne sono collegate da un sentiero di circa 1 km (spinta facile con una randonneuse). C&#8217;\u00e8 una passerella pedonale tra la Svizzera e l&#8217;Italia appena prima di Erbonne.<\/p>\n<p style=\"font-family: arial, helvetica, sans-serif; font-size: 14px;\"><strong>Link<\/strong>\u00a0<a style=\"font-family: arial, helvetica, sans-serif; font-size: 14px;\" title=\"\" href=\"https:\/\/www.openrunner.com\/route-details\/16937130\" target=\"_blank\" rel=\"noopener\">https:\/\/www.openrunner.com\/route-details\/16937130<\/a><\/p>\n<p style=\"font-family: arial, helvetica, sans-serif; font-size: 14px;\"><strong>Parole chiave<\/strong>: Tessin, Riva San Vitale, Erbonne, Scudellate, centcols<\/p>\n<p style=\"font-family: arial, helvetica, sans-serif; font-size: 14px;\">L&#8217;itinerario \u00e8 fornito a titolo indicativo. L&#8217;autore declina ogni responsabilit\u00e0, cos\u00ec come quella del Club des Cent Cols, per gli imprevisti causati dal ciclista stesso, dall&#8217;equipaggiamento utilizzato o da tutto ci\u00f2 che riguarda la strada, il suo ambiente o gli altri utenti della strada.<\/p>\n<p style=\"font-family: arial, helvetica, sans-serif; font-size: 14px;\">Qui, una panoramica completa dei <a style=\"font-family: arial, helvetica, sans-serif; font-size: 14px;\" title=\"\" href=\"https:\/\/centcols.org\/backup\/it\/liste-parcours-cent-cols-sur-or-2\/\" target=\"_blank\" rel=\"noopener\">parcorsi dei membri<\/a> del Club des Cent Cols<\/p>\n\n\n<h2 class=\"wp-block-heading\">Fotografie<\/h2>\n\n\n\n<figure class=\"wp-block-image\"><img loading=\"lazy\" decoding=\"async\" width=\"1000\" height=\"667\" src=\"https:\/\/centcols.org\/backup\/wp-content\/uploads\/2023\/06\/2Qsu3USxPbZeRkMQyXQLtA2UOx9.jpg\" alt=\"\" class=\"wp-image-74994\" srcset=\"https:\/\/centcols.org\/backup\/wp-content\/uploads\/2023\/06\/2Qsu3USxPbZeRkMQyXQLtA2UOx9.jpg 1000w, https:\/\/centcols.org\/backup\/wp-content\/uploads\/2023\/06\/2Qsu3USxPbZeRkMQyXQLtA2UOx9-500x334.jpg 500w, https:\/\/centcols.org\/backup\/wp-content\/uploads\/2023\/06\/2Qsu3USxPbZeRkMQyXQLtA2UOx9-768x512.jpg 768w, https:\/\/centcols.org\/backup\/wp-content\/uploads\/2023\/06\/2Qsu3USxPbZeRkMQyXQLtA2UOx9-600x400.jpg 600w\" sizes=\"(max-width: 1000px) 100vw, 1000px\" \/><\/figure>\n\n\n\n<figure class=\"wp-block-image\"><img loading=\"lazy\" decoding=\"async\" width=\"1000\" height=\"667\" src=\"https:\/\/centcols.org\/backup\/wp-content\/uploads\/2023\/06\/2QstxzQNnHe1TNUNSeE9Twe2Ipk.jpg\" alt=\"\" class=\"wp-image-74970\" srcset=\"https:\/\/centcols.org\/backup\/wp-content\/uploads\/2023\/06\/2QstxzQNnHe1TNUNSeE9Twe2Ipk.jpg 1000w, https:\/\/centcols.org\/backup\/wp-content\/uploads\/2023\/06\/2QstxzQNnHe1TNUNSeE9Twe2Ipk-500x334.jpg 500w, https:\/\/centcols.org\/backup\/wp-content\/uploads\/2023\/06\/2QstxzQNnHe1TNUNSeE9Twe2Ipk-768x512.jpg 768w, https:\/\/centcols.org\/backup\/wp-content\/uploads\/2023\/06\/2QstxzQNnHe1TNUNSeE9Twe2Ipk-600x400.jpg 600w\" sizes=\"(max-width: 1000px) 100vw, 1000px\" \/><\/figure>\n\n\n\n<figure class=\"wp-block-image size-large\"><img decoding=\"async\" src=\"https:\/\/centcols.org\/backup\/wp-content\/uploads\/2023\/06\/2Qsu3HxWeIJaY6QdfxddkeRompO.jpg\" alt=\"\"\/><\/figure>\n\n\n\n<figure class=\"wp-block-image\"><img loading=\"lazy\" decoding=\"async\" width=\"1000\" height=\"667\" src=\"https:\/\/centcols.org\/backup\/wp-content\/uploads\/2023\/06\/2Qsu35zEAQ24Qzfzs1EPneyDSJn.jpg\" alt=\"\" class=\"wp-image-75000\" srcset=\"https:\/\/centcols.org\/backup\/wp-content\/uploads\/2023\/06\/2Qsu35zEAQ24Qzfzs1EPneyDSJn.jpg 1000w, https:\/\/centcols.org\/backup\/wp-content\/uploads\/2023\/06\/2Qsu35zEAQ24Qzfzs1EPneyDSJn-500x334.jpg 500w, https:\/\/centcols.org\/backup\/wp-content\/uploads\/2023\/06\/2Qsu35zEAQ24Qzfzs1EPneyDSJn-768x512.jpg 768w, https:\/\/centcols.org\/backup\/wp-content\/uploads\/2023\/06\/2Qsu35zEAQ24Qzfzs1EPneyDSJn-600x400.jpg 600w\" sizes=\"(max-width: 1000px) 100vw, 1000px\" \/><\/figure>\n","protected":false},"excerpt":{"rendered":"<p>Descrizione dell&#8217;autore Autore\u00a0: Andr\u00e9 Rudaz Partenza : Riva San Vitale (Ticino ). Parcheggio a pagamento, Via del l&#8217;Indipendenza. Alt: 276 m Descrizione turistica Questo percorso \u00e8 a cavallo del confine tra Svizzera e Italia, con il territorio elvetico che, curiosamente, si trova a sud di quello italiano! Passa per Erbonne, un piccolo villaggio ai confini [&hellip;]<\/p>\n","protected":false},"author":69,"featured_media":0,"comment_status":"closed","ping_status":"closed","sticky":false,"template":"","format":"standard","meta":{"_acf_changed":false,"ub_ctt_via":"","_monsterinsights_skip_tracking":false,"_monsterinsights_sitenote_active":false,"_monsterinsights_sitenote_note":"","_monsterinsights_sitenote_category":0,"footnotes":""},"categories":[606,610],"tags":[],"acf":[],"featured_image_urls":{"full":"","thumbnail":"","medium":"","medium_large":"","large":"","1536x1536":"","2048x2048":"","woocommerce_thumbnail":"","woocommerce_single":"","woocommerce_gallery_thumbnail":""},"post_excerpt_stackable":"<p>Descrizione dell&#8217;autore Autore\u00a0: Andr\u00e9 Rudaz Partenza : Riva San Vitale (Ticino ). Parcheggio a pagamento, Via del l&#8217;Indipendenza. Alt: 276 m Descrizione turistica Questo percorso \u00e8 a cavallo del confine tra Svizzera e Italia, con il territorio elvetico che, curiosamente, si trova a sud di quello italiano! Passa per Erbonne, un piccolo villaggio ai confini della Lombardia. Il villaggio, che contava 15 abitanti nel 2001, 9 nel 2012 e 4 nel 2023, si trova a 6 km da Casasco d&#8217;Intelvi e ad appena 1 km dal villaggio svizzero di Scudellate. Oltre trecento anni di conflitti tra il comune di San&hellip;<\/p>\n","category_list":"<a href=\"https:\/\/centcols.org\/backup\/it\/categorie\/percorsi-dei-membri\/\" rel=\"category tag\">Percorsi dei membri<\/a>, <a href=\"https:\/\/centcols.org\/backup\/it\/categorie\/percorsi-dei-membri\/percorsi-svizzera\/\" rel=\"category tag\">Percorsi in Svizzera<\/a>","author_info":{"display_name":"Enrico Alberini","author_link":"https:\/\/centcols.org\/backup\/it\/author\/5065\/"},"comments_num":"0 commenti","featured_image_urls_v2":{"full":"","thumbnail":"","medium":"","medium_large":"","large":"","1536x1536":"","2048x2048":"","woocommerce_thumbnail":"","woocommerce_single":"","woocommerce_gallery_thumbnail":""},"post_excerpt_stackable_v2":"<p>Descrizione dell&#8217;autore Autore\u00a0: Andr\u00e9 Rudaz Partenza : Riva San Vitale (Ticino ). Parcheggio a pagamento, Via del l&#8217;Indipendenza. Alt: 276 m Descrizione turistica Questo percorso \u00e8 a cavallo del confine tra Svizzera e Italia, con il territorio elvetico che, curiosamente, si trova a sud di quello italiano! Passa per Erbonne, un piccolo villaggio ai confini della Lombardia. Il villaggio, che contava 15 abitanti nel 2001, 9 nel 2012 e 4 nel 2023, si trova a 6 km da Casasco d&#8217;Intelvi e ad appena 1 km dal villaggio svizzero di Scudellate. Oltre trecento anni di conflitti tra il comune di San&hellip;<\/p>\n","category_list_v2":"<a href=\"https:\/\/centcols.org\/backup\/it\/categorie\/percorsi-dei-membri\/\" rel=\"category tag\">Percorsi dei membri<\/a>, <a href=\"https:\/\/centcols.org\/backup\/it\/categorie\/percorsi-dei-membri\/percorsi-svizzera\/\" rel=\"category tag\">Percorsi in Svizzera<\/a>","author_info_v2":{"name":"Enrico Alberini","url":"https:\/\/centcols.org\/backup\/it\/author\/5065\/"},"comments_num_v2":"0 commenti","featured_image_src":null,"_links":{"self":[{"href":"https:\/\/centcols.org\/backup\/it\/wp-json\/wp\/v2\/posts\/77947"}],"collection":[{"href":"https:\/\/centcols.org\/backup\/it\/wp-json\/wp\/v2\/posts"}],"about":[{"href":"https:\/\/centcols.org\/backup\/it\/wp-json\/wp\/v2\/types\/post"}],"author":[{"embeddable":true,"href":"https:\/\/centcols.org\/backup\/it\/wp-json\/wp\/v2\/users\/69"}],"replies":[{"embeddable":true,"href":"https:\/\/centcols.org\/backup\/it\/wp-json\/wp\/v2\/comments?post=77947"}],"version-history":[{"count":0,"href":"https:\/\/centcols.org\/backup\/it\/wp-json\/wp\/v2\/posts\/77947\/revisions"}],"wp:attachment":[{"href":"https:\/\/centcols.org\/backup\/it\/wp-json\/wp\/v2\/media?parent=77947"}],"wp:term":[{"taxonomy":"category","embeddable":true,"href":"https:\/\/centcols.org\/backup\/it\/wp-json\/wp\/v2\/categories?post=77947"},{"taxonomy":"post_tag","embeddable":true,"href":"https:\/\/centcols.org\/backup\/it\/wp-json\/wp\/v2\/tags?post=77947"}],"curies":[{"name":"wp","href":"https:\/\/api.w.org\/{rel}","templated":true}]}}