{"id":77957,"date":"2023-07-18T16:02:44","date_gmt":"2023-07-18T14:02:44","guid":{"rendered":"https:\/\/centcols.org\/backup\/france-2a-gravona\/"},"modified":"2023-12-06T16:56:29","modified_gmt":"2023-12-06T15:56:29","slug":"france-2a-gravona","status":"publish","type":"post","link":"https:\/\/centcols.org\/backup\/it\/france-2a-gravona\/","title":{"rendered":"FR-2A Tra Gravona e Prunelli &#8211; Strada 95 km, D+ 1875 m, 6 passi"},"content":{"rendered":"<div class=\"wp-block-image is-resized\">\n<figure class=\"aligncenter size-large\"><img loading=\"lazy\" decoding=\"async\" width=\"901\" height=\"535\" src=\"https:\/\/centcols.org\/backup\/wp-content\/uploads\/2023\/05\/Capture-decran-2023-05-17-154214.jpg\" alt=\"\" class=\"wp-image-73155\" srcset=\"https:\/\/centcols.org\/backup\/wp-content\/uploads\/2023\/05\/Capture-decran-2023-05-17-154214.jpg 901w, https:\/\/centcols.org\/backup\/wp-content\/uploads\/2023\/05\/Capture-decran-2023-05-17-154214-500x297.jpg 500w, https:\/\/centcols.org\/backup\/wp-content\/uploads\/2023\/05\/Capture-decran-2023-05-17-154214-768x456.jpg 768w, https:\/\/centcols.org\/backup\/wp-content\/uploads\/2023\/05\/Capture-decran-2023-05-17-154214-600x356.jpg 600w\" sizes=\"(max-width: 901px) 100vw, 901px\" \/><\/figure><\/div>\n\n<div class=\"wp-block-image\">\n<figure class=\"aligncenter size-large\"><img loading=\"lazy\" decoding=\"async\" width=\"1200\" height=\"320\" src=\"https:\/\/centcols.org\/backup\/wp-content\/uploads\/2023\/05\/FR-2A-Entre-Gravona-et-Prunelli-1200x320.jpeg\" alt=\"\" class=\"wp-image-73161\" srcset=\"https:\/\/centcols.org\/backup\/wp-content\/uploads\/2023\/05\/FR-2A-Entre-Gravona-et-Prunelli-1200x320.jpeg 1200w, https:\/\/centcols.org\/backup\/wp-content\/uploads\/2023\/05\/FR-2A-Entre-Gravona-et-Prunelli-500x133.jpeg 500w, https:\/\/centcols.org\/backup\/wp-content\/uploads\/2023\/05\/FR-2A-Entre-Gravona-et-Prunelli-768x205.jpeg 768w, https:\/\/centcols.org\/backup\/wp-content\/uploads\/2023\/05\/FR-2A-Entre-Gravona-et-Prunelli-1536x410.jpeg 1536w, https:\/\/centcols.org\/backup\/wp-content\/uploads\/2023\/05\/FR-2A-Entre-Gravona-et-Prunelli-2048x546.jpeg 2048w, https:\/\/centcols.org\/backup\/wp-content\/uploads\/2023\/05\/FR-2A-Entre-Gravona-et-Prunelli-600x160.jpeg 600w\" sizes=\"(max-width: 1200px) 100vw, 1200px\" \/><\/figure><\/div>\n\n\n<h2 class=\"wp-block-heading\">Descrizione dell&#8217;autore<\/h2>\n\n\n\n<p><span style=\"font-size: 20px; font-family: arial, helvetica, sans-serif;\"><strong>Autore<\/strong>: Bernard Giraudeau<\/span><\/p>\n\n\n\n<p class=\"has-medium-font-size\"><span style=\"font-family: arial, helvetica, sans-serif; font-size: 20px;\"><strong>Percorso<\/strong>: effettuato in ottobre <\/span> 2021<\/p>\n\n\n\n<p class=\"has-medium-font-size\"><span style=\"font-size: 20px; font-family: arial, helvetica, sans-serif;\"><strong>Partenza<\/strong>: <\/span>A Gravona, un&#8217;area di sota vicino allo stabilimento e commercio di ortaggi, rotatoria  T40 \/ D55b. Alt : 11 m<\/p>\n\n\n\n<h2 class=\"wp-block-heading\">Descrizione turistica<\/h2>\n\n\n\n<p class=\"has-medium-font-size\">L&#8217;itinerario percorre dapprima le strade del versante orientale della valle di Gravona, attraversando numerosi villaggi. Si sale poi al Col de Scalella, che offre una magnifica vista sulle cime della catena centrale della Corsica. Il ritorno si svolge nella valle di Prunelli e nel suo lago artificiale di Tolla, attraversando tre villaggi pittoreschi e offrendo una bella vista sulla costa meridionale del Golfo di Ajaccio.<\/p>\n\n\n\n<p class=\"has-medium-font-size\"><strong>6 passi<\/strong><\/p>\n\n\n\n<p class=\"wp-block-preformatted has-medium-font-size\"><span style=\"font-size: 20px; font-family: arial, helvetica, sans-serif;\">1<\/span> &#8211; Collu di Paolu <a href=\"https:\/\/centcols.org\/backup\/util\/geo\/visu.php?code=FR-2A-0240\" target=\"_blank\" rel=\"noopener\" title=\"\">FR-2A-0240<\/a><\/p>\n\n\n\n<p class=\"wp-block-preformatted has-medium-font-size\">2 &#8211; Bocca di Campianu <a href=\"https:\/\/centcols.org\/backup\/util\/geo\/visu.php?code=FR-2A-0533\">FR-2A-<\/a><a href=\"https:\/\/centcols.org\/backup\/util\/geo\/visu.php?code=FR-2A-0533\" target=\"_blank\" rel=\"noopener\" title=\"\">0<\/a><a href=\"https:\/\/centcols.org\/backup\/util\/geo\/visu.php?code=FR-2A-0533\">533<\/a><\/p>\n\n\n\n<p class=\"wp-block-preformatted has-medium-font-size\">3 &#8211; A Foci <a href=\"https:\/\/centcols.org\/backup\/util\/geo\/visu.php?code=FR-2A-0529a\" target=\"_blank\" rel=\"noopener\" title=\"\">FR-2A-0529a<\/a><\/p>\n\n\n\n<p class=\"wp-block-preformatted has-medium-font-size\">4 &#8211; Col de Scalella <a href=\"https:\/\/centcols.org\/backup\/util\/geo\/visu.php?code=FR-2A-1193a\" target=\"_blank\" rel=\"noopener\" title=\"\">FR-2A-1193a<\/a><\/p>\n\n\n\n<p class=\"wp-block-preformatted has-medium-font-size\">5 &#8211; Col de Menta <a href=\"https:\/\/centcols.org\/backup\/util\/geo\/visu.php?code=FR-2A-0756\" target=\"_blank\" rel=\"noopener\" title=\"\">FR-2A-0756<\/a><\/p>\n\n\n\n<p class=\"wp-block-preformatted has-medium-font-size\">6 &#8211; Bocca di Mercuju <a href=\"https:\/\/centcols.org\/backup\/util\/geo\/visu.php?code=FR-2A-0715b\" target=\"_blank\" rel=\"noopener\" title=\"\">FR-2A-0715b<\/a><\/p>\n\n\n\n<div style=\"height:18px\" aria-hidden=\"true\" class=\"wp-block-spacer\"><\/div>\n\n\n\n<h2 class=\"wp-block-heading has-medium-font-size\">Descrizione tecnica<\/h2>\n\n\n\n<p class=\"has-medium-font-size\">La strada tra Ucciani e Tavera \u00e8 in pessime condizioni. Seguirla in salita, nella direzione proposta, \u00e8 meno penoso che il contrario.<\/p>\n\n\n\n<p class=\"has-medium-font-size\">Anche la strada delle gole di Prunelli non \u00e8 in buone condizioni, ma i lavori dovrebbero essere avviati al pi\u00f9 presto.<\/p>\n\n\n\n<p class=\"has-medium-font-size\"><span style=\"font-size: 20px; font-family: arial, helvetica, sans-serif;\"><strong>Parole-chiave<\/strong> : <\/span>Col de Scalella, Bastelica, Cauro, Tavera, Tolla<br><\/p>\n\n\n\n<p class=\"has-medium-font-size\"><span style=\"font-size: 20px; font-family: arial, helvetica, sans-serif;\"><strong>Link openrunner, carta interactive, profilo, traccia gpx<\/strong> : <\/span><strong><a href=\"https:\/\/www.openrunner.com\/route-details\/10954093\" target=\"_blank\" rel=\"noopener\" title=\"\">https:\/\/www.openrunner.com\/route-details\/10954093<\/a><\/strong><\/p>\n\n\n\n<p class=\"has-medium-font-size\">L&#8217;itinerario \u00e8 fornito a titolo indicativo. L&#8217;autore declina ogni responsabilit\u00e0, cos\u00ec come quella del Club des Cent Cols, per gli imprevisti causati dal ciclista stesso, dall&#8217;equipaggiamento utilizzato o da tutto ci\u00f2 che riguarda la strada, il suo ambiente o gli altri utenti della strada.<\/p>\n\n\n\n<p class=\"has-medium-font-size\">Qui, una panoramica completa dei <a href=\"https:\/\/centcols.org\/backup\/it\/liste-parcours-cent-cols-sur-or-2\/\" target=\"_blank\" rel=\"noreferrer noopener\">parcorsi dei membri<\/a> del Club des Cent Cols<br><\/p>\n\n\n\n<h2 class=\"wp-block-heading has-medium-font-size\">Fotografie<\/h2>\n\n\n<div class=\"wp-block-image\">\n<figure class=\"aligncenter size-large\"><img loading=\"lazy\" decoding=\"async\" width=\"800\" height=\"389\" src=\"https:\/\/centcols.org\/backup\/wp-content\/uploads\/2023\/05\/Vue-depuis-Bocca-di-Campianu.jpg\" alt=\"\" class=\"wp-image-73167\" srcset=\"https:\/\/centcols.org\/backup\/wp-content\/uploads\/2023\/05\/Vue-depuis-Bocca-di-Campianu.jpg 800w, https:\/\/centcols.org\/backup\/wp-content\/uploads\/2023\/05\/Vue-depuis-Bocca-di-Campianu-500x243.jpg 500w, https:\/\/centcols.org\/backup\/wp-content\/uploads\/2023\/05\/Vue-depuis-Bocca-di-Campianu-768x373.jpg 768w, https:\/\/centcols.org\/backup\/wp-content\/uploads\/2023\/05\/Vue-depuis-Bocca-di-Campianu-600x292.jpg 600w\" sizes=\"(max-width: 800px) 100vw, 800px\" \/><figcaption class=\"wp-element-caption\"><strong>Vista da Bocca di Campianu<\/strong><\/figcaption><\/figure><\/div>\n\n<div class=\"wp-block-image\">\n<figure class=\"aligncenter size-large\"><img loading=\"lazy\" decoding=\"async\" width=\"800\" height=\"389\" src=\"https:\/\/centcols.org\/backup\/wp-content\/uploads\/2023\/05\/Vue-depuis-le-village-de-Carbuccia.jpg\" alt=\"\" class=\"wp-image-73173\" srcset=\"https:\/\/centcols.org\/backup\/wp-content\/uploads\/2023\/05\/Vue-depuis-le-village-de-Carbuccia.jpg 800w, https:\/\/centcols.org\/backup\/wp-content\/uploads\/2023\/05\/Vue-depuis-le-village-de-Carbuccia-500x243.jpg 500w, https:\/\/centcols.org\/backup\/wp-content\/uploads\/2023\/05\/Vue-depuis-le-village-de-Carbuccia-768x373.jpg 768w, https:\/\/centcols.org\/backup\/wp-content\/uploads\/2023\/05\/Vue-depuis-le-village-de-Carbuccia-600x292.jpg 600w\" sizes=\"(max-width: 800px) 100vw, 800px\" \/><figcaption class=\"wp-element-caption\"><strong>Vista dal villaggio di  Carbuccia<\/strong><\/figcaption><\/figure><\/div>\n\n\n<figure class=\"wp-block-image size-large\"><img loading=\"lazy\" decoding=\"async\" width=\"800\" height=\"600\" src=\"https:\/\/centcols.org\/backup\/wp-content\/uploads\/2023\/05\/Vue-du-Col-de-Scalella-sur-le-chainon-central-de-la-Corse.jpg\" alt=\"\" class=\"wp-image-73179\" srcset=\"https:\/\/centcols.org\/backup\/wp-content\/uploads\/2023\/05\/Vue-du-Col-de-Scalella-sur-le-chainon-central-de-la-Corse.jpg 800w, https:\/\/centcols.org\/backup\/wp-content\/uploads\/2023\/05\/Vue-du-Col-de-Scalella-sur-le-chainon-central-de-la-Corse-500x375.jpg 500w, https:\/\/centcols.org\/backup\/wp-content\/uploads\/2023\/05\/Vue-du-Col-de-Scalella-sur-le-chainon-central-de-la-Corse-768x576.jpg 768w, https:\/\/centcols.org\/backup\/wp-content\/uploads\/2023\/05\/Vue-du-Col-de-Scalella-sur-le-chainon-central-de-la-Corse-600x450.jpg 600w\" sizes=\"(max-width: 800px) 100vw, 800px\" \/><figcaption class=\"wp-element-caption\"><strong>Vista del Col de Scalella sulla dorsale centrale della Corsica <\/strong><\/figcaption><\/figure>\n\n\n<div class=\"wp-block-image\">\n<figure class=\"aligncenter size-large\"><img loading=\"lazy\" decoding=\"async\" width=\"800\" height=\"600\" src=\"https:\/\/centcols.org\/backup\/wp-content\/uploads\/2023\/05\/Vuie-depuis-Bocca-di-Mercuju.jpg\" alt=\"\" class=\"wp-image-73185\" srcset=\"https:\/\/centcols.org\/backup\/wp-content\/uploads\/2023\/05\/Vuie-depuis-Bocca-di-Mercuju.jpg 800w, https:\/\/centcols.org\/backup\/wp-content\/uploads\/2023\/05\/Vuie-depuis-Bocca-di-Mercuju-500x375.jpg 500w, https:\/\/centcols.org\/backup\/wp-content\/uploads\/2023\/05\/Vuie-depuis-Bocca-di-Mercuju-768x576.jpg 768w, https:\/\/centcols.org\/backup\/wp-content\/uploads\/2023\/05\/Vuie-depuis-Bocca-di-Mercuju-600x450.jpg 600w\" sizes=\"(max-width: 800px) 100vw, 800px\" \/><figcaption class=\"wp-element-caption\"><strong>Vista da Bocca di Mercuju<\/strong><\/figcaption><\/figure><\/div>\n\n<div class=\"wp-block-image\">\n<figure class=\"aligncenter size-large\"><img decoding=\"async\" src=\"https:\/\/centcols.org\/backup\/util\/geo\/visu\/FR\/img\/1341\/7201.jpg\" alt=\"\"\/><figcaption class=\"wp-element-caption\"><strong>Bocca di Campianu<\/strong><\/figcaption><\/figure><\/div>\n\n<div class=\"wp-block-image\">\n<figure class=\"aligncenter size-large\"><img decoding=\"async\" src=\"https:\/\/centcols.org\/backup\/util\/geo\/visu\/FR\/img\/1341\/7001.jpg\" alt=\"\"\/><figcaption class=\"wp-element-caption\"><strong>a Foci<\/strong><\/figcaption><\/figure><\/div>\n\n<div class=\"wp-block-image\">\n<figure class=\"aligncenter size-large\"><img decoding=\"async\" src=\"https:\/\/centcols.org\/backup\/util\/geo\/visu\/FR\/img\/1344\/1905.jpg\" alt=\"\"\/><figcaption class=\"wp-element-caption\"><strong>Col de Scalella<\/strong><\/figcaption><\/figure><\/div>\n\n<div class=\"wp-block-image\">\n<figure class=\"aligncenter size-large\"><img decoding=\"async\" src=\"https:\/\/centcols.org\/backup\/util\/geo\/visu\/FR\/img\/1342\/4602.jpg\" alt=\"\"\/><figcaption class=\"wp-element-caption\"><strong>Bocca di Mercuju<\/strong><\/figcaption><\/figure><\/div>","protected":false},"excerpt":{"rendered":"<p>Descrizione dell&#8217;autore Autore: Bernard Giraudeau Percorso: effettuato in ottobre 2021 Partenza: A Gravona, un&#8217;area di sota vicino allo stabilimento e commercio di ortaggi, rotatoria T40 \/ D55b. Alt : 11 m Descrizione turistica L&#8217;itinerario percorre dapprima le strade del versante orientale della valle di Gravona, attraversando numerosi villaggi. Si sale poi al Col de Scalella, [&hellip;]<\/p>\n","protected":false},"author":69,"featured_media":0,"comment_status":"closed","ping_status":"closed","sticky":false,"template":"","format":"standard","meta":{"_acf_changed":false,"ub_ctt_via":"","_monsterinsights_skip_tracking":false,"_monsterinsights_sitenote_active":false,"_monsterinsights_sitenote_note":"","_monsterinsights_sitenote_category":0,"footnotes":""},"categories":[606,609],"tags":[],"acf":[],"featured_image_urls":{"full":"","thumbnail":"","medium":"","medium_large":"","large":"","1536x1536":"","2048x2048":"","woocommerce_thumbnail":"","woocommerce_single":"","woocommerce_gallery_thumbnail":""},"post_excerpt_stackable":"<p>Descrizione dell&#8217;autore Autore: Bernard Giraudeau Percorso: effettuato in ottobre 2021 Partenza: A Gravona, un&#8217;area di sota vicino allo stabilimento e commercio di ortaggi, rotatoria T40 \/ D55b. Alt : 11 m Descrizione turistica L&#8217;itinerario percorre dapprima le strade del versante orientale della valle di Gravona, attraversando numerosi villaggi. Si sale poi al Col de Scalella, che offre una magnifica vista sulle cime della catena centrale della Corsica. Il ritorno si svolge nella valle di Prunelli e nel suo lago artificiale di Tolla, attraversando tre villaggi pittoreschi e offrendo una bella vista sulla costa meridionale del Golfo di Ajaccio. 6 passi&hellip;<\/p>\n","category_list":"<a href=\"https:\/\/centcols.org\/backup\/it\/categorie\/percorsi-dei-membri\/\" rel=\"category tag\">Percorsi dei membri<\/a>, <a href=\"https:\/\/centcols.org\/backup\/it\/categorie\/percorsi-dei-membri\/percorsi-francia\/\" rel=\"category tag\">Percorsi in Francia<\/a>","author_info":{"display_name":"Enrico Alberini","author_link":"https:\/\/centcols.org\/backup\/it\/author\/5065\/"},"comments_num":"0 commenti","featured_image_urls_v2":{"full":"","thumbnail":"","medium":"","medium_large":"","large":"","1536x1536":"","2048x2048":"","woocommerce_thumbnail":"","woocommerce_single":"","woocommerce_gallery_thumbnail":""},"post_excerpt_stackable_v2":"<p>Descrizione dell&#8217;autore Autore: Bernard Giraudeau Percorso: effettuato in ottobre 2021 Partenza: A Gravona, un&#8217;area di sota vicino allo stabilimento e commercio di ortaggi, rotatoria T40 \/ D55b. Alt : 11 m Descrizione turistica L&#8217;itinerario percorre dapprima le strade del versante orientale della valle di Gravona, attraversando numerosi villaggi. Si sale poi al Col de Scalella, che offre una magnifica vista sulle cime della catena centrale della Corsica. Il ritorno si svolge nella valle di Prunelli e nel suo lago artificiale di Tolla, attraversando tre villaggi pittoreschi e offrendo una bella vista sulla costa meridionale del Golfo di Ajaccio. 6 passi&hellip;<\/p>\n","category_list_v2":"<a href=\"https:\/\/centcols.org\/backup\/it\/categorie\/percorsi-dei-membri\/\" rel=\"category tag\">Percorsi dei membri<\/a>, <a href=\"https:\/\/centcols.org\/backup\/it\/categorie\/percorsi-dei-membri\/percorsi-francia\/\" rel=\"category tag\">Percorsi in Francia<\/a>","author_info_v2":{"name":"Enrico Alberini","url":"https:\/\/centcols.org\/backup\/it\/author\/5065\/"},"comments_num_v2":"0 commenti","featured_image_src":null,"_links":{"self":[{"href":"https:\/\/centcols.org\/backup\/it\/wp-json\/wp\/v2\/posts\/77957"}],"collection":[{"href":"https:\/\/centcols.org\/backup\/it\/wp-json\/wp\/v2\/posts"}],"about":[{"href":"https:\/\/centcols.org\/backup\/it\/wp-json\/wp\/v2\/types\/post"}],"author":[{"embeddable":true,"href":"https:\/\/centcols.org\/backup\/it\/wp-json\/wp\/v2\/users\/69"}],"replies":[{"embeddable":true,"href":"https:\/\/centcols.org\/backup\/it\/wp-json\/wp\/v2\/comments?post=77957"}],"version-history":[{"count":0,"href":"https:\/\/centcols.org\/backup\/it\/wp-json\/wp\/v2\/posts\/77957\/revisions"}],"wp:attachment":[{"href":"https:\/\/centcols.org\/backup\/it\/wp-json\/wp\/v2\/media?parent=77957"}],"wp:term":[{"taxonomy":"category","embeddable":true,"href":"https:\/\/centcols.org\/backup\/it\/wp-json\/wp\/v2\/categories?post=77957"},{"taxonomy":"post_tag","embeddable":true,"href":"https:\/\/centcols.org\/backup\/it\/wp-json\/wp\/v2\/tags?post=77957"}],"curies":[{"name":"wp","href":"https:\/\/api.w.org\/{rel}","templated":true}]}}