{"id":78098,"date":"2023-07-10T16:09:23","date_gmt":"2023-07-10T14:09:23","guid":{"rendered":"https:\/\/centcols.org\/backup\/france-13-alpilles-route\/"},"modified":"2023-11-23T08:00:13","modified_gmt":"2023-11-23T07:00:13","slug":"france-13-alpilles-route","status":"publish","type":"post","link":"https:\/\/centcols.org\/backup\/it\/france-13-alpilles-route\/","title":{"rendered":"FR-13 Les Alpilles &#8211; Strada 74 km, D+ 810 m, 7 passi"},"content":{"rendered":"<div class=\"wp-block-image\">\n<figure class=\"aligncenter size-large\"><img loading=\"lazy\" decoding=\"async\" width=\"1035\" height=\"675\" src=\"https:\/\/centcols.org\/backup\/wp-content\/uploads\/2023\/08\/Capture-decran-2023-08-06-153513-2.jpg\" alt=\"\" class=\"wp-image-76239\" srcset=\"https:\/\/centcols.org\/backup\/wp-content\/uploads\/2023\/08\/Capture-decran-2023-08-06-153513-2.jpg 1035w, https:\/\/centcols.org\/backup\/wp-content\/uploads\/2023\/08\/Capture-decran-2023-08-06-153513-2-500x326.jpg 500w, https:\/\/centcols.org\/backup\/wp-content\/uploads\/2023\/08\/Capture-decran-2023-08-06-153513-2-768x501.jpg 768w, https:\/\/centcols.org\/backup\/wp-content\/uploads\/2023\/08\/Capture-decran-2023-08-06-153513-2-600x391.jpg 600w\" sizes=\"(max-width: 1035px) 100vw, 1035px\" \/><\/figure><\/div>\n\n<div class=\"wp-block-image\">\n<figure class=\"aligncenter size-large\"><img loading=\"lazy\" decoding=\"async\" width=\"1200\" height=\"320\" src=\"https:\/\/centcols.org\/backup\/wp-content\/uploads\/2023\/08\/Alpilles-Route-2-1200x320.jpeg\" alt=\"\" class=\"wp-image-76233\" srcset=\"https:\/\/centcols.org\/backup\/wp-content\/uploads\/2023\/08\/Alpilles-Route-2-1200x320.jpeg 1200w, https:\/\/centcols.org\/backup\/wp-content\/uploads\/2023\/08\/Alpilles-Route-2-500x133.jpeg 500w, https:\/\/centcols.org\/backup\/wp-content\/uploads\/2023\/08\/Alpilles-Route-2-768x205.jpeg 768w, https:\/\/centcols.org\/backup\/wp-content\/uploads\/2023\/08\/Alpilles-Route-2-1536x410.jpeg 1536w, https:\/\/centcols.org\/backup\/wp-content\/uploads\/2023\/08\/Alpilles-Route-2-2048x546.jpeg 2048w, https:\/\/centcols.org\/backup\/wp-content\/uploads\/2023\/08\/Alpilles-Route-2-600x160.jpeg 600w\" sizes=\"(max-width: 1200px) 100vw, 1200px\" \/><\/figure><\/div>\n\n\n<h2 class=\"wp-block-heading\">Descrizione dell&#8217;autore<\/h2>\n\n\n\n<p class=\"has-medium-font-size\"><span style=\"font-size: 20px; font-family: arial, helvetica, sans-serif;\"><strong>Autore<\/strong>: Denis Chouquet-Stringer<\/span><\/p>\n\n\n\n<p class=\"has-medium-font-size\"><strong>Percorso fatto nel <\/strong> 2023<\/p>\n\n\n<p class=\"has-medium-font-size\"><span style=\"font-family: arial, helvetica, sans-serif;\"><span style=\"font-size: 20px;\"><strong>Partenza <\/strong>: <\/span><\/span>St-Remy-de-Provence \u2013 Parcheggio municipale, ingresso della\u00a0 Avenue de la Lib\u00e9ration, 10. Alt : 64 m<\/p>\n\n\n<p class=\"has-medium-font-size\"><strong>Descrizione turistica<\/strong><\/p>\n\n\n\n<p class=\"has-medium-font-size\">Prima di partire, ad esempio il giorno prima dell&#8217;arrivo, non dimenticate di fare una passeggiata a <a href=\"https:\/\/www.saint-remy-de-provence.com\/category\/a-visiter\/\" title=\"\">St-R\u00e9my-de-Provence<\/a>, visitando il centro della citt\u00e0, il Museo dell&#8217;Antiquariato, Glanum e Saint-Paul-de-Maussole, dove Van Gogh soggiorn\u00f2 e dipinse molte delle sue tele.<\/p>\n\n\n\n<p class=\"has-medium-font-size\">L&#8217;intero percorso si snoda nel<a href=\"https:\/\/www.parc-alpilles.fr\/\" title=\"\"> Parco Naturale Regionale delle Alpilles<\/a>, tra vigneti, uliveti, lecci e pini ad ombrello, cullati dal canto talvolta assordante delle cicale.<\/p>\n\n\n\n<p class=\"has-medium-font-size\">A <a href=\"https:\/\/www.lesbauxdeprovence.com\/\" target=\"_blank\" rel=\"noopener\" title=\"\">Baux-de-Provence<\/a>, vi servir\u00e0 un&#8217;ora per visitare il villaggio, da cui si gode di una magnifica vista sul castello, e un&#8217;altra ora se volete godervi le <a href=\"https:\/\/carrieres-lumieres.com\/fr\" target=\"_blank\" rel=\"noopener\" title=\"\">Carri\u00e8res des Lumi\u00e8res<\/a> (il percorso passa davanti ad esse).<\/p>\n\n\n\n<p class=\"has-medium-font-size\">A <a href=\"https:\/\/maussane.com\/\" target=\"_blank\" rel=\"noopener\" title=\"\">Maussane-les-Alpilles<\/a>, potete dissetarvi all&#8217;ombra fresca dei platani: ci sono molti bar tra cui scegliere. Poi, una delle strade pi\u00f9 belle della regione vi porter\u00e0, in mezzo a un mare di ulivi, a Mouri\u00e8s, che si vanta di essere la capitale francese delle olive.<\/p>\n\n\n\n<p class=\"has-medium-font-size\">Al km 56,4 mancano 18 km e 80 m all&#8217;arrivo, quindi non esitate a fare una deviazione verso <a href=\"https:\/\/www.alpillesenprovence.com\/nos-villages\/eygalieres\/\" target=\"_blank\" rel=\"noopener\" title=\"\">Eygali\u00e8res<\/a> e in particolare verso la cappella di Saint-Sixte, emblematico simbolo provenzale. Si pu\u00f2 facilmente raggiungere la pista ciclabile che costeggia la D99.<\/p>\n\n\n\n<p class=\"has-medium-font-size\">Infine, si pu\u00f2 raggiungere Saint-R\u00e9my-de-Provence attraverso l&#8217;antica strada Aurelia.<\/p>\n\n\n\n<p class=\"has-medium-font-size\"><strong>7 passi<\/strong><\/p>\n\n\n\n<p class=\"has-medium-font-size\">Pas des Plaines&nbsp;&nbsp;&nbsp;&nbsp;&nbsp;&nbsp;&nbsp; <a href=\"https:\/\/centcols.org\/backup\/util\/geo\/visu.php?code=FR-13-0240a\">FR-13-0240a<\/a><br>Col de la Vay\u00e8de&nbsp;&nbsp;&nbsp;&nbsp;&nbsp; <a href=\"https:\/\/centcols.org\/backup\/util\/geo\/visu.php?code=FR-13-0230\">FR-13-0230<\/a><br>Col de Sarragan&nbsp;&nbsp;&nbsp;&nbsp;&nbsp;&nbsp; <a href=\"https:\/\/centcols.org\/backup\/util\/geo\/visu.php?code=FR-13-0223\">FR-13-0223<\/a><br>Pas du Chevrier&nbsp;&nbsp;&nbsp;&nbsp;&nbsp;&nbsp;&nbsp; <a href=\"https:\/\/centcols.org\/backup\/util\/geo\/visu.php?code=FR-13-0150a\">FR-13-0150a<\/a><br>Pas de Clavel&nbsp;&nbsp;&nbsp;&nbsp;&nbsp;&nbsp;&nbsp;&nbsp;&nbsp;&nbsp; <a href=\"https:\/\/centcols.org\/backup\/util\/geo\/visu.php?code=FR-13-0125\">FR-13-0125<\/a><br>Col de Melet&nbsp;&nbsp;&nbsp;&nbsp;&nbsp;&nbsp;&nbsp;&nbsp;&nbsp;&nbsp;&nbsp;&nbsp; <a href=\"https:\/\/centcols.org\/backup\/util\/geo\/visu.php?code=FR-13-0105\">FR-13-0105<\/a><br>Pas de la Figui\u00e8re&nbsp;&nbsp;&nbsp;&nbsp; <a href=\"https:\/\/centcols.org\/backup\/util\/geo\/visu.php?code=FR-13-0315\">FR-13-0315<\/a><\/p>\n\n\n\n<p><\/p>\n\n\n\n<p class=\"has-medium-font-size\"><strong>Descrizione tecnica<\/strong><\/p>\n\n\n\n<p class=\"has-medium-font-size\">Non dimenticate: la Provenza \u00e8 la terra del sole, ma anche del vento di maestrale. Pu\u00f2 soffiare un giorno su due, e a volte in modo violento (non \u00e8 raro che si raggiungano i 100 km\/h e in questo caso non si pu\u00f2 pedalare!).<\/p>\n\n\n\n<p class=\"has-medium-font-size\">L&#8217;itinerario pu\u00f2 essere percorso in entrambe le direzioni, ma quello descritto qui \u00e8 quello in cui il ciclista soffrir\u00e0 meno di fronte al vento.<\/p>\n\n\n\n<p class=\"has-medium-font-size\">La salita al Pas des Plaines \u00e8 una strada trafficata e piuttosto ombreggiata, con una pista ciclabile per la maggior parte del percorso. In seguito, la maggior parte del percorso sar\u00e0 costituito da strade secondarie. Attenzione, per\u00f2, ai &#8220;turisti&#8221; che tendono a fermarsi ovunque, preferibilmente proprio davanti a voi.<\/p>\n\n\n\n<p class=\"has-medium-font-size\">A Mouri\u00e8s \u00e8 possibile riempire la borraccia alla rotonda (km 25,3).<\/p>\n\n\n\n<p class=\"has-medium-font-size\">La D24a fino ad Aureille \u00e8 una lunga strada pianeggiante in salita che attraversa gli uliveti. Al km 30,1 si svolta a sinistra su una pista R1 di 4-500 m, perfettamente adatta a pneumatici stradali, che costituisce una scorciatoia per superare il Pas de Clavel. La pista diventa asfaltata poche centinaia di metri prima del passo. In alternativa, c&#8217;\u00e8 la possibilit\u00e0 (facile) di tornare al passo e di rientrare da Aureille.<\/p>\n\n\n\n<p class=\"has-medium-font-size\">Ad Aureille, c&#8217;\u00e8 un punto d&#8217;acqua per riempire la borraccia (\u00e8 l&#8217;ultimo) sul retro della fontana di muschio al km 32,5.<\/p>\n\n\n\n<p class=\"has-medium-font-size\">Il Col de Melet pu\u00f2 essere attraversato anche su una R1, perfettamente percorribile con pneumatici stradali. Lo si pu\u00f2 intravedere su Google Earth \/ street view.<\/p>\n\n\n\n<p class=\"has-medium-font-size\">Al km 48, si attraversa il Col de Roquemartine, che ha tutte le carte in regola per essere considerato un passo topografico, ma non \u00e8 convalidato dalla Confr\u00e9rie per mancanza di una fonte riconosciuta che lo qualifichi.<\/p>\n\n\n\n<p class=\"has-medium-font-size\">Al km 50,7, non dimenticate il facile ritorno di 2 x 0,5 km per attraversare il Col de la Figui\u00e8re.<\/p>\n\n\n\n<p class=\"has-medium-font-size\">Al km 68,5, fate attenzione a svoltare a sinistra sulla pista ciclabile e non sulla temibile (per i ciclisti) e trafficatissima D99.<\/p>\n\n\n\n<p class=\"has-medium-font-size\"><strong>Parole chiave<\/strong>: St-R\u00e9my-de-Provence, Maussane, Eygali\u00e8res, Alpilles, centcols<\/p>\n\n\n\n<p><\/p>\n\n\n\n<p class=\"has-medium-font-size\"><span style=\"font-size: 20px; font-family: arial, helvetica, sans-serif;\"><strong>Link openrunner, carta interactive, profilo, traccia gpx<\/strong> :  <\/span><\/p>\n\n\n\n<p class=\"has-medium-font-size\"> <a href=\"https:\/\/www.openrunner.com\/route-details\/17367750\" target=\"_blank\" rel=\"noopener\" title=\"\"><strong>https:\/\/www.openrunner.com\/route-details\/17367750<\/strong><\/a><\/p>\n\n\n\n<p class=\"has-medium-font-size\">L&#8217;itinerario \u00e8 fornito a titolo indicativo. L&#8217;autore declina ogni responsabilit\u00e0, cos\u00ec come quella del Club des Cent Cols, per gli imprevisti causati dal ciclista stesso, dall&#8217;equipaggiamento utilizzato o da tutto ci\u00f2 che riguarda la strada, il suo ambiente o gli altri utenti della strada.<\/p>\n\n\n\n<p class=\"has-medium-font-size\">Qui, una panoramica completa dei <a href=\"https:\/\/centcols.org\/backup\/it\/liste-parcours-cent-cols-sur-or-2\/\" target=\"_blank\" rel=\"noreferrer noopener\">parcorsi dei membri<\/a> del Club des Cent Cols<br><\/p>\n\n\n\n<h2 class=\"wp-block-heading has-medium-font-size\">Fotografie<\/h2>\n\n\n<div class=\"wp-block-image\">\n<figure class=\"aligncenter size-large\"><img loading=\"lazy\" decoding=\"async\" width=\"1200\" height=\"900\" src=\"https:\/\/centcols.org\/backup\/wp-content\/uploads\/2023\/08\/03-11-Eyragues-22-1-1200x900.jpg\" alt=\"\" class=\"wp-image-76209\" srcset=\"https:\/\/centcols.org\/backup\/wp-content\/uploads\/2023\/08\/03-11-Eyragues-22-1-1200x900.jpg 1200w, https:\/\/centcols.org\/backup\/wp-content\/uploads\/2023\/08\/03-11-Eyragues-22-1-500x375.jpg 500w, https:\/\/centcols.org\/backup\/wp-content\/uploads\/2023\/08\/03-11-Eyragues-22-1-768x576.jpg 768w, https:\/\/centcols.org\/backup\/wp-content\/uploads\/2023\/08\/03-11-Eyragues-22-1-1536x1152.jpg 1536w, https:\/\/centcols.org\/backup\/wp-content\/uploads\/2023\/08\/03-11-Eyragues-22-1-600x450.jpg 600w, https:\/\/centcols.org\/backup\/wp-content\/uploads\/2023\/08\/03-11-Eyragues-22-1.jpg 2048w\" sizes=\"(max-width: 1200px) 100vw, 1200px\" \/><figcaption class=\"wp-element-caption\"><strong>Les Baux de Provence &#8211; A sinistra, il col de la Vay\u00e8de<\/strong><\/figcaption><\/figure><\/div>\n\n<div class=\"wp-block-image\">\n<figure class=\"aligncenter size-large\"><img loading=\"lazy\" decoding=\"async\" width=\"900\" height=\"1200\" src=\"https:\/\/centcols.org\/backup\/wp-content\/uploads\/2023\/08\/07-01-2-Les-Alpilles-26-1-900x1200.jpg\" alt=\"\" class=\"wp-image-76215\" srcset=\"https:\/\/centcols.org\/backup\/wp-content\/uploads\/2023\/08\/07-01-2-Les-Alpilles-26-1-900x1200.jpg 900w, https:\/\/centcols.org\/backup\/wp-content\/uploads\/2023\/08\/07-01-2-Les-Alpilles-26-1-375x500.jpg 375w, https:\/\/centcols.org\/backup\/wp-content\/uploads\/2023\/08\/07-01-2-Les-Alpilles-26-1-768x1024.jpg 768w, https:\/\/centcols.org\/backup\/wp-content\/uploads\/2023\/08\/07-01-2-Les-Alpilles-26-1-1152x1536.jpg 1152w, https:\/\/centcols.org\/backup\/wp-content\/uploads\/2023\/08\/07-01-2-Les-Alpilles-26-1-1536x2048.jpg 1536w, https:\/\/centcols.org\/backup\/wp-content\/uploads\/2023\/08\/07-01-2-Les-Alpilles-26-1-600x800.jpg 600w, https:\/\/centcols.org\/backup\/wp-content\/uploads\/2023\/08\/07-01-2-Les-Alpilles-26-1.jpg 1920w\" sizes=\"(max-width: 900px) 100vw, 900px\" \/><figcaption class=\"wp-element-caption\"><strong>Paesaggio tipico delle Alpilles<\/strong><\/figcaption><\/figure><\/div>\n\n<div class=\"wp-block-image is-resized\">\n<figure class=\"aligncenter size-large\"><img decoding=\"async\" src=\"https:\/\/centcols.org\/backup\/util\/geo\/visu\/FR\/img\/1329\/9200.jpg\" alt=\"\"\/><figcaption class=\"wp-element-caption\"><strong>Le Pas des Plaines (versante nord)<\/strong><\/figcaption><\/figure><\/div>\n\n<div class=\"wp-block-image\">\n<figure class=\"aligncenter size-large\"><img decoding=\"async\" src=\"https:\/\/centcols.org\/backup\/util\/geo\/visu\/FR\/img\/1329\/8904.jpg\" alt=\"\"\/><figcaption class=\"wp-element-caption\"><strong>Il col de la Vay\u00e8de &#8211; ToEstrema sinistra  il castello di Baux de Provence<\/strong><\/figcaption><\/figure><\/div>\n\n<div class=\"wp-block-image\">\n<figure class=\"aligncenter size-large\"><img decoding=\"async\" src=\"https:\/\/centcols.org\/backup\/util\/geo\/visu\/FR\/img\/1329\/8701.jpg\" alt=\"\"\/><figcaption class=\"wp-element-caption\"><strong>Le Col de Sarragan<\/strong><\/figcaption><\/figure><\/div>\n\n<div class=\"wp-block-image\">\n<figure class=\"aligncenter size-large\"><img decoding=\"async\" src=\"https:\/\/centcols.org\/backup\/util\/geo\/visu\/FR\/img\/1329\/6101.jpg\" alt=\"\"\/><figcaption class=\"wp-element-caption\"><strong>Le Pas du Chevrier<\/strong><\/figcaption><\/figure><\/div>\n\n<div class=\"wp-block-image\">\n<figure class=\"aligncenter size-large\"><img loading=\"lazy\" decoding=\"async\" width=\"1010\" height=\"504\" src=\"https:\/\/centcols.org\/backup\/wp-content\/uploads\/2023\/08\/Pas-de-Clavel.jpg\" alt=\"\" class=\"wp-image-76246\" srcset=\"https:\/\/centcols.org\/backup\/wp-content\/uploads\/2023\/08\/Pas-de-Clavel.jpg 1010w, https:\/\/centcols.org\/backup\/wp-content\/uploads\/2023\/08\/Pas-de-Clavel-500x250.jpg 500w, https:\/\/centcols.org\/backup\/wp-content\/uploads\/2023\/08\/Pas-de-Clavel-768x383.jpg 768w, https:\/\/centcols.org\/backup\/wp-content\/uploads\/2023\/08\/Pas-de-Clavel-600x299.jpg 600w\" sizes=\"(max-width: 1010px) 100vw, 1010px\" \/><figcaption class=\"wp-element-caption\"><strong>Le Pas de Clavel<\/strong><\/figcaption><\/figure><\/div>\n\n<div class=\"wp-block-image is-resized\">\n<figure class=\"aligncenter size-large\"><img decoding=\"async\" src=\"https:\/\/centcols.org\/backup\/util\/geo\/visu\/FR\/img\/1329\/5003.jpg\" alt=\"\"\/><figcaption class=\"wp-element-caption\"><strong>Le col de Melet<\/strong><\/figcaption><\/figure><\/div>\n\n<div class=\"wp-block-image is-resized\">\n<figure class=\"aligncenter size-large\"><img decoding=\"async\" src=\"https:\/\/centcols.org\/backup\/util\/geo\/visu\/FR\/img\/1330\/0901.jpg\" alt=\"\"\/><figcaption class=\"wp-element-caption\"><strong>Le col de la Figui\u00e8re<\/strong><\/figcaption><\/figure><\/div>","protected":false},"excerpt":{"rendered":"<p>Descrizione dell&#8217;autore Autore: Denis Chouquet-Stringer Percorso fatto nel 2023 Partenza : St-Remy-de-Provence \u2013 Parcheggio municipale, ingresso della\u00a0 Avenue de la Lib\u00e9ration, 10. Alt : 64 m Descrizione turistica Prima di partire, ad esempio il giorno prima dell&#8217;arrivo, non dimenticate di fare una passeggiata a St-R\u00e9my-de-Provence, visitando il centro della citt\u00e0, il Museo dell&#8217;Antiquariato, Glanum e [&hellip;]<\/p>\n","protected":false},"author":69,"featured_media":0,"comment_status":"closed","ping_status":"closed","sticky":false,"template":"","format":"standard","meta":{"_acf_changed":false,"ub_ctt_via":"","_monsterinsights_skip_tracking":false,"_monsterinsights_sitenote_active":false,"_monsterinsights_sitenote_note":"","_monsterinsights_sitenote_category":0,"footnotes":""},"categories":[606,609],"tags":[],"acf":[],"featured_image_urls":{"full":"","thumbnail":"","medium":"","medium_large":"","large":"","1536x1536":"","2048x2048":"","woocommerce_thumbnail":"","woocommerce_single":"","woocommerce_gallery_thumbnail":""},"post_excerpt_stackable":"<p>Descrizione dell&#8217;autore Autore: Denis Chouquet-Stringer Percorso fatto nel 2023 Partenza : St-Remy-de-Provence \u2013 Parcheggio municipale, ingresso della\u00a0 Avenue de la Lib\u00e9ration, 10. Alt : 64 m Descrizione turistica Prima di partire, ad esempio il giorno prima dell&#8217;arrivo, non dimenticate di fare una passeggiata a St-R\u00e9my-de-Provence, visitando il centro della citt\u00e0, il Museo dell&#8217;Antiquariato, Glanum e Saint-Paul-de-Maussole, dove Van Gogh soggiorn\u00f2 e dipinse molte delle sue tele. L&#8217;intero percorso si snoda nel Parco Naturale Regionale delle Alpilles, tra vigneti, uliveti, lecci e pini ad ombrello, cullati dal canto talvolta assordante delle cicale. A Baux-de-Provence, vi servir\u00e0 un&#8217;ora per visitare il villaggio,&hellip;<\/p>\n","category_list":"<a href=\"https:\/\/centcols.org\/backup\/it\/categorie\/percorsi-dei-membri\/\" rel=\"category tag\">Percorsi dei membri<\/a>, <a href=\"https:\/\/centcols.org\/backup\/it\/categorie\/percorsi-dei-membri\/percorsi-francia\/\" rel=\"category tag\">Percorsi in Francia<\/a>","author_info":{"display_name":"Enrico Alberini","author_link":"https:\/\/centcols.org\/backup\/it\/author\/5065\/"},"comments_num":"0 commenti","featured_image_urls_v2":{"full":"","thumbnail":"","medium":"","medium_large":"","large":"","1536x1536":"","2048x2048":"","woocommerce_thumbnail":"","woocommerce_single":"","woocommerce_gallery_thumbnail":""},"post_excerpt_stackable_v2":"<p>Descrizione dell&#8217;autore Autore: Denis Chouquet-Stringer Percorso fatto nel 2023 Partenza : St-Remy-de-Provence \u2013 Parcheggio municipale, ingresso della\u00a0 Avenue de la Lib\u00e9ration, 10. Alt : 64 m Descrizione turistica Prima di partire, ad esempio il giorno prima dell&#8217;arrivo, non dimenticate di fare una passeggiata a St-R\u00e9my-de-Provence, visitando il centro della citt\u00e0, il Museo dell&#8217;Antiquariato, Glanum e Saint-Paul-de-Maussole, dove Van Gogh soggiorn\u00f2 e dipinse molte delle sue tele. L&#8217;intero percorso si snoda nel Parco Naturale Regionale delle Alpilles, tra vigneti, uliveti, lecci e pini ad ombrello, cullati dal canto talvolta assordante delle cicale. A Baux-de-Provence, vi servir\u00e0 un&#8217;ora per visitare il villaggio,&hellip;<\/p>\n","category_list_v2":"<a href=\"https:\/\/centcols.org\/backup\/it\/categorie\/percorsi-dei-membri\/\" rel=\"category tag\">Percorsi dei membri<\/a>, <a href=\"https:\/\/centcols.org\/backup\/it\/categorie\/percorsi-dei-membri\/percorsi-francia\/\" rel=\"category tag\">Percorsi in Francia<\/a>","author_info_v2":{"name":"Enrico Alberini","url":"https:\/\/centcols.org\/backup\/it\/author\/5065\/"},"comments_num_v2":"0 commenti","featured_image_src":null,"_links":{"self":[{"href":"https:\/\/centcols.org\/backup\/it\/wp-json\/wp\/v2\/posts\/78098"}],"collection":[{"href":"https:\/\/centcols.org\/backup\/it\/wp-json\/wp\/v2\/posts"}],"about":[{"href":"https:\/\/centcols.org\/backup\/it\/wp-json\/wp\/v2\/types\/post"}],"author":[{"embeddable":true,"href":"https:\/\/centcols.org\/backup\/it\/wp-json\/wp\/v2\/users\/69"}],"replies":[{"embeddable":true,"href":"https:\/\/centcols.org\/backup\/it\/wp-json\/wp\/v2\/comments?post=78098"}],"version-history":[{"count":0,"href":"https:\/\/centcols.org\/backup\/it\/wp-json\/wp\/v2\/posts\/78098\/revisions"}],"wp:attachment":[{"href":"https:\/\/centcols.org\/backup\/it\/wp-json\/wp\/v2\/media?parent=78098"}],"wp:term":[{"taxonomy":"category","embeddable":true,"href":"https:\/\/centcols.org\/backup\/it\/wp-json\/wp\/v2\/categories?post=78098"},{"taxonomy":"post_tag","embeddable":true,"href":"https:\/\/centcols.org\/backup\/it\/wp-json\/wp\/v2\/tags?post=78098"}],"curies":[{"name":"wp","href":"https:\/\/api.w.org\/{rel}","templated":true}]}}