{"id":78103,"date":"2023-07-09T16:54:20","date_gmt":"2023-07-09T14:54:20","guid":{"rendered":"https:\/\/centcols.org\/backup\/france-13-alpilles-vtt\/"},"modified":"2023-12-05T17:08:45","modified_gmt":"2023-12-05T16:08:45","slug":"france-13-alpilles-vtt","status":"publish","type":"post","link":"https:\/\/centcols.org\/backup\/it\/france-13-alpilles-vtt\/","title":{"rendered":"FR-13 Les Alpilles &#8211; MTB 53 km, D+ 900 m, 10 passi"},"content":{"rendered":"<div class=\"wp-block-image is-resized\">\n<figure class=\"aligncenter size-large\"><img loading=\"lazy\" decoding=\"async\" width=\"1018\" height=\"669\" src=\"https:\/\/centcols.org\/backup\/wp-content\/uploads\/2023\/08\/Capture-decran-2023-08-16-160904-1.jpg\" alt=\"\" class=\"wp-image-76584\" srcset=\"https:\/\/centcols.org\/backup\/wp-content\/uploads\/2023\/08\/Capture-decran-2023-08-16-160904-1.jpg 1018w, https:\/\/centcols.org\/backup\/wp-content\/uploads\/2023\/08\/Capture-decran-2023-08-16-160904-1-500x329.jpg 500w, https:\/\/centcols.org\/backup\/wp-content\/uploads\/2023\/08\/Capture-decran-2023-08-16-160904-1-768x505.jpg 768w, https:\/\/centcols.org\/backup\/wp-content\/uploads\/2023\/08\/Capture-decran-2023-08-16-160904-1-600x394.jpg 600w\" sizes=\"(max-width: 1018px) 100vw, 1018px\" \/><\/figure><\/div>\n\n<div class=\"wp-block-image\">\n<figure class=\"aligncenter size-large\"><img loading=\"lazy\" decoding=\"async\" width=\"1200\" height=\"320\" src=\"https:\/\/centcols.org\/backup\/wp-content\/uploads\/2023\/08\/FR-13-Alpilles-VTT-1200x320.jpeg\" alt=\"\" class=\"wp-image-76578\" srcset=\"https:\/\/centcols.org\/backup\/wp-content\/uploads\/2023\/08\/FR-13-Alpilles-VTT-1200x320.jpeg 1200w, https:\/\/centcols.org\/backup\/wp-content\/uploads\/2023\/08\/FR-13-Alpilles-VTT-500x133.jpeg 500w, https:\/\/centcols.org\/backup\/wp-content\/uploads\/2023\/08\/FR-13-Alpilles-VTT-768x205.jpeg 768w, https:\/\/centcols.org\/backup\/wp-content\/uploads\/2023\/08\/FR-13-Alpilles-VTT-1536x410.jpeg 1536w, https:\/\/centcols.org\/backup\/wp-content\/uploads\/2023\/08\/FR-13-Alpilles-VTT-2048x546.jpeg 2048w, https:\/\/centcols.org\/backup\/wp-content\/uploads\/2023\/08\/FR-13-Alpilles-VTT-600x160.jpeg 600w\" sizes=\"(max-width: 1200px) 100vw, 1200px\" \/><\/figure><\/div>\n\n\n<h2 class=\"wp-block-heading\">Descrizione dell&#8217;autore<\/h2>\n\n\n\n<p class=\"has-medium-font-size\"><span style=\"font-size: 20px; font-family: arial, helvetica, sans-serif;\"><strong>Autore<\/strong>: Denis Chouquet-Stringer<\/span><\/p>\n\n\n\n<p class=\"has-medium-font-size\"><strong>Percorso fatto nel <\/strong> 2020<\/p>\n\n\n<p class=\"has-medium-font-size\"><span style=\"font-family: arial, helvetica, sans-serif;\"><span style=\"font-size: 20px;\"><strong>Partenza<\/strong>: <\/span><\/span>Parcheggio al Pas des Plaines sulla D5 tra St-Remy-de-Provence e Maussane-les-Alpilles. Alt : 238 m<\/p>\n\n\n<p class=\"has-medium-font-size\"><strong>Descrizione turistica<\/strong><\/p>\n\n\n\n<p class=\"has-medium-font-size\">La parte stradale del percorso si snoda nel<a href=\"https:\/\/www.parc-alpilles.fr\/\" title=\"\"> Parco Naturale Regionale delle Alpilles<\/a>, tra vigneti, uliveti, lecci e pini ad ombrello, cullati dal canto talvolta assordante delle cicale.<\/p>\n\n\n\n<p class=\"has-medium-font-size\">Ma si fa anche in un massiccio molto sensibile ai fuochi forestali: bisogna rispettare la <a href=\"https:\/\/www.bouches-du-rhone.gouv.fr\/Actions-de-l-Etat\/Agriculture-foret-et-developpement-rural\/Foret\/Acces-aux-massifs\/Acces-aux-massifs-forestiers-des-Bouches-du-Rhone2\" target=\"_blank\" rel=\"noopener\" title=\"\">regolamentazione riassunta qui<\/a>.<\/p>\n\n\n\n<p class=\"has-medium-font-size\">E non dimenticate: la Provenza \u00e8 la terra del sole, ma anche del vento di maestrale. Pu\u00f2 soffiare un giorno su due, e a volte in modo violento (non sono rari i casi in cui si raggiungono i 100 km\/h e in questo caso non si pu\u00f2 andare in bicicletta).<\/p>\n\n\n\n<p class=\"has-medium-font-size\">L&#8217;itinerario pu\u00f2 essere percorso in due direzioni, ma quella descritta qui \u00e8 quella in cui il ciclista soffrir\u00e0 meno del vento contrario.<\/p>\n\n\n\n<p class=\"has-medium-font-size\">Fin dall&#8217;inizio, l&#8217;itinerario conduce sul crinale tra il Pas des Plaines e il Col de Sarragan: questo crinale \u00e8 una bellezza, con una vista che spazia, in caso di buona visibilit\u00e0 (cosa che accade spesso), dai Monts du Gard al Mont Ventoux a nord e fino all&#8217;Etang de Vaccar\u00e8s in Camargue, o addirittura a Fos-sur-Mer e al mare a sud.<\/p>\n\n\n\n<p class=\"has-medium-font-size\">Non annoiatevi di questi punti panoramici, avrete la possibilit\u00e0 di vederne altri lungo il percorso.<\/p>\n\n\n\n<p class=\"has-medium-font-size\">A <a href=\"https:\/\/www.lesbauxdeprovence.com\/\" target=\"_blank\" rel=\"noopener\" title=\"\">Baux-de-Provence<\/a>, vi servir\u00e0 un&#8217;ora per visitare il villaggio, da cui si gode di una magnifica vista sul castello, e un&#8217;altra ora se volete godervi le <a href=\"https:\/\/carrieres-lumieres.com\/fr\" target=\"_blank\" rel=\"noopener\" title=\"\">Carri\u00e8res des Lumi\u00e8res<\/a> (una deviazione di 2 x 300 m).<\/p>\n\n\n\n<p class=\"has-medium-font-size\">Vicino a Destet, costeggierete il canale della Vall\u00e9e des Baux ; \u00e8 una ramo del <a href=\"https:\/\/fr.wikipedia.org\/wiki\/Canal_de_Craponne\" target=\"_blank\" rel=\"noopener\" title=\"\">canal de Craponne<\/a> la cui costruzione riasle al 1554.<\/p>\n\n\n\n<p class=\"has-medium-font-size\">Dopo il Col de Vallongue, il sentiero Baume-Brignolles attraversa vaste distese di pascoli alpini e prati secchi ancora in uso, nel bel mezzo delle Alpilles. Non \u00e8 raro imbattersi in un gregge di pecore.<\/p>\n\n\n\n<p class=\"has-medium-font-size\">Al Pas de l&#8217;Aigle, sul Plateau de la Caume, concluderete il percorso con una vista spettacolare sul versante nord delle Alpilles, con il Ventoux sullo sfondo e la luce magnifica di fine giornata.<\/p>\n\n\n\n<p class=\"has-medium-font-size\"><strong>10 passi<\/strong><\/p>\n\n\n\n<p class=\"has-medium-font-size\">Pas des Plaines&nbsp;&nbsp;&nbsp;&nbsp;&nbsp;&nbsp;&nbsp; <a href=\"https:\/\/centcols.org\/backup\/util\/geo\/visu.php?code=FR-13-0240a\">FR-13-0240a<\/a><br>Col de Sarragan&nbsp;&nbsp;&nbsp;&nbsp;&nbsp;&nbsp; <a href=\"https:\/\/centcols.org\/backup\/util\/geo\/visu.php?code=FR-13-0223\">FR-13-0223<\/a><br>Pas du Chevrier&nbsp;&nbsp;&nbsp;&nbsp;&nbsp;&nbsp;&nbsp; <a href=\"https:\/\/centcols.org\/backup\/util\/geo\/visu.php?code=FR-13-0150a\">FR-13-0150a<\/a><br>Col de la Vay\u00e8de&nbsp;&nbsp;&nbsp;&nbsp;&nbsp; <a href=\"https:\/\/centcols.org\/backup\/util\/geo\/visu.php?code=FR-13-0230\">FR-13-0230<\/a><br>Pas du Loup&nbsp;&nbsp;&nbsp;&nbsp;&nbsp;&nbsp;&nbsp;&nbsp;&nbsp;&nbsp;&nbsp;&nbsp; <a href=\"https:\/\/centcols.org\/backup\/util\/geo\/visu.php?code=FR-13-0155\">FR-13-0155<\/a><br>Pas de Clavel&nbsp;&nbsp;&nbsp;&nbsp;&nbsp;&nbsp;&nbsp;&nbsp;&nbsp;&nbsp; <a href=\"https:\/\/centcols.org\/backup\/util\/geo\/visu.php?code=FR-13-0125\">FR-13-0125<\/a><br>Pas de la Figui\u00e8re&nbsp;&nbsp;&nbsp;&nbsp; <a href=\"https:\/\/centcols.org\/backup\/util\/geo\/visu.php?code=FR-13-0315\">FR-13-0315<\/a><br>Pas du Suisse&nbsp;&nbsp;&nbsp;&nbsp;&nbsp;&nbsp;&nbsp;&nbsp;&nbsp; <a href=\"https:\/\/centcols.org\/backup\/util\/geo\/visu.php?code=FR-13-0186\">FR-13-0186<\/a><br>Col de Vallongue&nbsp;&nbsp;&nbsp;&nbsp;&nbsp;&nbsp; <a href=\"https:\/\/centcols.org\/backup\/util\/geo\/visu.php?code=FR-13-0354\">FR-13-0354<\/a><br>Pas de l&#8217;Aigle&nbsp;&nbsp;&nbsp;&nbsp;&nbsp;&nbsp;&nbsp;&nbsp;&nbsp;&nbsp;&nbsp; <a href=\"https:\/\/centcols.org\/backup\/util\/geo\/visu.php?code=FR-13-0400\">FR-13-0400<\/a><\/p>\n\n\n\n<p class=\"has-medium-font-size\"><strong>Descrizione tecnica<\/strong><\/p>\n\n\n\n<p class=\"has-medium-font-size\">A parte qualche rara eccezione segnalata nella descrizione, l&#8217;intero percorso si svolge su bellissimi R1, con pochi chilometri di strada e pochi sentieri.<\/p>\n\n\n\n<p class=\"has-medium-font-size\">Dopo <a href=\"https:\/\/maussane.com\/\" target=\"_blank\" rel=\"noopener\" title=\"\">Maussane-les-Alpilles<\/a>, il sentiero verso il Pas du Loup non \u00e8 largo, ma in leggera pendenza attraverso una vegetazione fitta ma non aggressiva. Nel peggiore dei casi, dovrete spingere la vostra bicicletta davanti a voi. Ma una volta raggiunto il crinale, si gode di una magnifica vista verso sud.<\/p>\n\n\n\n<p class=\"has-medium-font-size\">Nei pressi di Le Destet, forse si pu\u00f2 scorgere sulla mappa il Pas du Cerf. \u00c8 raggiungibile solo da ovest e si trova in una propriet\u00e0 privata che ha rifiutato l&#8217;accesso. Noi ce ne dimentichiamo!<\/p>\n\n\n\n<p class=\"has-medium-font-size\">Entrando nell&#8217;Aureille, svoltate a sinistra per il Chemin de la Colle. Vi renderete conto che il nome \u00e8 stato scelto bene: \u00e8 difficile avanzare, il terreno \u00e8 un po&#8217; molle e, cosa peggiore, se soffia il maestrale, lo prenderete nel naso!<\/p>\n\n\n\n<p class=\"has-medium-font-size\">Una volta arrivati a Les Martelles, non dimenticate di fare un giro di 2 x 250 m per attraversare il Pas de la Figui\u00e8re.<\/p>\n\n\n\n<p class=\"has-medium-font-size\">Al Pont Romain, non lasciatevi tentare dalla pista: girate a sinistra su un sentiero ondulato verso il Pas du Suisse. Dovrete proseguire per gli ultimi 100 m.<\/p>\n\n\n\n<p class=\"has-medium-font-size\">L&#8217;accesso al Col de Vallongue \u00e8 &#8220;impossibile&#8221; sul lato nord: sentiero stretto e molto ripido, vegetazione fitta. Ma non fatevi ingannare: anche sul versante sud il colle non \u00e8 facile: bisogna salire un ghiaione lungo 100 metri (vecchi segni blu?) con un D+ di circa 30 metri. Come si pu\u00f2 vedere dalla pendenza, si va indietro nel ghiaione quasi alla stessa velocit\u00e0 con cui si va avanti.<\/p>\n\n\n\n<p class=\"has-medium-font-size\">Dopo il colle, non cercate di seguire il GR6, che vi porterebbe direttamente al Pas de l&#8217;Aigle. &#8220;\u00c8 un sentiero stretto, con rocce da attraversare e molti alberi che non facilitano il trasporto (Michel Mathieu &#8211; 2019)&#8221;. Si torna invece indietro lungo il ghiaione. La ricompensa \u00e8 che il resto del percorso \u00e8 una vera bellezza, un concentrato di Provenza: in pi\u00f9, si pedala su un tracciato DFCI (Defence des For\u00eats contre l&#8217;Incendie) riasfaltato nel 2022, un vero biliardo.<\/p>\n\n\n\n<p class=\"has-medium-font-size\">L&#8217;andata e il ritorno al Pas de l&#8217;Aigle sono abbastanza semplici: salita asfaltata di 1200 m, poi pista R1 pianeggiante.<\/p>\n\n\n\n<p class=\"has-medium-font-size\">Si noti che il dislivello (868 m) calcolato da OpenRunner \u00e8 soggetto a cautela. \u00c8 raro, ma non eccezionale. A titolo informativo, Komoot calcola 980 m e Land, utilizzando la banca dati altimetrica IGN, indica 1150 m.<\/p>\n\n\n\n<p class=\"has-medium-font-size\"><span style=\"font-size: 20px; font-family: arial, helvetica, sans-serif;\"><strong>Link openrunner, carta interactive, profilo, traccia gpx<\/strong> :<\/span> <a href=\"https:\/\/www.openrunner.com\/route-details\/17449639\" target=\"_blank\" rel=\"noopener\" title=\"\"><strong>https:\/\/www.openrunner.com\/route-details\/17<\/strong><\/a><strong><a href=\"https:\/\/www.openrunner.com\/route-details\/17449639\" target=\"_blank\" rel=\"noopener\" title=\"\">449639<\/a><\/strong><\/p>\n\n\n\n<p class=\"has-medium-font-size\"><strong>Parole chiave:<\/strong> Alpilles, Saint-Remy-de-Provence, Les-Baux-de-Provence, centcols<\/p>\n\n\n\n<p class=\"has-medium-font-size\">L&#8217;itinerario \u00e8 fornito a titolo indicativo. L&#8217;autore declina ogni responsabilit\u00e0, cos\u00ec come quella del Club des Cent Cols, per gli imprevisti causati dal ciclista stesso, dall&#8217;equipaggiamento utilizzato o da tutto ci\u00f2 che riguarda la strada, il suo ambiente o gli altri utenti della strada.<\/p>\n\n\n\n<p class=\"has-medium-font-size\">Qui, una panoramica completa dei <a href=\"https:\/\/centcols.org\/backup\/it\/liste-parcours-cent-cols-sur-or-2\/\" target=\"_blank\" rel=\"noreferrer noopener\">parcorsi dei membri<\/a> del Club des Cent Cols<br><\/p>\n\n\n\n<h2 class=\"wp-block-heading has-medium-font-size\">Fotografie<\/h2>\n\n\n<div class=\"wp-block-image is-resized\">\n<figure class=\"aligncenter size-large\"><img decoding=\"async\" src=\"https:\/\/centcols.org\/backup\/util\/geo\/visu\/FR\/img\/1329\/9200.jpg\" alt=\"\"\/><figcaption class=\"wp-element-caption\"><strong>Le Pas des Plaines<\/strong><\/figcaption><\/figure><\/div>\n\n<div class=\"wp-block-image\">\n<figure class=\"aligncenter size-large\"><img loading=\"lazy\" decoding=\"async\" width=\"1200\" height=\"800\" src=\"https:\/\/centcols.org\/backup\/wp-content\/uploads\/2023\/08\/12-03-VTT-Alpilles-Les-baux-1200x800.jpg\" alt=\"\" class=\"wp-image-76542\" srcset=\"https:\/\/centcols.org\/backup\/wp-content\/uploads\/2023\/08\/12-03-VTT-Alpilles-Les-baux-1200x800.jpg 1200w, https:\/\/centcols.org\/backup\/wp-content\/uploads\/2023\/08\/12-03-VTT-Alpilles-Les-baux-500x333.jpg 500w, https:\/\/centcols.org\/backup\/wp-content\/uploads\/2023\/08\/12-03-VTT-Alpilles-Les-baux-768x512.jpg 768w, https:\/\/centcols.org\/backup\/wp-content\/uploads\/2023\/08\/12-03-VTT-Alpilles-Les-baux-1536x1024.jpg 1536w, https:\/\/centcols.org\/backup\/wp-content\/uploads\/2023\/08\/12-03-VTT-Alpilles-Les-baux-2048x1365.jpg 2048w, https:\/\/centcols.org\/backup\/wp-content\/uploads\/2023\/08\/12-03-VTT-Alpilles-Les-baux-600x400.jpg 600w\" sizes=\"(max-width: 1200px) 100vw, 1200px\" \/><figcaption class=\"wp-element-caption\"><strong>Les Baux-de-Provence &#8211; a sinisrta il col de la Vay\u00e8de<\/strong><\/figcaption><\/figure><\/div>\n\n<div class=\"wp-block-image\">\n<figure class=\"aligncenter size-large\"><img decoding=\"async\" src=\"https:\/\/centcols.org\/backup\/util\/geo\/visu\/FR\/img\/1329\/8904.jpg\" alt=\"\"\/><figcaption class=\"wp-element-caption\"><strong>Le col de la Vay\u00e8de &#8211; All&#8217;estrema sinistra il castello des Baux de Provence<\/strong><\/figcaption><\/figure><\/div>\n\n<div class=\"wp-block-image\">\n<figure class=\"aligncenter size-large\"><img loading=\"lazy\" decoding=\"async\" width=\"1200\" height=\"900\" src=\"https:\/\/centcols.org\/backup\/wp-content\/uploads\/2023\/08\/03-11-Eyragues-22-1-1200x900.jpg\" alt=\"\" class=\"wp-image-76209\" srcset=\"https:\/\/centcols.org\/backup\/wp-content\/uploads\/2023\/08\/03-11-Eyragues-22-1-1200x900.jpg 1200w, https:\/\/centcols.org\/backup\/wp-content\/uploads\/2023\/08\/03-11-Eyragues-22-1-500x375.jpg 500w, https:\/\/centcols.org\/backup\/wp-content\/uploads\/2023\/08\/03-11-Eyragues-22-1-768x576.jpg 768w, https:\/\/centcols.org\/backup\/wp-content\/uploads\/2023\/08\/03-11-Eyragues-22-1-1536x1152.jpg 1536w, https:\/\/centcols.org\/backup\/wp-content\/uploads\/2023\/08\/03-11-Eyragues-22-1-600x450.jpg 600w, https:\/\/centcols.org\/backup\/wp-content\/uploads\/2023\/08\/03-11-Eyragues-22-1.jpg 2048w\" sizes=\"(max-width: 1200px) 100vw, 1200px\" \/><figcaption class=\"wp-element-caption\"><strong>Les Baux de Provence &#8211; A sinistra le col de la Vay\u00e8de<\/strong><\/figcaption><\/figure><\/div>\n\n<div class=\"wp-block-image\">\n<figure class=\"aligncenter size-large\"><img decoding=\"async\" src=\"https:\/\/centcols.org\/backup\/util\/geo\/visu\/FR\/img\/1329\/8701.jpg\" alt=\"\"\/><figcaption class=\"wp-element-caption\"><strong>Le Col de Sarragan<\/strong><\/figcaption><\/figure><\/div>\n\n<div class=\"wp-block-image\">\n<figure class=\"aligncenter size-large\"><img decoding=\"async\" src=\"https:\/\/centcols.org\/backup\/util\/geo\/visu\/FR\/img\/1329\/6101.jpg\" alt=\"\"\/><figcaption class=\"wp-element-caption\"><strong>Le Pas du Chevrier<\/strong><\/figcaption><\/figure><\/div>\n\n<div class=\"wp-block-image\">\n<figure class=\"aligncenter size-large\"><img decoding=\"async\" src=\"https:\/\/centcols.org\/backup\/util\/geo\/visu\/FR\/img\/1329\/6200.jpg\" alt=\"\"\/><figcaption class=\"wp-element-caption\"><strong>Le Pas du Loup<\/strong><\/figcaption><\/figure><\/div>\n\n<div class=\"wp-block-image\">\n<figure class=\"aligncenter size-large\"><img loading=\"lazy\" decoding=\"async\" width=\"1010\" height=\"504\" src=\"https:\/\/centcols.org\/backup\/wp-content\/uploads\/2023\/08\/Pas-de-Clavel.jpg\" alt=\"\" class=\"wp-image-76246\" srcset=\"https:\/\/centcols.org\/backup\/wp-content\/uploads\/2023\/08\/Pas-de-Clavel.jpg 1010w, https:\/\/centcols.org\/backup\/wp-content\/uploads\/2023\/08\/Pas-de-Clavel-500x250.jpg 500w, https:\/\/centcols.org\/backup\/wp-content\/uploads\/2023\/08\/Pas-de-Clavel-768x383.jpg 768w, https:\/\/centcols.org\/backup\/wp-content\/uploads\/2023\/08\/Pas-de-Clavel-600x299.jpg 600w\" sizes=\"(max-width: 1010px) 100vw, 1010px\" \/><figcaption class=\"wp-element-caption\"><strong>Le Pas de Clavel<\/strong><\/figcaption><\/figure><\/div>\n\n<div class=\"wp-block-image is-resized\">\n<figure class=\"aligncenter size-large\"><img decoding=\"async\" src=\"https:\/\/centcols.org\/backup\/util\/geo\/visu\/FR\/img\/1330\/0901.jpg\" alt=\"\"\/><figcaption class=\"wp-element-caption\"><strong>Le col de la Figui\u00e8re<\/strong><\/figcaption><\/figure><\/div>\n\n<div class=\"wp-block-image\">\n<figure class=\"aligncenter size-large\"><img loading=\"lazy\" decoding=\"async\" width=\"1200\" height=\"540\" src=\"https:\/\/centcols.org\/backup\/wp-content\/uploads\/2023\/08\/IMG_20230304_144419-1200x540.jpg\" alt=\"\" class=\"wp-image-76566\" srcset=\"https:\/\/centcols.org\/backup\/wp-content\/uploads\/2023\/08\/IMG_20230304_144419-1200x540.jpg 1200w, https:\/\/centcols.org\/backup\/wp-content\/uploads\/2023\/08\/IMG_20230304_144419-500x225.jpg 500w, https:\/\/centcols.org\/backup\/wp-content\/uploads\/2023\/08\/IMG_20230304_144419-768x346.jpg 768w, https:\/\/centcols.org\/backup\/wp-content\/uploads\/2023\/08\/IMG_20230304_144419-1536x692.jpg 1536w, https:\/\/centcols.org\/backup\/wp-content\/uploads\/2023\/08\/IMG_20230304_144419-600x270.jpg 600w, https:\/\/centcols.org\/backup\/wp-content\/uploads\/2023\/08\/IMG_20230304_144419.jpg 1692w\" sizes=\"(max-width: 1200px) 100vw, 1200px\" \/><figcaption class=\"wp-element-caption\"><strong>Alpilles &#8211; Les Calans (scarpata, pendio scosceso) &#8211; Al centro le col de la Vallongue<\/strong><\/figcaption><\/figure><\/div>\n\n<div class=\"wp-block-image\">\n<figure class=\"aligncenter size-large\"><img decoding=\"async\" src=\"https:\/\/centcols.org\/backup\/util\/geo\/visu\/FR\/img\/1329\/7202.jpg\" alt=\"\"\/><figcaption class=\"wp-element-caption\"><strong>Le pas du Suisse &#8211; versante sud<\/strong><\/figcaption><\/figure><\/div>\n\n<div class=\"wp-block-image\">\n<figure class=\"aligncenter size-large\"><img loading=\"lazy\" decoding=\"async\" width=\"1200\" height=\"800\" src=\"https:\/\/centcols.org\/backup\/wp-content\/uploads\/2023\/08\/12-03-VTT-Alpilles-Vallongue-2-1200x800.jpg\" alt=\"\" class=\"wp-image-76548\" srcset=\"https:\/\/centcols.org\/backup\/wp-content\/uploads\/2023\/08\/12-03-VTT-Alpilles-Vallongue-2-1200x800.jpg 1200w, https:\/\/centcols.org\/backup\/wp-content\/uploads\/2023\/08\/12-03-VTT-Alpilles-Vallongue-2-500x333.jpg 500w, https:\/\/centcols.org\/backup\/wp-content\/uploads\/2023\/08\/12-03-VTT-Alpilles-Vallongue-2-768x512.jpg 768w, https:\/\/centcols.org\/backup\/wp-content\/uploads\/2023\/08\/12-03-VTT-Alpilles-Vallongue-2-1536x1024.jpg 1536w, https:\/\/centcols.org\/backup\/wp-content\/uploads\/2023\/08\/12-03-VTT-Alpilles-Vallongue-2-2048x1365.jpg 2048w, https:\/\/centcols.org\/backup\/wp-content\/uploads\/2023\/08\/12-03-VTT-Alpilles-Vallongue-2-600x400.jpg 600w\" sizes=\"(max-width: 1200px) 100vw, 1200px\" \/><figcaption class=\"wp-element-caption\"><strong>Tra il Pas du Suisse e il col de la Vallongue<\/strong><\/figcaption><\/figure><\/div>\n\n<div class=\"wp-block-image\">\n<figure class=\"aligncenter size-large\"><img loading=\"lazy\" decoding=\"async\" width=\"1200\" height=\"800\" src=\"https:\/\/centcols.org\/backup\/wp-content\/uploads\/2023\/08\/12-03-VTT-Alpilles-Vallongue-3-1200x800.jpg\" alt=\"\" class=\"wp-image-76554\" srcset=\"https:\/\/centcols.org\/backup\/wp-content\/uploads\/2023\/08\/12-03-VTT-Alpilles-Vallongue-3-1200x800.jpg 1200w, https:\/\/centcols.org\/backup\/wp-content\/uploads\/2023\/08\/12-03-VTT-Alpilles-Vallongue-3-500x333.jpg 500w, https:\/\/centcols.org\/backup\/wp-content\/uploads\/2023\/08\/12-03-VTT-Alpilles-Vallongue-3-768x512.jpg 768w, https:\/\/centcols.org\/backup\/wp-content\/uploads\/2023\/08\/12-03-VTT-Alpilles-Vallongue-3-1536x1024.jpg 1536w, https:\/\/centcols.org\/backup\/wp-content\/uploads\/2023\/08\/12-03-VTT-Alpilles-Vallongue-3-2048x1365.jpg 2048w, https:\/\/centcols.org\/backup\/wp-content\/uploads\/2023\/08\/12-03-VTT-Alpilles-Vallongue-3-600x400.jpg 600w\" sizes=\"(max-width: 1200px) 100vw, 1200px\" \/><figcaption class=\"wp-element-caption\"><strong>Le col de la Vallongue<\/strong><\/figcaption><\/figure><\/div>\n\n<div class=\"wp-block-image\">\n<figure class=\"aligncenter size-large\"><img loading=\"lazy\" decoding=\"async\" width=\"1200\" height=\"900\" src=\"https:\/\/centcols.org\/backup\/wp-content\/uploads\/2023\/08\/12-06-VTT-Alpilles-2-1200x900.jpg\" alt=\"\" class=\"wp-image-76560\" srcset=\"https:\/\/centcols.org\/backup\/wp-content\/uploads\/2023\/08\/12-06-VTT-Alpilles-2-1200x900.jpg 1200w, https:\/\/centcols.org\/backup\/wp-content\/uploads\/2023\/08\/12-06-VTT-Alpilles-2-500x375.jpg 500w, https:\/\/centcols.org\/backup\/wp-content\/uploads\/2023\/08\/12-06-VTT-Alpilles-2-768x576.jpg 768w, https:\/\/centcols.org\/backup\/wp-content\/uploads\/2023\/08\/12-06-VTT-Alpilles-2-1536x1152.jpg 1536w, https:\/\/centcols.org\/backup\/wp-content\/uploads\/2023\/08\/12-06-VTT-Alpilles-2-2048x1536.jpg 2048w, https:\/\/centcols.org\/backup\/wp-content\/uploads\/2023\/08\/12-06-VTT-Alpilles-2-600x450.jpg 600w\" sizes=\"(max-width: 1200px) 100vw, 1200px\" \/><figcaption class=\"wp-element-caption\"><strong>Ai piedi des Alpilles, versante nord, Saint-Remy-de-Provence<\/strong><\/figcaption><\/figure><\/div>","protected":false},"excerpt":{"rendered":"<p>Descrizione dell&#8217;autore Autore: Denis Chouquet-Stringer Percorso fatto nel 2020 Partenza: Parcheggio al Pas des Plaines sulla D5 tra St-Remy-de-Provence e Maussane-les-Alpilles. Alt : 238 m Descrizione turistica La parte stradale del percorso si snoda nel Parco Naturale Regionale delle Alpilles, tra vigneti, uliveti, lecci e pini ad ombrello, cullati dal canto talvolta assordante delle cicale. [&hellip;]<\/p>\n","protected":false},"author":69,"featured_media":0,"comment_status":"closed","ping_status":"closed","sticky":false,"template":"","format":"standard","meta":{"_acf_changed":false,"ub_ctt_via":"","_monsterinsights_skip_tracking":false,"_monsterinsights_sitenote_active":false,"_monsterinsights_sitenote_note":"","_monsterinsights_sitenote_category":0,"footnotes":""},"categories":[606,609],"tags":[],"acf":[],"featured_image_urls":{"full":"","thumbnail":"","medium":"","medium_large":"","large":"","1536x1536":"","2048x2048":"","woocommerce_thumbnail":"","woocommerce_single":"","woocommerce_gallery_thumbnail":""},"post_excerpt_stackable":"<p>Descrizione dell&#8217;autore Autore: Denis Chouquet-Stringer Percorso fatto nel 2020 Partenza: Parcheggio al Pas des Plaines sulla D5 tra St-Remy-de-Provence e Maussane-les-Alpilles. Alt : 238 m Descrizione turistica La parte stradale del percorso si snoda nel Parco Naturale Regionale delle Alpilles, tra vigneti, uliveti, lecci e pini ad ombrello, cullati dal canto talvolta assordante delle cicale. Ma si fa anche in un massiccio molto sensibile ai fuochi forestali: bisogna rispettare la regolamentazione riassunta qui. E non dimenticate: la Provenza \u00e8 la terra del sole, ma anche del vento di maestrale. Pu\u00f2 soffiare un giorno su due, e a volte in modo&hellip;<\/p>\n","category_list":"<a href=\"https:\/\/centcols.org\/backup\/it\/categorie\/percorsi-dei-membri\/\" rel=\"category tag\">Percorsi dei membri<\/a>, <a href=\"https:\/\/centcols.org\/backup\/it\/categorie\/percorsi-dei-membri\/percorsi-francia\/\" rel=\"category tag\">Percorsi in Francia<\/a>","author_info":{"display_name":"Enrico Alberini","author_link":"https:\/\/centcols.org\/backup\/it\/author\/5065\/"},"comments_num":"0 commenti","featured_image_urls_v2":{"full":"","thumbnail":"","medium":"","medium_large":"","large":"","1536x1536":"","2048x2048":"","woocommerce_thumbnail":"","woocommerce_single":"","woocommerce_gallery_thumbnail":""},"post_excerpt_stackable_v2":"<p>Descrizione dell&#8217;autore Autore: Denis Chouquet-Stringer Percorso fatto nel 2020 Partenza: Parcheggio al Pas des Plaines sulla D5 tra St-Remy-de-Provence e Maussane-les-Alpilles. Alt : 238 m Descrizione turistica La parte stradale del percorso si snoda nel Parco Naturale Regionale delle Alpilles, tra vigneti, uliveti, lecci e pini ad ombrello, cullati dal canto talvolta assordante delle cicale. Ma si fa anche in un massiccio molto sensibile ai fuochi forestali: bisogna rispettare la regolamentazione riassunta qui. E non dimenticate: la Provenza \u00e8 la terra del sole, ma anche del vento di maestrale. Pu\u00f2 soffiare un giorno su due, e a volte in modo&hellip;<\/p>\n","category_list_v2":"<a href=\"https:\/\/centcols.org\/backup\/it\/categorie\/percorsi-dei-membri\/\" rel=\"category tag\">Percorsi dei membri<\/a>, <a href=\"https:\/\/centcols.org\/backup\/it\/categorie\/percorsi-dei-membri\/percorsi-francia\/\" rel=\"category tag\">Percorsi in Francia<\/a>","author_info_v2":{"name":"Enrico Alberini","url":"https:\/\/centcols.org\/backup\/it\/author\/5065\/"},"comments_num_v2":"0 commenti","featured_image_src":null,"_links":{"self":[{"href":"https:\/\/centcols.org\/backup\/it\/wp-json\/wp\/v2\/posts\/78103"}],"collection":[{"href":"https:\/\/centcols.org\/backup\/it\/wp-json\/wp\/v2\/posts"}],"about":[{"href":"https:\/\/centcols.org\/backup\/it\/wp-json\/wp\/v2\/types\/post"}],"author":[{"embeddable":true,"href":"https:\/\/centcols.org\/backup\/it\/wp-json\/wp\/v2\/users\/69"}],"replies":[{"embeddable":true,"href":"https:\/\/centcols.org\/backup\/it\/wp-json\/wp\/v2\/comments?post=78103"}],"version-history":[{"count":0,"href":"https:\/\/centcols.org\/backup\/it\/wp-json\/wp\/v2\/posts\/78103\/revisions"}],"wp:attachment":[{"href":"https:\/\/centcols.org\/backup\/it\/wp-json\/wp\/v2\/media?parent=78103"}],"wp:term":[{"taxonomy":"category","embeddable":true,"href":"https:\/\/centcols.org\/backup\/it\/wp-json\/wp\/v2\/categories?post=78103"},{"taxonomy":"post_tag","embeddable":true,"href":"https:\/\/centcols.org\/backup\/it\/wp-json\/wp\/v2\/tags?post=78103"}],"curies":[{"name":"wp","href":"https:\/\/api.w.org\/{rel}","templated":true}]}}