{"id":78179,"date":"2023-05-10T15:33:22","date_gmt":"2023-05-10T13:33:22","guid":{"rendered":"https:\/\/centcols.org\/backup\/espagne-b-dosrius\/"},"modified":"2023-11-27T19:11:58","modified_gmt":"2023-11-27T18:11:58","slug":"espagne-b-dosrius","status":"publish","type":"post","link":"https:\/\/centcols.org\/backup\/it\/espagne-b-dosrius\/","title":{"rendered":"ES-B Dosrius &#8211; Strada\/Gravel 28 km, D+589 m, 6 passi"},"content":{"rendered":"<div class=\"wp-block-image is-resized\">\n<figure class=\"aligncenter size-large\"><img loading=\"lazy\" decoding=\"async\" width=\"908\" height=\"534\" src=\"https:\/\/centcols.org\/backup\/wp-content\/uploads\/2023\/05\/Capture-decran-2023-05-14-151601.jpg\" alt=\"\" class=\"wp-image-72947\" srcset=\"https:\/\/centcols.org\/backup\/wp-content\/uploads\/2023\/05\/Capture-decran-2023-05-14-151601.jpg 908w, https:\/\/centcols.org\/backup\/wp-content\/uploads\/2023\/05\/Capture-decran-2023-05-14-151601-500x294.jpg 500w, https:\/\/centcols.org\/backup\/wp-content\/uploads\/2023\/05\/Capture-decran-2023-05-14-151601-768x452.jpg 768w, https:\/\/centcols.org\/backup\/wp-content\/uploads\/2023\/05\/Capture-decran-2023-05-14-151601-600x353.jpg 600w\" sizes=\"(max-width: 908px) 100vw, 908px\" \/><\/figure><\/div>\n\n<div class=\"wp-block-image\">\n<figure class=\"aligncenter size-large\"><img loading=\"lazy\" decoding=\"async\" width=\"1200\" height=\"320\" src=\"https:\/\/centcols.org\/backup\/wp-content\/uploads\/2023\/05\/ES-B-Dosrius-1200x320.jpeg\" alt=\"\" class=\"wp-image-72959\" srcset=\"https:\/\/centcols.org\/backup\/wp-content\/uploads\/2023\/05\/ES-B-Dosrius-1200x320.jpeg 1200w, https:\/\/centcols.org\/backup\/wp-content\/uploads\/2023\/05\/ES-B-Dosrius-500x133.jpeg 500w, https:\/\/centcols.org\/backup\/wp-content\/uploads\/2023\/05\/ES-B-Dosrius-768x205.jpeg 768w, https:\/\/centcols.org\/backup\/wp-content\/uploads\/2023\/05\/ES-B-Dosrius-1536x410.jpeg 1536w, https:\/\/centcols.org\/backup\/wp-content\/uploads\/2023\/05\/ES-B-Dosrius-2048x546.jpeg 2048w, https:\/\/centcols.org\/backup\/wp-content\/uploads\/2023\/05\/ES-B-Dosrius-600x160.jpeg 600w\" sizes=\"(max-width: 1200px) 100vw, 1200px\" \/><\/figure><\/div>\n\n\n<h2 class=\"wp-block-heading\">Descrizione dell&#8217;autore<\/h2>\n\n\n\n<p><span style=\"font-size: 20px; font-family: arial, helvetica, sans-serif;\"><strong>Autore <\/strong>: Guy Garcin<\/span><\/p>\n\n\n\n<p><span style=\"font-family: arial, helvetica, sans-serif; font-size: 20px;\"><strong>Parco<\/strong>rso : effettuato in marzo 2016<\/span><\/p>\n\n\n\n<p class=\"has-medium-font-size\"><span style=\"font-size: 20px; font-family: arial, helvetica, sans-serif;\"><strong>Partenza<\/strong> : <\/span>Dosrius, centro del villaggio, Carrer de Moss\u00e8n Jacint Verdaguer. Alt : 148 m<\/p>\n\n\n\n<p><\/p>\n\n\n\n<p class=\"has-medium-font-size\"><strong><span style=\"font-size: 20px; font-family: arial, helvetica, sans-serif;\">Descrizione turistica<\/span><\/strong><\/p>\n\n\n\n<p class=\"has-medium-font-size\">Dosrius \u00e8 situato al centro della piccola cordigliera costiera situate nel nord-est di Barcellona. La cordigliera domina il litorale mediterraneo concedendolgi solo una piccola striscia costiera molto urbanizzata. Ma numerosi parchi naturali disseminati lungo la catena proteggono la montagna e le sue foreste.<\/p>\n\n\n\n<div style=\"height:16px\" aria-hidden=\"true\" class=\"wp-block-spacer\"><\/div>\n\n\n\n<p class=\"has-medium-font-size\"><strong>6 <span style=\"font-size: 20px; font-family: arial, helvetica, sans-serif;\">passi<\/span><\/strong><\/p>\n\n\n\n<p class=\"wp-block-preformatted has-medium-font-size\"><span style=\"font-size: 20px; font-family: arial, helvetica, sans-serif;\">1 <\/span>&#8211; Coll de la Creueta               <a href=\"https:\/\/centcols.org\/backup\/util\/geo\/visu.php?code=ES-B-0200\" target=\"_blank\" rel=\"noopener\" title=\"\">ES-B-0200<\/a><br>2 &#8211; Creueta de Can Martorell <a href=\"https:\/\/centcols.org\/backup\/util\/geo\/visu.php?code=ES-B-0199a\" target=\"_blank\" rel=\"noopener\" title=\"\">ES-B-0199a<\/a><br>3 &#8211; El Portell                              <a href=\"https:\/\/centcols.org\/backup\/util\/geo\/visu.php?code=ES-B-0336\" target=\"_blank\" rel=\"noopener\" title=\"\">ES-B-0336<\/a><br>4 &#8211; El Coll                                   <a href=\"https:\/\/centcols.org\/backup\/util\/geo\/visu.php?code=ES-B-0262\" target=\"_blank\" rel=\"noopener\" title=\"\">ES-B-0262<\/a><br>5 &#8211; Coll de Castellans               <a href=\"https:\/\/centcols.org\/backup\/util\/geo\/visu.php?code=ES-B-0348\" target=\"_blank\" rel=\"noopener\" title=\"\">ES-B-0348<\/a><br>6 &#8211; Coll de Parpers                   <a href=\"https:\/\/centcols.org\/backup\/util\/geo\/visu.php?code=ES-B-0295a\" target=\"_blank\" rel=\"noopener\" title=\"\">ES-B-0295a<\/a><\/p>\n\n\n\n<div style=\"height:18px\" aria-hidden=\"true\" class=\"wp-block-spacer\"><\/div>\n\n\n\n<p class=\"has-medium-font-size\"><strong>Descrizione tecnica<\/strong><\/p>\n\n\n\n<p class=\"has-medium-font-size\">Questo passi si trovano su delle strade asfaltate o su delle piste R1 e sono quindi ciclabili al 100%. il 95% del percorso si fa su strada.<\/p>\n\n\n\n<p class=\"has-medium-font-size\"><span style=\"font-size: 20px; font-family: arial, helvetica, sans-serif;\"><strong>Parole-chiave<\/strong> : Dosrius, Catalogne, El Corredor, Mataro, centcols<\/span><\/p>\n\n\n\n<p class=\"has-medium-font-size\"><span style=\"font-size: 20px; font-family: arial, helvetica, sans-serif;\"><strong>Link openrunner, carta interactive, profilo, traccia gpx<\/strong> : <\/span><strong><a href=\"https:\/\/www.openrunner.com\/route-details\/5888650\" target=\"_blank\" rel=\"noreferrer noopener\">https:\/\/www.openrunner.com\/route-details\/5888650<\/a><\/strong><\/p>\n\n\n\n<p class=\"has-medium-font-size\">L&#8217;itinerario \u00e8 fornito a titolo indicativo. L&#8217;autore declina ogni responsabilit\u00e0, cos\u00ec come quella del Club des Cent Cols, per gli imprevisti causati dal ciclista stesso, dall&#8217;equipaggiamento utilizzato o da tutto ci\u00f2 che riguarda la strada, il suo ambiente o gli altri utenti della strada.<\/p>\n\n\n\n<p class=\"has-medium-font-size\">Qui, una panoramica completa dei <a href=\"https:\/\/centcols.org\/backup\/it\/liste-parcours-cent-cols-sur-or-2\/\" target=\"_blank\" rel=\"noreferrer noopener\">parcorsi dei membri<\/a> del Club des Cent Cols<br><\/p>\n\n\n\n<h2 class=\"wp-block-heading has-medium-font-size\">Fotografie<\/h2>\n\n\n<div class=\"wp-block-image\">\n<figure class=\"aligncenter size-large\"><img loading=\"lazy\" decoding=\"async\" width=\"1200\" height=\"674\" src=\"https:\/\/centcols.org\/backup\/wp-content\/uploads\/2023\/05\/Dosrius-Piste-1200x674.jpg\" alt=\"\" class=\"wp-image-72953\" srcset=\"https:\/\/centcols.org\/backup\/wp-content\/uploads\/2023\/05\/Dosrius-Piste-1200x674.jpg 1200w, https:\/\/centcols.org\/backup\/wp-content\/uploads\/2023\/05\/Dosrius-Piste-500x281.jpg 500w, https:\/\/centcols.org\/backup\/wp-content\/uploads\/2023\/05\/Dosrius-Piste-768x431.jpg 768w, https:\/\/centcols.org\/backup\/wp-content\/uploads\/2023\/05\/Dosrius-Piste-1536x863.jpg 1536w, https:\/\/centcols.org\/backup\/wp-content\/uploads\/2023\/05\/Dosrius-Piste-600x337.jpg 600w, https:\/\/centcols.org\/backup\/wp-content\/uploads\/2023\/05\/Dosrius-Piste.jpg 1609w\" sizes=\"(max-width: 1200px) 100vw, 1200px\" \/><\/figure><\/div>\n\n\n<figure class=\"wp-block-image size-large\"><img loading=\"lazy\" decoding=\"async\" width=\"1200\" height=\"900\" src=\"https:\/\/centcols.org\/backup\/wp-content\/uploads\/2023\/05\/Paysage-Dosrius-2-1200x900.jpg\" alt=\"\" class=\"wp-image-72965\" srcset=\"https:\/\/centcols.org\/backup\/wp-content\/uploads\/2023\/05\/Paysage-Dosrius-2-1200x900.jpg 1200w, https:\/\/centcols.org\/backup\/wp-content\/uploads\/2023\/05\/Paysage-Dosrius-2-500x375.jpg 500w, https:\/\/centcols.org\/backup\/wp-content\/uploads\/2023\/05\/Paysage-Dosrius-2-768x576.jpg 768w, https:\/\/centcols.org\/backup\/wp-content\/uploads\/2023\/05\/Paysage-Dosrius-2-600x450.jpg 600w, https:\/\/centcols.org\/backup\/wp-content\/uploads\/2023\/05\/Paysage-Dosrius-2.jpg 1281w\" sizes=\"(max-width: 1200px) 100vw, 1200px\" \/><\/figure>\n\n\n<div class=\"wp-block-image\">\n<figure class=\"aligncenter size-large\"><img loading=\"lazy\" decoding=\"async\" width=\"678\" height=\"904\" src=\"https:\/\/centcols.org\/backup\/wp-content\/uploads\/2023\/05\/Paysage-Dosrius.jpg\" alt=\"\" class=\"wp-image-72971\" srcset=\"https:\/\/centcols.org\/backup\/wp-content\/uploads\/2023\/05\/Paysage-Dosrius.jpg 678w, https:\/\/centcols.org\/backup\/wp-content\/uploads\/2023\/05\/Paysage-Dosrius-375x500.jpg 375w, https:\/\/centcols.org\/backup\/wp-content\/uploads\/2023\/05\/Paysage-Dosrius-600x800.jpg 600w\" sizes=\"(max-width: 678px) 100vw, 678px\" \/><\/figure><\/div>\n\n\n<p class=\"has-text-align-center\"><strong>Paesaggio nei dintorni di Dosrius<\/strong><\/p>\n\n\n<div class=\"wp-block-image\">\n<figure class=\"aligncenter size-large\"><img decoding=\"async\" src=\"https:\/\/centcols.org\/backup\/util\/geo\/visu\/ES\/img\/1111\/9902.jpg\" alt=\"\"\/><figcaption class=\"wp-element-caption\"><strong>Coll de la Creueta<\/strong><\/figcaption><\/figure><\/div>\n\n<div class=\"wp-block-image\">\n<figure class=\"aligncenter size-large\"><img decoding=\"async\" src=\"https:\/\/centcols.org\/backup\/util\/geo\/visu\/ES\/img\/1111\/9803.jpg\" alt=\"\"\/><figcaption class=\"wp-element-caption\"><strong>Creueta de Can Martorell<\/strong><\/figcaption><\/figure><\/div>\n\n<div class=\"wp-block-image\">\n<figure class=\"aligncenter size-large\"><img decoding=\"async\" src=\"https:\/\/centcols.org\/backup\/util\/geo\/visu\/ES\/img\/1113\/0000.jpg\" alt=\"\"\/><figcaption class=\"wp-element-caption\"><strong>El Portell<\/strong><\/figcaption><\/figure><\/div>\n\n<div class=\"wp-block-image\">\n<figure class=\"aligncenter size-large\"><img decoding=\"async\" src=\"https:\/\/centcols.org\/backup\/util\/geo\/visu\/ES\/img\/1112\/5202.jpg\" alt=\"\"\/><figcaption class=\"wp-element-caption\"><strong>El Coll<\/strong><\/figcaption><\/figure><\/div>\n\n<div class=\"wp-block-image\">\n<figure class=\"aligncenter size-large\"><img decoding=\"async\" src=\"https:\/\/centcols.org\/backup\/util\/geo\/visu\/ES\/img\/1113\/0701.jpg\" alt=\"\"\/><figcaption class=\"wp-element-caption\"><strong>Coll de Castellans<\/strong><\/figcaption><\/figure><\/div>\n\n<div class=\"wp-block-image\">\n<figure class=\"aligncenter size-large\"><img decoding=\"async\" src=\"https:\/\/centcols.org\/backup\/util\/geo\/visu\/ES\/img\/1112\/7301.jpg\" alt=\"\"\/><\/figure><\/div>","protected":false},"excerpt":{"rendered":"<p>Descrizione dell&#8217;autore Autore : Guy Garcin Parcorso : effettuato in marzo 2016 Partenza : Dosrius, centro del villaggio, Carrer de Moss\u00e8n Jacint Verdaguer. Alt : 148 m Descrizione turistica Dosrius \u00e8 situato al centro della piccola cordigliera costiera situate nel nord-est di Barcellona. La cordigliera domina il litorale mediterraneo concedendolgi solo una piccola striscia costiera [&hellip;]<\/p>\n","protected":false},"author":69,"featured_media":0,"comment_status":"closed","ping_status":"closed","sticky":false,"template":"","format":"standard","meta":{"_acf_changed":false,"ub_ctt_via":"","_monsterinsights_skip_tracking":false,"_monsterinsights_sitenote_active":false,"_monsterinsights_sitenote_note":"","_monsterinsights_sitenote_category":0,"footnotes":""},"categories":[606,618],"tags":[],"acf":[],"featured_image_urls":{"full":"","thumbnail":"","medium":"","medium_large":"","large":"","1536x1536":"","2048x2048":"","woocommerce_thumbnail":"","woocommerce_single":"","woocommerce_gallery_thumbnail":""},"post_excerpt_stackable":"<p>Descrizione dell&#8217;autore Autore : Guy Garcin Parcorso : effettuato in marzo 2016 Partenza : Dosrius, centro del villaggio, Carrer de Moss\u00e8n Jacint Verdaguer. Alt : 148 m Descrizione turistica Dosrius \u00e8 situato al centro della piccola cordigliera costiera situate nel nord-est di Barcellona. La cordigliera domina il litorale mediterraneo concedendolgi solo una piccola striscia costiera molto urbanizzata. Ma numerosi parchi naturali disseminati lungo la catena proteggono la montagna e le sue foreste. 6 passi 1 &#8211; Coll de la Creueta ES-B-02002 &#8211; Creueta de Can Martorell ES-B-0199a3 &#8211; El Portell ES-B-03364 &#8211; El Coll ES-B-02625 &#8211; Coll de Castellans ES-B-03486&hellip;<\/p>\n","category_list":"<a href=\"https:\/\/centcols.org\/backup\/it\/categorie\/percorsi-dei-membri\/\" rel=\"category tag\">Percorsi dei membri<\/a>, <a href=\"https:\/\/centcols.org\/backup\/it\/categorie\/percorsi-dei-membri\/percorsi-spagna\/\" rel=\"category tag\">Percorsi in Spagna<\/a>","author_info":{"display_name":"Enrico Alberini","author_link":"https:\/\/centcols.org\/backup\/it\/author\/5065\/"},"comments_num":"0 commenti","featured_image_urls_v2":{"full":"","thumbnail":"","medium":"","medium_large":"","large":"","1536x1536":"","2048x2048":"","woocommerce_thumbnail":"","woocommerce_single":"","woocommerce_gallery_thumbnail":""},"post_excerpt_stackable_v2":"<p>Descrizione dell&#8217;autore Autore : Guy Garcin Parcorso : effettuato in marzo 2016 Partenza : Dosrius, centro del villaggio, Carrer de Moss\u00e8n Jacint Verdaguer. Alt : 148 m Descrizione turistica Dosrius \u00e8 situato al centro della piccola cordigliera costiera situate nel nord-est di Barcellona. La cordigliera domina il litorale mediterraneo concedendolgi solo una piccola striscia costiera molto urbanizzata. Ma numerosi parchi naturali disseminati lungo la catena proteggono la montagna e le sue foreste. 6 passi 1 &#8211; Coll de la Creueta ES-B-02002 &#8211; Creueta de Can Martorell ES-B-0199a3 &#8211; El Portell ES-B-03364 &#8211; El Coll ES-B-02625 &#8211; Coll de Castellans ES-B-03486&hellip;<\/p>\n","category_list_v2":"<a href=\"https:\/\/centcols.org\/backup\/it\/categorie\/percorsi-dei-membri\/\" rel=\"category tag\">Percorsi dei membri<\/a>, <a href=\"https:\/\/centcols.org\/backup\/it\/categorie\/percorsi-dei-membri\/percorsi-spagna\/\" rel=\"category tag\">Percorsi in Spagna<\/a>","author_info_v2":{"name":"Enrico Alberini","url":"https:\/\/centcols.org\/backup\/it\/author\/5065\/"},"comments_num_v2":"0 commenti","featured_image_src":null,"_links":{"self":[{"href":"https:\/\/centcols.org\/backup\/it\/wp-json\/wp\/v2\/posts\/78179"}],"collection":[{"href":"https:\/\/centcols.org\/backup\/it\/wp-json\/wp\/v2\/posts"}],"about":[{"href":"https:\/\/centcols.org\/backup\/it\/wp-json\/wp\/v2\/types\/post"}],"author":[{"embeddable":true,"href":"https:\/\/centcols.org\/backup\/it\/wp-json\/wp\/v2\/users\/69"}],"replies":[{"embeddable":true,"href":"https:\/\/centcols.org\/backup\/it\/wp-json\/wp\/v2\/comments?post=78179"}],"version-history":[{"count":0,"href":"https:\/\/centcols.org\/backup\/it\/wp-json\/wp\/v2\/posts\/78179\/revisions"}],"wp:attachment":[{"href":"https:\/\/centcols.org\/backup\/it\/wp-json\/wp\/v2\/media?parent=78179"}],"wp:term":[{"taxonomy":"category","embeddable":true,"href":"https:\/\/centcols.org\/backup\/it\/wp-json\/wp\/v2\/categories?post=78179"},{"taxonomy":"post_tag","embeddable":true,"href":"https:\/\/centcols.org\/backup\/it\/wp-json\/wp\/v2\/tags?post=78179"}],"curies":[{"name":"wp","href":"https:\/\/api.w.org\/{rel}","templated":true}]}}