{"id":78185,"date":"2023-05-09T08:31:53","date_gmt":"2023-05-09T06:31:53","guid":{"rendered":"https:\/\/centcols.org\/backup\/espagne-gr-pico-veleta\/"},"modified":"2023-11-27T19:25:39","modified_gmt":"2023-11-27T18:25:39","slug":"espagne-gr-pico-veleta","status":"publish","type":"post","link":"https:\/\/centcols.org\/backup\/it\/espagne-gr-pico-veleta\/","title":{"rendered":"ES-GR Pico del Veleta &#8211; Gravel 102 km, D+3005 m, 9 passi"},"content":{"rendered":"\n<figure class=\"wp-block-image size-large is-resized\"><img loading=\"lazy\" decoding=\"async\" width=\"907\" height=\"541\" src=\"https:\/\/centcols.org\/backup\/wp-content\/uploads\/2023\/05\/Capture-decran-2023-05-11-075912.jpg\" alt=\"\" class=\"wp-image-72672\" style=\"width:1255px;height:749px\" srcset=\"https:\/\/centcols.org\/backup\/wp-content\/uploads\/2023\/05\/Capture-decran-2023-05-11-075912.jpg 907w, https:\/\/centcols.org\/backup\/wp-content\/uploads\/2023\/05\/Capture-decran-2023-05-11-075912-500x298.jpg 500w, https:\/\/centcols.org\/backup\/wp-content\/uploads\/2023\/05\/Capture-decran-2023-05-11-075912-768x458.jpg 768w, https:\/\/centcols.org\/backup\/wp-content\/uploads\/2023\/05\/Capture-decran-2023-05-11-075912-600x358.jpg 600w\" sizes=\"(max-width: 907px) 100vw, 907px\" \/><\/figure>\n\n\n\n<figure class=\"wp-block-image size-large\"><img loading=\"lazy\" decoding=\"async\" width=\"1200\" height=\"320\" src=\"https:\/\/centcols.org\/backup\/wp-content\/uploads\/2023\/05\/ES-GR-Pico-del-Veleta-1200x320.jpeg\" alt=\"\" class=\"wp-image-72678\" srcset=\"https:\/\/centcols.org\/backup\/wp-content\/uploads\/2023\/05\/ES-GR-Pico-del-Veleta-1200x320.jpeg 1200w, https:\/\/centcols.org\/backup\/wp-content\/uploads\/2023\/05\/ES-GR-Pico-del-Veleta-500x133.jpeg 500w, https:\/\/centcols.org\/backup\/wp-content\/uploads\/2023\/05\/ES-GR-Pico-del-Veleta-768x205.jpeg 768w, https:\/\/centcols.org\/backup\/wp-content\/uploads\/2023\/05\/ES-GR-Pico-del-Veleta-1536x410.jpeg 1536w, https:\/\/centcols.org\/backup\/wp-content\/uploads\/2023\/05\/ES-GR-Pico-del-Veleta-2048x546.jpeg 2048w, https:\/\/centcols.org\/backup\/wp-content\/uploads\/2023\/05\/ES-GR-Pico-del-Veleta-600x160.jpeg 600w\" sizes=\"(max-width: 1200px) 100vw, 1200px\" \/><\/figure>\n\n\n\n<h2 class=\"wp-block-heading\">Descrizione dell&#8217;autore<\/h2>\n\n\n\n<p><span style=\"font-size: 20px; font-family: arial, helvetica, sans-serif;\"><strong>Autore:<\/strong> Philippe Garcia<\/span><\/p>\n\n\n\n<p><span style=\"font-family: arial, helvetica, sans-serif; font-size: 20px;\"><strong>Percorso<\/strong> : effettuato il 19\/09\/2016<\/span><\/p>\n\n\n\n<p class=\"has-medium-font-size\"><span style=\"font-size: 20px; font-family: arial, helvetica, sans-serif;\"><strong>Partenza: <\/strong>Grenade, lungo il Rio Genil, Calle Puente Verde. Alt : 700 m<\/span><\/p>\n\n\n\n<p><\/p>\n\n\n\n<p class=\"has-medium-font-size\"><strong><span style=\"font-size: 20px; font-family: arial, helvetica, sans-serif;\">Descri<\/span>zione turistica<\/strong><\/p>\n\n\n\n<p class=\"has-medium-font-size\">La Sierra Nevada (in spagnolo: catena montuosa innevata) \u00e8 una catena montuosa che si estende da est a ovest. Si \u00e8 formata contemporaneamente alle Alpi, quando le placche africana ed eurasiatica si sono scontrate. Il Pico del Veleta ( 3396 m ) \u00e8 la terza vetta pi\u00f9 alta della Spagna e si trova all&#8217;estremit\u00e0 occidentale della catena, sopra la citt\u00e0 di Granada. La &#8220;strada pi\u00f9 alta d&#8217;Europa&#8221; (il titolo \u00e8 contestato!) si arrampica quasi fino alla vetta. Una serie di passi satelliti aumenta l&#8217;attrattiva ciclistica del Pico del Veleta.<\/p>\n\n\n\n<p class=\"has-medium-font-size\">L&#8217;ascesa al Pico Veleta \u00e8 inclusa in questo itinerario.<\/p>\n\n\n\n<p class=\"has-medium-font-size\">Lungo il percorso si trovano degli alberghi che permettono di dividere l&#8217;ascesa in due parti.<\/p>\n\n\n\n<div style=\"height:16px\" aria-hidden=\"true\" class=\"wp-block-spacer\"><\/div>\n\n\n\n<p class=\"has-medium-font-size\"><strong>9 <span style=\"font-size: 20px; font-family: arial, helvetica, sans-serif;\">passi <\/span><\/strong>(di cui 4 a pi\u00f9 3000 m e 4 a pi\u00f9 di 2000 m)<\/p>\n\n\n\n<p class=\"has-medium-font-size\">1 Collado del Muerto&nbsp; <a href=\"https:\/\/centcols.org\/backup\/util\/geo\/visu.php?code=ES-GR-1491\" target=\"_blank\" rel=\"noreferrer noopener\">ES-GR-1491<\/a><br>2 Collado de la Cariguela del Veleta <a href=\"https:\/\/centcols.org\/backup\/util\/geo\/visu.php?code=ES-GR-3201\" target=\"_blank\" rel=\"noreferrer noopener\">ES-GR-3201<\/a><br>3 Collado del Lobo <a href=\"https:\/\/centcols.org\/backup\/util\/geo\/visu.php?code=ES-GR-3119\" target=\"_blank\" rel=\"noreferrer noopener\">ES-GR-3119<\/a><br>4 La Puerta <a href=\"https:\/\/centcols.org\/backup\/util\/geo\/visu.php?code=ES-GR-3124\" target=\"_blank\" rel=\"noreferrer noopener\">ES-GR-3124<\/a><br>5 Portillo de los Crestones de Rio Seco <a href=\"https:\/\/centcols.org\/backup\/util\/geo\/visu.php?code=ES-GR-3089\" target=\"_blank\" rel=\"noreferrer noopener\">ES-GR-3089<\/a><br>6 Collado de las Yuegas&nbsp; <a href=\"https:\/\/centcols.org\/backup\/util\/geo\/visu.php?code=ES-GR-2856\" target=\"_blank\" rel=\"noreferrer noopener\">ES-GR-2856<\/a><br>7 Collado del Diablo <a href=\"https:\/\/centcols.org\/backup\/util\/geo\/visu.php?code=ES-GR-2330\" target=\"_blank\" rel=\"noreferrer noopener\">ES-GR- 2330<\/a><br>8 Collado de las Sabinas <a href=\"https:\/\/centcols.org\/backup\/util\/geo\/visu.php?code=ES-GR-2180\" target=\"_blank\" rel=\"noreferrer noopener\">ES-GR-2180<\/a><br>9 Collado de las Sabinillas <a href=\"https:\/\/centcols.org\/backup\/util\/geo\/visu.php?code=ES-GR-2035\" target=\"_blank\" rel=\"noreferrer noopener\">ES-GR-2035<\/a><\/p>\n\n\n\n<div style=\"height:18px\" aria-hidden=\"true\" class=\"wp-block-spacer\"><\/div>\n\n\n\n<p class=\"has-medium-font-size\"><strong>Descrizione tecnica<\/strong><\/p>\n\n\n\n<p class=\"has-medium-font-size\">Il percorso comprende 84 km di strada asfaltata, 10 km di pista stradale, 6 km di raccordo tra le piste da sci della stazione di Pradollano e 1 km di pista ciclabile finale. L&#8217;utilizzo di una bicicletta Gravel non pone alcun problema.<\/p>\n\n\n\n<p class=\"has-medium-font-size\"><span style=\"font-size: 20px; font-family: arial, helvetica, sans-serif;\"><strong>Parole-Chiave<\/strong> : Andalousie, Grenade, Pico del Veleta, collado del Veleta, centcolss<\/span><\/p>\n\n\n\n<p class=\"has-medium-font-size\"><span style=\"font-size: 20px; font-family: arial, helvetica, sans-serif;\"><strong>Link openrunner, carta interactive, profilo, traccia gpx<\/strong> : <\/span><strong><a href=\"https:\/\/www.openrunner.com\/route-details\/16639210\" target=\"_blank\" rel=\"noreferrer noopener\">https:\/\/www.openrunner.com\/route-details\/16639210<\/a><\/strong><\/p>\n\n\n\n<p class=\"has-medium-font-size\">L&#8217;itinerario \u00e8 fornito a titolo indicativo. L&#8217;autore declina ogni responsabilit\u00e0, cos\u00ec come quella del Club des Cent Cols, per gli imprevisti causati dal ciclista stesso, dall&#8217;equipaggiamento utilizzato o da tutto ci\u00f2 che riguarda la strada, il suo ambiente o gli altri utenti della strada.<\/p>\n\n\n\n<p class=\"has-medium-font-size\">Qui, una panoramica completa dei <a href=\"https:\/\/centcols.org\/backup\/it\/liste-parcours-cent-cols-sur-or-2\/\" target=\"_blank\" rel=\"noreferrer noopener\">parcorsi dei membri<\/a> del Club des Cent Cols<br><\/p>\n\n\n\n<h2 class=\"wp-block-heading has-medium-font-size\">Fotografie<\/h2>\n\n\n\n<p class=\"has-medium-font-size\">Album fotografico: <a href=\"https:\/\/goo.gl\/photos\/niboTCUyEjwS2PTo9\" target=\"_blank\" rel=\"noreferrer noopener\">https:\/\/goo.gl\/photos\/niboTCUyEjwS2PTo9<\/a><\/p>\n\n\n<div class=\"wp-block-image\">\n<figure class=\"aligncenter size-large\"><img loading=\"lazy\" decoding=\"async\" width=\"1200\" height=\"900\" src=\"https:\/\/centcols.org\/backup\/wp-content\/uploads\/2023\/05\/Pico-Mulhacen-1200x900.jpg\" alt=\"\" class=\"wp-image-72708\" srcset=\"https:\/\/centcols.org\/backup\/wp-content\/uploads\/2023\/05\/Pico-Mulhacen-1200x900.jpg 1200w, https:\/\/centcols.org\/backup\/wp-content\/uploads\/2023\/05\/Pico-Mulhacen-500x375.jpg 500w, https:\/\/centcols.org\/backup\/wp-content\/uploads\/2023\/05\/Pico-Mulhacen-768x576.jpg 768w, https:\/\/centcols.org\/backup\/wp-content\/uploads\/2023\/05\/Pico-Mulhacen-600x450.jpg 600w, https:\/\/centcols.org\/backup\/wp-content\/uploads\/2023\/05\/Pico-Mulhacen.jpg 1205w\" sizes=\"(max-width: 1200px) 100vw, 1200px\" \/><figcaption class=\"wp-element-caption\"><strong>Pico Mulhacen<\/strong><\/figcaption><\/figure><\/div>\n\n\n<figure class=\"wp-block-image size-large\"><img loading=\"lazy\" decoding=\"async\" width=\"1200\" height=\"900\" src=\"https:\/\/centcols.org\/backup\/wp-content\/uploads\/2023\/05\/Petites-chevrettes-abdalouses-1200x900.jpg\" alt=\"\" class=\"wp-image-72702\" srcset=\"https:\/\/centcols.org\/backup\/wp-content\/uploads\/2023\/05\/Petites-chevrettes-abdalouses-1200x900.jpg 1200w, https:\/\/centcols.org\/backup\/wp-content\/uploads\/2023\/05\/Petites-chevrettes-abdalouses-500x375.jpg 500w, https:\/\/centcols.org\/backup\/wp-content\/uploads\/2023\/05\/Petites-chevrettes-abdalouses-768x576.jpg 768w, https:\/\/centcols.org\/backup\/wp-content\/uploads\/2023\/05\/Petites-chevrettes-abdalouses-600x450.jpg 600w, https:\/\/centcols.org\/backup\/wp-content\/uploads\/2023\/05\/Petites-chevrettes-abdalouses.jpg 1205w\" sizes=\"(max-width: 1200px) 100vw, 1200px\" \/><figcaption class=\"wp-element-caption\"><strong>Caprette andaluse<\/strong><\/figcaption><\/figure>\n\n\n\n<figure class=\"wp-block-image size-large\"><img loading=\"lazy\" decoding=\"async\" width=\"1200\" height=\"800\" src=\"https:\/\/centcols.org\/backup\/wp-content\/uploads\/2023\/05\/Le-sommet-1200x800.jpg\" alt=\"\" class=\"wp-image-72696\" srcset=\"https:\/\/centcols.org\/backup\/wp-content\/uploads\/2023\/05\/Le-sommet-1200x800.jpg 1200w, https:\/\/centcols.org\/backup\/wp-content\/uploads\/2023\/05\/Le-sommet-500x333.jpg 500w, https:\/\/centcols.org\/backup\/wp-content\/uploads\/2023\/05\/Le-sommet-768x512.jpg 768w, https:\/\/centcols.org\/backup\/wp-content\/uploads\/2023\/05\/Le-sommet-600x400.jpg 600w, https:\/\/centcols.org\/backup\/wp-content\/uploads\/2023\/05\/Le-sommet.jpg 1442w\" sizes=\"(max-width: 1200px) 100vw, 1200px\" \/><figcaption class=\"wp-element-caption\"><strong>L<\/strong>a cima<\/figcaption><\/figure>\n\n\n<div class=\"wp-block-image\">\n<figure class=\"aligncenter size-large\"><img loading=\"lazy\" decoding=\"async\" width=\"1200\" height=\"900\" src=\"https:\/\/centcols.org\/backup\/wp-content\/uploads\/2023\/05\/La-piste-1200x900.jpg\" alt=\"\" class=\"wp-image-72690\" srcset=\"https:\/\/centcols.org\/backup\/wp-content\/uploads\/2023\/05\/La-piste-1200x900.jpg 1200w, https:\/\/centcols.org\/backup\/wp-content\/uploads\/2023\/05\/La-piste-500x375.jpg 500w, https:\/\/centcols.org\/backup\/wp-content\/uploads\/2023\/05\/La-piste-768x576.jpg 768w, https:\/\/centcols.org\/backup\/wp-content\/uploads\/2023\/05\/La-piste-600x450.jpg 600w, https:\/\/centcols.org\/backup\/wp-content\/uploads\/2023\/05\/La-piste.jpg 1205w\" sizes=\"(max-width: 1200px) 100vw, 1200px\" \/><figcaption class=\"wp-element-caption\"><strong>La pist<\/strong>a<\/figcaption><\/figure><\/div>\n\n<div class=\"wp-block-image\">\n<figure class=\"aligncenter size-large\"><img loading=\"lazy\" decoding=\"async\" width=\"1200\" height=\"900\" src=\"https:\/\/centcols.org\/backup\/wp-content\/uploads\/2023\/05\/La-piste-2-1200x900.jpg\" alt=\"\" class=\"wp-image-72684\" srcset=\"https:\/\/centcols.org\/backup\/wp-content\/uploads\/2023\/05\/La-piste-2-1200x900.jpg 1200w, https:\/\/centcols.org\/backup\/wp-content\/uploads\/2023\/05\/La-piste-2-500x375.jpg 500w, https:\/\/centcols.org\/backup\/wp-content\/uploads\/2023\/05\/La-piste-2-768x576.jpg 768w, https:\/\/centcols.org\/backup\/wp-content\/uploads\/2023\/05\/La-piste-2-600x450.jpg 600w, https:\/\/centcols.org\/backup\/wp-content\/uploads\/2023\/05\/La-piste-2.jpg 1205w\" sizes=\"(max-width: 1200px) 100vw, 1200px\" \/><figcaption class=\"wp-element-caption\"><strong>La pist<\/strong>a<\/figcaption><\/figure><\/div>\n\n<div class=\"wp-block-image\">\n<figure class=\"aligncenter size-large\"><img decoding=\"async\" src=\"https:\/\/centcols.org\/backup\/util\/geo\/visu\/ES\/img\/1175\/1100.jpg\" alt=\"\"\/><figcaption class=\"wp-element-caption\"><strong>Collado del Muerto<\/strong><\/figcaption><\/figure><\/div>\n\n<div class=\"wp-block-image\">\n<figure class=\"aligncenter size-large\"><img decoding=\"async\" src=\"https:\/\/centcols.org\/backup\/util\/geo\/visu\/ES\/img\/1176\/6600.jpg\" alt=\"\"\/><figcaption class=\"wp-element-caption\"><strong>Collado de la Carig\u00fcela del Veleta<\/strong><\/figcaption><\/figure><\/div>\n\n<div class=\"wp-block-image\">\n<figure class=\"aligncenter size-large\"><img decoding=\"async\" src=\"https:\/\/centcols.org\/backup\/util\/geo\/visu\/ES\/img\/1176\/6301.jpg\" alt=\"\"\/><figcaption class=\"wp-element-caption\"><strong>Collado del Lobo<\/strong><\/figcaption><\/figure><\/div>\n\n<div class=\"wp-block-image\">\n<figure class=\"aligncenter size-large\"><img decoding=\"async\" src=\"https:\/\/centcols.org\/backup\/util\/geo\/visu\/ES\/img\/1176\/6500.jpg\" alt=\"\"\/><figcaption class=\"wp-element-caption\"><strong>La Puerta<\/strong><\/figcaption><\/figure><\/div>\n\n<div class=\"wp-block-image\">\n<figure class=\"aligncenter size-large\"><img decoding=\"async\" src=\"https:\/\/centcols.org\/backup\/util\/geo\/visu\/ES\/img\/1176\/5900.jpg\" alt=\"\"\/><figcaption class=\"wp-element-caption\"><strong>Portillo de los Crestones de R\u00edo Seco<\/strong><\/figcaption><\/figure><\/div>\n\n<div class=\"wp-block-image\">\n<figure class=\"aligncenter size-large\"><img decoding=\"async\" src=\"https:\/\/centcols.org\/backup\/util\/geo\/visu\/ES\/img\/1176\/5300.jpg\" alt=\"\"\/><figcaption class=\"wp-element-caption\"><strong>Collado de las Yeguas<\/strong><\/figcaption><\/figure><\/div>\n\n<div class=\"wp-block-image\">\n<figure class=\"aligncenter size-large is-resized\"><img decoding=\"async\" src=\"https:\/\/centcols.org\/backup\/util\/geo\/visu\/ES\/img\/1176\/4300.jpg\" alt=\"\" style=\"width:637px;height:478px\"\/><\/figure><\/div>\n\n<div class=\"wp-block-image\">\n<figure class=\"aligncenter size-large\"><img decoding=\"async\" src=\"https:\/\/centcols.org\/backup\/util\/geo\/visu\/ES\/img\/1176\/3400.jpg\" alt=\"\"\/><figcaption class=\"wp-element-caption\"><strong>Collado de las Sabinillas<\/strong><\/figcaption><\/figure><\/div>","protected":false},"excerpt":{"rendered":"<p>Descrizione dell&#8217;autore Autore: Philippe Garcia Percorso : effettuato il 19\/09\/2016 Partenza: Grenade, lungo il Rio Genil, Calle Puente Verde. Alt : 700 m Descrizione turistica La Sierra Nevada (in spagnolo: catena montuosa innevata) \u00e8 una catena montuosa che si estende da est a ovest. Si \u00e8 formata contemporaneamente alle Alpi, quando le placche africana ed [&hellip;]<\/p>\n","protected":false},"author":69,"featured_media":0,"comment_status":"closed","ping_status":"closed","sticky":false,"template":"","format":"standard","meta":{"_acf_changed":false,"ub_ctt_via":"","_monsterinsights_skip_tracking":false,"_monsterinsights_sitenote_active":false,"_monsterinsights_sitenote_note":"","_monsterinsights_sitenote_category":0,"footnotes":""},"categories":[606,611],"tags":[],"acf":[],"featured_image_urls":{"full":"","thumbnail":"","medium":"","medium_large":"","large":"","1536x1536":"","2048x2048":"","woocommerce_thumbnail":"","woocommerce_single":"","woocommerce_gallery_thumbnail":""},"post_excerpt_stackable":"<p>Descrizione dell&#8217;autore Autore: Philippe Garcia Percorso : effettuato il 19\/09\/2016 Partenza: Grenade, lungo il Rio Genil, Calle Puente Verde. Alt : 700 m Descrizione turistica La Sierra Nevada (in spagnolo: catena montuosa innevata) \u00e8 una catena montuosa che si estende da est a ovest. Si \u00e8 formata contemporaneamente alle Alpi, quando le placche africana ed eurasiatica si sono scontrate. Il Pico del Veleta ( 3396 m ) \u00e8 la terza vetta pi\u00f9 alta della Spagna e si trova all&#8217;estremit\u00e0 occidentale della catena, sopra la citt\u00e0 di Granada. La &#8220;strada pi\u00f9 alta d&#8217;Europa&#8221; (il titolo \u00e8 contestato!) si arrampica quasi fino&hellip;<\/p>\n","category_list":"<a href=\"https:\/\/centcols.org\/backup\/it\/categorie\/percorsi-dei-membri\/\" rel=\"category tag\">Percorsi dei membri<\/a>, <a href=\"https:\/\/centcols.org\/backup\/it\/categorie\/percorsi-dei-membri\/senza-etichetta-cent-cols\/\" rel=\"category tag\">Senza Etichetta Cent Cols<\/a>","author_info":{"display_name":"Enrico Alberini","author_link":"https:\/\/centcols.org\/backup\/it\/author\/5065\/"},"comments_num":"0 commenti","featured_image_urls_v2":{"full":"","thumbnail":"","medium":"","medium_large":"","large":"","1536x1536":"","2048x2048":"","woocommerce_thumbnail":"","woocommerce_single":"","woocommerce_gallery_thumbnail":""},"post_excerpt_stackable_v2":"<p>Descrizione dell&#8217;autore Autore: Philippe Garcia Percorso : effettuato il 19\/09\/2016 Partenza: Grenade, lungo il Rio Genil, Calle Puente Verde. Alt : 700 m Descrizione turistica La Sierra Nevada (in spagnolo: catena montuosa innevata) \u00e8 una catena montuosa che si estende da est a ovest. Si \u00e8 formata contemporaneamente alle Alpi, quando le placche africana ed eurasiatica si sono scontrate. Il Pico del Veleta ( 3396 m ) \u00e8 la terza vetta pi\u00f9 alta della Spagna e si trova all&#8217;estremit\u00e0 occidentale della catena, sopra la citt\u00e0 di Granada. La &#8220;strada pi\u00f9 alta d&#8217;Europa&#8221; (il titolo \u00e8 contestato!) si arrampica quasi fino&hellip;<\/p>\n","category_list_v2":"<a href=\"https:\/\/centcols.org\/backup\/it\/categorie\/percorsi-dei-membri\/\" rel=\"category tag\">Percorsi dei membri<\/a>, <a href=\"https:\/\/centcols.org\/backup\/it\/categorie\/percorsi-dei-membri\/senza-etichetta-cent-cols\/\" rel=\"category tag\">Senza Etichetta Cent Cols<\/a>","author_info_v2":{"name":"Enrico Alberini","url":"https:\/\/centcols.org\/backup\/it\/author\/5065\/"},"comments_num_v2":"0 commenti","featured_image_src":null,"_links":{"self":[{"href":"https:\/\/centcols.org\/backup\/it\/wp-json\/wp\/v2\/posts\/78185"}],"collection":[{"href":"https:\/\/centcols.org\/backup\/it\/wp-json\/wp\/v2\/posts"}],"about":[{"href":"https:\/\/centcols.org\/backup\/it\/wp-json\/wp\/v2\/types\/post"}],"author":[{"embeddable":true,"href":"https:\/\/centcols.org\/backup\/it\/wp-json\/wp\/v2\/users\/69"}],"replies":[{"embeddable":true,"href":"https:\/\/centcols.org\/backup\/it\/wp-json\/wp\/v2\/comments?post=78185"}],"version-history":[{"count":0,"href":"https:\/\/centcols.org\/backup\/it\/wp-json\/wp\/v2\/posts\/78185\/revisions"}],"wp:attachment":[{"href":"https:\/\/centcols.org\/backup\/it\/wp-json\/wp\/v2\/media?parent=78185"}],"wp:term":[{"taxonomy":"category","embeddable":true,"href":"https:\/\/centcols.org\/backup\/it\/wp-json\/wp\/v2\/categories?post=78185"},{"taxonomy":"post_tag","embeddable":true,"href":"https:\/\/centcols.org\/backup\/it\/wp-json\/wp\/v2\/tags?post=78185"}],"curies":[{"name":"wp","href":"https:\/\/api.w.org\/{rel}","templated":true}]}}