{"id":78246,"date":"2023-07-08T10:40:26","date_gmt":"2023-07-08T08:40:26","guid":{"rendered":"https:\/\/centcols.org\/backup\/france-38-emparis\/"},"modified":"2023-12-05T18:47:57","modified_gmt":"2023-12-05T17:47:57","slug":"france-38-emparis","status":"publish","type":"post","link":"https:\/\/centcols.org\/backup\/it\/france-38-emparis\/","title":{"rendered":"FR-38 Il plateau d&#8217;Emparis &#8211; MTB 41 km, D+ 1410 m, 4 passi"},"content":{"rendered":"<div class=\"wp-block-image is-resized\">\n<figure class=\"aligncenter size-large\"><img loading=\"lazy\" decoding=\"async\" width=\"906\" height=\"533\" src=\"https:\/\/centcols.org\/backup\/wp-content\/uploads\/2023\/05\/Capture-decran-2023-05-22-101631.jpg\" alt=\"\" class=\"wp-image-73768\" srcset=\"https:\/\/centcols.org\/backup\/wp-content\/uploads\/2023\/05\/Capture-decran-2023-05-22-101631.jpg 906w, https:\/\/centcols.org\/backup\/wp-content\/uploads\/2023\/05\/Capture-decran-2023-05-22-101631-500x294.jpg 500w, https:\/\/centcols.org\/backup\/wp-content\/uploads\/2023\/05\/Capture-decran-2023-05-22-101631-768x452.jpg 768w, https:\/\/centcols.org\/backup\/wp-content\/uploads\/2023\/05\/Capture-decran-2023-05-22-101631-600x353.jpg 600w\" sizes=\"(max-width: 906px) 100vw, 906px\" \/><\/figure><\/div>\n\n\n<figure class=\"wp-block-image size-large\"><img loading=\"lazy\" decoding=\"async\" width=\"1200\" height=\"320\" src=\"https:\/\/centcols.org\/backup\/wp-content\/uploads\/2023\/05\/FR-05-et-FR-38-Le-Plateau-dAmparis-1200x320.jpeg\" alt=\"\" class=\"wp-image-73774\" srcset=\"https:\/\/centcols.org\/backup\/wp-content\/uploads\/2023\/05\/FR-05-et-FR-38-Le-Plateau-dAmparis-1200x320.jpeg 1200w, https:\/\/centcols.org\/backup\/wp-content\/uploads\/2023\/05\/FR-05-et-FR-38-Le-Plateau-dAmparis-500x133.jpeg 500w, https:\/\/centcols.org\/backup\/wp-content\/uploads\/2023\/05\/FR-05-et-FR-38-Le-Plateau-dAmparis-768x205.jpeg 768w, https:\/\/centcols.org\/backup\/wp-content\/uploads\/2023\/05\/FR-05-et-FR-38-Le-Plateau-dAmparis-1536x410.jpeg 1536w, https:\/\/centcols.org\/backup\/wp-content\/uploads\/2023\/05\/FR-05-et-FR-38-Le-Plateau-dAmparis-2048x546.jpeg 2048w, https:\/\/centcols.org\/backup\/wp-content\/uploads\/2023\/05\/FR-05-et-FR-38-Le-Plateau-dAmparis-600x160.jpeg 600w\" sizes=\"(max-width: 1200px) 100vw, 1200px\" \/><\/figure>\n\n\n\n<h2 class=\"wp-block-heading\">Descrizione dell&#8217;autore<\/h2>\n\n\n\n<p><span style=\"font-size: 20px; font-family: arial, helvetica, sans-serif;\"><strong>Autore <\/strong>: Guy Garcin<\/span><\/p>\n\n\n\n<p class=\"has-medium-font-size\"><span style=\"font-size: 20px; font-family: arial, helvetica, sans-serif;\"><strong>Partenza<\/strong>: dal centro del villaggio di Mizo\u00ebn. Alt&nbsp;: 1187 m.<\/span><\/p>\n\n\n\n<p><\/p>\n\n\n\n<p class=\"has-medium-font-size\"><strong><span style=\"font-size: 20px; font-family: arial, helvetica, sans-serif;\"><strong>Descrizione turistica<\/strong> <\/span><\/strong><\/p>\n\n\n\n<p class=\"has-medium-font-size\">Un superbo itinerario in mountain bike nel pi\u00f9 grande alpeggio della Francia, di fronte ai ghiacciai della Meije, tra laghi cristallini, mandrie e flora d&#8217;alta quota.<\/p>\n\n\n\n<p class=\"has-medium-font-size\">L&#8217;altopiano di Emparis si trova a oltre 2.000 m di altitudine nei dipartimenti francesi dell&#8217;Is\u00e8re e delle Hautes-Alpes. Appartiene al massiccio dell&#8217;Arves e si affaccia sul massiccio degli \u00c9crins, in particolare su La Meije e Le Rateau. Si trova nei comuni di Besse, Mizo\u00ebn e La Grave.<\/p>\n\n\n\n<p class=\"has-medium-font-size\">L&#8217;altopiano di Emparis, con la sua ricca flora e fauna, \u00e8 uno dei siti Natura 2000 della Francia.<\/p>\n\n\n\n<p class=\"has-medium-font-size\">Il percorso attraversa il bellissimo villaggio di Besse en Oisans, con le sue case in pietra a secco.<\/p>\n\n\n\n<p class=\"has-medium-font-size\"><strong>4 passi<\/strong><\/p>\n\n\n\n<p class=\"has-medium-font-size\">1 &#8211; Col du Souchet <a href=\"https:\/\/centcols.org\/backup\/util\/geo\/visu.php?code=FR-05-2365\" target=\"_blank\" rel=\"noopener\" title=\"\">FR-05-2365 <\/a>&nbsp;<br>2 &#8211; La Br\u00e8che <a href=\"https:\/\/centcols.org\/backup\/util\/geo\/visu.php?code=FR-05-2390\" target=\"_blank\" rel=\"noopener\" title=\"\">FR-05-2390<\/a><br>3 &#8211; Col Saint Georges <a href=\"https:\/\/centcols.org\/backup\/util\/geo\/visu.php?code=FR-38-2245a\" target=\"_blank\" rel=\"noopener\" title=\"\">FR-38-2245a<\/a><br>4 &#8211; Col Nazi\u00e9 <a href=\"https:\/\/centcols.org\/backup\/util\/geo\/visu.php?code=FR-38-1902b\" target=\"_blank\" rel=\"noopener\" title=\"\">FR-38-1902b<\/a><\/p>\n\n\n\n<p class=\"has-medium-font-size\"><strong>Descrizione tecnica<\/strong><\/p>\n\n\n\n<p class=\"has-medium-font-size\">Sui 41 km di percorso:<br>&#8211; 30 km si fanno su R1,<br>&nbsp;&#8211; 10 km circa in andata e ritorno su sentiero verso il col du Souchet e la Br\u00eache, sentiero stimato ciclabile al 30% circa,&nbsp;<br>&#8211; 90 m sul sentiero che porta al Col Nazi\u00e9<\/p>\n\n\n\n<p class=\"has-medium-font-size\"><span style=\"font-size: 20px; font-family: arial, helvetica, sans-serif;\"><strong>Link openrunner, carta interactive, profilo, traccia gpx<\/strong> :<\/span> <br><a href=\"https:\/\/www.openrunner.com\/route-details\/16807439\" target=\"_blank\" rel=\"noopener\" title=\"\">https:\/\/www.openrunner.com\/route-details\/16807439<\/a><br><strong>Parole chiave<\/strong> : Plateau d\u2019Amparis, Mizo\u00ebn, Besse-en-Oisans, centcols<\/p>\n\n\n\n<p class=\"has-medium-font-size\">Maggiori informazioni sul &#8220;Plateau d\u2019Emparis avec A.R. \u00e0 La Br\u00e8che &#8211; 2390m : <br><a href=\"https:\/\/love-velo.fr\/plateau-demparis-avec-a-r-a-la-breche-2390m\/\">https:\/\/love-velo.fr\/plateau-demparis-avec-a-r-a-la-breche-2390m\/<\/a><\/p>\n\n\n\n<p class=\"has-medium-font-size\">L&#8217;itinerario \u00e8 fornito a titolo indicativo. L&#8217;autore declina ogni responsabilit\u00e0, cos\u00ec come quella del Club des Cent Cols, per gli imprevisti causati dal ciclista stesso, dall&#8217;equipaggiamento utilizzato o da tutto ci\u00f2 che riguarda la strada, il suo ambiente o gli altri utenti della strada.<\/p>\n\n\n\n<p class=\"has-medium-font-size\">Qui, una panoramica completa dei <a href=\"https:\/\/centcols.org\/backup\/it\/liste-parcours-cent-cols-sur-or-2\/\" target=\"_blank\" rel=\"noreferrer noopener\">parcorsi dei membri<\/a> del Club des Cent Cols<br><\/p>\n\n\n\n<h2 class=\"wp-block-heading has-medium-font-size\">Fotografie<\/h2>\n\n\n\n<p class=\"has-medium-font-size\">Album foto : <a href=\"https:\/\/photos.app.goo.gl\/2i8gooLhewLex5Q16\">https:\/\/photos.app.goo.gl\/2i8gooLhewLex5Q16<\/a><\/p>\n\n\n<div class=\"wp-block-image\">\n<figure class=\"aligncenter size-large\"><img loading=\"lazy\" decoding=\"async\" width=\"1200\" height=\"612\" src=\"https:\/\/centcols.org\/backup\/wp-content\/uploads\/2023\/05\/Vue-depuis-le-gite-lAmparis-sur-le-lac-Chambon-1200x612.jpg\" alt=\"\" class=\"wp-image-73810\" srcset=\"https:\/\/centcols.org\/backup\/wp-content\/uploads\/2023\/05\/Vue-depuis-le-gite-lAmparis-sur-le-lac-Chambon-1200x612.jpg 1200w, https:\/\/centcols.org\/backup\/wp-content\/uploads\/2023\/05\/Vue-depuis-le-gite-lAmparis-sur-le-lac-Chambon-500x255.jpg 500w, https:\/\/centcols.org\/backup\/wp-content\/uploads\/2023\/05\/Vue-depuis-le-gite-lAmparis-sur-le-lac-Chambon-768x392.jpg 768w, https:\/\/centcols.org\/backup\/wp-content\/uploads\/2023\/05\/Vue-depuis-le-gite-lAmparis-sur-le-lac-Chambon-600x306.jpg 600w, https:\/\/centcols.org\/backup\/wp-content\/uploads\/2023\/05\/Vue-depuis-le-gite-lAmparis-sur-le-lac-Chambon.jpg 1373w\" sizes=\"(max-width: 1200px) 100vw, 1200px\" \/><figcaption class=\"wp-element-caption\"><strong>Vista dal g\u00eete<\/strong><\/figcaption><\/figure><\/div>\n\n<div class=\"wp-block-image\">\n<figure class=\"aligncenter size-large\"><img loading=\"lazy\" decoding=\"async\" width=\"1200\" height=\"675\" src=\"https:\/\/centcols.org\/backup\/wp-content\/uploads\/2023\/05\/Les-lacets-depuis-Mizoen-1200x675.jpg\" alt=\"\" class=\"wp-image-73798\" srcset=\"https:\/\/centcols.org\/backup\/wp-content\/uploads\/2023\/05\/Les-lacets-depuis-Mizoen-1200x675.jpg 1200w, https:\/\/centcols.org\/backup\/wp-content\/uploads\/2023\/05\/Les-lacets-depuis-Mizoen-500x281.jpg 500w, https:\/\/centcols.org\/backup\/wp-content\/uploads\/2023\/05\/Les-lacets-depuis-Mizoen-768x432.jpg 768w, https:\/\/centcols.org\/backup\/wp-content\/uploads\/2023\/05\/Les-lacets-depuis-Mizoen-600x337.jpg 600w, https:\/\/centcols.org\/backup\/wp-content\/uploads\/2023\/05\/Les-lacets-depuis-Mizoen.jpg 1245w\" sizes=\"(max-width: 1200px) 100vw, 1200px\" \/><figcaption class=\"wp-element-caption\"><strong>I  tornanti da Mizo\u00ebn<\/strong><\/figcaption><\/figure><\/div>\n\n<div class=\"wp-block-image\">\n<figure class=\"aligncenter size-large\"><img loading=\"lazy\" decoding=\"async\" width=\"1200\" height=\"674\" src=\"https:\/\/centcols.org\/backup\/wp-content\/uploads\/2023\/05\/Vue-sur-le-Col-du-Coing-non-reconnu-1200x674.jpg\" alt=\"\" class=\"wp-image-73816\" srcset=\"https:\/\/centcols.org\/backup\/wp-content\/uploads\/2023\/05\/Vue-sur-le-Col-du-Coing-non-reconnu-1200x674.jpg 1200w, https:\/\/centcols.org\/backup\/wp-content\/uploads\/2023\/05\/Vue-sur-le-Col-du-Coing-non-reconnu-500x281.jpg 500w, https:\/\/centcols.org\/backup\/wp-content\/uploads\/2023\/05\/Vue-sur-le-Col-du-Coing-non-reconnu-768x431.jpg 768w, https:\/\/centcols.org\/backup\/wp-content\/uploads\/2023\/05\/Vue-sur-le-Col-du-Coing-non-reconnu-600x337.jpg 600w, https:\/\/centcols.org\/backup\/wp-content\/uploads\/2023\/05\/Vue-sur-le-Col-du-Coing-non-reconnu.jpg 1246w\" sizes=\"(max-width: 1200px) 100vw, 1200px\" \/><figcaption class=\"wp-element-caption\"><strong>Vista sul &#8220;col du Coing&#8221; (non riconosciuto)<\/strong><\/figcaption><\/figure><\/div>\n\n<div class=\"wp-block-image\">\n<figure class=\"aligncenter size-large\"><img loading=\"lazy\" decoding=\"async\" width=\"1200\" height=\"674\" src=\"https:\/\/centcols.org\/backup\/wp-content\/uploads\/2023\/05\/La-piste-de-descente-au-retour-1200x674.jpg\" alt=\"\" class=\"wp-image-73786\" srcset=\"https:\/\/centcols.org\/backup\/wp-content\/uploads\/2023\/05\/La-piste-de-descente-au-retour-1200x674.jpg 1200w, https:\/\/centcols.org\/backup\/wp-content\/uploads\/2023\/05\/La-piste-de-descente-au-retour-500x281.jpg 500w, https:\/\/centcols.org\/backup\/wp-content\/uploads\/2023\/05\/La-piste-de-descente-au-retour-768x431.jpg 768w, https:\/\/centcols.org\/backup\/wp-content\/uploads\/2023\/05\/La-piste-de-descente-au-retour-600x337.jpg 600w, https:\/\/centcols.org\/backup\/wp-content\/uploads\/2023\/05\/La-piste-de-descente-au-retour.jpg 1246w\" sizes=\"(max-width: 1200px) 100vw, 1200px\" \/><figcaption class=\"wp-element-caption\"><strong>I tornanti di discesa al ritorno<\/strong><\/figcaption><\/figure><\/div>\n\n<div class=\"wp-block-image\">\n<figure class=\"aligncenter size-large\"><img loading=\"lazy\" decoding=\"async\" width=\"1200\" height=\"674\" src=\"https:\/\/centcols.org\/backup\/wp-content\/uploads\/2023\/05\/Le-Plateau-dAmparis-1200x674.jpg\" alt=\"\" class=\"wp-image-73792\" srcset=\"https:\/\/centcols.org\/backup\/wp-content\/uploads\/2023\/05\/Le-Plateau-dAmparis-1200x674.jpg 1200w, https:\/\/centcols.org\/backup\/wp-content\/uploads\/2023\/05\/Le-Plateau-dAmparis-500x281.jpg 500w, https:\/\/centcols.org\/backup\/wp-content\/uploads\/2023\/05\/Le-Plateau-dAmparis-768x431.jpg 768w, https:\/\/centcols.org\/backup\/wp-content\/uploads\/2023\/05\/Le-Plateau-dAmparis-600x337.jpg 600w, https:\/\/centcols.org\/backup\/wp-content\/uploads\/2023\/05\/Le-Plateau-dAmparis.jpg 1246w\" sizes=\"(max-width: 1200px) 100vw, 1200px\" \/><figcaption class=\"wp-element-caption\"><strong>Il plateau d&#8217;Amparis<\/strong><\/figcaption><\/figure><\/div>\n\n<div class=\"wp-block-image\">\n<figure class=\"aligncenter size-large\"><img loading=\"lazy\" decoding=\"async\" width=\"1200\" height=\"537\" src=\"https:\/\/centcols.org\/backup\/wp-content\/uploads\/2023\/05\/Au-Col-du-Souchet-La-Meije-et-le-Rateau-1200x537.jpg\" alt=\"\" class=\"wp-image-73762\" srcset=\"https:\/\/centcols.org\/backup\/wp-content\/uploads\/2023\/05\/Au-Col-du-Souchet-La-Meije-et-le-Rateau-1200x537.jpg 1200w, https:\/\/centcols.org\/backup\/wp-content\/uploads\/2023\/05\/Au-Col-du-Souchet-La-Meije-et-le-Rateau-500x224.jpg 500w, https:\/\/centcols.org\/backup\/wp-content\/uploads\/2023\/05\/Au-Col-du-Souchet-La-Meije-et-le-Rateau-768x344.jpg 768w, https:\/\/centcols.org\/backup\/wp-content\/uploads\/2023\/05\/Au-Col-du-Souchet-La-Meije-et-le-Rateau-1536x687.jpg 1536w, https:\/\/centcols.org\/backup\/wp-content\/uploads\/2023\/05\/Au-Col-du-Souchet-La-Meije-et-le-Rateau-600x269.jpg 600w, https:\/\/centcols.org\/backup\/wp-content\/uploads\/2023\/05\/Au-Col-du-Souchet-La-Meije-et-le-Rateau.jpg 1564w\" sizes=\"(max-width: 1200px) 100vw, 1200px\" \/><figcaption class=\"wp-element-caption\"><strong>Al Col du Souchet, La Meije a desrtra e il Rateau<\/strong><\/figcaption><\/figure><\/div>\n\n<div class=\"wp-block-image\">\n<figure class=\"aligncenter size-large\"><img loading=\"lazy\" decoding=\"async\" width=\"1143\" height=\"700\" src=\"https:\/\/centcols.org\/backup\/wp-content\/uploads\/2023\/05\/Vue-depuis-La-Breche.jpg\" alt=\"\" class=\"wp-image-73804\" srcset=\"https:\/\/centcols.org\/backup\/wp-content\/uploads\/2023\/05\/Vue-depuis-La-Breche.jpg 1143w, https:\/\/centcols.org\/backup\/wp-content\/uploads\/2023\/05\/Vue-depuis-La-Breche-500x306.jpg 500w, https:\/\/centcols.org\/backup\/wp-content\/uploads\/2023\/05\/Vue-depuis-La-Breche-768x470.jpg 768w, https:\/\/centcols.org\/backup\/wp-content\/uploads\/2023\/05\/Vue-depuis-La-Breche-600x367.jpg 600w\" sizes=\"(max-width: 1143px) 100vw, 1143px\" \/><figcaption class=\"wp-element-caption\"><strong>Vista da La Br\u00eache<\/strong><\/figcaption><\/figure><\/div>\n\n<div class=\"wp-block-image\">\n<figure class=\"aligncenter size-large\"><img decoding=\"async\" src=\"https:\/\/centcols.org\/backup\/util\/geo\/visu\/FR\/img\/1360\/8802.jpg\" alt=\"\"\/><figcaption class=\"wp-element-caption\"><strong>Col Saint Georges<\/strong><\/figcaption><\/figure><\/div>\n\n<div class=\"wp-block-image\">\n<figure class=\"aligncenter size-large\"><img decoding=\"async\" src=\"https:\/\/centcols.org\/backup\/util\/geo\/visu\/FR\/img\/1360\/2802.jpg\" alt=\"\"\/><figcaption class=\"wp-element-caption\"><strong>Col Nazie<\/strong><\/figcaption><\/figure><\/div>","protected":false},"excerpt":{"rendered":"<p>Descrizione dell&#8217;autore Autore : Guy Garcin Partenza: dal centro del villaggio di Mizo\u00ebn. Alt&nbsp;: 1187 m. Descrizione turistica Un superbo itinerario in mountain bike nel pi\u00f9 grande alpeggio della Francia, di fronte ai ghiacciai della Meije, tra laghi cristallini, mandrie e flora d&#8217;alta quota. L&#8217;altopiano di Emparis si trova a oltre 2.000 m di altitudine [&hellip;]<\/p>\n","protected":false},"author":69,"featured_media":0,"comment_status":"closed","ping_status":"closed","sticky":false,"template":"","format":"standard","meta":{"_acf_changed":false,"ub_ctt_via":"","_monsterinsights_skip_tracking":false,"_monsterinsights_sitenote_active":false,"_monsterinsights_sitenote_note":"","_monsterinsights_sitenote_category":0,"footnotes":""},"categories":[606,609],"tags":[],"acf":[],"featured_image_urls":{"full":"","thumbnail":"","medium":"","medium_large":"","large":"","1536x1536":"","2048x2048":"","woocommerce_thumbnail":"","woocommerce_single":"","woocommerce_gallery_thumbnail":""},"post_excerpt_stackable":"<p>Descrizione dell&#8217;autore Autore : Guy Garcin Partenza: dal centro del villaggio di Mizo\u00ebn. Alt&nbsp;: 1187 m. Descrizione turistica Un superbo itinerario in mountain bike nel pi\u00f9 grande alpeggio della Francia, di fronte ai ghiacciai della Meije, tra laghi cristallini, mandrie e flora d&#8217;alta quota. L&#8217;altopiano di Emparis si trova a oltre 2.000 m di altitudine nei dipartimenti francesi dell&#8217;Is\u00e8re e delle Hautes-Alpes. Appartiene al massiccio dell&#8217;Arves e si affaccia sul massiccio degli \u00c9crins, in particolare su La Meije e Le Rateau. Si trova nei comuni di Besse, Mizo\u00ebn e La Grave. L&#8217;altopiano di Emparis, con la sua ricca flora e&hellip;<\/p>\n","category_list":"<a href=\"https:\/\/centcols.org\/backup\/it\/categorie\/percorsi-dei-membri\/\" rel=\"category tag\">Percorsi dei membri<\/a>, <a href=\"https:\/\/centcols.org\/backup\/it\/categorie\/percorsi-dei-membri\/percorsi-francia\/\" rel=\"category tag\">Percorsi in Francia<\/a>","author_info":{"display_name":"Enrico Alberini","author_link":"https:\/\/centcols.org\/backup\/it\/author\/5065\/"},"comments_num":"0 commenti","featured_image_urls_v2":{"full":"","thumbnail":"","medium":"","medium_large":"","large":"","1536x1536":"","2048x2048":"","woocommerce_thumbnail":"","woocommerce_single":"","woocommerce_gallery_thumbnail":""},"post_excerpt_stackable_v2":"<p>Descrizione dell&#8217;autore Autore : Guy Garcin Partenza: dal centro del villaggio di Mizo\u00ebn. Alt&nbsp;: 1187 m. Descrizione turistica Un superbo itinerario in mountain bike nel pi\u00f9 grande alpeggio della Francia, di fronte ai ghiacciai della Meije, tra laghi cristallini, mandrie e flora d&#8217;alta quota. L&#8217;altopiano di Emparis si trova a oltre 2.000 m di altitudine nei dipartimenti francesi dell&#8217;Is\u00e8re e delle Hautes-Alpes. Appartiene al massiccio dell&#8217;Arves e si affaccia sul massiccio degli \u00c9crins, in particolare su La Meije e Le Rateau. Si trova nei comuni di Besse, Mizo\u00ebn e La Grave. L&#8217;altopiano di Emparis, con la sua ricca flora e&hellip;<\/p>\n","category_list_v2":"<a href=\"https:\/\/centcols.org\/backup\/it\/categorie\/percorsi-dei-membri\/\" rel=\"category tag\">Percorsi dei membri<\/a>, <a href=\"https:\/\/centcols.org\/backup\/it\/categorie\/percorsi-dei-membri\/percorsi-francia\/\" rel=\"category tag\">Percorsi in Francia<\/a>","author_info_v2":{"name":"Enrico Alberini","url":"https:\/\/centcols.org\/backup\/it\/author\/5065\/"},"comments_num_v2":"0 commenti","featured_image_src":null,"_links":{"self":[{"href":"https:\/\/centcols.org\/backup\/it\/wp-json\/wp\/v2\/posts\/78246"}],"collection":[{"href":"https:\/\/centcols.org\/backup\/it\/wp-json\/wp\/v2\/posts"}],"about":[{"href":"https:\/\/centcols.org\/backup\/it\/wp-json\/wp\/v2\/types\/post"}],"author":[{"embeddable":true,"href":"https:\/\/centcols.org\/backup\/it\/wp-json\/wp\/v2\/users\/69"}],"replies":[{"embeddable":true,"href":"https:\/\/centcols.org\/backup\/it\/wp-json\/wp\/v2\/comments?post=78246"}],"version-history":[{"count":0,"href":"https:\/\/centcols.org\/backup\/it\/wp-json\/wp\/v2\/posts\/78246\/revisions"}],"wp:attachment":[{"href":"https:\/\/centcols.org\/backup\/it\/wp-json\/wp\/v2\/media?parent=78246"}],"wp:term":[{"taxonomy":"category","embeddable":true,"href":"https:\/\/centcols.org\/backup\/it\/wp-json\/wp\/v2\/categories?post=78246"},{"taxonomy":"post_tag","embeddable":true,"href":"https:\/\/centcols.org\/backup\/it\/wp-json\/wp\/v2\/tags?post=78246"}],"curies":[{"name":"wp","href":"https:\/\/api.w.org\/{rel}","templated":true}]}}