{"id":78254,"date":"2023-07-07T11:19:09","date_gmt":"2023-07-07T09:19:09","guid":{"rendered":"https:\/\/centcols.org\/backup\/france-54-rencontre-regionale-2020\/"},"modified":"2023-12-06T17:21:43","modified_gmt":"2023-12-06T16:21:43","slug":"france-54-rencontre-regionale-2020","status":"publish","type":"post","link":"https:\/\/centcols.org\/backup\/it\/france-54-rencontre-regionale-2020\/","title":{"rendered":"FR-54 Grand Est Incontro regionale 2020 &#8211; Strada 69 km, D+ 800 m, 6 passi"},"content":{"rendered":"<div class=\"wp-block-image is-resized\">\n<figure class=\"aligncenter size-large\"><img loading=\"lazy\" decoding=\"async\" width=\"902\" height=\"535\" src=\"https:\/\/centcols.org\/backup\/wp-content\/uploads\/2023\/05\/Capture-decran-2023-05-11-095202.jpg\" alt=\"\" class=\"wp-image-72796\" srcset=\"https:\/\/centcols.org\/backup\/wp-content\/uploads\/2023\/05\/Capture-decran-2023-05-11-095202.jpg 902w, https:\/\/centcols.org\/backup\/wp-content\/uploads\/2023\/05\/Capture-decran-2023-05-11-095202-500x297.jpg 500w, https:\/\/centcols.org\/backup\/wp-content\/uploads\/2023\/05\/Capture-decran-2023-05-11-095202-768x456.jpg 768w, https:\/\/centcols.org\/backup\/wp-content\/uploads\/2023\/05\/Capture-decran-2023-05-11-095202-600x356.jpg 600w\" sizes=\"(max-width: 902px) 100vw, 902px\" \/><\/figure><\/div>\n\n<div class=\"wp-block-image\">\n<figure class=\"aligncenter size-large\"><img loading=\"lazy\" decoding=\"async\" width=\"1200\" height=\"320\" src=\"https:\/\/centcols.org\/backup\/wp-content\/uploads\/2023\/05\/FR-Grand-Est-Rencontre-regionale-2020-1200x320.jpeg\" alt=\"\" class=\"wp-image-72802\" srcset=\"https:\/\/centcols.org\/backup\/wp-content\/uploads\/2023\/05\/FR-Grand-Est-Rencontre-regionale-2020-1200x320.jpeg 1200w, https:\/\/centcols.org\/backup\/wp-content\/uploads\/2023\/05\/FR-Grand-Est-Rencontre-regionale-2020-500x133.jpeg 500w, https:\/\/centcols.org\/backup\/wp-content\/uploads\/2023\/05\/FR-Grand-Est-Rencontre-regionale-2020-768x205.jpeg 768w, https:\/\/centcols.org\/backup\/wp-content\/uploads\/2023\/05\/FR-Grand-Est-Rencontre-regionale-2020-1536x410.jpeg 1536w, https:\/\/centcols.org\/backup\/wp-content\/uploads\/2023\/05\/FR-Grand-Est-Rencontre-regionale-2020-2048x546.jpeg 2048w, https:\/\/centcols.org\/backup\/wp-content\/uploads\/2023\/05\/FR-Grand-Est-Rencontre-regionale-2020-600x160.jpeg 600w\" sizes=\"(max-width: 1200px) 100vw, 1200px\" \/><\/figure><\/div>\n\n\n<h2 class=\"wp-block-heading\">Descrizione dell&#8217;autore<\/h2>\n\n\n\n<p><span style=\"font-size: 20px; font-family: arial, helvetica, sans-serif;\"><strong>Autore <\/strong>: Denis Mathieu<\/span><\/p>\n\n\n\n<p><span style=\"font-family: arial, helvetica, sans-serif; font-size: 20px;\"><strong>Percorso:<\/strong> fatto il 27\/05\/2020<\/span><\/p>\n\n\n\n<p class=\"has-medium-font-size\"><span style=\"font-size: 20px; font-family: arial, helvetica, sans-serif;\"><strong>Partenza<\/strong>: <\/span>parcheggio in fondo al Chemin du Pain de Sucre \u00e0 Dommartemont 54130, banlieue Est di Nancy. Alt\u00a0: 353 m<\/p>\n\n\n\n<p class=\"has-medium-font-size\"><strong>Descrizione<\/strong> <strong>turistica<\/strong><\/p>\n\n\n\n<p class=\"has-medium-font-size\">L&#8217;itinerario inizia sulle rive della Meurthe, passando per il sito dell&#8217;ex acciaieria di Pompey (da cui proviene l&#8217;acciaio utilizzato nella Torre Eiffel) alla confluenza dei fiumi Meurthe e Mosella. Segue poi le rive della Mosella, sale sull&#8217;altopiano e si ricongiunge una seconda volta alla Mosella. L&#8217;itinerario tocca i passi elencati nei resoconti dei primi giorni della guerra del 1914\/1918 (la battaglia di Grand Couronn\u00e9).<\/p>\n\n\n\n<p class=\"has-medium-font-size\">Lungo il percorso si possono ammirare numerosi punti panoramici.<\/p>\n\n\n\n<div style=\"height:16px\" aria-hidden=\"true\" class=\"wp-block-spacer\"><\/div>\n\n\n\n<p class=\"has-medium-font-size\"><strong>6 passi<span style=\"font-size: 20px; font-family: arial, helvetica, sans-serif;\"> <\/span><\/strong><\/p>\n\n\n\n<p class=\"has-medium-font-size\">1 <a href=\"https:\/\/centcols.org\/backup\/util\/geo\/visu.php?code=FR-54-0346\" target=\"_blank\" rel=\"noreferrer noopener\">FR-54-0346<\/a> Col de Bratte,<br>2 <a href=\"https:\/\/centcols.org\/backup\/util\/geo\/visu.php?code=FR-54-0359\" target=\"_blank\" rel=\"noreferrer noopener\">FR-54-0359<\/a> Col de Moivrons,<br>3 <a href=\"https:\/\/centcols.org\/backup\/util\/geo\/visu.php?code=FR-54-0330\" target=\"_blank\" rel=\"noreferrer noopener\">FR-54-0330<\/a> Col de Sivry,<br>4 <a href=\"https:\/\/centcols.org\/backup\/util\/geo\/visu.php?code=FR-54-0282\" target=\"_blank\" rel=\"noreferrer noopener\">FR-54-0282<\/a> Col de Serri\u00e8res,<br>5 <a href=\"https:\/\/centcols.org\/backup\/util\/geo\/visu.php?code=FR-54-0261\" target=\"_blank\" rel=\"noreferrer noopener\">FR-54-0261<\/a> Col de Millery,<br>6 <a href=\"https:\/\/centcols.org\/backup\/util\/geo\/visu.php?code=FR-54-0348\" target=\"_blank\" rel=\"noreferrer noopener\">FR-54-0348<\/a> Col de Sainte-Genevieve.<\/p>\n\n\n\n<p class=\"has-medium-font-size\">Opzione\u00a0: <a href=\"https:\/\/centcols.org\/backup\/util\/geo\/visu.php?code=FR-54-0361\" target=\"_blank\" rel=\"noreferrer noopener\">FR-54-0361<\/a> Col de Vassuchamps dal villaggio di Bratte, km 26.7 par R1.<\/p>\n\n\n\n<div style=\"height:18px\" aria-hidden=\"true\" class=\"wp-block-spacer\"><\/div>\n\n\n\n<p class=\"has-medium-font-size\"><strong>Descrizione tecnica<\/strong><\/p>\n\n\n\n<p class=\"has-medium-font-size\">Un percorso tranquillo e sicuro che parte dal percorso blu lungo la Mosella e ritorna lungo tranquille strade secondarie. La salita al Col de Sivry \u00e8 piuttosto ripida.<\/p>\n\n\n\n<p class=\"has-medium-font-size\"><span style=\"font-size: 20px; font-family: arial, helvetica, sans-serif;\"><strong>Parole chiave<\/strong><\/span><span style=\"font-size: 20px;\"><font face=\"arial, helvetica, sans-serif\">: Grand-Est, Nancy, centcols, berges de la Moselle<\/font><\/span><\/p>\n\n\n\n<p class=\"has-medium-font-size\"><strong><strong>Collegamento a Openrunner, mappa interattiva, profilo, traccia gpx<\/strong><\/strong><span style=\"font-size: 20px; font-family: arial, helvetica, sans-serif;\">: <\/span><a href=\"https:\/\/www.openrunner.com\/route-details\/16402215\"><strong>https:\/\/www.openrunne<\/strong><\/a><a href=\"https:\/\/www.openrunner.com\/route-details\/16402215\" target=\"_blank\" rel=\"noreferrer noopener\"><strong>r<\/strong><\/a><a href=\"https:\/\/www.openrunner.com\/route-details\/16402215\"><strong>.com\/route-details\/16402215<\/strong><\/a><\/p>\n\n\n\n<p class=\"has-medium-font-size\">Questo itinerario \u00e8 fornito a titolo puramente informativo. L&#8217;autore non si assume alcuna responsabilit\u00e0, n\u00e9 quella del Club des Cent Cols, per le imponderabilit\u00e0 causate dal ciclista stesso, dall&#8217;equipaggiamento utilizzato o da qualsiasi cosa abbia a che fare con la strada, i suoi dintorni o gli altri utenti della strada.<\/p>\n\n\n\n<p class=\"has-medium-font-size\">Qui, una\u00a0<a href=\"https:\/\/centcols.org\/backup\/it\/liste-parcours-cent-cols-sur-or-2\/\" target=\"_blank\" rel=\"noopener\" title=\"\">cronaca esaustiva dei percorsi dei membri<\/a>\u00a0del Club des Cent Cols<\/p>\n\n\n\n<p class=\"has-medium-font-size\"><strong>Fotografie<\/strong><\/p>\n\n\n<div class=\"wp-block-image\">\n<figure class=\"aligncenter size-large\"><img loading=\"lazy\" decoding=\"async\" width=\"800\" height=\"600\" src=\"https:\/\/centcols.org\/backup\/wp-content\/uploads\/2023\/05\/800px-Gueule_denfer.jpg\" alt=\"\" class=\"wp-image-72790\" srcset=\"https:\/\/centcols.org\/backup\/wp-content\/uploads\/2023\/05\/800px-Gueule_denfer.jpg 800w, https:\/\/centcols.org\/backup\/wp-content\/uploads\/2023\/05\/800px-Gueule_denfer-500x375.jpg 500w, https:\/\/centcols.org\/backup\/wp-content\/uploads\/2023\/05\/800px-Gueule_denfer-768x576.jpg 768w, https:\/\/centcols.org\/backup\/wp-content\/uploads\/2023\/05\/800px-Gueule_denfer-600x450.jpg 600w\" sizes=\"(max-width: 800px) 100vw, 800px\" \/><figcaption class=\"wp-element-caption\"><strong>La Gueule d&#8217;Enfer, confluenza della Moselle e della Meurthe a Pompey<\/strong><\/figcaption><\/figure><\/div>\n\n<div class=\"wp-block-image is-resized\">\n<figure class=\"aligncenter size-large\"><img loading=\"lazy\" decoding=\"async\" width=\"584\" height=\"389\" src=\"https:\/\/centcols.org\/backup\/wp-content\/uploads\/2023\/05\/pain-sucre-L-bU6oWn.jpeg\" alt=\"\" class=\"wp-image-72808\" srcset=\"https:\/\/centcols.org\/backup\/wp-content\/uploads\/2023\/05\/pain-sucre-L-bU6oWn.jpeg 584w, https:\/\/centcols.org\/backup\/wp-content\/uploads\/2023\/05\/pain-sucre-L-bU6oWn-500x333.jpeg 500w\" sizes=\"(max-width: 584px) 100vw, 584px\" \/><figcaption class=\"wp-element-caption\"><strong>Il Pain de Sucre, \u00e0 droite, il Petit Mont e il  Grand Mont a sinistra<\/strong><\/figcaption><\/figure><\/div>\n\n<div class=\"wp-block-image\">\n<figure class=\"aligncenter size-large\"><img decoding=\"async\" src=\"https:\/\/centcols.org\/backup\/util\/geo\/visu\/FR\/img\/1365\/1208.jpg\" alt=\"\"\/><figcaption class=\"wp-element-caption\"><strong>Col de Bratte<\/strong><\/figcaption><\/figure><\/div>\n\n<div class=\"wp-block-image\">\n<figure class=\"aligncenter size-large\"><img decoding=\"async\" src=\"https:\/\/centcols.org\/backup\/util\/geo\/visu\/FR\/img\/1365\/140a.jpg\" alt=\"\"\/><figcaption class=\"wp-element-caption\"><strong>Col de Moivrons<\/strong><\/figcaption><\/figure><\/div>\n\n<div class=\"wp-block-image\">\n<figure class=\"aligncenter size-large\"><img decoding=\"async\" src=\"https:\/\/centcols.org\/backup\/util\/geo\/visu\/FR\/img\/1365\/1007.jpg\" alt=\"\"\/><figcaption class=\"wp-element-caption\"><strong>Col de Sivry<\/strong><\/figcaption><\/figure><\/div>\n\n<div class=\"wp-block-image\">\n<figure class=\"aligncenter size-large\"><img decoding=\"async\" src=\"https:\/\/centcols.org\/backup\/util\/geo\/visu\/FR\/img\/1365\/0909.jpg\" alt=\"\"\/><figcaption class=\"wp-element-caption\"><strong>Col de Serri\u00e8res<\/strong><\/figcaption><\/figure><\/div>\n\n<div class=\"wp-block-image\">\n<figure class=\"aligncenter size-large\"><img decoding=\"async\" src=\"https:\/\/centcols.org\/backup\/util\/geo\/visu\/FR\/img\/1365\/0806.jpg\" alt=\"\"\/><figcaption class=\"wp-element-caption\"><strong>Col de Millery<\/strong><\/figcaption><\/figure><\/div>\n\n<div class=\"wp-block-image\">\n<figure class=\"aligncenter size-large\"><img decoding=\"async\" src=\"https:\/\/centcols.org\/backup\/util\/geo\/visu\/FR\/img\/1365\/1305.jpg\" alt=\"\"\/><figcaption class=\"wp-element-caption\"><strong>Col de Sainte-Genevi\u00e8ve<\/strong><\/figcaption><\/figure><\/div>","protected":false},"excerpt":{"rendered":"<p>Descrizione dell&#8217;autore Autore : Denis Mathieu Percorso: fatto il 27\/05\/2020 Partenza: parcheggio in fondo al Chemin du Pain de Sucre \u00e0 Dommartemont 54130, banlieue Est di Nancy. Alt\u00a0: 353 m Descrizione turistica L&#8217;itinerario inizia sulle rive della Meurthe, passando per il sito dell&#8217;ex acciaieria di Pompey (da cui proviene l&#8217;acciaio utilizzato nella Torre Eiffel) alla [&hellip;]<\/p>\n","protected":false},"author":69,"featured_media":0,"comment_status":"closed","ping_status":"closed","sticky":false,"template":"","format":"standard","meta":{"_acf_changed":false,"ub_ctt_via":"","_monsterinsights_skip_tracking":false,"_monsterinsights_sitenote_active":false,"_monsterinsights_sitenote_note":"","_monsterinsights_sitenote_category":0,"footnotes":""},"categories":[606,609],"tags":[],"acf":[],"featured_image_urls":{"full":"","thumbnail":"","medium":"","medium_large":"","large":"","1536x1536":"","2048x2048":"","woocommerce_thumbnail":"","woocommerce_single":"","woocommerce_gallery_thumbnail":""},"post_excerpt_stackable":"<p>Descrizione dell&#8217;autore Autore : Denis Mathieu Percorso: fatto il 27\/05\/2020 Partenza: parcheggio in fondo al Chemin du Pain de Sucre \u00e0 Dommartemont 54130, banlieue Est di Nancy. Alt\u00a0: 353 m Descrizione turistica L&#8217;itinerario inizia sulle rive della Meurthe, passando per il sito dell&#8217;ex acciaieria di Pompey (da cui proviene l&#8217;acciaio utilizzato nella Torre Eiffel) alla confluenza dei fiumi Meurthe e Mosella. Segue poi le rive della Mosella, sale sull&#8217;altopiano e si ricongiunge una seconda volta alla Mosella. L&#8217;itinerario tocca i passi elencati nei resoconti dei primi giorni della guerra del 1914\/1918 (la battaglia di Grand Couronn\u00e9). Lungo il percorso si&hellip;<\/p>\n","category_list":"<a href=\"https:\/\/centcols.org\/backup\/it\/categorie\/percorsi-dei-membri\/\" rel=\"category tag\">Percorsi dei membri<\/a>, <a href=\"https:\/\/centcols.org\/backup\/it\/categorie\/percorsi-dei-membri\/percorsi-francia\/\" rel=\"category tag\">Percorsi in Francia<\/a>","author_info":{"display_name":"Enrico Alberini","author_link":"https:\/\/centcols.org\/backup\/it\/author\/5065\/"},"comments_num":"0 commenti","featured_image_urls_v2":{"full":"","thumbnail":"","medium":"","medium_large":"","large":"","1536x1536":"","2048x2048":"","woocommerce_thumbnail":"","woocommerce_single":"","woocommerce_gallery_thumbnail":""},"post_excerpt_stackable_v2":"<p>Descrizione dell&#8217;autore Autore : Denis Mathieu Percorso: fatto il 27\/05\/2020 Partenza: parcheggio in fondo al Chemin du Pain de Sucre \u00e0 Dommartemont 54130, banlieue Est di Nancy. Alt\u00a0: 353 m Descrizione turistica L&#8217;itinerario inizia sulle rive della Meurthe, passando per il sito dell&#8217;ex acciaieria di Pompey (da cui proviene l&#8217;acciaio utilizzato nella Torre Eiffel) alla confluenza dei fiumi Meurthe e Mosella. Segue poi le rive della Mosella, sale sull&#8217;altopiano e si ricongiunge una seconda volta alla Mosella. L&#8217;itinerario tocca i passi elencati nei resoconti dei primi giorni della guerra del 1914\/1918 (la battaglia di Grand Couronn\u00e9). Lungo il percorso si&hellip;<\/p>\n","category_list_v2":"<a href=\"https:\/\/centcols.org\/backup\/it\/categorie\/percorsi-dei-membri\/\" rel=\"category tag\">Percorsi dei membri<\/a>, <a href=\"https:\/\/centcols.org\/backup\/it\/categorie\/percorsi-dei-membri\/percorsi-francia\/\" rel=\"category tag\">Percorsi in Francia<\/a>","author_info_v2":{"name":"Enrico Alberini","url":"https:\/\/centcols.org\/backup\/it\/author\/5065\/"},"comments_num_v2":"0 commenti","featured_image_src":null,"_links":{"self":[{"href":"https:\/\/centcols.org\/backup\/it\/wp-json\/wp\/v2\/posts\/78254"}],"collection":[{"href":"https:\/\/centcols.org\/backup\/it\/wp-json\/wp\/v2\/posts"}],"about":[{"href":"https:\/\/centcols.org\/backup\/it\/wp-json\/wp\/v2\/types\/post"}],"author":[{"embeddable":true,"href":"https:\/\/centcols.org\/backup\/it\/wp-json\/wp\/v2\/users\/69"}],"replies":[{"embeddable":true,"href":"https:\/\/centcols.org\/backup\/it\/wp-json\/wp\/v2\/comments?post=78254"}],"version-history":[{"count":0,"href":"https:\/\/centcols.org\/backup\/it\/wp-json\/wp\/v2\/posts\/78254\/revisions"}],"wp:attachment":[{"href":"https:\/\/centcols.org\/backup\/it\/wp-json\/wp\/v2\/media?parent=78254"}],"wp:term":[{"taxonomy":"category","embeddable":true,"href":"https:\/\/centcols.org\/backup\/it\/wp-json\/wp\/v2\/categories?post=78254"},{"taxonomy":"post_tag","embeddable":true,"href":"https:\/\/centcols.org\/backup\/it\/wp-json\/wp\/v2\/tags?post=78254"}],"curies":[{"name":"wp","href":"https:\/\/api.w.org\/{rel}","templated":true}]}}