{"id":78258,"date":"2023-07-06T11:50:00","date_gmt":"2023-07-06T09:50:00","guid":{"rendered":"https:\/\/centcols.org\/backup\/france-54-rencontre-regionale-2022\/"},"modified":"2023-12-06T17:39:23","modified_gmt":"2023-12-06T16:39:23","slug":"france-54-rencontre-regionale-2022","status":"publish","type":"post","link":"https:\/\/centcols.org\/backup\/it\/france-54-rencontre-regionale-2022\/","title":{"rendered":"FR-54 Grand Est Incontro regionale 2022 &#8211; Strada 44 km, D+ 490 m, 3 passi"},"content":{"rendered":"<figure class=\"wp-block-image aligncenter size-large is-resized\"><img loading=\"lazy\" decoding=\"async\" width=\"907\" height=\"540\" class=\"wp-image-72818\" style=\"width: 1120px; height: 667px;\" src=\"https:\/\/centcols.org\/backup\/wp-content\/uploads\/2023\/05\/Capture-decran-2023-05-11-113139.jpg\" alt=\"\" srcset=\"https:\/\/centcols.org\/backup\/wp-content\/uploads\/2023\/05\/Capture-decran-2023-05-11-113139.jpg 907w, https:\/\/centcols.org\/backup\/wp-content\/uploads\/2023\/05\/Capture-decran-2023-05-11-113139-500x298.jpg 500w, https:\/\/centcols.org\/backup\/wp-content\/uploads\/2023\/05\/Capture-decran-2023-05-11-113139-768x457.jpg 768w, https:\/\/centcols.org\/backup\/wp-content\/uploads\/2023\/05\/Capture-decran-2023-05-11-113139-600x357.jpg 600w\" sizes=\"(max-width: 907px) 100vw, 907px\" \/><\/figure>\n\n\n<figure class=\"wp-block-image size-large\"><img loading=\"lazy\" decoding=\"async\" width=\"1200\" height=\"320\" src=\"https:\/\/centcols.org\/backup\/wp-content\/uploads\/2023\/05\/FR-Grand-Est-Rencontre-regionale-2022-1200x320.jpeg\" alt=\"\" class=\"wp-image-72836\" srcset=\"https:\/\/centcols.org\/backup\/wp-content\/uploads\/2023\/05\/FR-Grand-Est-Rencontre-regionale-2022-1200x320.jpeg 1200w, https:\/\/centcols.org\/backup\/wp-content\/uploads\/2023\/05\/FR-Grand-Est-Rencontre-regionale-2022-500x133.jpeg 500w, https:\/\/centcols.org\/backup\/wp-content\/uploads\/2023\/05\/FR-Grand-Est-Rencontre-regionale-2022-768x205.jpeg 768w, https:\/\/centcols.org\/backup\/wp-content\/uploads\/2023\/05\/FR-Grand-Est-Rencontre-regionale-2022-1536x410.jpeg 1536w, https:\/\/centcols.org\/backup\/wp-content\/uploads\/2023\/05\/FR-Grand-Est-Rencontre-regionale-2022-2048x546.jpeg 2048w, https:\/\/centcols.org\/backup\/wp-content\/uploads\/2023\/05\/FR-Grand-Est-Rencontre-regionale-2022-600x160.jpeg 600w\" sizes=\"(max-width: 1200px) 100vw, 1200px\" \/><\/figure>\n\n\n\n<h2 class=\"wp-block-heading\">Descrizione dell&#8217;autore<\/h2>\n\n\n\n<p><span style=\"font-size: 20px; font-family: arial, helvetica, sans-serif;\"><strong>Autore <\/strong>: Denis Mathieu<\/span><\/p>\n\n\n\n<p><span style=\"font-family: arial, helvetica, sans-serif; font-size: 20px;\"><strong>Percorso:<\/strong> fatto il 3\/09\/2022<\/span><\/p>\n\n\n\n<p class=\"has-medium-font-size\"><span style=\"font-size: 20px; font-family: arial, helvetica, sans-serif;\"><strong>Partenza<\/strong>: <\/span>Parcheggio della piscina di Pont-\u00e0-Mousson. Alt : 180 m<\/p>\n\n\n\n<p class=\"has-medium-font-size\"><strong>Descrizione turistica<\/strong><\/p>\n\n\n\n<p class=\"has-medium-font-size\">Il percorso inizia sulla pista ciclabile che costeggia la Mosella sulla riva sinistra. Questo percorso offre una bella vista sull&#8217;ex abbazia di Pr\u00e9montr\u00e9s sulla riva opposta. Si ritorna poi a Pont-\u00e0-Mousson attraverso le alture sulla riva destra per attraversare 2 passi usciti degli archivi della Prima Guerra Mondiale.<\/p>\n\n\n\n<div style=\"height:16px\" aria-hidden=\"true\" class=\"wp-block-spacer\"><\/div>\n\n\n\n<p class=\"has-medium-font-size\"><strong><span style=\"font-size: 20px; font-family: arial, helvetica, sans-serif;\">3 passi<\/span><\/strong><span style=\"font-weight: bold; font-size: 20px; font-family: arial, helvetica, sans-serif;\"> <\/span><\/p>\n\n\n\n<p class=\"has-medium-font-size\">&#8211; Col du RUDEMONT <a href=\"https:\/\/centcols.org\/backup\/util\/geo\/visu.php?code=FR-54-0250\" target=\"_blank\" rel=\"noreferrer noopener\">FR-54-0250<\/a><br>&#8211; Col d&#8217;Arry&nbsp; <a href=\"https:\/\/centcols.org\/backup\/util\/geo\/visu.php?code=FR-57-0357\" target=\"_blank\" rel=\"noreferrer noopener\">FR-57-0357<\/a><br>&#8211; Col de Lesm\u00e9nils <a href=\"https:\/\/centcols.org\/backup\/util\/geo\/visu.php?code=FR-54-0272\" target=\"_blank\" rel=\"noreferrer noopener\">FR-54-0272<\/a><\/p>\n\n\n\n<div style=\"height:18px\" aria-hidden=\"true\" class=\"wp-block-spacer\"><\/div>\n\n\n\n<p class=\"has-medium-font-size\"><strong>Descrizione tecnica<\/strong><\/p>\n\n\n\n<p class=\"has-medium-font-size\">La strada che scende dal Col de Rudemont \u00e8 stata gravemente danneggiata nel settembre 2022. \u00c8 possibile evitarla facendo un&#8217;inversione di marcia al passo e girando a sinistra verso il fondo di Nov\u00e9ant per tornare sul percorso. La salita al Col d&#8217;Arry \u00e8 dura.<\/p>\n\n\n\n<p class=\"has-medium-font-size\"><span style=\"font-size: 20px; font-family: arial, helvetica, sans-serif;\"><strong>Parole chiave<\/strong>: Pont-\u00e0-Mousson, Col d&#8217;Arry, Col de Lesm\u00e9nils, Col de Rudemont, voie verte Moselle<\/span><\/p>\n\n\n\n<p class=\"has-medium-font-size\"><span style=\"font-size: 20px; font-family: arial, helvetica, sans-serif;\"><strong><strong>Collegamento a Openrunner, mappa interattiva, profilo, traccia gpx<\/strong><\/strong>: <\/span><a href=\"https:\/\/www.openrunner.com\/route-details\/16418773\" target=\"_blank\" rel=\"noreferrer noopener\"><strong>https:\/\/www.openrunner.com\/route-details\/16418773<\/strong><\/a><\/p>\n\n\n\n<p class=\"has-medium-font-size\">Questo itinerario \u00e8 fornito a titolo puramente informativo. L&#8217;autore non si assume alcuna responsabilit\u00e0, n\u00e9 quella del Club des Cent Cols, per le imponderabilit\u00e0 causate dal ciclista stesso, dall&#8217;equipaggiamento utilizzato o da qualsiasi cosa abbia a che fare con la strada, i suoi dintorni o gli altri utenti della strada.<\/p>\n\n\n\n<p class=\"has-medium-font-size\">Qui, una&nbsp;<a href=\"https:\/\/centcols.org\/backup\/it\/liste-parcours-cent-cols-sur-or-2\/\" target=\"_blank\" rel=\"noopener\" title=\"\">cronaca esaustiva dei percorsi dei membri<\/a>&nbsp;del Club des Cent Cols<\/p>\n\n\n\n<p class=\"has-medium-font-size\"><strong>Fotografie<\/strong><\/p>\n\n\n<div class=\"wp-block-image is-resized\">\n<figure class=\"aligncenter size-large\"><img loading=\"lazy\" decoding=\"async\" width=\"1200\" height=\"900\" src=\"https:\/\/centcols.org\/backup\/wp-content\/uploads\/2023\/05\/Rencontre-1200x900.jpg\" alt=\"\" class=\"wp-image-72854\" srcset=\"https:\/\/centcols.org\/backup\/wp-content\/uploads\/2023\/05\/Rencontre-1200x900.jpg 1200w, https:\/\/centcols.org\/backup\/wp-content\/uploads\/2023\/05\/Rencontre-500x375.jpg 500w, https:\/\/centcols.org\/backup\/wp-content\/uploads\/2023\/05\/Rencontre-768x576.jpg 768w, https:\/\/centcols.org\/backup\/wp-content\/uploads\/2023\/05\/Rencontre-600x450.jpg 600w, https:\/\/centcols.org\/backup\/wp-content\/uploads\/2023\/05\/Rencontre.jpg 1281w\" sizes=\"(max-width: 1200px) 100vw, 1200px\" \/><figcaption class=\"wp-element-caption\">Il gruppo<\/figcaption><\/figure><\/div>\n\n<div class=\"wp-block-image is-resized\">\n<figure class=\"aligncenter size-large\"><img loading=\"lazy\" decoding=\"async\" width=\"512\" height=\"367\" src=\"https:\/\/centcols.org\/backup\/wp-content\/uploads\/2023\/05\/Les-rives-de-la-Moselle.jpg\" alt=\"\" class=\"wp-image-72848\" srcset=\"https:\/\/centcols.org\/backup\/wp-content\/uploads\/2023\/05\/Les-rives-de-la-Moselle.jpg 512w, https:\/\/centcols.org\/backup\/wp-content\/uploads\/2023\/05\/Les-rives-de-la-Moselle-500x358.jpg 500w\" sizes=\"(max-width: 512px) 100vw, 512px\" \/><figcaption class=\"wp-element-caption\"><strong>La pista ciclabile lungo la Moselle<\/strong><\/figcaption><\/figure><\/div>\n\n<div class=\"wp-block-image is-resized\">\n<figure class=\"aligncenter size-large\"><img loading=\"lazy\" decoding=\"async\" width=\"1023\" height=\"589\" src=\"https:\/\/centcols.org\/backup\/wp-content\/uploads\/2023\/05\/Les-Premontres.png\" alt=\"\" class=\"wp-image-72842\" srcset=\"https:\/\/centcols.org\/backup\/wp-content\/uploads\/2023\/05\/Les-Premontres.png 1023w, https:\/\/centcols.org\/backup\/wp-content\/uploads\/2023\/05\/Les-Premontres-500x288.png 500w, https:\/\/centcols.org\/backup\/wp-content\/uploads\/2023\/05\/Les-Premontres-768x442.png 768w, https:\/\/centcols.org\/backup\/wp-content\/uploads\/2023\/05\/Les-Premontres-600x345.png 600w\" sizes=\"(max-width: 1023px) 100vw, 1023px\" \/><figcaption class=\"wp-element-caption\"><strong>L&#8217;Abbazia dei Pr\u00e9montr\u00e9s<\/strong><\/figcaption><\/figure><\/div>\n\n<div class=\"wp-block-image is-resized\">\n<figure class=\"aligncenter size-large\"><img loading=\"lazy\" decoding=\"async\" width=\"500\" height=\"359\" src=\"https:\/\/centcols.org\/backup\/wp-content\/uploads\/2023\/05\/Col-de.jpg\" alt=\"\" class=\"wp-image-72824\"\/><figcaption class=\"wp-element-caption\"><strong>La salita al col d&#8217;Arry<\/strong><\/figcaption><\/figure><\/div>\n\n<div class=\"wp-block-image is-resized\">\n<figure class=\"aligncenter size-large\"><img loading=\"lazy\" decoding=\"async\" width=\"603\" height=\"452\" src=\"https:\/\/centcols.org\/backup\/wp-content\/uploads\/2023\/05\/Diplome.jpg\" alt=\"\" class=\"wp-image-72830\" srcset=\"https:\/\/centcols.org\/backup\/wp-content\/uploads\/2023\/05\/Diplome.jpg 603w, https:\/\/centcols.org\/backup\/wp-content\/uploads\/2023\/05\/Diplome-500x375.jpg 500w, https:\/\/centcols.org\/backup\/wp-content\/uploads\/2023\/05\/Diplome-600x450.jpg 600w\" sizes=\"(max-width: 603px) 100vw, 603px\" \/><figcaption class=\"wp-element-caption\"><strong>Consegna del diploma<\/strong><\/figcaption><\/figure><\/div>\n\n<div class=\"wp-block-image\">\n<figure class=\"aligncenter size-large\"><img decoding=\"async\" src=\"https:\/\/centcols.org\/backup\/util\/geo\/visu\/FR\/img\/1365\/0706.jpg\" alt=\"\"\/><figcaption class=\"wp-element-caption\"><strong>Col du Rudemont<\/strong><\/figcaption><\/figure><\/div>\n\n<div class=\"wp-block-image\">\n<figure class=\"aligncenter size-large\"><img decoding=\"async\" src=\"https:\/\/centcols.org\/backup\/util\/geo\/visu\/FR\/img\/2015\/5709.jpg\" alt=\"\"\/><figcaption class=\"wp-element-caption\"><strong>Col d&#8217;Arry<\/strong><\/figcaption><\/figure><\/div>\n\n<div class=\"wp-block-image\">\n<figure class=\"aligncenter size-large\"><img decoding=\"async\" src=\"https:\/\/centcols.org\/backup\/util\/geo\/visu\/FR\/img\/2015\/5600.jpg\" alt=\"\"\/><figcaption class=\"wp-element-caption\"><strong>Col de Lesm\u00e9nils<\/strong><\/figcaption><\/figure><\/div>","protected":false},"excerpt":{"rendered":"<p>Descrizione dell&#8217;autore Autore : Denis Mathieu Percorso: fatto il 3\/09\/2022 Partenza: Parcheggio della piscina di Pont-\u00e0-Mousson. Alt : 180 m Descrizione turistica Il percorso inizia sulla pista ciclabile che costeggia la Mosella sulla riva sinistra. Questo percorso offre una bella vista sull&#8217;ex abbazia di Pr\u00e9montr\u00e9s sulla riva opposta. Si ritorna poi a Pont-\u00e0-Mousson attraverso le [&hellip;]<\/p>\n","protected":false},"author":69,"featured_media":0,"comment_status":"closed","ping_status":"closed","sticky":false,"template":"","format":"standard","meta":{"_acf_changed":false,"ub_ctt_via":"","_monsterinsights_skip_tracking":false,"_monsterinsights_sitenote_active":false,"_monsterinsights_sitenote_note":"","_monsterinsights_sitenote_category":0,"footnotes":""},"categories":[606,609],"tags":[],"acf":[],"featured_image_urls":{"full":"","thumbnail":"","medium":"","medium_large":"","large":"","1536x1536":"","2048x2048":"","woocommerce_thumbnail":"","woocommerce_single":"","woocommerce_gallery_thumbnail":""},"post_excerpt_stackable":"<p>Descrizione dell&#8217;autore Autore : Denis Mathieu Percorso: fatto il 3\/09\/2022 Partenza: Parcheggio della piscina di Pont-\u00e0-Mousson. Alt : 180 m Descrizione turistica Il percorso inizia sulla pista ciclabile che costeggia la Mosella sulla riva sinistra. Questo percorso offre una bella vista sull&#8217;ex abbazia di Pr\u00e9montr\u00e9s sulla riva opposta. Si ritorna poi a Pont-\u00e0-Mousson attraverso le alture sulla riva destra per attraversare 2 passi usciti degli archivi della Prima Guerra Mondiale. 3 passi &#8211; Col du RUDEMONT FR-54-0250&#8211; Col d&#8217;Arry&nbsp; FR-57-0357&#8211; Col de Lesm\u00e9nils FR-54-0272 Descrizione tecnica La strada che scende dal Col de Rudemont \u00e8 stata gravemente danneggiata nel settembre&hellip;<\/p>\n","category_list":"<a href=\"https:\/\/centcols.org\/backup\/it\/categorie\/percorsi-dei-membri\/\" rel=\"category tag\">Percorsi dei membri<\/a>, <a href=\"https:\/\/centcols.org\/backup\/it\/categorie\/percorsi-dei-membri\/percorsi-francia\/\" rel=\"category tag\">Percorsi in Francia<\/a>","author_info":{"display_name":"Enrico Alberini","author_link":"https:\/\/centcols.org\/backup\/it\/author\/5065\/"},"comments_num":"0 commenti","featured_image_urls_v2":{"full":"","thumbnail":"","medium":"","medium_large":"","large":"","1536x1536":"","2048x2048":"","woocommerce_thumbnail":"","woocommerce_single":"","woocommerce_gallery_thumbnail":""},"post_excerpt_stackable_v2":"<p>Descrizione dell&#8217;autore Autore : Denis Mathieu Percorso: fatto il 3\/09\/2022 Partenza: Parcheggio della piscina di Pont-\u00e0-Mousson. Alt : 180 m Descrizione turistica Il percorso inizia sulla pista ciclabile che costeggia la Mosella sulla riva sinistra. Questo percorso offre una bella vista sull&#8217;ex abbazia di Pr\u00e9montr\u00e9s sulla riva opposta. Si ritorna poi a Pont-\u00e0-Mousson attraverso le alture sulla riva destra per attraversare 2 passi usciti degli archivi della Prima Guerra Mondiale. 3 passi &#8211; Col du RUDEMONT FR-54-0250&#8211; Col d&#8217;Arry&nbsp; FR-57-0357&#8211; Col de Lesm\u00e9nils FR-54-0272 Descrizione tecnica La strada che scende dal Col de Rudemont \u00e8 stata gravemente danneggiata nel settembre&hellip;<\/p>\n","category_list_v2":"<a href=\"https:\/\/centcols.org\/backup\/it\/categorie\/percorsi-dei-membri\/\" rel=\"category tag\">Percorsi dei membri<\/a>, <a href=\"https:\/\/centcols.org\/backup\/it\/categorie\/percorsi-dei-membri\/percorsi-francia\/\" rel=\"category tag\">Percorsi in Francia<\/a>","author_info_v2":{"name":"Enrico Alberini","url":"https:\/\/centcols.org\/backup\/it\/author\/5065\/"},"comments_num_v2":"0 commenti","featured_image_src":null,"_links":{"self":[{"href":"https:\/\/centcols.org\/backup\/it\/wp-json\/wp\/v2\/posts\/78258"}],"collection":[{"href":"https:\/\/centcols.org\/backup\/it\/wp-json\/wp\/v2\/posts"}],"about":[{"href":"https:\/\/centcols.org\/backup\/it\/wp-json\/wp\/v2\/types\/post"}],"author":[{"embeddable":true,"href":"https:\/\/centcols.org\/backup\/it\/wp-json\/wp\/v2\/users\/69"}],"replies":[{"embeddable":true,"href":"https:\/\/centcols.org\/backup\/it\/wp-json\/wp\/v2\/comments?post=78258"}],"version-history":[{"count":0,"href":"https:\/\/centcols.org\/backup\/it\/wp-json\/wp\/v2\/posts\/78258\/revisions"}],"wp:attachment":[{"href":"https:\/\/centcols.org\/backup\/it\/wp-json\/wp\/v2\/media?parent=78258"}],"wp:term":[{"taxonomy":"category","embeddable":true,"href":"https:\/\/centcols.org\/backup\/it\/wp-json\/wp\/v2\/categories?post=78258"},{"taxonomy":"post_tag","embeddable":true,"href":"https:\/\/centcols.org\/backup\/it\/wp-json\/wp\/v2\/tags?post=78258"}],"curies":[{"name":"wp","href":"https:\/\/api.w.org\/{rel}","templated":true}]}}