{"id":78260,"date":"2023-07-04T17:06:39","date_gmt":"2023-07-04T15:06:39","guid":{"rendered":"https:\/\/centcols.org\/backup\/france-70-ge-2023-route\/"},"modified":"2023-12-06T18:26:08","modified_gmt":"2023-12-06T17:26:08","slug":"france-70-ge-2023-route","status":"publish","type":"post","link":"https:\/\/centcols.org\/backup\/it\/france-70-ge-2023-route\/","title":{"rendered":"FR-70 Raduno Grand Est 2023 &#8211; Strada 51 km, D+ 1480 m, 2 passi"},"content":{"rendered":"<div class=\"wp-block-image\">\n<figure class=\"aligncenter\"><img loading=\"lazy\" decoding=\"async\" width=\"920\" height=\"585\" src=\"https:\/\/centcols.org\/backup\/wp-content\/uploads\/2023\/06\/Capture-1.jpg\" alt=\"\" class=\"wp-image-75208\" srcset=\"https:\/\/centcols.org\/backup\/wp-content\/uploads\/2023\/06\/Capture-1.jpg 920w, https:\/\/centcols.org\/backup\/wp-content\/uploads\/2023\/06\/Capture-1-500x318.jpg 500w, https:\/\/centcols.org\/backup\/wp-content\/uploads\/2023\/06\/Capture-1-768x488.jpg 768w, https:\/\/centcols.org\/backup\/wp-content\/uploads\/2023\/06\/Capture-1-600x382.jpg 600w\" sizes=\"(max-width: 920px) 100vw, 920px\" \/><\/figure><\/div>\n\n\n<figure class=\"wp-block-image size-large\"><img loading=\"lazy\" decoding=\"async\" width=\"1200\" height=\"320\" src=\"https:\/\/centcols.org\/backup\/wp-content\/uploads\/2023\/06\/FR-70-Rassemblement-Grand-Est-2023-Route-1200x320.jpeg\" alt=\"\" class=\"wp-image-75214\" srcset=\"https:\/\/centcols.org\/backup\/wp-content\/uploads\/2023\/06\/FR-70-Rassemblement-Grand-Est-2023-Route-1200x320.jpeg 1200w, https:\/\/centcols.org\/backup\/wp-content\/uploads\/2023\/06\/FR-70-Rassemblement-Grand-Est-2023-Route-500x133.jpeg 500w, https:\/\/centcols.org\/backup\/wp-content\/uploads\/2023\/06\/FR-70-Rassemblement-Grand-Est-2023-Route-768x205.jpeg 768w, https:\/\/centcols.org\/backup\/wp-content\/uploads\/2023\/06\/FR-70-Rassemblement-Grand-Est-2023-Route-1536x410.jpeg 1536w, https:\/\/centcols.org\/backup\/wp-content\/uploads\/2023\/06\/FR-70-Rassemblement-Grand-Est-2023-Route-2048x546.jpeg 2048w, https:\/\/centcols.org\/backup\/wp-content\/uploads\/2023\/06\/FR-70-Rassemblement-Grand-Est-2023-Route-600x160.jpeg 600w\" sizes=\"(max-width: 1200px) 100vw, 1200px\" \/><\/figure>\n\n\n\n<h2 class=\"wp-block-heading\">Descrizione dell&#8217;autore<\/h2>\n\n\n\n<p class=\"has-medium-font-size\"><span style=\"font-size: 20px; font-family: arial, helvetica, sans-serif;\"><strong>Autore<\/strong><\/span>: Philippe Pillet<\/p>\n\n\n\n<p class=\"has-medium-font-size\"><strong>Percorso<\/strong> fatto il 27\/05\/2023<\/p>\n\n\n\n<p><span style=\"font-size: 20px;\"><strong>Partenza<\/strong>: Parcheggio situato nel comune di Plancher les Mines, a l&#8217;impasse del canale (prendere rue du pont du Var a destra, il parcheggio si trova a sinistra dopo il piccolo ponte). Alt : 500 m<\/span><\/p>\n\n\n\n<p class=\"has-medium-font-size\"><strong>Descrizione<\/strong> <strong>turistica<\/strong><\/p>\n\n\n\n<p class=\"has-medium-font-size\">L&#8217;itinerario attraversa il comune pi\u00f9 alto dei Vosgi, Belfahy, e prosegue verso Miellin. La valle di Melisey (villaggio di Thibaud Pinot) vanta una bella chiesa romanica del XII secolo e costeggia il Plateau des 1000 \u00c9tangs, che merita un giorno in pi\u00f9 per essere esplorato. La salita del Col de la Chevestraye passa per Fresse, un villaggio tipico della regione dei Vosgi Sa\u00f4noises. La parte finale del percorso \u00e8 diventata storica: la Planche des Filles \u00e8 stata scalata 6 volte dal Tour de France maschile ed \u00e8 diventata un must.<\/p>\n\n\n\n<p class=\"has-medium-font-size\"><strong>2 passi<\/strong><\/p>\n\n\n\n<p><span style=\"font-size: 20px;\">Col de la Chevestraye <a href=\"https:\/\/centcols.org\/backup\/util\/geo\/visu.php?code=FR-70-0640\" target=\"_blank\" rel=\"noopener\">FR-70-0640<\/a><\/span><br \/><span style=\"font-size: 20px;\">Col des Chevr\u00e8res\u00a0 \u00a0 \u00a0 \u00a0<a href=\"https:\/\/centcols.org\/backup\/util\/geo\/visu.php?code=FR-70-0914\" target=\"_blank\" rel=\"noopener\">FR-70-0914<\/a><\/span><\/p>\n\n\n\n<p class=\"has-medium-font-size\"><strong><strong>Descrizione tecnica<\/strong><\/strong><\/p>\n\n\n\n<p class=\"has-medium-font-size\">Il tratto di strada tra Belfahy e Miellin \u00e8 molto ripido e sconnesso. La D486 \u00e8 piuttosto trafficata, il che fa preferire fare il percorso in direzione opposta. La Planche presenta pendenze record superiori al 20% (24% nel finale).<\/p>\n\n\n\n<p class=\"has-medium-font-size\"><strong><strong>Collegamento a Openrunner, mappa interattiva, profilo, traccia gpx<\/strong><\/strong><span style=\"font-size: 20px; font-family: arial, helvetica, sans-serif;\">: <\/span> <a href=\"https:\/\/www.openrunner.com\/route-details\/17011070\" target=\"_blank\" rel=\"noopener\">https:\/\/www.openrunner.com\/route-details\/17011070<\/a><\/p>\n\n\n\n<p class=\"has-medium-font-size\"><strong>Parole chiave<\/strong>: Plancher les mines, Belfahy, Haute Sa\u00f4ne, Planches des belles filles, Chevr\u00e8res<\/p>\n\n\n\n<p class=\"has-medium-font-size\">Questo itinerario \u00e8 fornito a titolo puramente informativo. L&#8217;autore non si assume alcuna responsabilit\u00e0, n\u00e9 quella del Club des Cent Cols, per le imponderabilit\u00e0 causate dal ciclista stesso, dall&#8217;equipaggiamento utilizzato o da qualsiasi cosa abbia a che fare con la strada, i suoi dintorni o gli altri utenti della strada.<\/p>\n\n\n\n<p class=\"has-medium-font-size\">Qui, una&nbsp;<a href=\"https:\/\/centcols.org\/backup\/it\/liste-parcours-cent-cols-sur-or-2\/\" target=\"_blank\" rel=\"noopener\" title=\"\">cronaca esaustiva dei percorsi dei membri<\/a>&nbsp;del Club des Cent Cols<\/p>\n\n\n\n<p class=\"has-medium-font-size\"><strong>Fotografie<\/strong><\/p>\n\n\n<div class=\"wp-block-image\">\n<figure class=\"aligncenter size-large\"><img loading=\"lazy\" decoding=\"async\" width=\"1200\" height=\"800\" src=\"https:\/\/centcols.org\/backup\/wp-content\/uploads\/2023\/06\/019-Au-niveau-de-la-station-il-ne-reste-quun-kilom_tre.-1200x800.jpg\" alt=\"\" class=\"wp-image-75151\" srcset=\"https:\/\/centcols.org\/backup\/wp-content\/uploads\/2023\/06\/019-Au-niveau-de-la-station-il-ne-reste-quun-kilom_tre.-1200x800.jpg 1200w, https:\/\/centcols.org\/backup\/wp-content\/uploads\/2023\/06\/019-Au-niveau-de-la-station-il-ne-reste-quun-kilom_tre.-500x333.jpg 500w, https:\/\/centcols.org\/backup\/wp-content\/uploads\/2023\/06\/019-Au-niveau-de-la-station-il-ne-reste-quun-kilom_tre.-768x512.jpg 768w, https:\/\/centcols.org\/backup\/wp-content\/uploads\/2023\/06\/019-Au-niveau-de-la-station-il-ne-reste-quun-kilom_tre.-600x400.jpg 600w, https:\/\/centcols.org\/backup\/wp-content\/uploads\/2023\/06\/019-Au-niveau-de-la-station-il-ne-reste-quun-kilom_tre..jpg 1433w\" sizes=\"(max-width: 1200px) 100vw, 1200px\" \/><figcaption class=\"wp-element-caption\"><strong>A livello della stazione non rimane che un km<\/strong><\/figcaption><\/figure><\/div>\n\n<div class=\"wp-block-image\">\n<figure class=\"aligncenter size-large\"><img loading=\"lazy\" decoding=\"async\" width=\"1200\" height=\"800\" src=\"https:\/\/centcols.org\/backup\/wp-content\/uploads\/2023\/06\/021-Depuis-la-Super-Planche.-Vue-sur-la-Trouee-de-Belfort-1200x800.jpg\" alt=\"\" class=\"wp-image-75157\" srcset=\"https:\/\/centcols.org\/backup\/wp-content\/uploads\/2023\/06\/021-Depuis-la-Super-Planche.-Vue-sur-la-Trouee-de-Belfort-1200x800.jpg 1200w, https:\/\/centcols.org\/backup\/wp-content\/uploads\/2023\/06\/021-Depuis-la-Super-Planche.-Vue-sur-la-Trouee-de-Belfort-500x333.jpg 500w, https:\/\/centcols.org\/backup\/wp-content\/uploads\/2023\/06\/021-Depuis-la-Super-Planche.-Vue-sur-la-Trouee-de-Belfort-768x512.jpg 768w, https:\/\/centcols.org\/backup\/wp-content\/uploads\/2023\/06\/021-Depuis-la-Super-Planche.-Vue-sur-la-Trouee-de-Belfort-600x400.jpg 600w, https:\/\/centcols.org\/backup\/wp-content\/uploads\/2023\/06\/021-Depuis-la-Super-Planche.-Vue-sur-la-Trouee-de-Belfort.jpg 1347w\" sizes=\"(max-width: 1200px) 100vw, 1200px\" \/><figcaption class=\"wp-element-caption\"><strong>Dalla Super Planche, la vista su la Trou\u00e9e de Belfort<\/strong><\/figcaption><\/figure><\/div>\n\n<div class=\"wp-block-image\">\n<figure class=\"aligncenter size-large\"><img loading=\"lazy\" decoding=\"async\" width=\"1200\" height=\"800\" src=\"https:\/\/centcols.org\/backup\/wp-content\/uploads\/2023\/06\/027-En-redescendant-de-la-Super-Planche.-1200x800.jpg\" alt=\"\" class=\"wp-image-75163\" srcset=\"https:\/\/centcols.org\/backup\/wp-content\/uploads\/2023\/06\/027-En-redescendant-de-la-Super-Planche.-1200x800.jpg 1200w, https:\/\/centcols.org\/backup\/wp-content\/uploads\/2023\/06\/027-En-redescendant-de-la-Super-Planche.-500x333.jpg 500w, https:\/\/centcols.org\/backup\/wp-content\/uploads\/2023\/06\/027-En-redescendant-de-la-Super-Planche.-768x512.jpg 768w, https:\/\/centcols.org\/backup\/wp-content\/uploads\/2023\/06\/027-En-redescendant-de-la-Super-Planche.-600x400.jpg 600w, https:\/\/centcols.org\/backup\/wp-content\/uploads\/2023\/06\/027-En-redescendant-de-la-Super-Planche..jpg 1347w\" sizes=\"(max-width: 1200px) 100vw, 1200px\" \/><figcaption class=\"wp-element-caption\"><strong>Scendendo dalla Super Planche<\/strong><\/figcaption><\/figure><\/div>\n\n<div class=\"wp-block-image\">\n<figure class=\"aligncenter size-large\"><img decoding=\"async\" src=\"https:\/\/centcols.org\/backup\/util\/geo\/visu\/FR\/img\/1383\/0304.jpg\" alt=\"\"\/><figcaption class=\"wp-element-caption\"><strong>Col de la Chevestraye<\/strong><\/figcaption><\/figure><\/div>","protected":false},"excerpt":{"rendered":"<p>Descrizione dell&#8217;autore Autore: Philippe Pillet Percorso fatto il 27\/05\/2023 Partenza: Parcheggio situato nel comune di Plancher les Mines, a l&#8217;impasse del canale (prendere rue du pont du Var a destra, il parcheggio si trova a sinistra dopo il piccolo ponte). Alt : 500 m Descrizione turistica L&#8217;itinerario attraversa il comune pi\u00f9 alto dei Vosgi, Belfahy, [&hellip;]<\/p>\n","protected":false},"author":69,"featured_media":0,"comment_status":"closed","ping_status":"closed","sticky":false,"template":"","format":"standard","meta":{"_acf_changed":false,"ub_ctt_via":"","_monsterinsights_skip_tracking":false,"_monsterinsights_sitenote_active":false,"_monsterinsights_sitenote_note":"","_monsterinsights_sitenote_category":0,"footnotes":""},"categories":[606,609],"tags":[],"acf":[],"featured_image_urls":{"full":"","thumbnail":"","medium":"","medium_large":"","large":"","1536x1536":"","2048x2048":"","woocommerce_thumbnail":"","woocommerce_single":"","woocommerce_gallery_thumbnail":""},"post_excerpt_stackable":"<p>Descrizione dell&#8217;autore Autore: Philippe Pillet Percorso fatto il 27\/05\/2023 Partenza: Parcheggio situato nel comune di Plancher les Mines, a l&#8217;impasse del canale (prendere rue du pont du Var a destra, il parcheggio si trova a sinistra dopo il piccolo ponte). Alt : 500 m Descrizione turistica L&#8217;itinerario attraversa il comune pi\u00f9 alto dei Vosgi, Belfahy, e prosegue verso Miellin. La valle di Melisey (villaggio di Thibaud Pinot) vanta una bella chiesa romanica del XII secolo e costeggia il Plateau des 1000 \u00c9tangs, che merita un giorno in pi\u00f9 per essere esplorato. La salita del Col de la Chevestraye passa per&hellip;<\/p>\n","category_list":"<a href=\"https:\/\/centcols.org\/backup\/it\/categorie\/percorsi-dei-membri\/\" rel=\"category tag\">Percorsi dei membri<\/a>, <a href=\"https:\/\/centcols.org\/backup\/it\/categorie\/percorsi-dei-membri\/percorsi-francia\/\" rel=\"category tag\">Percorsi in Francia<\/a>","author_info":{"display_name":"Enrico Alberini","author_link":"https:\/\/centcols.org\/backup\/it\/author\/5065\/"},"comments_num":"0 commenti","featured_image_urls_v2":{"full":"","thumbnail":"","medium":"","medium_large":"","large":"","1536x1536":"","2048x2048":"","woocommerce_thumbnail":"","woocommerce_single":"","woocommerce_gallery_thumbnail":""},"post_excerpt_stackable_v2":"<p>Descrizione dell&#8217;autore Autore: Philippe Pillet Percorso fatto il 27\/05\/2023 Partenza: Parcheggio situato nel comune di Plancher les Mines, a l&#8217;impasse del canale (prendere rue du pont du Var a destra, il parcheggio si trova a sinistra dopo il piccolo ponte). Alt : 500 m Descrizione turistica L&#8217;itinerario attraversa il comune pi\u00f9 alto dei Vosgi, Belfahy, e prosegue verso Miellin. La valle di Melisey (villaggio di Thibaud Pinot) vanta una bella chiesa romanica del XII secolo e costeggia il Plateau des 1000 \u00c9tangs, che merita un giorno in pi\u00f9 per essere esplorato. La salita del Col de la Chevestraye passa per&hellip;<\/p>\n","category_list_v2":"<a href=\"https:\/\/centcols.org\/backup\/it\/categorie\/percorsi-dei-membri\/\" rel=\"category tag\">Percorsi dei membri<\/a>, <a href=\"https:\/\/centcols.org\/backup\/it\/categorie\/percorsi-dei-membri\/percorsi-francia\/\" rel=\"category tag\">Percorsi in Francia<\/a>","author_info_v2":{"name":"Enrico Alberini","url":"https:\/\/centcols.org\/backup\/it\/author\/5065\/"},"comments_num_v2":"0 commenti","featured_image_src":null,"_links":{"self":[{"href":"https:\/\/centcols.org\/backup\/it\/wp-json\/wp\/v2\/posts\/78260"}],"collection":[{"href":"https:\/\/centcols.org\/backup\/it\/wp-json\/wp\/v2\/posts"}],"about":[{"href":"https:\/\/centcols.org\/backup\/it\/wp-json\/wp\/v2\/types\/post"}],"author":[{"embeddable":true,"href":"https:\/\/centcols.org\/backup\/it\/wp-json\/wp\/v2\/users\/69"}],"replies":[{"embeddable":true,"href":"https:\/\/centcols.org\/backup\/it\/wp-json\/wp\/v2\/comments?post=78260"}],"version-history":[{"count":0,"href":"https:\/\/centcols.org\/backup\/it\/wp-json\/wp\/v2\/posts\/78260\/revisions"}],"wp:attachment":[{"href":"https:\/\/centcols.org\/backup\/it\/wp-json\/wp\/v2\/media?parent=78260"}],"wp:term":[{"taxonomy":"category","embeddable":true,"href":"https:\/\/centcols.org\/backup\/it\/wp-json\/wp\/v2\/categories?post=78260"},{"taxonomy":"post_tag","embeddable":true,"href":"https:\/\/centcols.org\/backup\/it\/wp-json\/wp\/v2\/tags?post=78260"}],"curies":[{"name":"wp","href":"https:\/\/api.w.org\/{rel}","templated":true}]}}