{"id":78262,"date":"2023-07-03T16:26:26","date_gmt":"2023-07-03T14:26:26","guid":{"rendered":"https:\/\/centcols.org\/backup\/france-70-ge-2023-vtt\/"},"modified":"2023-12-06T18:26:27","modified_gmt":"2023-12-06T17:26:27","slug":"france-70-ge-2023-vtt","status":"publish","type":"post","link":"https:\/\/centcols.org\/backup\/it\/france-70-ge-2023-vtt\/","title":{"rendered":"FR-70 Raduno Grand Est 2023 &#8211;  MTB 36 km, D+ 1220 m, 4 passi"},"content":{"rendered":"<div class=\"wp-block-image\">\n<figure class=\"aligncenter\"><img loading=\"lazy\" decoding=\"async\" width=\"801\" height=\"598\" src=\"https:\/\/centcols.org\/backup\/wp-content\/uploads\/2023\/06\/Capture.jpg\" alt=\"\" class=\"wp-image-75175\" srcset=\"https:\/\/centcols.org\/backup\/wp-content\/uploads\/2023\/06\/Capture.jpg 801w, https:\/\/centcols.org\/backup\/wp-content\/uploads\/2023\/06\/Capture-500x373.jpg 500w, https:\/\/centcols.org\/backup\/wp-content\/uploads\/2023\/06\/Capture-768x573.jpg 768w, https:\/\/centcols.org\/backup\/wp-content\/uploads\/2023\/06\/Capture-600x448.jpg 600w\" sizes=\"(max-width: 801px) 100vw, 801px\" \/><\/figure><\/div>\n\n<div class=\"wp-block-image\">\n<figure class=\"aligncenter size-large\"><img loading=\"lazy\" decoding=\"async\" width=\"1200\" height=\"320\" src=\"https:\/\/centcols.org\/backup\/wp-content\/uploads\/2023\/06\/FR-70-Rassemblement-Grand-Est-2023-VTT-1200x320.jpeg\" alt=\"\" class=\"wp-image-75181\" srcset=\"https:\/\/centcols.org\/backup\/wp-content\/uploads\/2023\/06\/FR-70-Rassemblement-Grand-Est-2023-VTT-1200x320.jpeg 1200w, https:\/\/centcols.org\/backup\/wp-content\/uploads\/2023\/06\/FR-70-Rassemblement-Grand-Est-2023-VTT-500x133.jpeg 500w, https:\/\/centcols.org\/backup\/wp-content\/uploads\/2023\/06\/FR-70-Rassemblement-Grand-Est-2023-VTT-768x205.jpeg 768w, https:\/\/centcols.org\/backup\/wp-content\/uploads\/2023\/06\/FR-70-Rassemblement-Grand-Est-2023-VTT-1536x410.jpeg 1536w, https:\/\/centcols.org\/backup\/wp-content\/uploads\/2023\/06\/FR-70-Rassemblement-Grand-Est-2023-VTT-2048x546.jpeg 2048w, https:\/\/centcols.org\/backup\/wp-content\/uploads\/2023\/06\/FR-70-Rassemblement-Grand-Est-2023-VTT-600x160.jpeg 600w\" sizes=\"(max-width: 1200px) 100vw, 1200px\" \/><\/figure><\/div>\n\n\n<h2 class=\"wp-block-heading\">Descrizione dell&#8217;autore<\/h2>\n\n\n\n<p class=\"has-medium-font-size\"><span style=\"font-size: 20px; font-family: arial, helvetica, sans-serif;\"><strong>Autore<\/strong><\/span>: Denis Mathieu<\/p>\n\n\n\n<p class=\"has-medium-font-size\"><strong>Percorso<\/strong> fatto il 27\/05\/2023<\/p>\n\n\n\n<p class=\"has-medium-font-size\"><strong>Partenza<\/strong>: Parcheggio situato nel comune di Plancher les Mines, a l&#8217;impasse del canale (prendere rue du pont du Var a destra, il parcheggio si trova a sinistra dopo il piccolo ponte). Alt : 500 m<\/p>\n\n\n\n<h2 class=\"wp-block-heading\"><strong>Descrizione<\/strong> <strong>turistica<\/strong><\/h2>\n\n\n\n<p class=\"has-medium-font-size\">Dopo il Col de la Chevestraye, si attraversa il comune di BELFAHY. Il centro del paese si trova a 840 m ed \u00e8 il comune pi\u00f9 alto della Haute-Sa\u00f4ne e persino del Massiccio dei Vosgi. Al Col des Chevr\u00e8res, il sentiero conduce al nuovissimo Col Sans-Nom e alla cascata Goutte des Saules. Prima di tornare a Plancher Les Mines, \u00e8 in programma la Super Planche attraverso la Planche des Belles Filles, famosa in tutto il mondo grazie al Tour de France. Il Col d&#8217;Auxelles, a cavallo tra la Haute-Sa\u00f4ne (70) e il Territoire de Belfort (90), si trova sul margine meridionale del Massiccio dei Vosgi. Offre una vista a sud sulla famosa Trou\u00e9e de Belfort, un passaggio largo 20 km tra i Vosgi e il Giura, altrimenti noto come Porte de Bourgogne.<\/p>\n\n\n\n<p class=\"has-medium-font-size\"><strong>4 passi<\/strong><\/p>\n\n\n\n<p class=\"has-medium-font-size\">Col de la Chevestraye <a href=\"https:\/\/centcols.org\/backup\/util\/geo\/visu.php?code=FR-70-0640\" target=\"_blank\" rel=\"noopener\">FR-70-0640<\/a><br>Col des Chevr\u00e8res&nbsp; &nbsp; &nbsp; &nbsp;<a href=\"https:\/\/centcols.org\/backup\/util\/geo\/visu.php?code=FR-70-0914\" target=\"_blank\" rel=\"noopener\">FR-70-0914<\/a><br>Col sans Nom&nbsp; &nbsp; &nbsp; &nbsp; &nbsp; &nbsp; &nbsp; &nbsp;<a href=\"https:\/\/centcols.org\/backup\/util\/geo\/visu.php?code=FR-70-1001\" target=\"_blank\" rel=\"noopener\">FR-70-1001<\/a><br>Col d\u2019Auxelles&nbsp; &nbsp; &nbsp; &nbsp; &nbsp; &nbsp; &nbsp; <a href=\"https:\/\/centcols.org\/backup\/util\/geo\/visu.php?code=FR-70-0827\" target=\"_blank\" rel=\"noopener\">FR-70-0827<\/a><\/p>\n\n\n\n<h2 class=\"wp-block-heading\"><strong><strong>Descrizione tecnica<\/strong><\/strong><\/h2>\n\n\n\n<p class=\"has-medium-font-size\">Il percorso inizia su una strada un po&#8217; ripida e trafficata fino al Col des Chevr\u00e8res. Una pista ciclabile sulla destra conduce al passo senza nome (tranne che per gli ultimi 50 metri).<\/p>\n\n\n\n<p class=\"has-medium-font-size\">Una bella pista forestale, seguita da un tratto difficile, conduce alla cascata. Questo tratto difficile pu\u00f2 essere evitato proseguendo dritto sulla pista. La salita alle Super-Planches des Belles Filles \u00e8 impegnativa (7 km per 600 metri di dislivello con alcuni tratti molto ripidi). Il ritorno al parcheggio non presenta difficolt\u00e0.<\/p>\n\n\n\n<p class=\"has-medium-font-size\"><strong><strong>Collegamento a Openrunner, mappa interattiva, profilo, traccia gpx<\/strong><\/strong><span style=\"font-size: 20px; font-family: arial, helvetica, sans-serif;\">: <\/span>  <a href=\"https:\/\/www.openrunner.com\/route-details\/17034241\" target=\"_blank\" rel=\"noopener\" title=\"\">https:\/\/www.openrunner.com\/route-details\/17034241<\/a><\/p>\n\n\n\n<p class=\"has-medium-font-size\"><strong>Parole chiave<\/strong>: Plancher les mines, Belfahy, Haute Sa\u00f4ne, Planches des belles filles, Chevr\u00e8res<\/p>\n\n\n\n<p class=\"has-medium-font-size\">Questo itinerario \u00e8 fornito a titolo puramente informativo. L&#8217;autore non si assume alcuna responsabilit\u00e0, n\u00e9 quella del Club des Cent Cols, per le imponderabilit\u00e0 causate dal ciclista stesso, dall&#8217;equipaggiamento utilizzato o da qualsiasi cosa abbia a che fare con la strada, i suoi dintorni o gli altri utenti della strada.<\/p>\n\n\n\n<p class=\"has-medium-font-size\">Qui, una&nbsp;<a href=\"https:\/\/centcols.org\/backup\/it\/liste-parcours-cent-cols-sur-or-2\/\" target=\"_blank\" rel=\"noopener\" title=\"\">cronaca esaustiva dei percorsi dei membri<\/a>&nbsp;del Club des Cent Cols<\/p>\n\n\n\n<p class=\"has-medium-font-size\"><strong>Fotografie<\/strong><\/p>\n\n\n<div class=\"wp-block-image\">\n<figure class=\"aligncenter size-large\"><img loading=\"lazy\" decoding=\"async\" width=\"1200\" height=\"800\" src=\"https:\/\/centcols.org\/backup\/wp-content\/uploads\/2023\/06\/019-Au-niveau-de-la-station-il-ne-reste-quun-kilom_tre.-1200x800.jpg\" alt=\"\" class=\"wp-image-75151\" srcset=\"https:\/\/centcols.org\/backup\/wp-content\/uploads\/2023\/06\/019-Au-niveau-de-la-station-il-ne-reste-quun-kilom_tre.-1200x800.jpg 1200w, https:\/\/centcols.org\/backup\/wp-content\/uploads\/2023\/06\/019-Au-niveau-de-la-station-il-ne-reste-quun-kilom_tre.-500x333.jpg 500w, https:\/\/centcols.org\/backup\/wp-content\/uploads\/2023\/06\/019-Au-niveau-de-la-station-il-ne-reste-quun-kilom_tre.-768x512.jpg 768w, https:\/\/centcols.org\/backup\/wp-content\/uploads\/2023\/06\/019-Au-niveau-de-la-station-il-ne-reste-quun-kilom_tre.-600x400.jpg 600w, https:\/\/centcols.org\/backup\/wp-content\/uploads\/2023\/06\/019-Au-niveau-de-la-station-il-ne-reste-quun-kilom_tre..jpg 1433w\" sizes=\"(max-width: 1200px) 100vw, 1200px\" \/><figcaption class=\"wp-element-caption\"><strong>A livello della stazione non rimane che un km<\/strong><\/figcaption><\/figure><\/div>\n\n<div class=\"wp-block-image\">\n<figure class=\"aligncenter size-large\"><img loading=\"lazy\" decoding=\"async\" width=\"1200\" height=\"800\" src=\"https:\/\/centcols.org\/backup\/wp-content\/uploads\/2023\/06\/021-Depuis-la-Super-Planche.-Vue-sur-la-Trouee-de-Belfort-1200x800.jpg\" alt=\"\" class=\"wp-image-75157\" srcset=\"https:\/\/centcols.org\/backup\/wp-content\/uploads\/2023\/06\/021-Depuis-la-Super-Planche.-Vue-sur-la-Trouee-de-Belfort-1200x800.jpg 1200w, https:\/\/centcols.org\/backup\/wp-content\/uploads\/2023\/06\/021-Depuis-la-Super-Planche.-Vue-sur-la-Trouee-de-Belfort-500x333.jpg 500w, https:\/\/centcols.org\/backup\/wp-content\/uploads\/2023\/06\/021-Depuis-la-Super-Planche.-Vue-sur-la-Trouee-de-Belfort-768x512.jpg 768w, https:\/\/centcols.org\/backup\/wp-content\/uploads\/2023\/06\/021-Depuis-la-Super-Planche.-Vue-sur-la-Trouee-de-Belfort-600x400.jpg 600w, https:\/\/centcols.org\/backup\/wp-content\/uploads\/2023\/06\/021-Depuis-la-Super-Planche.-Vue-sur-la-Trouee-de-Belfort.jpg 1347w\" sizes=\"(max-width: 1200px) 100vw, 1200px\" \/><figcaption class=\"wp-element-caption\"><strong>Dalla Super Planche, la vista su la Trou\u00e9e de Belfort<\/strong><\/figcaption><\/figure><\/div>\n\n<div class=\"wp-block-image\">\n<figure class=\"aligncenter size-large\"><img loading=\"lazy\" decoding=\"async\" width=\"1200\" height=\"800\" src=\"https:\/\/centcols.org\/backup\/wp-content\/uploads\/2023\/06\/027-En-redescendant-de-la-Super-Planche.-1200x800.jpg\" alt=\"\" class=\"wp-image-75163\" srcset=\"https:\/\/centcols.org\/backup\/wp-content\/uploads\/2023\/06\/027-En-redescendant-de-la-Super-Planche.-1200x800.jpg 1200w, https:\/\/centcols.org\/backup\/wp-content\/uploads\/2023\/06\/027-En-redescendant-de-la-Super-Planche.-500x333.jpg 500w, https:\/\/centcols.org\/backup\/wp-content\/uploads\/2023\/06\/027-En-redescendant-de-la-Super-Planche.-768x512.jpg 768w, https:\/\/centcols.org\/backup\/wp-content\/uploads\/2023\/06\/027-En-redescendant-de-la-Super-Planche.-600x400.jpg 600w, https:\/\/centcols.org\/backup\/wp-content\/uploads\/2023\/06\/027-En-redescendant-de-la-Super-Planche..jpg 1347w\" sizes=\"(max-width: 1200px) 100vw, 1200px\" \/><figcaption class=\"wp-element-caption\"><strong>Scendendo dalla Super Planche<\/strong><\/figcaption><\/figure><\/div>\n\n<div class=\"wp-block-image\">\n<figure class=\"aligncenter size-large\"><img decoding=\"async\" src=\"https:\/\/centcols.org\/backup\/util\/geo\/visu\/FR\/img\/1383\/0304.jpg\" alt=\"\"\/><figcaption class=\"wp-element-caption\"><strong>Col de la Chevestraye<\/strong><\/figcaption><\/figure><\/div>\n\n<div class=\"wp-block-image\">\n<figure class=\"aligncenter size-large\"><img decoding=\"async\" src=\"https:\/\/centcols.org\/backup\/util\/geo\/visu\/FR\/img\/1383\/0807.jpg\" alt=\"\"\/><figcaption class=\"wp-element-caption\"><strong>Col des Chevr\u00e8res<\/strong><\/figcaption><\/figure><\/div>\n\n<div class=\"wp-block-image\">\n<figure class=\"aligncenter size-large\"><img decoding=\"async\" src=\"https:\/\/centcols.org\/backup\/util\/geo\/visu\/FR\/img\/1865\/4702.jpg\" alt=\"\"\/><figcaption class=\"wp-element-caption\"><strong>Col Sans Nom<\/strong><\/figcaption><\/figure><\/div>\n\n<div class=\"wp-block-image\">\n<figure class=\"aligncenter size-large\"><img decoding=\"async\" src=\"https:\/\/centcols.org\/backup\/util\/geo\/visu\/FR\/img\/1383\/0701.jpg\" alt=\"\"\/><figcaption class=\"wp-element-caption\"><strong>Col d&#8217;Auxelles<\/strong><\/figcaption><\/figure><\/div>\n\n<div class=\"wp-block-image\">\n<figure class=\"aligncenter size-large\"><img loading=\"lazy\" decoding=\"async\" width=\"1200\" height=\"800\" src=\"https:\/\/centcols.org\/backup\/wp-content\/uploads\/2023\/06\/030-Apr_s-le-col-dAuxelles-FR-70-0827.-1200x800.jpg\" alt=\"\" class=\"wp-image-75169\" srcset=\"https:\/\/centcols.org\/backup\/wp-content\/uploads\/2023\/06\/030-Apr_s-le-col-dAuxelles-FR-70-0827.-1200x800.jpg 1200w, https:\/\/centcols.org\/backup\/wp-content\/uploads\/2023\/06\/030-Apr_s-le-col-dAuxelles-FR-70-0827.-500x333.jpg 500w, https:\/\/centcols.org\/backup\/wp-content\/uploads\/2023\/06\/030-Apr_s-le-col-dAuxelles-FR-70-0827.-768x512.jpg 768w, https:\/\/centcols.org\/backup\/wp-content\/uploads\/2023\/06\/030-Apr_s-le-col-dAuxelles-FR-70-0827.-600x400.jpg 600w, https:\/\/centcols.org\/backup\/wp-content\/uploads\/2023\/06\/030-Apr_s-le-col-dAuxelles-FR-70-0827..jpg 1347w\" sizes=\"(max-width: 1200px) 100vw, 1200px\" \/><figcaption class=\"wp-element-caption\"><strong>Apr\u00e8s le col d&#8217;Auxelles<\/strong><\/figcaption><\/figure><\/div>","protected":false},"excerpt":{"rendered":"<p>Descrizione dell&#8217;autore Autore: Denis Mathieu Percorso fatto il 27\/05\/2023 Partenza: Parcheggio situato nel comune di Plancher les Mines, a l&#8217;impasse del canale (prendere rue du pont du Var a destra, il parcheggio si trova a sinistra dopo il piccolo ponte). Alt : 500 m Descrizione turistica Dopo il Col de la Chevestraye, si attraversa il [&hellip;]<\/p>\n","protected":false},"author":69,"featured_media":0,"comment_status":"closed","ping_status":"closed","sticky":false,"template":"","format":"standard","meta":{"_acf_changed":false,"ub_ctt_via":"","_monsterinsights_skip_tracking":false,"_monsterinsights_sitenote_active":false,"_monsterinsights_sitenote_note":"","_monsterinsights_sitenote_category":0,"footnotes":""},"categories":[606,609],"tags":[],"acf":[],"featured_image_urls":{"full":"","thumbnail":"","medium":"","medium_large":"","large":"","1536x1536":"","2048x2048":"","woocommerce_thumbnail":"","woocommerce_single":"","woocommerce_gallery_thumbnail":""},"post_excerpt_stackable":"<p>Descrizione dell&#8217;autore Autore: Denis Mathieu Percorso fatto il 27\/05\/2023 Partenza: Parcheggio situato nel comune di Plancher les Mines, a l&#8217;impasse del canale (prendere rue du pont du Var a destra, il parcheggio si trova a sinistra dopo il piccolo ponte). Alt : 500 m Descrizione turistica Dopo il Col de la Chevestraye, si attraversa il comune di BELFAHY. Il centro del paese si trova a 840 m ed \u00e8 il comune pi\u00f9 alto della Haute-Sa\u00f4ne e persino del Massiccio dei Vosgi. Al Col des Chevr\u00e8res, il sentiero conduce al nuovissimo Col Sans-Nom e alla cascata Goutte des Saules. Prima di&hellip;<\/p>\n","category_list":"<a href=\"https:\/\/centcols.org\/backup\/it\/categorie\/percorsi-dei-membri\/\" rel=\"category tag\">Percorsi dei membri<\/a>, <a href=\"https:\/\/centcols.org\/backup\/it\/categorie\/percorsi-dei-membri\/percorsi-francia\/\" rel=\"category tag\">Percorsi in Francia<\/a>","author_info":{"display_name":"Enrico Alberini","author_link":"https:\/\/centcols.org\/backup\/it\/author\/5065\/"},"comments_num":"0 commenti","featured_image_urls_v2":{"full":"","thumbnail":"","medium":"","medium_large":"","large":"","1536x1536":"","2048x2048":"","woocommerce_thumbnail":"","woocommerce_single":"","woocommerce_gallery_thumbnail":""},"post_excerpt_stackable_v2":"<p>Descrizione dell&#8217;autore Autore: Denis Mathieu Percorso fatto il 27\/05\/2023 Partenza: Parcheggio situato nel comune di Plancher les Mines, a l&#8217;impasse del canale (prendere rue du pont du Var a destra, il parcheggio si trova a sinistra dopo il piccolo ponte). Alt : 500 m Descrizione turistica Dopo il Col de la Chevestraye, si attraversa il comune di BELFAHY. Il centro del paese si trova a 840 m ed \u00e8 il comune pi\u00f9 alto della Haute-Sa\u00f4ne e persino del Massiccio dei Vosgi. Al Col des Chevr\u00e8res, il sentiero conduce al nuovissimo Col Sans-Nom e alla cascata Goutte des Saules. Prima di&hellip;<\/p>\n","category_list_v2":"<a href=\"https:\/\/centcols.org\/backup\/it\/categorie\/percorsi-dei-membri\/\" rel=\"category tag\">Percorsi dei membri<\/a>, <a href=\"https:\/\/centcols.org\/backup\/it\/categorie\/percorsi-dei-membri\/percorsi-francia\/\" rel=\"category tag\">Percorsi in Francia<\/a>","author_info_v2":{"name":"Enrico Alberini","url":"https:\/\/centcols.org\/backup\/it\/author\/5065\/"},"comments_num_v2":"0 commenti","featured_image_src":null,"_links":{"self":[{"href":"https:\/\/centcols.org\/backup\/it\/wp-json\/wp\/v2\/posts\/78262"}],"collection":[{"href":"https:\/\/centcols.org\/backup\/it\/wp-json\/wp\/v2\/posts"}],"about":[{"href":"https:\/\/centcols.org\/backup\/it\/wp-json\/wp\/v2\/types\/post"}],"author":[{"embeddable":true,"href":"https:\/\/centcols.org\/backup\/it\/wp-json\/wp\/v2\/users\/69"}],"replies":[{"embeddable":true,"href":"https:\/\/centcols.org\/backup\/it\/wp-json\/wp\/v2\/comments?post=78262"}],"version-history":[{"count":0,"href":"https:\/\/centcols.org\/backup\/it\/wp-json\/wp\/v2\/posts\/78262\/revisions"}],"wp:attachment":[{"href":"https:\/\/centcols.org\/backup\/it\/wp-json\/wp\/v2\/media?parent=78262"}],"wp:term":[{"taxonomy":"category","embeddable":true,"href":"https:\/\/centcols.org\/backup\/it\/wp-json\/wp\/v2\/categories?post=78262"},{"taxonomy":"post_tag","embeddable":true,"href":"https:\/\/centcols.org\/backup\/it\/wp-json\/wp\/v2\/tags?post=78262"}],"curies":[{"name":"wp","href":"https:\/\/api.w.org\/{rel}","templated":true}]}}