{"id":78300,"date":"2023-08-23T14:48:33","date_gmt":"2023-08-23T12:48:33","guid":{"rendered":"https:\/\/centcols.org\/backup\/plan-nicolas\/"},"modified":"2023-12-09T17:08:06","modified_gmt":"2023-12-09T16:08:06","slug":"plan-nicolas","status":"publish","type":"post","link":"https:\/\/centcols.org\/backup\/it\/plan-nicolas\/","title":{"rendered":"Il Collet du Plan Nicolas"},"content":{"rendered":"<div class=\"wp-block-image\">\n<figure class=\"aligncenter size-large\"><img loading=\"lazy\" decoding=\"async\" width=\"720\" height=\"604\" src=\"https:\/\/centcols.org\/backup\/wp-content\/uploads\/2023\/08\/Carte.jpg\" alt=\"\" class=\"wp-image-76043\" srcset=\"https:\/\/centcols.org\/backup\/wp-content\/uploads\/2023\/08\/Carte.jpg 720w, https:\/\/centcols.org\/backup\/wp-content\/uploads\/2023\/08\/Carte-500x419.jpg 500w, https:\/\/centcols.org\/backup\/wp-content\/uploads\/2023\/08\/Carte-600x503.jpg 600w\" sizes=\"(max-width: 720px) 100vw, 720px\" \/><\/figure><\/div>\n\n\n<h2 class=\"kt-adv-heading78300_579252-74 wp-block-kadence-advancedheading\" data-kb-block=\"kb-adv-heading78300_579252-74\">Toponomastica<\/h2>\n\n\n\n<p class=\"has-medium-font-size\">Il collet du Plan Nicolas (<a href=\"\/util\/geo\/visu.php?code=FR-73-2406\" target=\"_blank\" rel=\"noopener\" title=\"\">FR-73-2406<\/a>) da il nome ad una zona situata a nord-ovest del passo. (vedi la mappa qui sopra).<\/p>\n\n\n\n<p class=\"has-medium-font-size\">E&#8217; anche chiamato Col du Colomban Noir (Geo-alp)<\/p>\n\n\n\n<h2 class=\"kt-adv-heading78300_248d2e-15 wp-block-kadence-advancedheading\" data-kb-block=\"kb-adv-heading78300_248d2e-15\">Situazione geografica<\/h2>\n\n\n\n<h3 class=\"kt-adv-heading78300_283f22-98 wp-block-kadence-advancedheading\" data-kb-block=\"kb-adv-heading78300_283f22-98\">Massiccio<\/h3>\n\n\n\n<p class=\"has-medium-font-size\">Il Collet de Plan Nicolas si trova nel <strong><a href=\"https:\/\/fr.wikipedia.org\/wiki\/Massif_des_Arves\" target=\"_blank\" rel=\"noopener\" title=\"\">massif des Arves<\/a><\/strong>.<\/p>\n\n\n\n<p class=\"has-medium-font-size\">La cima del Colomban Noir (a circa 2500 m) \u00e8 sita immediatamente a nord del Collet.<\/p>\n\n\n\n<p class=\"has-medium-font-size\">Al di sotto del Colomban Noir la carte IGN (vedi qui sopra) indica, a nord-ovest una zona chiamata \u00ab&nbsp;Plan Nicolas&nbsp;\u00bb<\/p>\n\n\n\n<h3 class=\"wp-block-heading\">Idrografia<\/h3>\n\n\n\n<p class=\"has-medium-font-size\">Il passo separa la valle della Valloirette, sul lato nord del percorso del Galibier, dalla valle del torrente Lauzette, affluente della Valloirette sopra Bonnenuit.<\/p>\n\n\n\n<h3 class=\"wp-block-heading\">Accesso<\/h3>\n\n\n\n<p class=\"has-medium-font-size\">Il Collet du Plan Nicolas pu\u00f2 essere attraversato durante la salita al Galibier, 5 km dopo Plan Lachat e a 3 km dalla vetta.<\/p>\n\n\n\n<p class=\"has-medium-font-size\">&nbsp;<em>Il passo geografico \u00e8 posto a qualche metro, sull&#8217;argine, a destra della strada<\/em>.<\/p>\n\n\n<div class=\"wp-block-image\">\n<figure class=\"aligncenter size-large\"><img loading=\"lazy\" decoding=\"async\" width=\"789\" height=\"520\" src=\"https:\/\/centcols.org\/backup\/wp-content\/uploads\/2023\/08\/Carte2-1.png\" alt=\"\" class=\"wp-image-76049\" srcset=\"https:\/\/centcols.org\/backup\/wp-content\/uploads\/2023\/08\/Carte2-1.png 789w, https:\/\/centcols.org\/backup\/wp-content\/uploads\/2023\/08\/Carte2-1-500x330.png 500w, https:\/\/centcols.org\/backup\/wp-content\/uploads\/2023\/08\/Carte2-1-768x506.png 768w, https:\/\/centcols.org\/backup\/wp-content\/uploads\/2023\/08\/Carte2-1-600x395.png 600w\" sizes=\"(max-width: 789px) 100vw, 789px\" \/><\/figure><\/div>\n\n<div class=\"wp-block-image\">\n<figure class=\"aligncenter size-large is-resized\"><img loading=\"lazy\" decoding=\"async\" width=\"800\" height=\"600\" src=\"https:\/\/centcols.org\/backup\/wp-content\/uploads\/2023\/08\/Photo1.jpg\" alt=\"\" class=\"wp-image-76055\" style=\"width:956px;height:717px\" srcset=\"https:\/\/centcols.org\/backup\/wp-content\/uploads\/2023\/08\/Photo1.jpg 800w, https:\/\/centcols.org\/backup\/wp-content\/uploads\/2023\/08\/Photo1-500x375.jpg 500w, https:\/\/centcols.org\/backup\/wp-content\/uploads\/2023\/08\/Photo1-768x576.jpg 768w, https:\/\/centcols.org\/backup\/wp-content\/uploads\/2023\/08\/Photo1-600x450.jpg 600w\" sizes=\"(max-width: 800px) 100vw, 800px\" \/><figcaption class=\"wp-element-caption\"><strong>Il Collet du Plan Nicolas dalla strada del Galibier (foto\u00a0: visualiseur des cols \u2013 Club des Cent Cols)<\/strong><\/figcaption><\/figure><\/div>\n\n<div class=\"wp-block-image\">\n<figure class=\"aligncenter size-large is-resized\"><img loading=\"lazy\" decoding=\"async\" width=\"800\" height=\"600\" src=\"https:\/\/centcols.org\/backup\/wp-content\/uploads\/2023\/08\/Photo2.jpg\" alt=\"\" class=\"wp-image-76061\" style=\"width:958px;height:719px\" srcset=\"https:\/\/centcols.org\/backup\/wp-content\/uploads\/2023\/08\/Photo2.jpg 800w, https:\/\/centcols.org\/backup\/wp-content\/uploads\/2023\/08\/Photo2-500x375.jpg 500w, https:\/\/centcols.org\/backup\/wp-content\/uploads\/2023\/08\/Photo2-768x576.jpg 768w, https:\/\/centcols.org\/backup\/wp-content\/uploads\/2023\/08\/Photo2-600x450.jpg 600w\" sizes=\"(max-width: 800px) 100vw, 800px\" \/><figcaption class=\"wp-element-caption\"><strong>Dal Collet du Plan Nicolas in direczione est <em>(source\u00a0: site de Patrick Schleppi)<br><\/em>La strada del Galibier<\/strong> <strong>a destra<\/strong><\/figcaption><\/figure><\/div>\n\n\n<h2 class=\"wp-block-heading\">Da vedere &#8211; turismo&nbsp;<\/h2>\n\n\n\n<div class=\"wp-block-columns is-layout-flex wp-container-core-columns-is-layout-1 wp-block-columns-is-layout-flex\">\n<div class=\"wp-block-column is-layout-flow wp-block-column-is-layout-flow\" style=\"flex-basis:50%\">\n<p><span style=\"font-size: 20px;\">A Les Granges du Galibier (altitudine 2300 m), sulla destra salendo, a 1,6 km in discesa da Le Collet, si trova:<\/span><\/p>\n<ul>\n<li><span style=\"font-size: 20px;\">La Fromagerie Coop\u00e9rative de la Vall\u00e9e des Arves (aperta da met\u00e0 giugno a met\u00e0 settembre). Il Beaufort \u00e8 buono!<\/span><\/li>\n<li><span style=\"font-size: 20px;\">Una stele &#8220;Pantani Forever&#8221; in omaggio allo scalatore italiano Marco Pantani (morto nel 2004). \u00c8 stata inaugurata nel giugno 2011 nel punto esatto in cui il 27 luglio 1998 Pantani attacc\u00f2 al Tour de France battendo Jan Ulrich di quasi 9 minuti.<\/span><\/li>\n<\/ul>\n<\/div>\n\n\n\n<div class=\"wp-block-column is-layout-flow wp-block-column-is-layout-flow\" style=\"flex-basis:50%\"><div class=\"wp-block-image\">\n<figure class=\"alignright size-large\"><img loading=\"lazy\" decoding=\"async\" width=\"1200\" height=\"930\" src=\"https:\/\/centcols.org\/backup\/wp-content\/uploads\/2023\/08\/Valloire_Stele_Marco_Pantani-1200x930.jpg\" alt=\"\" class=\"wp-image-76079\" srcset=\"https:\/\/centcols.org\/backup\/wp-content\/uploads\/2023\/08\/Valloire_Stele_Marco_Pantani-1200x930.jpg 1200w, https:\/\/centcols.org\/backup\/wp-content\/uploads\/2023\/08\/Valloire_Stele_Marco_Pantani-500x387.jpg 500w, https:\/\/centcols.org\/backup\/wp-content\/uploads\/2023\/08\/Valloire_Stele_Marco_Pantani-768x595.jpg 768w, https:\/\/centcols.org\/backup\/wp-content\/uploads\/2023\/08\/Valloire_Stele_Marco_Pantani-1536x1190.jpg 1536w, https:\/\/centcols.org\/backup\/wp-content\/uploads\/2023\/08\/Valloire_Stele_Marco_Pantani-2048x1587.jpg 2048w, https:\/\/centcols.org\/backup\/wp-content\/uploads\/2023\/08\/Valloire_Stele_Marco_Pantani-600x465.jpg 600w\" sizes=\"(max-width: 1200px) 100vw, 1200px\" \/><\/figure><\/div><\/div>\n<\/div>\n\n\n\n<h2 class=\"wp-block-heading\">Ciclismo e cicloturismo<\/h2>\n\n\n\n<p class=\"has-medium-font-size\">Va da s\u00e9 che ogni volta che una gara \u00e8 passata sul Col du Galibier, \u00e8 passata sul Collet du Plan Nicolas.<\/p>\n\n\n<div class=\"wp-block-image\">\n<figure class=\"aligncenter size-large is-resized\"><img loading=\"lazy\" decoding=\"async\" width=\"1200\" height=\"900\" src=\"https:\/\/centcols.org\/backup\/wp-content\/uploads\/2023\/08\/Photo3-1200x900.jpg\" alt=\"\" class=\"wp-image-76067\" style=\"width:969px;height:727px\" srcset=\"https:\/\/centcols.org\/backup\/wp-content\/uploads\/2023\/08\/Photo3-1200x900.jpg 1200w, https:\/\/centcols.org\/backup\/wp-content\/uploads\/2023\/08\/Photo3-500x375.jpg 500w, https:\/\/centcols.org\/backup\/wp-content\/uploads\/2023\/08\/Photo3-768x576.jpg 768w, https:\/\/centcols.org\/backup\/wp-content\/uploads\/2023\/08\/Photo3-1536x1152.jpg 1536w, https:\/\/centcols.org\/backup\/wp-content\/uploads\/2023\/08\/Photo3-2048x1536.jpg 2048w, https:\/\/centcols.org\/backup\/wp-content\/uploads\/2023\/08\/Photo3-600x450.jpg 600w\" sizes=\"(max-width: 1200px) 100vw, 1200px\" \/><\/figure><\/div>\n\n\n<p class=\"has-medium-font-size\">Il 24 luglio 2013 ho avuto il piacere di accompagnare nella salita del Galibier i tre presidenti del Club des Cents cols, riuniti qui al Collet de Plan Nicolas per l&#8217;80\u00b0 compleanno di Henri Dusseau. Da sinistra a destra:<\/p>\n\n\n\n<ul>\n<li><span style=\"font-size: 20px; font-family: arial, helvetica, sans-serif;\">R\u00e9gis Paraz (presidente in carica nel 2013),<\/span><\/li>\n<li><span style=\"font-size: 20px; font-family: arial, helvetica, sans-serif;\">Henri Dusseau (presidente Honoris Causa)<\/span><\/li>\n<li><span style=\"font-size: 20px; font-family: arial, helvetica, sans-serif;\">Jean Perdoux (presidente fondatore club des Cent Cols).<\/span><\/li>\n<\/ul>\n\n\n\n<h3 class=\"wp-block-heading\">Profilo<\/h3>\n\n\n<div class=\"wp-block-image\">\n<figure class=\"aligncenter size-large is-resized\"><img loading=\"lazy\" decoding=\"async\" width=\"384\" height=\"768\" src=\"https:\/\/centcols.org\/backup\/wp-content\/uploads\/2023\/08\/Photo4.jpg\" alt=\"\" class=\"wp-image-76073\" style=\"width:481px;height:962px\" srcset=\"https:\/\/centcols.org\/backup\/wp-content\/uploads\/2023\/08\/Photo4.jpg 384w, https:\/\/centcols.org\/backup\/wp-content\/uploads\/2023\/08\/Photo4-250x500.jpg 250w\" sizes=\"(max-width: 384px) 100vw, 384px\" \/><\/figure><\/div>\n\n\n<p><\/p>\n\n\n\n<p><\/p>\n\n\n\n<p class=\"has-text-align-right\"><em><em>Un articolo di G\u00e9rard Galland <\/em><\/em><\/p>\n","protected":false},"excerpt":{"rendered":"<p>Il collet du Plan Nicolas (FR-73-2406) da il nome ad una zona situata a nord-ovest del passo. (vedi la mappa qui sopra). E&#8217; anche chiamato Col du Colomban Noir (Geo-alp) Il Collet de Plan Nicolas si trova nel massif des Arves. La cima del Colomban Noir (a circa 2500 m) \u00e8 sita immediatamente a nord [&hellip;]<\/p>\n","protected":false},"author":69,"featured_media":0,"comment_status":"closed","ping_status":"closed","sticky":false,"template":"","format":"standard","meta":{"_acf_changed":false,"ub_ctt_via":"","_monsterinsights_skip_tracking":false,"_monsterinsights_sitenote_active":false,"_monsterinsights_sitenote_note":"","_monsterinsights_sitenote_category":0,"footnotes":""},"categories":[628],"tags":[],"acf":[],"featured_image_urls":{"full":"","thumbnail":"","medium":"","medium_large":"","large":"","1536x1536":"","2048x2048":"","woocommerce_thumbnail":"","woocommerce_single":"","woocommerce_gallery_thumbnail":""},"post_excerpt_stackable":"<p>Toponomastica Il collet du Plan Nicolas (FR-73-2406) da il nome ad una zona situata a nord-ovest del passo. (vedi la mappa qui sopra). E&#8217; anche chiamato Col du Colomban Noir (Geo-alp) Situazione geografica Massiccio Il Collet de Plan Nicolas si trova nel massif des Arves. La cima del Colomban Noir (a circa 2500 m) \u00e8 sita immediatamente a nord del Collet. Al di sotto del Colomban Noir la carte IGN (vedi qui sopra) indica, a nord-ovest una zona chiamata \u00ab&nbsp;Plan Nicolas&nbsp;\u00bb Idrografia Il passo separa la valle della Valloirette, sul lato nord del percorso del Galibier, dalla valle del torrente&hellip;<\/p>\n","category_list":"<a href=\"https:\/\/centcols.org\/backup\/it\/categorie\/passi-alla-rinfusa\/\" rel=\"category tag\">Passi alla rinfusa<\/a>","author_info":{"display_name":"Enrico Alberini","author_link":"https:\/\/centcols.org\/backup\/it\/author\/5065\/"},"comments_num":"0 commenti","featured_image_urls_v2":{"full":"","thumbnail":"","medium":"","medium_large":"","large":"","1536x1536":"","2048x2048":"","woocommerce_thumbnail":"","woocommerce_single":"","woocommerce_gallery_thumbnail":""},"post_excerpt_stackable_v2":"<p>Toponomastica Il collet du Plan Nicolas (FR-73-2406) da il nome ad una zona situata a nord-ovest del passo. (vedi la mappa qui sopra). E&#8217; anche chiamato Col du Colomban Noir (Geo-alp) Situazione geografica Massiccio Il Collet de Plan Nicolas si trova nel massif des Arves. La cima del Colomban Noir (a circa 2500 m) \u00e8 sita immediatamente a nord del Collet. Al di sotto del Colomban Noir la carte IGN (vedi qui sopra) indica, a nord-ovest una zona chiamata \u00ab&nbsp;Plan Nicolas&nbsp;\u00bb Idrografia Il passo separa la valle della Valloirette, sul lato nord del percorso del Galibier, dalla valle del torrente&hellip;<\/p>\n","category_list_v2":"<a href=\"https:\/\/centcols.org\/backup\/it\/categorie\/passi-alla-rinfusa\/\" rel=\"category tag\">Passi alla rinfusa<\/a>","author_info_v2":{"name":"Enrico Alberini","url":"https:\/\/centcols.org\/backup\/it\/author\/5065\/"},"comments_num_v2":"0 commenti","featured_image_src":null,"_links":{"self":[{"href":"https:\/\/centcols.org\/backup\/it\/wp-json\/wp\/v2\/posts\/78300"}],"collection":[{"href":"https:\/\/centcols.org\/backup\/it\/wp-json\/wp\/v2\/posts"}],"about":[{"href":"https:\/\/centcols.org\/backup\/it\/wp-json\/wp\/v2\/types\/post"}],"author":[{"embeddable":true,"href":"https:\/\/centcols.org\/backup\/it\/wp-json\/wp\/v2\/users\/69"}],"replies":[{"embeddable":true,"href":"https:\/\/centcols.org\/backup\/it\/wp-json\/wp\/v2\/comments?post=78300"}],"version-history":[{"count":0,"href":"https:\/\/centcols.org\/backup\/it\/wp-json\/wp\/v2\/posts\/78300\/revisions"}],"wp:attachment":[{"href":"https:\/\/centcols.org\/backup\/it\/wp-json\/wp\/v2\/media?parent=78300"}],"wp:term":[{"taxonomy":"category","embeddable":true,"href":"https:\/\/centcols.org\/backup\/it\/wp-json\/wp\/v2\/categories?post=78300"},{"taxonomy":"post_tag","embeddable":true,"href":"https:\/\/centcols.org\/backup\/it\/wp-json\/wp\/v2\/tags?post=78300"}],"curies":[{"name":"wp","href":"https:\/\/api.w.org\/{rel}","templated":true}]}}