{"id":78302,"date":"2023-08-20T14:49:03","date_gmt":"2023-08-20T12:49:03","guid":{"rendered":"https:\/\/centcols.org\/backup\/mollard-fr\/"},"modified":"2023-12-09T17:48:37","modified_gmt":"2023-12-09T16:48:37","slug":"mollard-fr","status":"publish","type":"post","link":"https:\/\/centcols.org\/backup\/it\/mollard-fr\/","title":{"rendered":"Il col du Mollard"},"content":{"rendered":"\n<h2 class=\"kt-adv-heading78302_8648d3-b5 wp-block-kadence-advancedheading\" data-kb-block=\"kb-adv-heading78302_8648d3-b5\">Toponomastica<\/h2>\n\n\n\n<p class=\"has-medium-font-size\">Il col du Mollard <a href=\"https:\/\/centcols.org\/backup\/util\/geo\/visu.php?code=FR-73-1638\" target=\"_blank\" rel=\"noopener\" title=\"\">FR-73-1638<\/a> ha un toponimo che s&#8217;incontra regolarmente nelle Alpi<\/p>\n\n\n<div class=\"wp-block-image is-resized\">\n<figure class=\"aligncenter size-large\"><img loading=\"lazy\" decoding=\"async\" width=\"1200\" height=\"900\" src=\"https:\/\/centcols.org\/backup\/wp-content\/uploads\/2023\/08\/BRA-1200x900.jpg\" alt=\"\" class=\"wp-image-75986\" srcset=\"https:\/\/centcols.org\/backup\/wp-content\/uploads\/2023\/08\/BRA-1200x900.jpg 1200w, https:\/\/centcols.org\/backup\/wp-content\/uploads\/2023\/08\/BRA-500x375.jpg 500w, https:\/\/centcols.org\/backup\/wp-content\/uploads\/2023\/08\/BRA-768x576.jpg 768w, https:\/\/centcols.org\/backup\/wp-content\/uploads\/2023\/08\/BRA-1536x1152.jpg 1536w, https:\/\/centcols.org\/backup\/wp-content\/uploads\/2023\/08\/BRA-2048x1536.jpg 2048w, https:\/\/centcols.org\/backup\/wp-content\/uploads\/2023\/08\/BRA-600x450.jpg 600w\" sizes=\"(max-width: 1200px) 100vw, 1200px\" \/><\/figure><\/div>\n\n\n<p class=\"has-medium-font-size\"> nome di&nbsp;<em>Mollard<\/em>, nella antica scritta &nbsp;<em>molar<\/em>&nbsp;o&nbsp;<em>molard<\/em>, si incontra regolarmente nelle Alpi.<\/p>\n\n\n\n<p class=\"has-medium-font-size\">Il toponimo proviene dal latino <em>molarum<\/em>&nbsp;che designa un borgo situato \u00ab su un mamelucco &#8211; una cima arrotondata di una collina\/montagna &#8211; o un piccolo altopiano \u00bb.<\/p>\n\n\n\n<p class=\"has-medium-font-size\"><em>Da notare: ci sono due cols du Mollard in Savoia, l&#8217;altro: (<u><a href=\"https:\/\/centcols.org\/backup\/util\/geo\/visu.php?code=FR-73-1320b\">FR-73-1320b<\/a><\/u>), quotato R1, \u00e8 situato nel nord del massiccio della Chartreuse (sul GR9).<\/em><\/p>\n\n\n\n<h2 class=\"wp-block-heading\">Situazione geografica<\/h2>\n\n\n\n<h3 class=\"wp-block-heading\">Massiccio<\/h3>\n\n\n\n<p class=\"has-medium-font-size\">Il&nbsp;col du Mollard \u00e8 situato nel <strong>massiccio des Arves<\/strong><\/p>\n\n\n<div class=\"wp-block-image is-resized\">\n<figure class=\"aligncenter size-large\"><img loading=\"lazy\" decoding=\"async\" width=\"1200\" height=\"327\" src=\"https:\/\/centcols.org\/backup\/wp-content\/uploads\/2023\/08\/Arves-1200x327.jpg\" alt=\"\" class=\"wp-image-75980\" srcset=\"https:\/\/centcols.org\/backup\/wp-content\/uploads\/2023\/08\/Arves-1200x327.jpg 1200w, https:\/\/centcols.org\/backup\/wp-content\/uploads\/2023\/08\/Arves-500x136.jpg 500w, https:\/\/centcols.org\/backup\/wp-content\/uploads\/2023\/08\/Arves-768x209.jpg 768w, https:\/\/centcols.org\/backup\/wp-content\/uploads\/2023\/08\/Arves-600x164.jpg 600w, https:\/\/centcols.org\/backup\/wp-content\/uploads\/2023\/08\/Arves.jpg 1280w\" sizes=\"(max-width: 1200px) 100vw, 1200px\" \/><figcaption class=\"wp-element-caption\">Vista sulle Aiguilles d&#8217;Arves dal Col du Mollard (foto alpes4ever)<\/figcaption><\/figure><\/div>\n\n\n<h3 class=\"kt-adv-heading78302_d5f6fc-5e wp-block-kadence-advancedheading\" data-kb-block=\"kb-adv-heading78302_d5f6fc-5e\">Geologia<\/h3>\n\n\n\n<p class=\"has-medium-font-size\">Il Col du Mollard si trova ai margini del Plateau d&#8217;Albiez, che degrada approssimativamente da sud a nord. Offre un&#8217;ampia zona pianeggiante, insolita da queste parti. Ha origine da una combe scavata da strati marnosi orizzontali non piegati. Questa conca \u00e8 stata allargata dal ghiacciaio delle Aiguilles d&#8217;Arves nella sua discesa verso nord e poi riempita da alluvioni glaciali.<\/p>\n\n\n<div class=\"wp-block-image\">\n<figure class=\"aligncenter size-large\"><img loading=\"lazy\" decoding=\"async\" width=\"680\" height=\"448\" src=\"https:\/\/centcols.org\/backup\/wp-content\/uploads\/2023\/08\/Massif.jpg\" alt=\"\" class=\"wp-image-76004\" srcset=\"https:\/\/centcols.org\/backup\/wp-content\/uploads\/2023\/08\/Massif.jpg 680w, https:\/\/centcols.org\/backup\/wp-content\/uploads\/2023\/08\/Massif-500x329.jpg 500w, https:\/\/centcols.org\/backup\/wp-content\/uploads\/2023\/08\/Massif-600x395.jpg 600w\" sizes=\"(max-width: 680px) 100vw, 680px\" \/><\/figure><\/div>\n\n\n<p class=\"has-medium-font-size\">A ovest, il Mont Charvin attira l&#8217;attenzione con l&#8217;ampia fenditura della Combe G\u00e9nin, scavata negli strati di gesso, che rivela un erpice di punte affusolate di cargneule, un calcare molto pi\u00f9 difficile da erodere. &nbsp;<\/p>\n\n\n<div class=\"wp-block-image\">\n<figure class=\"aligncenter size-large\"><img loading=\"lazy\" decoding=\"async\" width=\"420\" height=\"281\" src=\"https:\/\/centcols.org\/backup\/wp-content\/uploads\/2023\/08\/pointes.jpg\" alt=\"\" class=\"wp-image-76010\"\/><figcaption class=\"wp-element-caption\">2 photos tir\u00e9es de <a href=\"http:\/\/www.geol-alp.com\/h_maurienne\/_lieux_maurienne_Sud\/Mt_Charvin.html\">http:\/\/www.geol-alp.com\/h_maurienne\/_lieux_maurienne_Sud\/Mt_Charvin.html<\/a><\/figcaption><\/figure><\/div>\n\n\n<h3 class=\"wp-block-heading\">Idrografia<\/h3>\n\n\n\n<p class=\"has-medium-font-size\">A nord, tra Albiez le Vieux e Albiez le Jeune, scorre il Torrent du Merderel.<\/p>\n\n\n\n<p class=\"has-medium-font-size\">A sud, le acque scorrono verso il Rieu Gilbert.<\/p>\n\n\n\n<p class=\"has-medium-font-size\">Questi due torrenti sono affluenti dell&#8217;Arvan (affluente dell&#8217;Arc).<\/p>\n\n\n\n<h3 class=\"wp-block-heading\">Situazione amministrativa<\/h3>\n\n\n\n<p class=\"has-medium-font-size\">Il Col du Mollard &nbsp;\u00e8 situato nel comune d\u2019Albiez-Montrond (Savoia),<\/p>\n\n\n\n<h3 class=\"wp-block-heading\">Accesso e passi vicini<\/h3>\n\n\n<div class=\"wp-block-image is-resized\">\n<figure class=\"aligncenter size-large\"><img loading=\"lazy\" decoding=\"async\" width=\"997\" height=\"756\" src=\"https:\/\/centcols.org\/backup\/wp-content\/uploads\/2023\/08\/carte.png\" alt=\"\" class=\"wp-image-75992\" srcset=\"https:\/\/centcols.org\/backup\/wp-content\/uploads\/2023\/08\/carte.png 997w, https:\/\/centcols.org\/backup\/wp-content\/uploads\/2023\/08\/carte-500x379.png 500w, https:\/\/centcols.org\/backup\/wp-content\/uploads\/2023\/08\/carte-768x582.png 768w, https:\/\/centcols.org\/backup\/wp-content\/uploads\/2023\/08\/carte-600x455.png 600w\" sizes=\"(max-width: 997px) 100vw, 997px\" \/><\/figure><\/div>\n\n\n<p class=\"has-medium-font-size\"><strong>A sud<\/strong> la D80 si unisce alla route de la Croix de Fer &#8211; D526 (Saint Jean de Maurienne &#8211; Saint Sorlin d&#8217;Arves) al ponte di Belleville (1228 m).<\/p>\n\n\n\n<p class=\"has-medium-font-size\"><strong>A nord<\/strong> la D80, passa Albiez-le-Vieux e dopo Albiez-le-Jeune imbocca i tornanti di Villargondran per unirsi alla Maurienne.<\/p>\n\n\n\n<p class=\"has-medium-font-size\">Dopo Albiez-le-Vieux, la D110 conduce alla valle dell&#8217;Arvan e a Saint Jean de Maurienne passando per G\u00e9voudaz. Questo percorso \u00e8 stato utilizzato per la prima volta dalla BRA nel 1979,nel senso della salita (St Jean de Maurienne &#8211; G\u00e9voudaz -Albiez).<\/p>\n\n\n\n<p class=\"has-medium-font-size\">Questo percorso attraversa due passi elencati nel catalogo del Club des Cent Cols:<\/p>\n\n\n\n<p class=\"has-medium-font-size\"><strong>La Cochette<\/strong>&nbsp;(<strong><u><a href=\"http:\/\/centcols.org\/backup\/util\/geo\/visuFR.php?code=FR-73-1355\" target=\"_blank\" rel=\"noopener\" title=\"\">FR-73-1355<\/a>)<\/u><\/strong>&nbsp; e&nbsp; &nbsp;<strong>Il Collet<\/strong>&nbsp;<strong><u>(<a href=\"http:\/\/centcols.org\/backup\/util\/geo\/visuFR.php?code=FR-73-1150\" target=\"_blank\" rel=\"noopener\" title=\"\">FR-73-1150<\/a>)<br><\/u><\/strong><em>Per i \u00ab&nbsp;puristi \u00bb da notare che \u2013 anche se \u00e8 marcato sulla D110 nel catalogo del CCC \u2013 La Cochette \u00e8 leggermente a nord della D110, al centro del borgo omonimo (vedi CCWay \u2013 Google Earth).<\/em><\/p>\n\n\n<div class=\"wp-block-image\">\n<figure class=\"aligncenter size-large\"><img loading=\"lazy\" decoding=\"async\" width=\"1017\" height=\"557\" src=\"https:\/\/centcols.org\/backup\/wp-content\/uploads\/2023\/08\/carte2.png\" alt=\"\" class=\"wp-image-75998\" srcset=\"https:\/\/centcols.org\/backup\/wp-content\/uploads\/2023\/08\/carte2.png 1017w, https:\/\/centcols.org\/backup\/wp-content\/uploads\/2023\/08\/carte2-500x274.png 500w, https:\/\/centcols.org\/backup\/wp-content\/uploads\/2023\/08\/carte2-768x421.png 768w, https:\/\/centcols.org\/backup\/wp-content\/uploads\/2023\/08\/carte2-600x329.png 600w\" sizes=\"(max-width: 1017px) 100vw, 1017px\" \/><\/figure><\/div>\n\n\n<div class=\"wp-block-columns are-vertically-aligned-center is-layout-flex wp-container-core-columns-is-layout-1 wp-block-columns-is-layout-flex\">\n<div class=\"wp-block-column is-vertically-aligned-center is-layout-flow wp-block-column-is-layout-flow\"><\/div>\n\n\n\n<div class=\"wp-block-column is-vertically-aligned-center is-layout-flow wp-block-column-is-layout-flow\"><\/div>\n<\/div>\n\n\n\n<h2 class=\"wp-block-heading\">Da vedere &#8211; turismo&nbsp;&#8211; storia<\/h2>\n\n\n\n<ul>\n<li><span style=\"font-size: 20px; font-family: arial, helvetica, sans-serif;\">A <strong>Albiez-Montrond<\/strong> (Chemin de l\u2019Adret, le Mollard): Ecomuseo il tempo d&#8217;Antan.<\/span><\/li>\n<li><span style=\"font-size: 20px; font-family: arial, helvetica, sans-serif;\">Il coltello Opinel \u00e8 stato inventato da Joseph Opinel (1872-1960) nel 1890, quando aveva 18 anni, a <strong>Gevoudaz,<\/strong> frazione d\u2019Albiez-le-Vieux.<\/span><\/li>\n<\/ul>\n\n\n\n<div class=\"wp-block-columns is-layout-flex wp-container-core-columns-is-layout-2 wp-block-columns-is-layout-flex\"><\/div>\n\n\n\n<h2 class=\"wp-block-heading\">Ciclismo e cicloturismo<\/h2>\n\n\n\n<h3 class=\"wp-block-heading\">Tour de France&nbsp;<\/h3>\n\n\n\n<p class=\"has-medium-font-size\">Il Col du Mollard \u00e8 stato attraversato per la prima volta dai corridori del Tour de France nella 16\u00aa tappa del 2006.&nbsp;<\/p>\n\n\n\n<h3 class=\"wp-block-heading\">BRA<\/h3>\n\n\n\n<p class=\"has-medium-font-size\">Questo passo \u00e8 stato scalato dai partecipanti alla BRA per la prima volta nel 1979 in direzione Maurienne &#8211; Col du Mollard.<\/p>\n\n\n\n<p class=\"has-medium-font-size\">Era un&#8217;opzione nel 2017, non era nel programma del 2019 ed \u00e8 stato incluso in tutte le opzioni nel 2023 (dopo la Croix de Fer, dal Pont de Belleville).<\/p>\n\n\n\n<h3 class=\"wp-block-heading\">Profilo<\/h3>\n\n\n\n<p class=\"has-medium-font-size\">Si trovano numerosi profili su internet. <a href=\"https:\/\/www.cols-cyclisme.com\/arves-et-grandes-rousses\/france\/col-du-mollard-depuis-saint-jean-de-maurienne-c2212.htm\" target=\"_blank\" rel=\"noopener\" title=\"\">Secondo Cols-Cyclisme.com<\/a> :<\/p>\n\n\n<div class=\"wp-block-image\">\n<figure class=\"aligncenter size-large\"><img loading=\"lazy\" decoding=\"async\" width=\"901\" height=\"539\" src=\"https:\/\/centcols.org\/backup\/wp-content\/uploads\/2023\/08\/profil3-1.png\" alt=\"\" class=\"wp-image-76034\" srcset=\"https:\/\/centcols.org\/backup\/wp-content\/uploads\/2023\/08\/profil3-1.png 901w, https:\/\/centcols.org\/backup\/wp-content\/uploads\/2023\/08\/profil3-1-500x299.png 500w, https:\/\/centcols.org\/backup\/wp-content\/uploads\/2023\/08\/profil3-1-768x459.png 768w, https:\/\/centcols.org\/backup\/wp-content\/uploads\/2023\/08\/profil3-1-600x359.png 600w\" sizes=\"(max-width: 901px) 100vw, 901px\" \/><figcaption class=\"wp-element-caption\">Dal ponte Pont de Belleville (6 km, D+ 413 m)<\/figcaption><\/figure><\/div>\n\n<div class=\"wp-block-image\">\n<figure class=\"aligncenter size-large\"><img loading=\"lazy\" decoding=\"async\" width=\"1014\" height=\"600\" src=\"https:\/\/centcols.org\/backup\/wp-content\/uploads\/2023\/08\/Profil2.png\" alt=\"\" class=\"wp-image-76022\" srcset=\"https:\/\/centcols.org\/backup\/wp-content\/uploads\/2023\/08\/Profil2.png 1014w, https:\/\/centcols.org\/backup\/wp-content\/uploads\/2023\/08\/Profil2-500x296.png 500w, https:\/\/centcols.org\/backup\/wp-content\/uploads\/2023\/08\/Profil2-768x454.png 768w, https:\/\/centcols.org\/backup\/wp-content\/uploads\/2023\/08\/Profil2-600x355.png 600w\" sizes=\"(max-width: 1014px) 100vw, 1014px\" \/><figcaption class=\"wp-element-caption\">Per i tornanti di Villardgondran (17 km, D+&nbsp;: 1038 m)<\/figcaption><\/figure><\/div>\n\n<div class=\"wp-block-image\">\n<figure class=\"aligncenter size-large\"><img loading=\"lazy\" decoding=\"async\" width=\"1200\" height=\"600\" src=\"https:\/\/centcols.org\/backup\/wp-content\/uploads\/2023\/08\/Profil1-1200x600.png\" alt=\"\" class=\"wp-image-76016\" srcset=\"https:\/\/centcols.org\/backup\/wp-content\/uploads\/2023\/08\/Profil1-1200x600.png 1200w, https:\/\/centcols.org\/backup\/wp-content\/uploads\/2023\/08\/Profil1-500x250.png 500w, https:\/\/centcols.org\/backup\/wp-content\/uploads\/2023\/08\/Profil1-768x384.png 768w, https:\/\/centcols.org\/backup\/wp-content\/uploads\/2023\/08\/Profil1-1536x768.png 1536w, https:\/\/centcols.org\/backup\/wp-content\/uploads\/2023\/08\/Profil1-600x300.png 600w, https:\/\/centcols.org\/backup\/wp-content\/uploads\/2023\/08\/Profil1.png 1600w\" sizes=\"(max-width: 1200px) 100vw, 1200px\" \/><figcaption class=\"wp-element-caption\">Dalla Maurienne oer il Collet e la Cochette (16,9 km, D+&nbsp;: 1038 m)<\/figcaption><\/figure><\/div>\n\n\n<p class=\"has-text-align-right\"><em>Un articolo di G\u00e9rard Galland <br>con la contribuzione di Jules Arnaud e di <\/em><br><em>Bernard Giraudeau (per la parte geologica)<\/em><\/p>\n","protected":false},"excerpt":{"rendered":"<p>Il col du Mollard FR-73-1638 ha un toponimo che s&#8217;incontra regolarmente nelle Alpi nome di&nbsp;Mollard, nella antica scritta &nbsp;molar&nbsp;o&nbsp;molard, si incontra regolarmente nelle Alpi. Il toponimo proviene dal latino molarum&nbsp;che designa un borgo situato \u00ab su un mamelucco &#8211; una cima arrotondata di una collina\/montagna &#8211; o un piccolo altopiano \u00bb. Da notare: ci sono [&hellip;]<\/p>\n","protected":false},"author":69,"featured_media":0,"comment_status":"closed","ping_status":"closed","sticky":false,"template":"","format":"standard","meta":{"_acf_changed":false,"ub_ctt_via":"","_monsterinsights_skip_tracking":false,"_monsterinsights_sitenote_active":false,"_monsterinsights_sitenote_note":"","_monsterinsights_sitenote_category":0,"footnotes":""},"categories":[628],"tags":[],"acf":[],"featured_image_urls":{"full":"","thumbnail":"","medium":"","medium_large":"","large":"","1536x1536":"","2048x2048":"","woocommerce_thumbnail":"","woocommerce_single":"","woocommerce_gallery_thumbnail":""},"post_excerpt_stackable":"<p>Toponomastica Il col du Mollard FR-73-1638 ha un toponimo che s&#8217;incontra regolarmente nelle Alpi nome di&nbsp;Mollard, nella antica scritta &nbsp;molar&nbsp;o&nbsp;molard, si incontra regolarmente nelle Alpi. Il toponimo proviene dal latino molarum&nbsp;che designa un borgo situato \u00ab su un mamelucco &#8211; una cima arrotondata di una collina\/montagna &#8211; o un piccolo altopiano \u00bb. Da notare: ci sono due cols du Mollard in Savoia, l&#8217;altro: (FR-73-1320b), quotato R1, \u00e8 situato nel nord del massiccio della Chartreuse (sul GR9). Situazione geografica Massiccio Il&nbsp;col du Mollard \u00e8 situato nel massiccio des Arves Vista sulle Aiguilles d&#8217;Arves dal Col du Mollard (foto alpes4ever) Geologia Il&hellip;<\/p>\n","category_list":"<a href=\"https:\/\/centcols.org\/backup\/it\/categorie\/passi-alla-rinfusa\/\" rel=\"category tag\">Passi alla rinfusa<\/a>","author_info":{"display_name":"Enrico Alberini","author_link":"https:\/\/centcols.org\/backup\/it\/author\/5065\/"},"comments_num":"0 commenti","featured_image_urls_v2":{"full":"","thumbnail":"","medium":"","medium_large":"","large":"","1536x1536":"","2048x2048":"","woocommerce_thumbnail":"","woocommerce_single":"","woocommerce_gallery_thumbnail":""},"post_excerpt_stackable_v2":"<p>Toponomastica Il col du Mollard FR-73-1638 ha un toponimo che s&#8217;incontra regolarmente nelle Alpi nome di&nbsp;Mollard, nella antica scritta &nbsp;molar&nbsp;o&nbsp;molard, si incontra regolarmente nelle Alpi. Il toponimo proviene dal latino molarum&nbsp;che designa un borgo situato \u00ab su un mamelucco &#8211; una cima arrotondata di una collina\/montagna &#8211; o un piccolo altopiano \u00bb. Da notare: ci sono due cols du Mollard in Savoia, l&#8217;altro: (FR-73-1320b), quotato R1, \u00e8 situato nel nord del massiccio della Chartreuse (sul GR9). Situazione geografica Massiccio Il&nbsp;col du Mollard \u00e8 situato nel massiccio des Arves Vista sulle Aiguilles d&#8217;Arves dal Col du Mollard (foto alpes4ever) Geologia Il&hellip;<\/p>\n","category_list_v2":"<a href=\"https:\/\/centcols.org\/backup\/it\/categorie\/passi-alla-rinfusa\/\" rel=\"category tag\">Passi alla rinfusa<\/a>","author_info_v2":{"name":"Enrico Alberini","url":"https:\/\/centcols.org\/backup\/it\/author\/5065\/"},"comments_num_v2":"0 commenti","featured_image_src":null,"_links":{"self":[{"href":"https:\/\/centcols.org\/backup\/it\/wp-json\/wp\/v2\/posts\/78302"}],"collection":[{"href":"https:\/\/centcols.org\/backup\/it\/wp-json\/wp\/v2\/posts"}],"about":[{"href":"https:\/\/centcols.org\/backup\/it\/wp-json\/wp\/v2\/types\/post"}],"author":[{"embeddable":true,"href":"https:\/\/centcols.org\/backup\/it\/wp-json\/wp\/v2\/users\/69"}],"replies":[{"embeddable":true,"href":"https:\/\/centcols.org\/backup\/it\/wp-json\/wp\/v2\/comments?post=78302"}],"version-history":[{"count":0,"href":"https:\/\/centcols.org\/backup\/it\/wp-json\/wp\/v2\/posts\/78302\/revisions"}],"wp:attachment":[{"href":"https:\/\/centcols.org\/backup\/it\/wp-json\/wp\/v2\/media?parent=78302"}],"wp:term":[{"taxonomy":"category","embeddable":true,"href":"https:\/\/centcols.org\/backup\/it\/wp-json\/wp\/v2\/categories?post=78302"},{"taxonomy":"post_tag","embeddable":true,"href":"https:\/\/centcols.org\/backup\/it\/wp-json\/wp\/v2\/tags?post=78302"}],"curies":[{"name":"wp","href":"https:\/\/api.w.org\/{rel}","templated":true}]}}