{"id":78304,"date":"2023-08-06T11:05:53","date_gmt":"2023-08-06T09:05:53","guid":{"rendered":"https:\/\/centcols.org\/backup\/lautaret-2\/"},"modified":"2023-12-09T18:41:04","modified_gmt":"2023-12-09T17:41:04","slug":"lautaret-2","status":"publish","type":"post","link":"https:\/\/centcols.org\/backup\/it\/lautaret-2\/","title":{"rendered":"Il Col du Lautaret"},"content":{"rendered":"\n<h2 class=\"kt-adv-heading78304_ed13d6-f6 wp-block-kadence-advancedheading\" data-kb-block=\"kb-adv-heading78304_ed13d6-f6\">Toponomastica<\/h2>\n\n\n\n<p class=\"has-medium-font-size\">Il col du Lautaret (<strong><a href=\"https:\/\/centcols.org\/backup\/util\/geo\/visu.php?code=FR-05-2057\" target=\"_blank\" rel=\"noopener\" title=\"\">FR-05-2057<\/a><\/strong>) ha una origine discussa. Questo nome deriverebbe\u00a0:<\/p>\n\n\n\n<ul>\n<li><span style=\"font-size: 20px; font-family: arial, helvetica, sans-serif;\">da autaret (dal latino altare), una piccola collina su cui si facevano sacrifici agli dei.<\/span><\/li>\n<li><span style=\"font-size: 20px; font-family: arial, helvetica, sans-serif;\">o, pi\u00f9 probabilmente, dalla radice preindoeuropea aut, che esprime l&#8217;idea di &#8220;altezza&#8221;, &#8220;elevazione&#8221;, radice da cui derivano le parole latine all\u00e2re, &#8220;altare&#8221; e allaret, allare o autaret, \u00ab punto pi\u00f9 alto di un sentiero che conduce a un passo o a un alpeggio \u00bb.<\/span><\/li>\n<\/ul>\n\n\n\n<p class=\"has-medium-font-size\">Da notare\u00a0: il catalogo dei passi di Francia contiene 2 cols du Lautaret e 4 cols de l\u2019Autaret.<\/p>\n\n\n<div class=\"wp-block-image\">\n<figure class=\"aligncenter size-large\"><img loading=\"lazy\" decoding=\"async\" width=\"1200\" height=\"900\" src=\"https:\/\/centcols.org\/backup\/wp-content\/uploads\/2023\/07\/lautaret-photo-1200x900.jpg\" alt=\"\" class=\"wp-image-75752\" srcset=\"https:\/\/centcols.org\/backup\/wp-content\/uploads\/2023\/07\/lautaret-photo-1200x900.jpg 1200w, https:\/\/centcols.org\/backup\/wp-content\/uploads\/2023\/07\/lautaret-photo-500x375.jpg 500w, https:\/\/centcols.org\/backup\/wp-content\/uploads\/2023\/07\/lautaret-photo-768x576.jpg 768w, https:\/\/centcols.org\/backup\/wp-content\/uploads\/2023\/07\/lautaret-photo-1536x1152.jpg 1536w, https:\/\/centcols.org\/backup\/wp-content\/uploads\/2023\/07\/lautaret-photo-2048x1536.jpg 2048w, https:\/\/centcols.org\/backup\/wp-content\/uploads\/2023\/07\/lautaret-photo-600x450.jpg 600w\" sizes=\"(max-width: 1200px) 100vw, 1200px\" \/><\/figure><\/div>\n\n\n<h2 class=\"kt-adv-heading78304_9edfeb-3a wp-block-kadence-advancedheading\" data-kb-block=\"kb-adv-heading78304_9edfeb-3a\">Situazione geografica<\/h2>\n\n\n\n<h3 class=\"kt-adv-heading78304_3dd69f-81 wp-block-kadence-advancedheading\" data-kb-block=\"kb-adv-heading78304_3dd69f-81\">Massicci<\/h3>\n\n\n\n<p class=\"has-medium-font-size\">E&#8217; uno dei punti pi\u00f9 bassi della lienea di cresta che separa le <a href=\"https:\/\/fr.wikipedia.org\/wiki\/Alpes_du_Nord\" target=\"_blank\" rel=\"noopener\" title=\"\">Alpi del Nord<\/a>\u00a0e le\u00a0<a href=\"https:\/\/fr.wikipedia.org\/wiki\/Alpes_du_Sud_(France)\" target=\"_blank\" rel=\"noopener\" title=\"\">Alpi del Sud<\/a>, tra il massiccio des\u00a0<a href=\"https:\/\/fr.wikipedia.org\/wiki\/Massif_des_Arves\" target=\"_blank\" rel=\"noopener\" title=\"\">Arves<\/a>\u00a0a nord e il \u00a0<a href=\"https:\/\/fr.wikipedia.org\/wiki\/Massif_des_%C3%89crins\" target=\"_blank\" rel=\"noopener\" title=\"\">massiccio des \u00c9crins<\/a> a sud. \u00a0<\/p>\n\n\n\n<h3 class=\"kt-adv-heading78304_7d49b3-cf wp-block-kadence-advancedheading\" data-kb-block=\"kb-adv-heading78304_7d49b3-cf\">Geologia<\/h3>\n\n\n\n<p class=\"has-medium-font-size\">Il Col du Lautaret non fa eccezione alla regola in questo settore delle Alpi. Strati geologici diversi si trovano l&#8217;uno accanto all&#8217;altro, felicemente sovrapposti sotto la spinta del sollevamento alpino tuttora in corso.<\/p>\n\n\n\n<p class=\"has-medium-font-size\">Il Col du Lautaret \u00e8 caratterizzato da una cresta muschiosa e arrotondata, risultato dell&#8217;azione abrasiva di un ghiacciaio che si \u00e8 propagato in ciascuna delle due valli adiacenti. Un deposito morenico alla base del ghiacciaio ha accentuato la piattezza del passo. Serre Orel, la piccola collina a sud del passo, \u00e8 pi\u00f9 resistente e ha conservato un rilievo pi\u00f9 vigoroso.<\/p>\n\n\n\n<p class=\"has-medium-font-size\">Un gran numero di edifici religiosi nelle valli dell&#8217;Oisans, della Guisane, della Clar\u00e9e, dell&#8217;Alta Durance e dell&#8217;Alta Romanche sono stati costruiti utilizzando i tufi calcarei estratti dalle tufferie locali, una delle quali si trova sul Col du Lautaret, nel Jardin alpin. Le tuffi\u00e8res sono cos\u00ec chiamate per il modo in cui si sono formate dall&#8217;interazione tra calcare, acqua e piante.<\/p>\n\n\n\n<p class=\"has-medium-font-size\">Il lettore interessato potr\u00e0 fare riferimento all&#8217;articolo molto completo di <a href=\"http:\/\/www.geol-alp.com\/h_oisans\/_lieux\/guisane_vallouise\/Lautaret.html\" target=\"_blank\" rel=\"noopener\" title=\"\">geol-alp.com\u00a0<\/a><\/p>\n\n\n\n<h3 class=\"wp-block-heading\">Idrografia<\/h3>\n\n\n\n<p class=\"has-medium-font-size\">Il col du Lautaret si trova sull spartiacque tra il <a href=\"https:\/\/cyclotourisme-grenoble-ctg.org\/CTG\/les-cols-situes-sur-les-lignes-de-partage-des-eaux-autour-du-bassin-de-lisere\/\" target=\"_blank\" rel=\"noopener\" title=\"\">bacino dell&#8217;Is\u00e8re<\/a> e il <a href=\"https:\/\/cyclotourisme-grenoble-ctg.org\/CTG\/les-cols-situes-sur-les-lpe-autour-du-bassin-de-la-durance\/\" target=\"_blank\" rel=\"noopener\" title=\"\">bacino della Durance<\/a> (entrambi affluenti del Rodano).<\/p>\n\n\n\n<p class=\"has-medium-font-size\">Sul versante nord delle Alpi (ma rivolto verso ovest al Col du Lautaret), la <a href=\"https:\/\/fr.wikipedia.org\/wiki\/Romanche_(rivi%C3%A8re)\" target=\"_blank\" rel=\"noopener\" title=\"\">Romanche<\/a> (affluente del Drac e poi dell&#8217;Is\u00e8re) sorge a sud-ovest del passo, presso il ghiacciaio della Plate des Agneaux, nella parte settentrionale del massiccio degli \u00c9crins.<\/p>\n\n\n\n<p class=\"has-medium-font-size\">Sul versante meridionale delle Alpi, <a href=\"https:\/\/fr.wikipedia.org\/wiki\/Vall%C3%A9e_de_la_Guisane\" target=\"_blank\" rel=\"noopener\" title=\"\">la Guisane<\/a> (affluente della Durance) sorge nei pressi del passo, a sud di esso, sulle pendici settentrionali del massiccio del <a href=\"https:\/\/fr.wikipedia.org\/wiki\/Combeynot\" target=\"_blank\" rel=\"noopener\" title=\"\">Combeynot<\/a>.<\/p>\n\n\n\n<h3 class=\"wp-block-heading\">Accesso<\/h3>\n\n\n<div class=\"wp-block-image is-resized\">\n<figure class=\"aligncenter size-large\"><img loading=\"lazy\" decoding=\"async\" width=\"802\" height=\"439\" src=\"https:\/\/centcols.org\/backup\/wp-content\/uploads\/2023\/07\/Lautaret.jpg\" alt=\"\" class=\"wp-image-75758\" srcset=\"https:\/\/centcols.org\/backup\/wp-content\/uploads\/2023\/07\/Lautaret.jpg 802w, https:\/\/centcols.org\/backup\/wp-content\/uploads\/2023\/07\/Lautaret-500x274.jpg 500w, https:\/\/centcols.org\/backup\/wp-content\/uploads\/2023\/07\/Lautaret-768x420.jpg 768w, https:\/\/centcols.org\/backup\/wp-content\/uploads\/2023\/07\/Lautaret-600x328.jpg 600w\" sizes=\"(max-width: 802px) 100vw, 802px\" \/><\/figure><\/div>\n\n\n<p class=\"has-medium-font-size\"><strong>Versante Ovest (Alpi del Nord)<\/strong><\/p>\n\n\n\n<p class=\"has-medium-font-size\">La N85 conduce da Grenoble (90 km, alt. 214 m) a Vizille (72 km, alt. 278 m), quindi la D1091 a Bourg d&#8217;Oisans (40 km, alt. 719 m).<\/p>\n\n\n\n<p class=\"has-medium-font-size\">Dopo Bourg d&#8217;Oisans, il rettilineo di 4,5 km lungo la riva destra della Romanche conduce a Le Clapier. All&#8217;altezza dell&#8217;omonima diga, la D1091 attacca la rampa delle Comm\u00e8res, sopra le gole dell&#8217;Infernet.<br>La memoria collettiva vuole che il nome &#8220;rampe des Comm\u00e8res&#8221; derivi dalla necessit\u00e0 dei viaggiatori di scendere dalla diligenza &#8211; per non sfiancare i cavalli &#8211; in questo tratto di strada, troppo ripido. Questa passeggiata forzata scioglieva le lingue, soprattutto quelle delle signore, che parlavano di tutto e di niente.<br>Una spiegazione pi\u00f9 razionale \u00e8 che il nome derivi dalla presenza del torrente Comm\u00e8res, che dovette essere incanalato per far posto alla strada. Per maggiori dettagli, visitate il sito<br>https:\/\/freneydoisans.com\/freneytique\/mystere-de-la-rampe-des-commeres\/<\/p>\n\n\n\n<p class=\"has-medium-font-size\">La strada conduce poi alla diga di Chambon (a 25 km, alt. 1040 m) e attraversa il confine tra Is\u00e8re e Hautes-Alpes a 19 km dal passo (alt. 1134 m) prima di attraversare La Grave (a 11 km, alt. 1526 m).<\/p>\n\n\n\n<p class=\"has-medium-font-size\"><strong>Versante\u00a0Sud-Est (Alpi del Sud)<\/strong><\/p>\n\n\n\n<p class=\"has-medium-font-size\">Da Brian\u00e7on (a 27 km, alt. 1215 m) la D1091 conduce al Col du Lautaret, passando per la localit\u00e0 di Serre-Chevalier e i suoi vari villaggi: Chantemerle (comune di St Chaffrey &#8211; a 22,5 km, alt. 1350 m), Villeneuve (comune di La Salle-les-Alpes, a 19 km, alt. 1385), Monetier les Bains (a 13 km, alt. 1500 m).<\/p>\n\n\n\n<div class=\"wp-block-columns is-layout-flex wp-container-core-columns-is-layout-1 wp-block-columns-is-layout-flex\">\n<div class=\"wp-block-column is-layout-flow wp-block-column-is-layout-flow\">\n<p class=\"has-medium-font-size\"><strong>Accesso dal Galibier<\/strong><\/p>\n\n\n\n<p class=\"has-medium-font-size\">Dal Col du Galibier (2642 m) al Col du Lautaret (2057 m), 8,7 km in discesa sulla D1091 (pendenza media 6,7%).<\/p>\n<\/div>\n<\/div>\n\n\n\n<div class=\"wp-block-columns are-vertically-aligned-center is-layout-flex wp-container-core-columns-is-layout-2 wp-block-columns-is-layout-flex\"><\/div>\n\n\n\n<h3 class=\"kt-adv-heading78304_f9f675-6b wp-block-kadence-advancedheading\" data-kb-block=\"kb-adv-heading78304_f9f675-6b\"><strong>Modificazioni degli accessi<\/strong><\/h3>\n\n\n\n<p class=\"has-medium-font-size\"><strong>Versante ovest (Alpi del nord)<\/strong><\/p>\n\n\n\n<p class=\"has-medium-font-size\">Questo percorso attraverso le Alpi \u00e8 stato preceduto da diverse altre vie di comunicazione, tra cui una strada romana che collegava Grenoble a Brian\u00e7on nell&#8217;antichit\u00e0 e, secoli dopo, la strada da Grenoble a Brian\u00e7on, nota anche come Petite Route de l&#8217;Oisans, poi Route Imp\u00e9riale n. 110 all&#8217;inizio del XIX secolo. I loro percorsi non erano identici, ma in linea di massima simili.<\/p>\n\n\n\n<p class=\"has-medium-font-size\">Con la crazione della\u00a0<a href=\"https:\/\/fr.wikipedia.org\/wiki\/Barrage_du_Chambon\" target=\"_blank\" rel=\"noopener\" title=\"\">diga di Chambon<\/a>\u00a0(inaugurata nel 1935),la strada correva lungo il fondovalle. Poich\u00e9 l&#8217;invaso ha avuto l&#8217;effetto di innondare quest&#8217;area, \u00e8 stato scelto un nuovo percorso per la strada, che passava sopra la sommit\u00e0 della diga prima di costeggiare il lato nord del lago, passando per la<a href=\"https:\/\/fr.wikipedia.org\/wiki\/Tunnel_du_Chambon\" target=\"_blank\" rel=\"noopener\" title=\"\">tunnel du Chambon<\/a>.<\/p>\n\n\n\n<p class=\"has-medium-font-size\">Il\u00a010 aprile 2015, il\u00a0<a href=\"https:\/\/fr.wikipedia.org\/wiki\/Tunnel_du_Chambon\" target=\"_blank\" rel=\"noopener\" title=\"\">tunnel du Chambon<\/a>\u00a0\u00a0\u00e8 stato completamente fermato alla circolazione a causa di <a href=\"https:\/\/fr.wikipedia.org\/wiki\/Glissement_de_terrain_du_Chambon\" target=\"_blank\" rel=\"noopener\" title=\"\">frane e smottamento del terreno<\/a>\u00a0che hanno reso fragile l&#8217;opera. Questo taglia completamente la D1091 e provoca grossi problemi di traffico nella valle, sia per i residenti che per i professionisti e i turisti che sono abituati a utilizzare la strada. una\u00a0<a href=\"https:\/\/fr.wikipedia.org\/wiki\/Route_de_secours_1091\" target=\"_blank\" rel=\"noopener\" title=\"\">strada d&#8217;emergenza (RS 1091)<\/a>\u00a0\u00e8 stata aperta sulla riva sinistra del lago il 24 novembre 2015. \u00c8 stato utilizzata dal BRA nel 2017 (per obbligo) e nel 2019 (quando il nuovo tunnel \u00e8 stato inaugurato dal dipartimento dell&#8217;Is\u00e8re). Percorso verde dal 2020, \u00e8 stato utilizzato nel 2023 per evitare il tunnel che \u00e8 lungo 990 metri.<\/p>\n\n\n<div class=\"wp-block-image is-resized\">\n<figure class=\"aligncenter size-large\"><img loading=\"lazy\" decoding=\"async\" width=\"860\" height=\"466\" src=\"https:\/\/centcols.org\/backup\/wp-content\/uploads\/2023\/07\/Chambon.jpg\" alt=\"\" class=\"wp-image-75764\" srcset=\"https:\/\/centcols.org\/backup\/wp-content\/uploads\/2023\/07\/Chambon.jpg 860w, https:\/\/centcols.org\/backup\/wp-content\/uploads\/2023\/07\/Chambon-500x271.jpg 500w, https:\/\/centcols.org\/backup\/wp-content\/uploads\/2023\/07\/Chambon-768x416.jpg 768w, https:\/\/centcols.org\/backup\/wp-content\/uploads\/2023\/07\/Chambon-600x325.jpg 600w\" sizes=\"(max-width: 860px) 100vw, 860px\" \/><figcaption class=\"wp-element-caption\">Nel maggio 2016, il dipartimento dell&#8217;Is\u00e8re ha iniziato a scavare <strong><a href=\"http:\/\/geoconfluences.ens-lyon.fr\/actualites\/veille\/la-fermeture-du-tunnel-du-chambon-un-exemple-de-risque-en-montagne#:~:text=D'une%20\" target=\"_blank\" rel=\"noopener\" title=\"\">tunnel <\/a><\/strong>alternativo. Questo tunnel alternativo \u00e8 scavato pi\u00f9 in profondit\u00e0 nella montagna e permette di evitare la zona indebolita. Dopo aperture temporanee, l&#8217;apertura definitiva \u00e8 avvenuta il 15 dicembre 2017, dopo due anni e mezzo di chiusura.   <\/figcaption><\/figure><\/div>\n\n\n<p class=\"has-medium-font-size\"><strong>Verso il Galibier<\/strong><\/p>\n\n\n\n<p class=\"has-medium-font-size\">La strada attuale risale al 1936.<\/p>\n\n\n\n<p class=\"has-medium-font-size\">Per una cronistoria delle modifiche apportate alla strada, si veda l&#8217;articolo di Lucien Chevalier\u00a0:\u00a0<strong><u><a href=\"https:\/\/centcols.org\/backup\/wp-admin\/Une%20histoire%20de%20la%20route%20du%20col%20du%20Galibier%20.\" target=\"_blank\" rel=\"noreferrer noopener\">Une histoire de la route du col du Galibier<\/a><\/u><\/strong>.<\/p>\n\n\n\n<p><\/p>\n\n\n\n<h2 class=\"wp-block-heading\">Da vedere &#8211; turismo<\/h2>\n\n\n\n<h4 class=\"wp-block-heading has-medium-font-size\"><br>Versante ovest (Alpi del nord)<\/h4>\n\n\n\n<p class=\"has-medium-font-size\"><strong>La diga del Chambon<\/strong><\/p>\n\n\n\n<p class=\"has-medium-font-size\">I lavori di costruzione iniziarono nel settembre 1929 e si conclusero nel dicembre 1935.<\/p>\n\n\n<div class=\"wp-block-image\">\n<figure class=\"aligncenter size-large\"><img loading=\"lazy\" decoding=\"async\" width=\"1200\" height=\"800\" src=\"https:\/\/centcols.org\/backup\/wp-content\/uploads\/2023\/07\/4528492-diaporama.jpg\" alt=\"\" class=\"wp-image-75776\" srcset=\"https:\/\/centcols.org\/backup\/wp-content\/uploads\/2023\/07\/4528492-diaporama.jpg 1200w, https:\/\/centcols.org\/backup\/wp-content\/uploads\/2023\/07\/4528492-diaporama-500x333.jpg 500w, https:\/\/centcols.org\/backup\/wp-content\/uploads\/2023\/07\/4528492-diaporama-768x512.jpg 768w, https:\/\/centcols.org\/backup\/wp-content\/uploads\/2023\/07\/4528492-diaporama-600x400.jpg 600w\" sizes=\"(max-width: 1200px) 100vw, 1200px\" \/><\/figure><\/div>\n\n\n<p class=\"has-medium-font-size\">Nel 2003, \u00e8 stato dicharato <strong><a href=\"https:\/\/fr.wikipedia.org\/wiki\/Liste_des_%C3%A9difices_labellis%C3%A9s_%C2%AB_Patrimoine_du_XXe_si%C3%A8cle_%C2%BB_de_l%27Is%C3%A8re\" target=\"_blank\" rel=\"noopener\" title=\"\">\u00ab\u00a0Patrimonio del XX secolo dell&#8217;Is\u00e8re<\/a><\/strong>.<\/p>\n\n\n\n<p class=\"has-medium-font-size\">Dopo 80 anni di vita, la diga \u00e8 vittima del fenomeno della reazione alcalina (malattia del calcestruzzo) e ogni quindici anni deve essere sottoposta a un trattamento speciale. Per questo motivo, la sostituzione della diga \u00e8 prevista entro i prossimi vent&#8217;anni.<\/p>\n\n\n\n<figure class=\"wp-block-image size-large\"><img decoding=\"async\" src=\"blob:https:\/\/centcols.org\/backup\/122d29b7-e066-4c3f-89a1-bcc6590cfee0\" alt=\"\"\/><\/figure>\n\n\n\n<p class=\"has-medium-font-size\"><strong>La Grave&nbsp;<\/strong><\/p>\n\n\n\n<div class=\"wp-block-columns is-layout-flex wp-container-core-columns-is-layout-3 wp-block-columns-is-layout-flex\">\n<div class=\"wp-block-column is-layout-flow wp-block-column-is-layout-flow\" style=\"flex-basis:66.66%\">\n<ul>\n<li><span style=\"font-size: 20px; font-family: arial, helvetica, sans-serif;\">Il comprensorio sciistico fuoripista Vallons de la Meije, rinomato a livello internazionale.<\/span><\/li>\n<li><span style=\"font-size: 20px; font-family: arial, helvetica, sans-serif;\">Complesso religioso che comprende la chiesa parrocchiale, una cappella e il cimitero, a La Grave, classificato come monumento storico dal 1959. Questo complesso comprende la chiesa<strong><a href=\"https:\/\/fr.wikipedia.org\/wiki\/%C3%89glise_Notre-Dame-de-l%27Assomption_de_La_Grave\" target=\"_blank\" rel=\"noreferrer noopener\">\u00a0Notre-Dame-de-l&#8217;Assomption<\/a><\/strong>, La chiesa, risalente all&#8217;XI secolo e in stile romanico lombardo, \u00e8 stata ricostruita e modificata nei secoli XV, XVII e XIX. Il complesso religioso comprende anche il cimitero che circonda la chiesa e <em>la Chapelle des P\u00e9nitents Blancs (Cappella dei Penitenti Bianchi).<\/em><\/span><\/li>\n<\/ul>\n<\/div>\n\n\n\n<div class=\"wp-block-column is-layout-flow wp-block-column-is-layout-flow\" style=\"flex-basis:33.33%\"><div class=\"wp-block-image is-resized\">\n<figure class=\"aligncenter size-large\"><img loading=\"lazy\" decoding=\"async\" width=\"502\" height=\"683\" src=\"https:\/\/centcols.org\/backup\/wp-content\/uploads\/2023\/07\/image-5.png\" alt=\"\" class=\"wp-image-75782\" srcset=\"https:\/\/centcols.org\/backup\/wp-content\/uploads\/2023\/07\/image-5.png 502w, https:\/\/centcols.org\/backup\/wp-content\/uploads\/2023\/07\/image-5-367x500.png 367w\" sizes=\"(max-width: 502px) 100vw, 502px\" \/><\/figure><\/div><\/div>\n<\/div>\n\n\n\n<p class=\"has-medium-font-size\"><strong>Villar-d\u2019Ar\u00eane&nbsp;<\/strong><\/p>\n\n\n\n<p class=\"has-medium-font-size\">La tradizionale cottura del pane si svolge ancora nell&#8217;edificio del forno comune per alcuni giorni all&#8217;anno, in particolare il terzo fine settimana di novembre, quando viene preparato il  \u00ab\u00a0pain bouilli\u00a0\u00bb<\/p>\n\n\n\n<h4 class=\"wp-block-heading has-medium-font-size\">Versante\u00a0sud-est (Alpi del sud)<\/h4>\n\n\n\n<div class=\"wp-block-columns is-layout-flex wp-container-core-columns-is-layout-4 wp-block-columns-is-layout-flex\">\n<div class=\"wp-block-column is-layout-flow wp-block-column-is-layout-flow\" style=\"flex-basis:100%\">\n<ul>\n<li><span style=\"font-size: 20px; font-family: arial, helvetica, sans-serif;\">Stazione di sci di Serre-Chevalier<\/span><\/li>\n<li><span style=\"font-size: 20px; font-family: arial, helvetica, sans-serif;\"><a href=\"https:\/\/lesgrandsbainsdumonetier.fr\/\" target=\"_blank\" rel=\"noopener\">Les Grands Bains du Monetier\u00a0<\/a>: Situata nel cuore della stazione sciistica di Serre-Chevalier, nelle Alpi meridionali, la SPA di Grands Bains du Mon\u00eatier beneficia dell&#8217;acqua calda naturale che sgorga dalla sorgente a una temperatura di 44\u00b0 C.<\/span><\/li>\n<li><span style=\"font-size: 20px; font-family: arial, helvetica, sans-serif;\">Le Casset (comune di Mon\u00e9tier-les Bains). Al <a href=\"https:\/\/www.serre-chevalier.com\/fr\/faune-flore\/centre-accueil-parc-national-ecrins-casset\" target=\"_blank\" rel=\"noopener\">Centre d&#8217;accueil du Parc national des \u00c9crins<\/a> : proiezioni, ateliers, incontri con una guardia-istruttore, &#8230;<\/span><\/li>\n<\/ul>\n\n\n\n<p><\/p>\n<\/div>\n<\/div>\n\n\n\n<div class=\"wp-block-columns is-layout-flex wp-container-core-columns-is-layout-5 wp-block-columns-is-layout-flex\">\n<div class=\"wp-block-column is-layout-flow wp-block-column-is-layout-flow\" style=\"flex-basis:33.33%\"><\/div>\n\n\n\n<div class=\"wp-block-column is-layout-flow wp-block-column-is-layout-flow\" style=\"flex-basis:66.66%\"><\/div>\n<\/div>\n\n\n\n<div class=\"wp-block-columns is-layout-flex wp-container-core-columns-is-layout-6 wp-block-columns-is-layout-flex\">\n<div class=\"wp-block-column is-layout-flow wp-block-column-is-layout-flow\" style=\"flex-basis:66.66%\"><\/div>\n\n\n\n<div class=\"wp-block-column is-layout-flow wp-block-column-is-layout-flow\" style=\"flex-basis:33.33%\"><\/div>\n<\/div>\n\n\n\n<h4 class=\"wp-block-heading has-medium-font-size\">Al passo<\/h4>\n\n\n\n<p class=\"has-medium-font-size\"><strong>La stazione alpina<\/strong> Joseph-Fourier fa parte dell&#8217;Universit\u00e0 di Grenoble-Alpes e del CNRS. Comprende tre unit\u00e0, due delle quali si trovano al Col du Lautaret:<\/p>\n\n\n\n<ul>\n<li><span style=\"font-size: 20px; font-family: arial, helvetica, sans-serif;\">lo chalet-laboratoire du Lautaret ;<\/span><\/li>\n<li><span style=\"font-size: 20px; font-family: arial, helvetica, sans-serif;\">il <a href=\"https:\/\/fr.wikipedia.org\/wiki\/Jardin_botanique_du_col_du_Lautaret\" target=\"_blank\" rel=\"noopener\">giardino botanico alpino delLautaret<\/a> (che \u00e8 ugualmente un sito classificato) ;<\/span><\/li>\n<li><span style=\"font-size: 20px; font-family: arial, helvetica, sans-serif;\">l&#8217;<a href=\"https:\/\/fr.wikipedia.org\/wiki\/Arboretum_Robert_Ruffier-Lanche\" target=\"_blank\" rel=\"noopener\">arboretum Robert Ruffier-Lanche<\/a> (sul campus di Saint-Martin d&#8217;H\u00e8res).<\/span><\/li>\n<\/ul>\n\n\n\n<p class=\"has-medium-font-size\">Il giardino botanico presenta piante della regione del Col du Lautaret e di altre montagne del mondo. Le collezioni del giardino comprendono pi\u00f9 di 2.000 specie. Il giardino \u00e8 inserito in un ambiente naturale caratterizzato da condizioni climatiche specifiche e da un alto livello di biodiversit\u00e0. Nell&#8217;area sono stati e vengono condotti diversi studi scientifici, in collaborazione con la stazione alpina Joseph-Fourier e altri enti di ricerca scientifica. I Cahiers illustr\u00e9s du Lautaret (quaderni illustrati) sono un esempio di come il lavoro svolto in collaborazione con la stazione sia reso disponibile al pubblico sotto forma di documenti pubblicati. Dal 2016, le strutture del Col du Lautaret sono state integrate dalla Galerie de l&#8217;Alpe, un edificio pi\u00f9 adatto alle attivit\u00e0 pubbliche, di ricerca e di formazione della stazione alpina rispetto agli chalet esistenti. <\/p>\n\n\n\n<p class=\"has-medium-font-size\"><em>Da notare:<\/em><\/p>\n\n\n\n<ul>\n<li class=\"has-medium-font-size\">prima di essere al Col du Lautaret, il giardino alpino si trovava a Villar-d&#8217;Ar\u00eane (un po&#8217; sopra il villaggio sulla strada per il piede del passo)<\/li>\n\n\n\n<li class=\"has-medium-font-size\">con il riscaldamento globale, si stanno effettuando piantagioni sperimentali sui pendii del Galibier sopra i 2400 m \u2026..<\/li>\n<\/ul>\n\n\n\n<p class=\"has-medium-font-size\"><strong>La<\/strong> <strong>Cappella des fusill\u00e9s<\/strong>\u00a0: <\/p>\n\n\n\n<p class=\"has-medium-font-size\">Sulla cima del Col du Lautaret \u00e8 stata eretta una cappella in memoria di alcune vittime della Seconda Guerra Mondiale.<br>All&#8217;inizio dell&#8217;agosto 1944, una colonna di soldati tedeschi in ritirata arrancava da Brian\u00e7on verso Grenoble. Insidiati dai combattenti della Resistenza, seminarono la morte lungo il percorso. L&#8217;11 agosto, diciassette combattenti della Resistenza furono giustiziati al Col du Lautaret. Lo stesso giorno, i tedeschi presero in ostaggio tutti gli abitanti maschi di Villar-d&#8217;Ar\u00eane. Sei ostaggi e un soldato tedesco morirono nell&#8217;esplosione di una mina sotto il tunnel del Chambon. Il 14 e 15 agosto 1944, i nazisti giustiziarono ebrei, combattenti della Resistenza e ostaggi a Bourg-d&#8217;Oisans, prima di proseguire verso Grenoble.<\/p>\n\n\n\n<h2 class=\"wp-block-heading\">Situazione amministrativa<\/h2>\n\n\n\n<h3 class=\"wp-block-heading\">Oggi<\/h3>\n\n\n\n<p class=\"has-medium-font-size\">Il passo segna il confine tra due comuni delle Hautes-Alpes \u00a0<a href=\"https:\/\/fr.wikipedia.org\/wiki\/Villar-d%27Ar%C3%AAne\" target=\"_blank\" rel=\"noopener\" title=\"\">Villar-d&#8217;Ar\u00eane<\/a>\u00a0e\u00a0<a href=\"https:\/\/fr.wikipedia.org\/wiki\/Villar-d%27Ar%C3%AAne\" target=\"_blank\" rel=\"noopener\" title=\"\">Mon\u00eatier-les-Bains<\/a>.<\/p>\n\n\n\n<h3 class=\"wp-block-heading\">Storia<\/h3>\n\n\n\n<p class=\"has-medium-font-size\">Entrambi i versanti del Col du Lautaret si trovano nel dipartimento delle Hautes-Alpes.<\/p>\n\n\n\n<p class=\"has-medium-font-size\">Perch\u00e9 il confine tra i dipartimenti dell&#8217;Is\u00e8re e delle Hautes-Alpes non coincide con lo spartiacque Is\u00e8re \/ Durance al Col du Lautaret?<\/p>\n\n\n\n<p class=\"has-medium-font-size\"><em>Alla creazione del dipartimento nel 1790, i comuni di La Grave  e di\u00a0<a href=\"https:\/\/fr.wikipedia.org\/wiki\/Villar-d%27Ar%C3%AAne\" target=\"_blank\" rel=\"noopener\" title=\"\">Villar-d\u2019Ar\u00eane<\/a> (val de Romanche) reclamarono il loro congiungimento alle Hautes-Alpes (e non all&#8217;Is\u00e8re) perch\u00e9 speravano di beneficiare dello statuto vantaggioso dei <u><a href=\"https:\/\/fr.wikipedia.org\/wiki\/R%C3%A9publique_des_Escartons\" target=\"_blank\" rel=\"noopener\" title=\"\">Escartons du Brian\u00e7onnais<\/a><\/u>.<\/em><\/p>\n\n\n\n<p class=\"has-medium-font-size\">Fino al 1790, entrambi i versanti del Col du Lautaret facevano parte della Provincia del Delfinato, ma dal 1790 fanno parte del dipartimento delle Hautes-Alpes.<\/p>\n\n\n\n<h2 class=\"wp-block-heading\">Ciclismo e cicloturismo<\/h2>\n\n\n\n<p class=\"has-medium-font-size\">Il Col du Lautaret \u00e8 una &#8220;grande classico&#8221; sul percorso del <a href=\"https:\/\/centcols.org\/backup\/le-col-du-galibier\/\" target=\"_blank\" rel=\"noopener\" title=\"\">col du Galibier<\/a>r: ogni evento ciclistico (Tour de France, Crit\u00e9rium du Dauphin\u00e9) e ogni circuito cicloturistico (Marmotte, BRA) passa da qui.<\/p>\n\n\n\n<h3 class=\"wp-block-heading\">Profilo<\/h3>\n\n\n\n<p class=\"has-medium-font-size\">Si trovano numerosi profili su internet, per esempio <a href=\"https:\/\/www.cols-cyclisme.com\/arves-et-grandes-rousses\/france\/col-du-mollard-depuis-saint-jean-de-maurienne-c2212.htm\" target=\"_blank\" rel=\"noreferrer noopener\">secondo Cols-Cyclisme.com<\/a> non ci sono passaggi \u00ab\u00a0severi\u00a0\u00bb sulla salita del Col du Lautaret<\/p>\n\n\n<div class=\"wp-block-image\">\n<figure class=\"aligncenter size-large\"><img loading=\"lazy\" decoding=\"async\" width=\"636\" height=\"420\" src=\"https:\/\/centcols.org\/backup\/wp-content\/uploads\/2023\/07\/Profil1-1.jpg\" alt=\"\" class=\"wp-image-75800\" srcset=\"https:\/\/centcols.org\/backup\/wp-content\/uploads\/2023\/07\/Profil1-1.jpg 636w, https:\/\/centcols.org\/backup\/wp-content\/uploads\/2023\/07\/Profil1-1-500x330.jpg 500w, https:\/\/centcols.org\/backup\/wp-content\/uploads\/2023\/07\/Profil1-1-600x396.jpg 600w\" sizes=\"(max-width: 636px) 100vw, 636px\" \/><\/figure><\/div>\n\n<div class=\"wp-block-image\">\n<figure class=\"aligncenter size-large\"><img loading=\"lazy\" decoding=\"async\" width=\"633\" height=\"352\" src=\"https:\/\/centcols.org\/backup\/wp-content\/uploads\/2023\/07\/Profil2.jpg\" alt=\"\" class=\"wp-image-75806\" srcset=\"https:\/\/centcols.org\/backup\/wp-content\/uploads\/2023\/07\/Profil2.jpg 633w, https:\/\/centcols.org\/backup\/wp-content\/uploads\/2023\/07\/Profil2-500x278.jpg 500w, https:\/\/centcols.org\/backup\/wp-content\/uploads\/2023\/07\/Profil2-600x334.jpg 600w\" sizes=\"(max-width: 633px) 100vw, 633px\" \/><\/figure><\/div>\n\n\n<p class=\"has-text-align-right\"><em>Un articolo di G\u00e9rard Galland<br>con la contribuzione di Jules Arnaud e di<\/em><br><em>Bernard Giraudeau (per la parte geologica)<\/em><\/p>\n","protected":false},"excerpt":{"rendered":"<p>Il col du Lautaret (FR-05-2057) ha una origine discussa. Questo nome deriverebbe\u00a0: da autaret (dal latino altare), una piccola collina su cui si facevano sacrifici agli dei. o, pi\u00f9 probabilmente, dalla radice preindoeuropea aut, che esprime l&#8217;idea di &#8220;altezza&#8221;, &#8220;elevazione&#8221;, radice da cui derivano le parole latine all\u00e2re, &#8220;altare&#8221; e allaret, allare o autaret, \u00ab [&hellip;]<\/p>\n","protected":false},"author":69,"featured_media":0,"comment_status":"closed","ping_status":"closed","sticky":false,"template":"","format":"standard","meta":{"_acf_changed":false,"ub_ctt_via":"","_monsterinsights_skip_tracking":false,"_monsterinsights_sitenote_active":false,"_monsterinsights_sitenote_note":"","_monsterinsights_sitenote_category":0,"footnotes":""},"categories":[628],"tags":[],"acf":[],"featured_image_urls":{"full":"","thumbnail":"","medium":"","medium_large":"","large":"","1536x1536":"","2048x2048":"","woocommerce_thumbnail":"","woocommerce_single":"","woocommerce_gallery_thumbnail":""},"post_excerpt_stackable":"<p>Toponomastica Il col du Lautaret (FR-05-2057) ha una origine discussa. Questo nome deriverebbe\u00a0: da autaret (dal latino altare), una piccola collina su cui si facevano sacrifici agli dei. o, pi\u00f9 probabilmente, dalla radice preindoeuropea aut, che esprime l&#8217;idea di &#8220;altezza&#8221;, &#8220;elevazione&#8221;, radice da cui derivano le parole latine all\u00e2re, &#8220;altare&#8221; e allaret, allare o autaret, \u00ab punto pi\u00f9 alto di un sentiero che conduce a un passo o a un alpeggio \u00bb. Da notare\u00a0: il catalogo dei passi di Francia contiene 2 cols du Lautaret e 4 cols de l\u2019Autaret. Situazione geografica Massicci E&#8217; uno dei punti pi\u00f9 bassi della&hellip;<\/p>\n","category_list":"<a href=\"https:\/\/centcols.org\/backup\/it\/categorie\/passi-alla-rinfusa\/\" rel=\"category tag\">Passi alla rinfusa<\/a>","author_info":{"display_name":"Enrico Alberini","author_link":"https:\/\/centcols.org\/backup\/it\/author\/5065\/"},"comments_num":"0 commenti","featured_image_urls_v2":{"full":"","thumbnail":"","medium":"","medium_large":"","large":"","1536x1536":"","2048x2048":"","woocommerce_thumbnail":"","woocommerce_single":"","woocommerce_gallery_thumbnail":""},"post_excerpt_stackable_v2":"<p>Toponomastica Il col du Lautaret (FR-05-2057) ha una origine discussa. Questo nome deriverebbe\u00a0: da autaret (dal latino altare), una piccola collina su cui si facevano sacrifici agli dei. o, pi\u00f9 probabilmente, dalla radice preindoeuropea aut, che esprime l&#8217;idea di &#8220;altezza&#8221;, &#8220;elevazione&#8221;, radice da cui derivano le parole latine all\u00e2re, &#8220;altare&#8221; e allaret, allare o autaret, \u00ab punto pi\u00f9 alto di un sentiero che conduce a un passo o a un alpeggio \u00bb. Da notare\u00a0: il catalogo dei passi di Francia contiene 2 cols du Lautaret e 4 cols de l\u2019Autaret. Situazione geografica Massicci E&#8217; uno dei punti pi\u00f9 bassi della&hellip;<\/p>\n","category_list_v2":"<a href=\"https:\/\/centcols.org\/backup\/it\/categorie\/passi-alla-rinfusa\/\" rel=\"category tag\">Passi alla rinfusa<\/a>","author_info_v2":{"name":"Enrico Alberini","url":"https:\/\/centcols.org\/backup\/it\/author\/5065\/"},"comments_num_v2":"0 commenti","featured_image_src":null,"_links":{"self":[{"href":"https:\/\/centcols.org\/backup\/it\/wp-json\/wp\/v2\/posts\/78304"}],"collection":[{"href":"https:\/\/centcols.org\/backup\/it\/wp-json\/wp\/v2\/posts"}],"about":[{"href":"https:\/\/centcols.org\/backup\/it\/wp-json\/wp\/v2\/types\/post"}],"author":[{"embeddable":true,"href":"https:\/\/centcols.org\/backup\/it\/wp-json\/wp\/v2\/users\/69"}],"replies":[{"embeddable":true,"href":"https:\/\/centcols.org\/backup\/it\/wp-json\/wp\/v2\/comments?post=78304"}],"version-history":[{"count":0,"href":"https:\/\/centcols.org\/backup\/it\/wp-json\/wp\/v2\/posts\/78304\/revisions"}],"wp:attachment":[{"href":"https:\/\/centcols.org\/backup\/it\/wp-json\/wp\/v2\/media?parent=78304"}],"wp:term":[{"taxonomy":"category","embeddable":true,"href":"https:\/\/centcols.org\/backup\/it\/wp-json\/wp\/v2\/categories?post=78304"},{"taxonomy":"post_tag","embeddable":true,"href":"https:\/\/centcols.org\/backup\/it\/wp-json\/wp\/v2\/tags?post=78304"}],"curies":[{"name":"wp","href":"https:\/\/api.w.org\/{rel}","templated":true}]}}