{"id":78306,"date":"2023-08-06T09:30:29","date_gmt":"2023-08-06T07:30:29","guid":{"rendered":"https:\/\/centcols.org\/backup\/telegraphe\/"},"modified":"2023-12-11T17:32:16","modified_gmt":"2023-12-11T16:32:16","slug":"telegraphe","status":"publish","type":"post","link":"https:\/\/centcols.org\/backup\/it\/telegraphe\/","title":{"rendered":"Il Col du T\u00e9l\u00e9graphe"},"content":{"rendered":"<div class=\"wp-block-image\">\n<figure class=\"aligncenter size-large\"><img loading=\"lazy\" decoding=\"async\" width=\"1200\" height=\"900\" src=\"https:\/\/centcols.org\/backup\/wp-content\/uploads\/2023\/08\/Photo1-1-1200x900.jpg\" alt=\"\" class=\"wp-image-76140\" srcset=\"https:\/\/centcols.org\/backup\/wp-content\/uploads\/2023\/08\/Photo1-1-1200x900.jpg 1200w, https:\/\/centcols.org\/backup\/wp-content\/uploads\/2023\/08\/Photo1-1-500x375.jpg 500w, https:\/\/centcols.org\/backup\/wp-content\/uploads\/2023\/08\/Photo1-1-768x576.jpg 768w, https:\/\/centcols.org\/backup\/wp-content\/uploads\/2023\/08\/Photo1-1-1536x1152.jpg 1536w, https:\/\/centcols.org\/backup\/wp-content\/uploads\/2023\/08\/Photo1-1-600x450.jpg 600w, https:\/\/centcols.org\/backup\/wp-content\/uploads\/2023\/08\/Photo1-1.jpg 2048w\" sizes=\"(max-width: 1200px) 100vw, 1200px\" \/><\/figure><\/div>\n\n\n<h2 class=\"kt-adv-heading78306_36d97b-40 wp-block-kadence-advancedheading\" data-kb-block=\"kb-adv-heading78306_36d97b-40\">Toponomastica<\/h2>\n\n\n\n<p class=\"has-medium-font-size\">Il Col du T\u00e9l\u00e9graphe (<a href=\"https:\/\/centcols.org\/backup\/util\/geo\/visu.php?code=FR-73-1566\" target=\"_blank\" rel=\"noopener\" title=\"\">FR-73-1566<\/a>) prende il nome da una torre <a href=\"https:\/\/fr.wikipedia.org\/wiki\/T%C3%A9l%C3%A9graphe_Chappe\" title=\"\">telegrafica di Chappe<\/a> con bracci articolati, costruita nel 1807 sul bordo della rupe. Il forte del <a href=\"https:\/\/fr.wikipedia.org\/wiki\/Fort_du_T%C3%A9l%C3%A9graphe\" target=\"_blank\" rel=\"noopener\" title=\"\">T\u00e9l\u00e9graphe<\/a> vicino al passo sfruttava appieno la sua posizione strategica sopra la valle della Maurienne.<\/p>\n\n\n\n<h2 class=\"kt-adv-heading78306_3b9ff4-4e wp-block-kadence-advancedheading\" data-kb-block=\"kb-adv-heading78306_3b9ff4-4e\">Situazione geografica<\/h2>\n\n\n\n<h3 class=\"kt-adv-heading78306_b1f49a-25 wp-block-kadence-advancedheading\" data-kb-block=\"kb-adv-heading78306_b1f49a-25\">Massiccio<\/h3>\n\n\n\n<p class=\"has-medium-font-size\">Il col du T\u00e9l\u00e9graphe \u00e8 situato nel <strong><a href=\"https:\/\/fr.wikipedia.org\/wiki\/Massif_des_Cerces\" target=\"_blank\" rel=\"noreferrer noopener\">massiccio dei Cerces<\/a>,<\/strong><\/p>\n\n\n\n<h3 class=\"kt-adv-heading78306_fa44e8-b6 wp-block-kadence-advancedheading\" data-kb-block=\"kb-adv-heading78306_fa44e8-b6\">Geologia<\/h3>\n\n\n\n<p class=\"has-medium-font-size\">La strada del Col du T\u00e9l\u00e9graphe, appena lasciata St-Michel-de-Maurienne, \u00e8 dominata a ovest dalla barra rocciosa del Pas du Roc. La parte inferiore di questo massiccio calcareo \u00e8 attraversata dal fiume Arc, che ha scavato la gola del D\u00e9fil\u00e9 du Pas du Roc. Il massiccio sale poi ripidamente fino al Forte e al Col du T\u00e9l\u00e9graphe.<\/p>\n\n\n\n<p class=\"has-medium-font-size\">Una volta superato il passo, la vista precipita nella valle della Valloirette. Infatti, il torrente ha scavato il suo letto nella parte concava del ripiegamento del rilievo sotto l&#8217;azione delle spinte tettoniche, la sinclinale, mentre il Forte e il Col si trovano sulla parte convessa dello stesso ripiegamento, l&#8217;anticlinale orientale.<\/p>\n\n\n\n<p class=\"has-medium-font-size\">Il Col d\u2019Albanne (<a href=\"https:\/\/centcols.org\/backup\/util\/geo\/visu.php?code=FR-73-1652\" target=\"_blank\" rel=\"noopener\" title=\"\">FR-73-1652<\/a>) si trova sull&#8217;anticlinale occidentale.<\/p>\n\n\n<div class=\"wp-block-image\">\n<figure class=\"aligncenter size-large\"><img loading=\"lazy\" decoding=\"async\" width=\"818\" height=\"695\" src=\"https:\/\/centcols.org\/backup\/wp-content\/uploads\/2023\/08\/photo2.png\" alt=\"\" class=\"wp-image-76116\" srcset=\"https:\/\/centcols.org\/backup\/wp-content\/uploads\/2023\/08\/photo2.png 818w, https:\/\/centcols.org\/backup\/wp-content\/uploads\/2023\/08\/photo2-500x425.png 500w, https:\/\/centcols.org\/backup\/wp-content\/uploads\/2023\/08\/photo2-768x653.png 768w, https:\/\/centcols.org\/backup\/wp-content\/uploads\/2023\/08\/photo2-600x510.png 600w\" sizes=\"(max-width: 818px) 100vw, 818px\" \/><figcaption class=\"wp-element-caption\"><strong>La piegatura descritta => Estratto della carta  Openrunner e Open Street Map<\/strong><\/figcaption><\/figure><\/div>\n\n\n<h3 class=\"wp-block-heading\">Idrografia<\/h3>\n\n\n\n<p class=\"has-medium-font-size\">Il passo si trova su uno spartiacque tra affluenti dell&#8217;Arc, tra cui la Valloirette a ovest, e torrenti affluenti del Ruisseau des Seignes a est.<\/p>\n\n\n\n<h3 class=\"wp-block-heading\">Accesso e passo vicino<\/h3>\n\n\n\n<p class=\"has-medium-font-size\">La D902 collega Saint-Michel de Maurienne (a nord, 11,8 km &#8211; alt. 730 m) a Valloire (a sud, 4,8 km &#8211; alt. 1430 m) attraverso il Col du T\u00e9l\u00e9graphe.<\/p>\n\n\n<div class=\"wp-block-image\">\n<figure class=\"aligncenter size-large\"><img loading=\"lazy\" decoding=\"async\" width=\"795\" height=\"528\" src=\"https:\/\/centcols.org\/backup\/wp-content\/uploads\/2023\/08\/photo3.png\" alt=\"\" class=\"wp-image-76122\" srcset=\"https:\/\/centcols.org\/backup\/wp-content\/uploads\/2023\/08\/photo3.png 795w, https:\/\/centcols.org\/backup\/wp-content\/uploads\/2023\/08\/photo3-500x332.png 500w, https:\/\/centcols.org\/backup\/wp-content\/uploads\/2023\/08\/photo3-768x510.png 768w, https:\/\/centcols.org\/backup\/wp-content\/uploads\/2023\/08\/photo3-600x398.png 600w\" sizes=\"(max-width: 795px) 100vw, 795px\" \/><\/figure><\/div>\n\n\n<div class=\"wp-block-columns is-layout-flex wp-container-core-columns-is-layout-1 wp-block-columns-is-layout-flex\">\n<div class=\"wp-block-column is-layout-flow wp-block-column-is-layout-flow\" style=\"flex-basis:50%\">\n<p class=\"has-medium-font-size\">La D902, nella discesa verso Valloire, attraversa Le Col\u00a0 \u00a0(<a href=\"https:\/\/centcols.org\/backup\/util\/geo\/visu.php?code=FR-73-1522\" target=\"_blank\" rel=\"noopener\" title=\"\">FR-73-1522<\/a>), che \u00e8 un passo di fianco repertoriato nel catalogo del Club des Cent Cols.<\/p>\n\n\n\n<p class=\"has-medium-font-size\">\u00a0E&#8217; sito su uno spartiacque degli affluenti della Valloirette.<\/p>\n<\/div>\n\n\n\n<div class=\"wp-block-column is-layout-flow wp-block-column-is-layout-flow\" style=\"flex-basis:50%\">\n<figure class=\"wp-block-image size-large\"><img loading=\"lazy\" decoding=\"async\" width=\"400\" height=\"225\" src=\"https:\/\/centcols.org\/backup\/wp-content\/uploads\/2023\/08\/Photo4-1.jpg\" alt=\"\" class=\"wp-image-76134\"\/><figcaption class=\"wp-element-caption\">Le Col &#8211; Foto Guy Garcin<\/figcaption><\/figure>\n<\/div>\n<\/div>\n\n\n\n<h2 class=\"kt-adv-heading78306_457823-4c wp-block-kadence-advancedheading\" data-kb-block=\"kb-adv-heading78306_457823-4c\"><strong>Modificazioni degli accessi<\/strong><\/h2>\n\n\n\n<p class=\"has-medium-font-size\">Durante la BRA del 1936-1942 (la BRA si svolgeva ogni anno), il percorso passava attraverso una galleria che iniziava circa 500 m prima dell&#8217;attuale attraversamento (sul lato Valloire) e sbucava in una curva vicino alla casa cantoniera ancora esistente sul lato della valle dell&#8217;Arc. Questo tunnel fu distrutto dai tedeschi nel 1944 (il BRA non ebbe luogo nel 1943 e nel 1944). Fu aperta una strada che passava per l&#8217;attuale valico. Crolli e vegetazione hanno completamente ostruito l&#8217;ingresso di questa galleria a monte e a valle, e non se ne vede nemmeno la minima traccia\u2026<\/p>\n\n\n\n<h2 class=\"wp-block-heading\">Da vedere &#8211; turismo\u00a0<\/h2>\n\n\n\n<p class=\"has-medium-font-size\">A 1 km a nord del passo, il\u00a0<strong>fort du T\u00e9l\u00e9graphe<\/strong>, (raramente chiamato\u00a0<strong>fort Berwick<\/strong>), \u00e8 a 1\u00a0620\u00a0metri d&#8217;altitudine. Domina la valle della Maurienne di 900 metri.<\/p>\n\n\n\n<p class=\"has-medium-font-size\">In origine era il sito della stazione di telegrafia\u00a0<a href=\"https:\/\/fr.wikipedia.org\/wiki\/Tour_de_Chappe\">Chappe<\/a>\u00a0(telegrafia ottica con bracci articolati), posta sulla linea che collegava Lione a Milano (poi Venezia nel 1809). <\/p>\n\n\n\n<p class=\"has-medium-font-size\">La costruzione del forte \u00e8 stata realizzata tra il 1886 e il 1890, e appartiene al <a href=\"https:\/\/fr.wikipedia.org\/wiki\/Syst%C3%A8me_S%C3%A9r%C3%A9_de_Rivi%C3%A8res\">sistema S\u00e9r\u00e9 de Rivi\u00e8res<\/a>.<\/p>\n\n\n<div class=\"wp-block-image\">\n<figure class=\"aligncenter size-large\"><img loading=\"lazy\" decoding=\"async\" width=\"1024\" height=\"683\" src=\"https:\/\/centcols.org\/backup\/wp-content\/uploads\/2023\/08\/Photo6.jpg\" alt=\"\" class=\"wp-image-76128\" srcset=\"https:\/\/centcols.org\/backup\/wp-content\/uploads\/2023\/08\/Photo6.jpg 1024w, https:\/\/centcols.org\/backup\/wp-content\/uploads\/2023\/08\/Photo6-500x333.jpg 500w, https:\/\/centcols.org\/backup\/wp-content\/uploads\/2023\/08\/Photo6-768x512.jpg 768w, https:\/\/centcols.org\/backup\/wp-content\/uploads\/2023\/08\/Photo6-600x400.jpg 600w\" sizes=\"(max-width: 1024px) 100vw, 1024px\" \/><\/figure><\/div>\n\n\n<p class=\"has-medium-font-size\">Il forte \u00e8 aperto ai visitatori in estate da luglio a agosto.\u00a0<\/p>\n\n\n\n<div class=\"wp-block-columns is-layout-flex wp-container-core-columns-is-layout-2 wp-block-columns-is-layout-flex\">\n<div class=\"wp-block-column is-layout-flow wp-block-column-is-layout-flow\" style=\"flex-basis:50%\"><\/div>\n\n\n\n<div class=\"wp-block-column is-layout-flow wp-block-column-is-layout-flow\" style=\"flex-basis:50%\"><\/div>\n<\/div>\n\n\n\n<h2 class=\"wp-block-heading\">Ciclismo e cicloturismo<\/h2>\n\n\n\n<p class=\"has-medium-font-size\">Le diverse corse passano sul col du T\u00e9l\u00e9graphe \u2026 quando passano sul <a href=\"https:\/\/centcols.org\/backup\/le-col-du-galibier\/\" target=\"_blank\" rel=\"noopener\" title=\"\">col du Galibier<\/a>. <\/p>\n\n\n<div class=\"wp-block-image\">\n<figure class=\"aligncenter size-large\"><img loading=\"lazy\" decoding=\"async\" width=\"1024\" height=\"768\" src=\"https:\/\/centcols.org\/backup\/wp-content\/uploads\/2023\/08\/photo5.jpg\" alt=\"\" class=\"wp-image-76158\" srcset=\"https:\/\/centcols.org\/backup\/wp-content\/uploads\/2023\/08\/photo5.jpg 1024w, https:\/\/centcols.org\/backup\/wp-content\/uploads\/2023\/08\/photo5-500x375.jpg 500w, https:\/\/centcols.org\/backup\/wp-content\/uploads\/2023\/08\/photo5-768x576.jpg 768w, https:\/\/centcols.org\/backup\/wp-content\/uploads\/2023\/08\/photo5-600x450.jpg 600w\" sizes=\"(max-width: 1024px) 100vw, 1024px\" \/><figcaption class=\"wp-element-caption\">BRA 2023\u00a0: Il Club di Bourbon-Lancy (Sa\u00f4ne et Loire) &#8211; il pi\u00f9 numeroso al difuori dell&#8217;Is\u00e8re<br><em>(nota\u00a0: la statua della bicicletta \u00e8 recente &#8211; non \u00e8 ne sulle foto antiche ne su internet)<\/em><\/figcaption><\/figure><\/div>\n\n\n<h3 class=\"wp-block-heading\">Profili<\/h3>\n\n\n\n<p class=\"has-medium-font-size\">Il versante Maurienne (11,8 km, D+\u00a0: 856 m)\u00a0 presenta alcuni passaggi a pi\u00f9 del 10 % (in rosso))<\/p>\n\n\n<div class=\"wp-block-image\">\n<figure class=\"aligncenter size-large is-resized\"><img loading=\"lazy\" decoding=\"async\" width=\"450\" height=\"281\" src=\"https:\/\/centcols.org\/backup\/wp-content\/uploads\/2023\/08\/Photo9.png\" alt=\"\" class=\"wp-image-76146\" style=\"width:792px;height:495px\"\/><\/figure><\/div>\n\n\n<p class=\"has-medium-font-size\">E da St-Michel-de-Maurienne a Valloire (Openrunner)<\/p>\n\n\n<div class=\"wp-block-image\">\n<figure class=\"aligncenter size-large is-resized\"><img loading=\"lazy\" decoding=\"async\" width=\"1012\" height=\"409\" src=\"https:\/\/centcols.org\/backup\/wp-content\/uploads\/2023\/08\/photo8.jpg\" alt=\"\" class=\"wp-image-76152\" style=\"width:852px;height:344px\" srcset=\"https:\/\/centcols.org\/backup\/wp-content\/uploads\/2023\/08\/photo8.jpg 1012w, https:\/\/centcols.org\/backup\/wp-content\/uploads\/2023\/08\/photo8-500x202.jpg 500w, https:\/\/centcols.org\/backup\/wp-content\/uploads\/2023\/08\/photo8-768x310.jpg 768w, https:\/\/centcols.org\/backup\/wp-content\/uploads\/2023\/08\/photo8-600x242.jpg 600w\" sizes=\"(max-width: 1012px) 100vw, 1012px\" \/><\/figure><\/div>\n\n\n<p><\/p>\n\n\n\n<p class=\"has-text-align-right\"><em><em>Un articolo di G\u00e9rard Galland e<\/em><\/em><br><em>Bernard Giraudeau (per la parte geologica) <\/em><\/p>\n","protected":false},"excerpt":{"rendered":"<p>Il Col du T\u00e9l\u00e9graphe (FR-73-1566) prende il nome da una torre telegrafica di Chappe con bracci articolati, costruita nel 1807 sul bordo della rupe. Il forte del T\u00e9l\u00e9graphe vicino al passo sfruttava appieno la sua posizione strategica sopra la valle della Maurienne. Il col du T\u00e9l\u00e9graphe \u00e8 situato nel massiccio dei Cerces, La strada del [&hellip;]<\/p>\n","protected":false},"author":69,"featured_media":0,"comment_status":"closed","ping_status":"closed","sticky":false,"template":"","format":"standard","meta":{"_acf_changed":false,"ub_ctt_via":"","_monsterinsights_skip_tracking":false,"_monsterinsights_sitenote_active":false,"_monsterinsights_sitenote_note":"","_monsterinsights_sitenote_category":0,"footnotes":""},"categories":[628],"tags":[],"acf":[],"featured_image_urls":{"full":"","thumbnail":"","medium":"","medium_large":"","large":"","1536x1536":"","2048x2048":"","woocommerce_thumbnail":"","woocommerce_single":"","woocommerce_gallery_thumbnail":""},"post_excerpt_stackable":"<p>Toponomastica Il Col du T\u00e9l\u00e9graphe (FR-73-1566) prende il nome da una torre telegrafica di Chappe con bracci articolati, costruita nel 1807 sul bordo della rupe. Il forte del T\u00e9l\u00e9graphe vicino al passo sfruttava appieno la sua posizione strategica sopra la valle della Maurienne. Situazione geografica Massiccio Il col du T\u00e9l\u00e9graphe \u00e8 situato nel massiccio dei Cerces, Geologia La strada del Col du T\u00e9l\u00e9graphe, appena lasciata St-Michel-de-Maurienne, \u00e8 dominata a ovest dalla barra rocciosa del Pas du Roc. La parte inferiore di questo massiccio calcareo \u00e8 attraversata dal fiume Arc, che ha scavato la gola del D\u00e9fil\u00e9 du Pas du Roc.&hellip;<\/p>\n","category_list":"<a href=\"https:\/\/centcols.org\/backup\/it\/categorie\/passi-alla-rinfusa\/\" rel=\"category tag\">Passi alla rinfusa<\/a>","author_info":{"display_name":"Enrico Alberini","author_link":"https:\/\/centcols.org\/backup\/it\/author\/5065\/"},"comments_num":"0 commenti","featured_image_urls_v2":{"full":"","thumbnail":"","medium":"","medium_large":"","large":"","1536x1536":"","2048x2048":"","woocommerce_thumbnail":"","woocommerce_single":"","woocommerce_gallery_thumbnail":""},"post_excerpt_stackable_v2":"<p>Toponomastica Il Col du T\u00e9l\u00e9graphe (FR-73-1566) prende il nome da una torre telegrafica di Chappe con bracci articolati, costruita nel 1807 sul bordo della rupe. Il forte del T\u00e9l\u00e9graphe vicino al passo sfruttava appieno la sua posizione strategica sopra la valle della Maurienne. Situazione geografica Massiccio Il col du T\u00e9l\u00e9graphe \u00e8 situato nel massiccio dei Cerces, Geologia La strada del Col du T\u00e9l\u00e9graphe, appena lasciata St-Michel-de-Maurienne, \u00e8 dominata a ovest dalla barra rocciosa del Pas du Roc. La parte inferiore di questo massiccio calcareo \u00e8 attraversata dal fiume Arc, che ha scavato la gola del D\u00e9fil\u00e9 du Pas du Roc.&hellip;<\/p>\n","category_list_v2":"<a href=\"https:\/\/centcols.org\/backup\/it\/categorie\/passi-alla-rinfusa\/\" rel=\"category tag\">Passi alla rinfusa<\/a>","author_info_v2":{"name":"Enrico Alberini","url":"https:\/\/centcols.org\/backup\/it\/author\/5065\/"},"comments_num_v2":"0 commenti","featured_image_src":null,"_links":{"self":[{"href":"https:\/\/centcols.org\/backup\/it\/wp-json\/wp\/v2\/posts\/78306"}],"collection":[{"href":"https:\/\/centcols.org\/backup\/it\/wp-json\/wp\/v2\/posts"}],"about":[{"href":"https:\/\/centcols.org\/backup\/it\/wp-json\/wp\/v2\/types\/post"}],"author":[{"embeddable":true,"href":"https:\/\/centcols.org\/backup\/it\/wp-json\/wp\/v2\/users\/69"}],"replies":[{"embeddable":true,"href":"https:\/\/centcols.org\/backup\/it\/wp-json\/wp\/v2\/comments?post=78306"}],"version-history":[{"count":0,"href":"https:\/\/centcols.org\/backup\/it\/wp-json\/wp\/v2\/posts\/78306\/revisions"}],"wp:attachment":[{"href":"https:\/\/centcols.org\/backup\/it\/wp-json\/wp\/v2\/media?parent=78306"}],"wp:term":[{"taxonomy":"category","embeddable":true,"href":"https:\/\/centcols.org\/backup\/it\/wp-json\/wp\/v2\/categories?post=78306"},{"taxonomy":"post_tag","embeddable":true,"href":"https:\/\/centcols.org\/backup\/it\/wp-json\/wp\/v2\/tags?post=78306"}],"curies":[{"name":"wp","href":"https:\/\/api.w.org\/{rel}","templated":true}]}}