{"id":78308,"date":"2023-08-04T15:51:24","date_gmt":"2023-08-04T13:51:24","guid":{"rendered":"https:\/\/centcols.org\/backup\/croix-de-fer-2\/"},"modified":"2023-12-15T09:54:40","modified_gmt":"2023-12-15T08:54:40","slug":"croix-de-fer-2","status":"publish","type":"post","link":"https:\/\/centcols.org\/backup\/it\/croix-de-fer-2\/","title":{"rendered":"Il Col de la Croix de Fer"},"content":{"rendered":"\n<h2 class=\"kt-adv-heading78308_0e4a0d-02 wp-block-kadence-advancedheading\" data-kb-block=\"kb-adv-heading78308_0e4a0d-02\">Toponomastica<\/h2>\n\n\n\n<p class=\"has-medium-font-size\">Il <strong>Col de la Croix de Fer<\/strong> (<a href=\"https:\/\/centcols.org\/backup\/util\/geo\/visu.php?code=FR-73-2064a\">FR-73-2064a<\/a>) deve il suo nome attuale all&#8217;imponente croce di ferro che si trova sulla sua sommit\u00e0.<\/p>\n\n\n<div class=\"wp-block-image\">\n<figure class=\"aligncenter size-large\"><img loading=\"lazy\" decoding=\"async\" width=\"1024\" height=\"768\" src=\"https:\/\/centcols.org\/backup\/wp-content\/uploads\/2023\/07\/le-col-de-la-de-ferdominant-celui-du-Glandon-1024x768-1.jpg\" alt=\"\" class=\"wp-image-75713\" srcset=\"https:\/\/centcols.org\/backup\/wp-content\/uploads\/2023\/07\/le-col-de-la-de-ferdominant-celui-du-Glandon-1024x768-1.jpg 1024w, https:\/\/centcols.org\/backup\/wp-content\/uploads\/2023\/07\/le-col-de-la-de-ferdominant-celui-du-Glandon-1024x768-1-500x375.jpg 500w, https:\/\/centcols.org\/backup\/wp-content\/uploads\/2023\/07\/le-col-de-la-de-ferdominant-celui-du-Glandon-1024x768-1-768x576.jpg 768w, https:\/\/centcols.org\/backup\/wp-content\/uploads\/2023\/07\/le-col-de-la-de-ferdominant-celui-du-Glandon-1024x768-1-600x450.jpg 600w\" sizes=\"(max-width: 1024px) 100vw, 1024px\" \/><figcaption class=\"wp-element-caption\"><strong>Al col de la Croix de Fer, a sinistra un po&#8217; pi\u00f9 in basso il col du Glandon<\/strong><\/figcaption><\/figure><\/div>\n\n\n<p class=\"has-medium-font-size\">Questa croce \u00e8 stata <a href=\"https:\/\/cyclotourisme-grenoble-ctg.org\/CTG\/vandalisme-a-la-croix-de-fer-un-23-decembre\/\" target=\"_blank\" rel=\"noreferrer noopener\">vandalizzata nel 2016<\/a>&nbsp;poi ricostruita dal comune di Saint-Sorlin d\u2019Arves. <\/p>\n\n\n<div class=\"wp-block-image\">\n<figure class=\"aligncenter size-large\"><img loading=\"lazy\" decoding=\"async\" width=\"798\" height=\"531\" src=\"https:\/\/centcols.org\/backup\/wp-content\/uploads\/2023\/07\/Croix-de-fer2.jpg\" alt=\"\" class=\"wp-image-75719\" srcset=\"https:\/\/centcols.org\/backup\/wp-content\/uploads\/2023\/07\/Croix-de-fer2.jpg 798w, https:\/\/centcols.org\/backup\/wp-content\/uploads\/2023\/07\/Croix-de-fer2-500x333.jpg 500w, https:\/\/centcols.org\/backup\/wp-content\/uploads\/2023\/07\/Croix-de-fer2-768x511.jpg 768w, https:\/\/centcols.org\/backup\/wp-content\/uploads\/2023\/07\/Croix-de-fer2-600x399.jpg 600w\" sizes=\"(max-width: 798px) 100vw, 798px\" \/><figcaption class=\"wp-element-caption\"><strong>La Croix de Fer vandalizzata &#8211; Imaginee Dauphin\u00e9 Lib\u00e9r\u00e9 &#8211; 15 gennaio 2017<\/strong><\/figcaption><\/figure><\/div>\n\n\n<p class=\"has-medium-font-size\">In passato, il passo era conosciuto come <strong>Col d&#8217;Olle<\/strong>. La sorgente dell&#8217;omonimo torrente si trova nelle vicinanze.<\/p>\n\n\n\n<h2 class=\"kt-adv-heading78308_df3801-60 wp-block-kadence-advancedheading\" data-kb-block=\"kb-adv-heading78308_df3801-60\">Situazione geografica<\/h2>\n\n\n\n<h3 class=\"kt-adv-heading78308_21d1d5-d3 wp-block-kadence-advancedheading\" data-kb-block=\"kb-adv-heading78308_21d1d5-d3\">Massiccio<\/h3>\n\n\n\n<p class=\"has-medium-font-size\">Il passo si trova sul confine tra i massicci alpini dei&nbsp;<a href=\"https:\/\/fr.wikipedia.org\/wiki\/Grandes_Rousses\" target=\"_blank\" rel=\"noopener\" title=\"\">Grandes Rousses<\/a> (a sud), di&nbsp;<a href=\"https:\/\/fr.wikipedia.org\/wiki\/Massif_des_Arves\" target=\"_blank\" rel=\"noopener\" title=\"\">Arves<\/a> (a est) e la <a href=\"https:\/\/fr.wikipedia.org\/wiki\/Cha%C3%AEne_de_Belledonne\" target=\"_blank\" rel=\"noopener\" title=\"\">Chaine de Belledonne<\/a> (pi\u00f9 a ovest).&nbsp;&nbsp;<\/p>\n\n\n\n<h3 class=\"kt-adv-heading78308_acf4c3-83 wp-block-kadence-advancedheading\" data-kb-block=\"kb-adv-heading78308_acf4c3-83\">Geologia<\/h3>\n\n\n\n<p class=\"has-medium-font-size\">Il col du Glandon e il col de la Croix de Fer sono geograficamente molto vicini poich\u00e9 distano meno di 3 km tra loro.<\/p>\n\n\n<div class=\"wp-block-image\">\n<figure class=\"aligncenter size-large is-resized\"><img loading=\"lazy\" decoding=\"async\" width=\"987\" height=\"414\" src=\"https:\/\/centcols.org\/backup\/wp-content\/uploads\/2023\/07\/Glandon-photo.jpg\" alt=\"\" class=\"wp-image-75528\" style=\"width:972px;height:407px\" srcset=\"https:\/\/centcols.org\/backup\/wp-content\/uploads\/2023\/07\/Glandon-photo.jpg 987w, https:\/\/centcols.org\/backup\/wp-content\/uploads\/2023\/07\/Glandon-photo-500x210.jpg 500w, https:\/\/centcols.org\/backup\/wp-content\/uploads\/2023\/07\/Glandon-photo-768x322.jpg 768w, https:\/\/centcols.org\/backup\/wp-content\/uploads\/2023\/07\/Glandon-photo-600x252.jpg 600w\" sizes=\"(max-width: 987px) 100vw, 987px\" \/><\/figure><\/div>\n\n\n<p class=\"has-medium-font-size\">Il Col de la Croix-de-Fer fa parte geologicamente del massiccio delle <a href=\"https:\/\/fr.wikipedia.org\/wiki\/Grandes_Rousses\" target=\"_blank\" rel=\"noopener\" title=\"\">Grandes Rousses<\/a>. Questo fa parte del vasto massiccio cristallino che comprende le catene del Mercantour, di Les \u00c9crins, di Oisans, di Belledonne e del Monte Bianco.<\/p>\n\n\n\n<p class=\"has-medium-font-size\">Le rocce che compongono il passo sono tufi vulcanici provenienti da un&#8217;eruzione vulcanica risalente al Carbonifero (circa 300 milioni di anni fa), risultato della collisione delle placche tettoniche durante il sollevamento delle Alpi. \u00c8 possibile osservare anche le &#8220;roche moutonn\u00e9es&#8221; o &#8220;rocce a dorso di balena&#8221;. Si tratta di rocce affioranti che portano le cicatrici di un ghiacciaio che ha sfregato sulla loro superficie, striandola e lucidandola.<\/p>\n\n\n\n<p class=\"has-medium-font-size\">I lettori interessati a questo argomento possono consultare l&#8217;articolo completo su <a href=\"http:\/\/www.geol-alp.com\/h_maurienne\/_lieux_maurienne_Sud\/Ouillon.html\" target=\"_blank\" rel=\"noopener\" title=\"\">geol-alp.com<\/a><\/p>\n\n\n\n<h3 class=\"wp-block-heading\">Idrografia<\/h3>\n\n\n\n<p class=\"has-medium-font-size\"><strong>Versante ovest (lato Is\u00e8re)<\/strong>&nbsp;: valle de l\u2019Eau d\u2019Olle. <br>L\u2019eau d\u2019Olle \u00e8 una affluente della Romanche che ha la sua sorgente molto viicno al Col de la Croix de Fer.<\/p>\n\n\n\n<p class=\"has-medium-font-size\"><strong>Versante est poi nord (lato Savoia) : <\/strong>la valle de l\u2019Arvan, chiamata anche valle des Arves. <br>L\u2019Arvan \u00e8 un affluente dell&#8217;Arc a Saint Jean de Maurienne.<\/p>\n\n\n\n<p class=\"has-medium-font-size\">Entrambi i versanti fanno perci\u00f2 parte del <strong>bacino dell&#8217;Is\u00e8re<\/strong>.<\/p>\n\n\n\n<h3 class=\"wp-block-heading\">Accesso<\/h3>\n\n\n\n<p class=\"has-medium-font-size\"><strong>Versante Is\u00e8re<\/strong><\/p>\n\n\n\n<p class=\"has-medium-font-size\">L&#8217;accesso \u00e8 condiviso con il Col du Glandon fino all&#8217;incrocio D926 \/ D927 (alt. 1907 m), a 200 m dal Col du Glandon e a 2,7 km dal Col de la Croix de Fer.<\/p>\n\n\n\n<p class=\"has-medium-font-size\">La D526 parte da Rochetaill\u00e9e (32,5 km, alt. 711 m), attraversa Allemond (30 km), passa sopra la diga di Verneys e costeggia il lago (riva sinistra), attraversa il Rivier d&#8217;Allemond (18 km &#8211; alt. 1264 m), vicino alla diga di Grand&#8217;Maison (9 km &#8211; alt. 1720 m) e costeggia il lago sulla riva destra. Diventa D926 quando attraversa il Rieu Claret (a 4 km, al confine tra Is\u00e8re e Savoia, alt. 1773 m) prima di unirsi all&#8217;incrocio con la D927 verso il Col de la Croix de Fer.<\/p>\n\n\n<div class=\"wp-block-image\">\n<figure class=\"aligncenter size-large is-resized\"><img loading=\"lazy\" decoding=\"async\" width=\"964\" height=\"822\" src=\"https:\/\/centcols.org\/backup\/wp-content\/uploads\/2023\/07\/Glandon-carte.jpg\" alt=\"\" class=\"wp-image-75552\" style=\"width:1095px;height:934px\" srcset=\"https:\/\/centcols.org\/backup\/wp-content\/uploads\/2023\/07\/Glandon-carte.jpg 964w, https:\/\/centcols.org\/backup\/wp-content\/uploads\/2023\/07\/Glandon-carte-500x426.jpg 500w, https:\/\/centcols.org\/backup\/wp-content\/uploads\/2023\/07\/Glandon-carte-768x655.jpg 768w, https:\/\/centcols.org\/backup\/wp-content\/uploads\/2023\/07\/Glandon-carte-600x512.jpg 600w\" sizes=\"(max-width: 964px) 100vw, 964px\" \/><\/figure><\/div>\n\n\n<p class=\"has-medium-font-size\"><strong>Versante&nbsp;Savoia<\/strong><\/p>\n\n\n\n<p>Da <strong>Saint Jean de Maurienne<\/strong> (29 km &#8211; alt. 570 m), per la <strong>D926<\/strong>: Pont de Belleville (14 km &#8211; alt. 1228 m), Saint Sorlin d&#8217;Arves (10 km &#8211; 1400 m).<\/p>\n\n\n\n<p><em>Tre gallerie (96, 178 e 503 m &#8211; ben illuminate) si trovano tra 17,5 e 16 km dalla cima del passo.<\/em><\/p>\n\n\n\n<p>Attraverso il<strong> Col du Glandon<\/strong>, la <strong>D927<\/strong> d\u00e0 accesso al Col du Glandon (FR-73-1924) dalla Maurienne (Saint-Etienne de Cuines a 21 km &#8211; alt. . 450 m) via Saint-Colomban-des-Villards (10 km dal passo &#8211; alt. 1100 m).<\/p>\n\n\n\n<p>Dal Col du Glandon si scende brevemente (200 m) fino al bivio (alt. 1907 m) con la D926 da Allemont e il Lac de Grand&#8217;Maison. Il Col de la Croix de Fer dista 2,7 km.<\/p>\n\n\n\n<div class=\"wp-block-columns is-layout-flex wp-container-core-columns-is-layout-1 wp-block-columns-is-layout-flex\"><\/div>\n\n\n\n<div class=\"wp-block-columns are-vertically-aligned-center is-layout-flex wp-container-core-columns-is-layout-2 wp-block-columns-is-layout-flex\">\n<div class=\"wp-block-column is-vertically-aligned-center is-layout-flow wp-block-column-is-layout-flow\"><\/div>\n\n\n\n<div class=\"wp-block-column is-vertically-aligned-center is-layout-flow wp-block-column-is-layout-flow\"><\/div>\n<\/div>\n\n\n\n<h3 class=\"kt-adv-heading78308_f68f4c-74 wp-block-kadence-advancedheading\" data-kb-block=\"kb-adv-heading78308_f68f4c-74\"><strong>Modificazione degli  accessi<\/strong><\/h3>\n\n\n\n<p class=\"has-medium-font-size\"><strong>Versante Is\u00e8re<\/strong><\/p>\n\n\n\n<p class=\"has-medium-font-size\">La strada \u00e8 stata costruita per la prima volta fino al Col du Glandon nel 1898. Il prolungamento fino al Col de la Croix de Fer fu inaugurato il 14 luglio 1912.<\/p>\n\n\n\n<p class=\"has-medium-font-size\">Alla fine del XX secolo, la strada ha subito due modifiche:<\/p>\n\n\n\n<ul>\n<li><span style=\"font-size: 20px; font-family: arial, helvetica, sans-serif;\">Un cambiamento del tracciato \u00e8 dovuto alla costruzione della <a href=\"https:\/\/fr.wikipedia.org\/wiki\/Barrage_de_Grand%27Maison\" target=\"_blank\" rel=\"noopener\">Diga Grand-Maison<\/a> dal 1978 al1985. La strada si affaccia leggermente sul lago (circa cinquanta metri) prima di scendere leggermente verso l&#8217;Eau d&#8217;Olle.<\/span><\/li>\n<\/ul>\n\n\n\n<ul>\n<li><span style=\"font-size: 20px;\">Il 23 aprile 1989, una <a href=\"http:\/\/www.irma-grenoble.com\/04risques_isere\/00commune_evenements_fiche.php?id_evenements=771\" target=\"_blank\" rel=\"noopener\">frana proveniente dal Pic Bunard <\/a>&nbsp;(da 300 a 400 m<sup>3<\/sup> di roccie) ha spazzato via la strada (sponda destra dell&#8217;Eau d&#8217;Olle) sopra il Rivier d&#8217;Allemond all&#8217;altezza della cascata di Maupas. La strada \u00e8 stata ricostruita sulla riva sinistra per una distanza di 2 km, con una discesa (62 m in 600 m) per attraversare il torrente e poi una salita abbastanza ripida (11% per il primo chilometro). La vecchia strada \u00e8 ancora visibile lungo la riva destra della montagna <em>(questo \u00e8 stato un anno con Marmotte e BRA. Una nuova strada \u00e8 stata costruita in 2 mesi! Un miracolo di decisione).<\/em><\/span><\/li>\n<\/ul>\n\n\n<div class=\"wp-block-image is-resized\">\n<figure class=\"aligncenter size-large\"><img loading=\"lazy\" decoding=\"async\" width=\"992\" height=\"744\" src=\"https:\/\/centcols.org\/backup\/wp-content\/uploads\/2023\/07\/EBOULEMENT-MAUPAS.jpg\" alt=\"\" class=\"wp-image-75558\" srcset=\"https:\/\/centcols.org\/backup\/wp-content\/uploads\/2023\/07\/EBOULEMENT-MAUPAS.jpg 992w, https:\/\/centcols.org\/backup\/wp-content\/uploads\/2023\/07\/EBOULEMENT-MAUPAS-500x375.jpg 500w, https:\/\/centcols.org\/backup\/wp-content\/uploads\/2023\/07\/EBOULEMENT-MAUPAS-768x576.jpg 768w, https:\/\/centcols.org\/backup\/wp-content\/uploads\/2023\/07\/EBOULEMENT-MAUPAS-600x450.jpg 600w\" sizes=\"(max-width: 992px) 100vw, 992px\" \/><figcaption class=\"wp-element-caption\"><strong><em>La frana del 1989 caduta dal Pic Bunard ; in basso a destra la nuova strada che attraversa sulla riva sinistra l\u2019Eau D\u2019Olle et se dirige verso il Col du Glandon.&nbsp;<\/em><br><em>In alto a destra la montagna del Rissou, dominante il d\u00e9fil\u00e9 del Maupas.<\/em><\/strong><em>&nbsp; <a href=\"http:\/\/forayrandobrie.free.fr\/Belledonne\/Belledonne1314\/index_fichiers\/Page1126.htm\" target=\"_blank\" rel=\"noopener\" title=\"\">Fonte: forayrandobrie.free.fr\/Belledonne<\/a><\/em><\/figcaption><\/figure><\/div>\n\n\n<p class=\"has-medium-font-size\"><strong>Versante Savoi<\/strong>a<\/p>\n\n\n\n<p class=\"has-medium-font-size\">Per diversi secoli, solo una mulattiera conduceva al passo.<br>Nel 1900 fu trasformata in strada da Saint-Sorlin-d&#8217;Arves al passo (poi estesa al Col du Glandon nel 1912).<\/p>\n\n\n\n<p><\/p>\n\n\n\n<h2 class=\"wp-block-heading\">Da vedere &#8211; turismo&nbsp;<\/h2>\n\n\n\n<h4 class=\"wp-block-heading has-medium-font-size\"><br>Versante Is\u00e8re (in comune con il col du Glandon)<\/h4>\n\n\n\n<p class=\"has-medium-font-size\">La <strong><a href=\"https:\/\/france3-regions.francetvinfo.fr\/auvergne-rhone-alpes\/isere\/video-immersion-a-la-centrale-hydroelectrique-de-grand-maison-en-isere-la-plus-puissante-d-europe-2274700.html\" target=\"_blank\" rel=\"noopener\" title=\"\">centrale de Grand\u2019Maison<\/a><\/strong> \u00e8 una centrale di pompaggio (STEP).<\/p>\n\n\n\n<p class=\"has-medium-font-size\">Un serbatoio superiore (Lac de Grand&#8217;Maison, 1.695 m) \u00e8 collegato tramite condotte forzate a un serbatoio inferiore, il Lac du Verney, situato 900 m sotto la centrale (Lac du Verney, 725 m, 15 milioni di m\u00b3 di acqua). Durante i periodi di alto consumo, la centrale elettrica mette in turbina l&#8217;acqua del bacino superiore. L&#8217;acqua fluisce poi nel serbatoio a valle. Nei periodi non di punta, soprattutto di notte e nei fine settimana, l&#8217;acqua del serbatoio inferiore viene pompata nel serbatoio superiore.<\/p>\n\n\n\n<p class=\"has-medium-font-size\">In questo modo, il sistema pu\u00f2 accumulare energia e rispondere rapidamente ai picchi di domanda.<\/p>\n\n\n\n<p class=\"has-medium-font-size\">\u00c8 la diga pi\u00f9 potente d&#8217;Europa e pu\u00f2 produrre l&#8217;equivalente di 2 reattori nucleari di vecchia generazione.<\/p>\n\n\n<div class=\"wp-block-image\">\n<figure class=\"aligncenter size-large\"><img loading=\"lazy\" decoding=\"async\" width=\"1200\" height=\"680\" src=\"https:\/\/centcols.org\/backup\/wp-content\/uploads\/2023\/07\/Glandon-Gd-Maison.jpg\" alt=\"\" class=\"wp-image-75564\" srcset=\"https:\/\/centcols.org\/backup\/wp-content\/uploads\/2023\/07\/Glandon-Gd-Maison.jpg 1200w, https:\/\/centcols.org\/backup\/wp-content\/uploads\/2023\/07\/Glandon-Gd-Maison-500x283.jpg 500w, https:\/\/centcols.org\/backup\/wp-content\/uploads\/2023\/07\/Glandon-Gd-Maison-768x435.jpg 768w, https:\/\/centcols.org\/backup\/wp-content\/uploads\/2023\/07\/Glandon-Gd-Maison-600x340.jpg 600w\" sizes=\"(max-width: 1200px) 100vw, 1200px\" \/><\/figure><\/div>\n\n\n<p class=\"has-medium-font-size\">Il <strong><a href=\"https:\/\/www.edf.fr\/groupe-edf\/agir-en-entreprise-responsable\/fondation-et-mecenat-patrimoine-sport\/site-emblematique-grandmaison-hydrelec\/hydrelec-un-musee-dedie-a-lhydroelectricite\" target=\"_blank\" rel=\"noopener\" title=\"\">Museo EDF Hydr\u00e9lec<\/a><\/strong> situato tra la strada e il Lac du Verney, ha ottenuto il marchio Mus\u00e9e de France e presenta collezioni uniche dell&#8217;arco alpino risalenti al XIX e XX secolo. Un percorso scenografico rende omaggio agli scienziati, agli ingegneri, ai tecnici e agli operai che hanno partecipato alla creazione di centrali idroelettriche e dighe.<\/p>\n\n\n\n<h4 class=\"wp-block-heading has-medium-font-size\">Versante Savoia<\/h4>\n\n\n\n<div class=\"wp-block-columns is-layout-flex wp-container-core-columns-is-layout-3 wp-block-columns-is-layout-flex\"><\/div>\n\n\n\n<div class=\"wp-block-columns is-layout-flex wp-container-core-columns-is-layout-4 wp-block-columns-is-layout-flex\">\n<div class=\"wp-block-column is-layout-flow wp-block-column-is-layout-flow\" style=\"flex-basis:66.66%\">\n<p class=\"has-medium-font-size\" id=\"block-720dacc5-d675-4a5a-bc56-23c841b99d14\">Al <strong>carrefour d\u2019Entraigues<\/strong>, a 12,5 km dal passo, Si pu\u00f2 ammirare la scultura lignea della guida Guille, nativo di Entraigues e pioniere nella conquista delle Aiguilles d&#8217;Arves e dell&#8217;\u00c9tendard).<\/p>\n\n\n\n<p class=\"has-medium-font-size\">A <strong>Saint Sorlin d\u2019Arves<\/strong>&nbsp;: l<a href=\"https:\/\/fr.wikipedia.org\/wiki\/%C3%89glise_Saint-Saturnin_de_Saint-Sorlin-d%27Arves\"><strong>a chiesa Saint-Saturnin<\/strong><\/a><strong> (<\/strong>construita nel 1603)<\/p>\n<\/div>\n\n\n\n<div class=\"wp-block-column is-layout-flow wp-block-column-is-layout-flow\" style=\"flex-basis:33.33%\">\n<figure class=\"wp-block-image size-large is-resized\"><img loading=\"lazy\" decoding=\"async\" width=\"308\" height=\"600\" src=\"https:\/\/centcols.org\/backup\/wp-content\/uploads\/2023\/07\/Statue2-1.jpg\" alt=\"\" class=\"wp-image-75731\" style=\"width:181px;height:353px\" srcset=\"https:\/\/centcols.org\/backup\/wp-content\/uploads\/2023\/07\/Statue2-1.jpg 308w, https:\/\/centcols.org\/backup\/wp-content\/uploads\/2023\/07\/Statue2-1-257x500.jpg 257w\" sizes=\"(max-width: 308px) 100vw, 308px\" \/><\/figure>\n<\/div>\n<\/div>\n\n\n\n<h4 class=\"wp-block-heading has-medium-font-size\">Al passo<\/h4>\n\n\n\n<p class=\"has-medium-font-size\">Due tavole d&#8217;orientamento:<\/p>\n\n\n\n<ul>\n<li><span style=\"font-family: arial, helvetica, sans-serif; font-size: 20px; color: initial;\">Una a est del passo, che guarda verso la valle dell&#8217;Arvan e le Aiguilles d&#8217;Arves.<\/span><\/li>\n<li><span style=\"font-family: arial, helvetica, sans-serif; font-size: 20px; color: initial;\">L&#8217;altra a ovest, con lo sguardo rivolto al corso superiore dell&#8217;Eau d&#8217;Olle, al Col du Glandon e alla catena montuosa di Belledonne.<\/span><\/li>\n<\/ul>\n\n\n\n<h4 class=\"wp-block-heading has-medium-font-size\">Sopra al passo<\/h4>\n\n\n\n<p class=\"has-medium-font-size\"><a href=\"https:\/\/www.saintsorlindarves.com\/incontournables-pour-les-familles\/circuit-des-trois-lacs-vers-le-pied-du-glacier\" target=\"_blank\" rel=\"noopener\" title=\"\">Circuito dei Tre laghi <\/a> verso il rifugio dell&#8217;\u00c9tendard, il lago Bramant, il lago Blanc<\/p>\n\n\n\n<h2 class=\"wp-block-heading\">Situazione amministrativa<\/h2>\n\n\n\n<h3 class=\"wp-block-heading\">Attualmente<\/h3>\n\n\n\n<p class=\"has-medium-font-size\">Entrambi i versanti del passo si trovano nel dipartimento della Savoia (Comune di <a href=\"https:\/\/fr.wikipedia.org\/wiki\/Saint-Sorlin-d%27Arves\">Saint-Sorlin-d&#8217;Arves<\/a>.<\/p>\n\n\n\n<p class=\"has-medium-font-size\">Il confine Is\u00e8re \/ Savoia \u00e8 posto al Pont du Rieu Claret (1730 m)&nbsp; a 6,3 km dal passo.<\/p>\n\n\n\n<h3 class=\"wp-block-heading\">Storia<\/h3>\n\n\n\n<p class=\"has-medium-font-size\">Perch\u00e9 il confine Is\u00e8re \/ Savoia non \u00e8 sullo spartiacque Arc \/ Is\u00e8re&nbsp;?&nbsp;<em>(cio\u00e8 ai passi della Croix de Fer e du Glandon)<\/em><\/p>\n\n\n\n<p class=\"has-medium-font-size\"><strong>Secondo&nbsp;<a href=\"https:\/\/www.oisans.com\/decouvrir\/les-incontournables\/col-glandon-col-de-croix-de-fer\/\" target=\"_blank\" rel=\"noopener\" title=\"\">\u00ab&nbsp;oisans.com&nbsp;\u00bb<\/a><\/strong><\/p>\n\n\n\n<p class=\"has-medium-font-size\">Fino al 1860, il passo del Sabot segnava il confine tra Francia e Savoia. Vaujany, sulla route des cols, fu dotata di un posto di frontiera per proteggere la provincia del Delfinato. \u2026 \/ \u2026 Dove oggi si trova il bacino della Grand&#8217;Maison, un tempo vasti pascoli montani erano condivisi tra francesi e savoiardi. La Grand&#8217;Maison era un grande edificio utilizzato per ospitare i pastori. Informazioni completate da&nbsp;<strong>\u00ab&nbsp;<a href=\"https:\/\/www.isere-tourisme.com\/patrimoine-naturel\/au-col-du-sabot-2100-m\" target=\"_blank\" rel=\"noopener\" title=\"\">Is\u00e8re-Tourisme&nbsp;<\/a>\u00bb&nbsp;<\/strong>: Dietro il Col du Sabot c&#8217;era un posto di frontiera, di cui esistono ancora alcune rovine.<\/p>\n\n\n\n<p class=\"has-medium-font-size\"><strong>ChatGPT completa queste informazioni <\/strong>(senza citare le sue fonti):<\/p>\n\n\n\n<p class=\"has-medium-font-size\">&#8220;La regione intorno ai passi della Croix de Fer e del Glandon \u00e8 un&#8217;area di pascoli montani in cui i contadini savoiardi e del Delfinato hanno praticato l&#8217;agricoltura per secoli. Gli abitanti dei due versanti avevano rapporti stretti e spesso condividevano pascoli e terreni agricoli.<\/p>\n\n\n\n<p class=\"has-medium-font-size\">Quando il confine fu definito nell&#8217;ambito del Trattato di Torino del 1860, era importante ridurre al minimo i disagi per le popolazioni locali. Fissare il confine sul Rieu Claret, un corso d&#8217;acqua chiaramente identificabile, ha permesso di mantenere i diritti d&#8217;uso tradizionali degli agricoltori su entrambi i lati del confine.&#8221;<\/p>\n\n\n\n<h2 class=\"wp-block-heading\">Ciclismo e cicloturismo<\/h2>\n\n\n\n<h3 class=\"wp-block-heading\">Tour de France<\/h3>\n\n\n\n<p class=\"has-medium-font-size\">Il&nbsp;Tour de France&nbsp;ha affrontato questo passo per la prima volta nel 1947.<\/p>\n\n\n\n<h3 class=\"wp-block-heading\">Criterium del Delfinato<\/h3>\n\n\n\n<p class=\"has-medium-font-size\">Il passo era in programma nelle edizioni 2008, 2009 e 2011. \u00c8 stato l&#8217;arrivo della 7a tappa del Crit\u00e9rium du Dauphin\u00e9 2023 vinta da Jonas Vingegaard, che si \u00e8 cos\u00ec assicurato la vittoria in questa edizione.<\/p>\n\n\n\n<p class=\"has-medium-font-size\">\u00c8 il traguardo pi\u00f9 alto nella storia del Crit\u00e9rium du Dauphin\u00e9.<\/p>\n\n\n\n<h3 class=\"wp-block-heading\">BRA<\/h3>\n\n\n\n<p class=\"has-medium-font-size\"><a href=\"https:\/\/cyclotourisme-grenoble-ctg.org\/bra\/un-peu-dhistoire-et-de-geographie-au-sujet-des-cols-du-bra-2023\/\" target=\"_blank\" rel=\"noopener\" title=\"\">Le BRA<\/a> affronta il Col de la Croix de Fer dalla sua creazione nel 1936.<\/p>\n\n\n\n<ul>\n<li><span style=\"font-size: 20px; font-family: arial, helvetica, sans-serif;\">Per il versante Savoia dal 1936 al 1945<\/span><\/li>\n<li><span style=\"font-size: 20px; font-family: arial, helvetica, sans-serif;\">In alternanza versante Is\u00e8re, versante Savoia dopo il 1945<\/span><\/li>\n<li><span style=\"font-size: 20px; font-family: arial, helvetica, sans-serif;\">Per il suo versante Is\u00e8re dal 2015<\/span><\/li>\n<\/ul>\n\n\n\n<h3 class=\"wp-block-heading\">Marmotte<\/h3>\n\n\n\n<p class=\"has-medium-font-size\">Dalla sua creazione nel 1982 al 1999, la manifestazione ciclosportiva &#8220;La Marmotte&#8221; si \u00e8 svolta sul Col de la Croix de Fer, poi sul Col du Glandon.<\/p>\n\n\n\n<p class=\"has-medium-font-size\">Nel 2023, il Glandon non era pi\u00f9 in programma e il percorso comprendeva il Col de la Croix de Fer (e il Col du Mollard).<\/p>\n\n\n\n<h3 class=\"wp-block-heading\">Profilo<\/h3>\n\n\n\n<p class=\"has-medium-font-size\">Su internet si trovano molti profili del Col de la Croix de Fer. Le percentuali indicate sono molto variabili.<\/p>\n\n\n\n<p class=\"has-medium-font-size\">La cosa migliore \u00e8 tracciare il proprio percorso su Openrunner e cliccare su &#8220;vedi il profilo altimetrico&#8221;, come mostrato qui tra Allemond (Is\u00e8re) e Saint-Jean-de-Maurienne (Savoia):<\/p>\n\n\n<div class=\"wp-block-image\">\n<figure class=\"aligncenter size-large\"><img loading=\"lazy\" decoding=\"async\" width=\"1200\" height=\"320\" src=\"https:\/\/centcols.org\/backup\/wp-content\/uploads\/2023\/07\/Col-de-la-Croix-de-Fer-1200x320.jpeg\" alt=\"\" class=\"wp-image-75737\" srcset=\"https:\/\/centcols.org\/backup\/wp-content\/uploads\/2023\/07\/Col-de-la-Croix-de-Fer-1200x320.jpeg 1200w, https:\/\/centcols.org\/backup\/wp-content\/uploads\/2023\/07\/Col-de-la-Croix-de-Fer-500x133.jpeg 500w, https:\/\/centcols.org\/backup\/wp-content\/uploads\/2023\/07\/Col-de-la-Croix-de-Fer-768x205.jpeg 768w, https:\/\/centcols.org\/backup\/wp-content\/uploads\/2023\/07\/Col-de-la-Croix-de-Fer-1536x410.jpeg 1536w, https:\/\/centcols.org\/backup\/wp-content\/uploads\/2023\/07\/Col-de-la-Croix-de-Fer-2048x546.jpeg 2048w, https:\/\/centcols.org\/backup\/wp-content\/uploads\/2023\/07\/Col-de-la-Croix-de-Fer-600x160.jpeg 600w\" sizes=\"(max-width: 1200px) 100vw, 1200px\" \/><\/figure><\/div>\n\n\n<p class=\"has-medium-font-size\">Un profilo dettagliato del versante settentrionale mostra le difficolt\u00e0 create dalla frana del 1989 e dalla nuova strada sulla riva sinistra dell&#8217;Eau d&#8217;Olle (km 12).<\/p>\n\n\n<div class=\"wp-block-image\">\n<figure class=\"aligncenter size-large\"><img loading=\"lazy\" decoding=\"async\" width=\"1200\" height=\"675\" src=\"https:\/\/centcols.org\/backup\/wp-content\/uploads\/2023\/07\/Profil-Isere3-1200x675.jpg\" alt=\"\" class=\"wp-image-75743\" srcset=\"https:\/\/centcols.org\/backup\/wp-content\/uploads\/2023\/07\/Profil-Isere3-1200x675.jpg 1200w, https:\/\/centcols.org\/backup\/wp-content\/uploads\/2023\/07\/Profil-Isere3-500x281.jpg 500w, https:\/\/centcols.org\/backup\/wp-content\/uploads\/2023\/07\/Profil-Isere3-768x432.jpg 768w, https:\/\/centcols.org\/backup\/wp-content\/uploads\/2023\/07\/Profil-Isere3-600x338.jpg 600w, https:\/\/centcols.org\/backup\/wp-content\/uploads\/2023\/07\/Profil-Isere3.jpg 1280w\" sizes=\"(max-width: 1200px) 100vw, 1200px\" \/><\/figure><\/div>\n\n\n<p class=\"has-medium-font-size\">E, infine, alcuni immagini a proposito di  <a href=\"https:\/\/photos.google.com\/share\/AF1QipNUY8MWRR6tpN6-_6JnRAzdohNr0gCjlPkL_F4usBghZoTmF3xzs-fg8P3LImWI2Q?key=dDhoYW9vaXdNLXo0cURlaHdYMHE4YUxDS28wX3lR\" target=\"_blank\" rel=\"noopener\" title=\"\">Croix de Fer e Glandon<\/a><\/p>\n\n\n\n<p class=\"has-text-align-right\"><em>Un articolo di  G\u00e9rard Galland (e Bernard Giraudeau per la parte geologica)<\/em><\/p>\n","protected":false},"excerpt":{"rendered":"<p>Il Col de la Croix de Fer (FR-73-2064a) deve il suo nome attuale all&#8217;imponente croce di ferro che si trova sulla sua sommit\u00e0. Questa croce \u00e8 stata vandalizzata nel 2016&nbsp;poi ricostruita dal comune di Saint-Sorlin d\u2019Arves. In passato, il passo era conosciuto come Col d&#8217;Olle. La sorgente dell&#8217;omonimo torrente si trova nelle vicinanze. Il passo [&hellip;]<\/p>\n","protected":false},"author":69,"featured_media":0,"comment_status":"closed","ping_status":"closed","sticky":false,"template":"","format":"standard","meta":{"_acf_changed":false,"ub_ctt_via":"","_monsterinsights_skip_tracking":false,"_monsterinsights_sitenote_active":false,"_monsterinsights_sitenote_note":"","_monsterinsights_sitenote_category":0,"footnotes":""},"categories":[628],"tags":[],"acf":[],"featured_image_urls":{"full":"","thumbnail":"","medium":"","medium_large":"","large":"","1536x1536":"","2048x2048":"","woocommerce_thumbnail":"","woocommerce_single":"","woocommerce_gallery_thumbnail":""},"post_excerpt_stackable":"<p>Toponomastica Il Col de la Croix de Fer (FR-73-2064a) deve il suo nome attuale all&#8217;imponente croce di ferro che si trova sulla sua sommit\u00e0. Al col de la Croix de Fer, a sinistra un po&#8217; pi\u00f9 in basso il col du Glandon Questa croce \u00e8 stata vandalizzata nel 2016&nbsp;poi ricostruita dal comune di Saint-Sorlin d\u2019Arves. La Croix de Fer vandalizzata &#8211; Imaginee Dauphin\u00e9 Lib\u00e9r\u00e9 &#8211; 15 gennaio 2017 In passato, il passo era conosciuto come Col d&#8217;Olle. La sorgente dell&#8217;omonimo torrente si trova nelle vicinanze. Situazione geografica Massiccio Il passo si trova sul confine tra i massicci alpini dei&nbsp;Grandes Rousses&hellip;<\/p>\n","category_list":"<a href=\"https:\/\/centcols.org\/backup\/it\/categorie\/passi-alla-rinfusa\/\" rel=\"category tag\">Passi alla rinfusa<\/a>","author_info":{"display_name":"Enrico Alberini","author_link":"https:\/\/centcols.org\/backup\/it\/author\/5065\/"},"comments_num":"0 commenti","featured_image_urls_v2":{"full":"","thumbnail":"","medium":"","medium_large":"","large":"","1536x1536":"","2048x2048":"","woocommerce_thumbnail":"","woocommerce_single":"","woocommerce_gallery_thumbnail":""},"post_excerpt_stackable_v2":"<p>Toponomastica Il Col de la Croix de Fer (FR-73-2064a) deve il suo nome attuale all&#8217;imponente croce di ferro che si trova sulla sua sommit\u00e0. Al col de la Croix de Fer, a sinistra un po&#8217; pi\u00f9 in basso il col du Glandon Questa croce \u00e8 stata vandalizzata nel 2016&nbsp;poi ricostruita dal comune di Saint-Sorlin d\u2019Arves. La Croix de Fer vandalizzata &#8211; Imaginee Dauphin\u00e9 Lib\u00e9r\u00e9 &#8211; 15 gennaio 2017 In passato, il passo era conosciuto come Col d&#8217;Olle. La sorgente dell&#8217;omonimo torrente si trova nelle vicinanze. Situazione geografica Massiccio Il passo si trova sul confine tra i massicci alpini dei&nbsp;Grandes Rousses&hellip;<\/p>\n","category_list_v2":"<a href=\"https:\/\/centcols.org\/backup\/it\/categorie\/passi-alla-rinfusa\/\" rel=\"category tag\">Passi alla rinfusa<\/a>","author_info_v2":{"name":"Enrico Alberini","url":"https:\/\/centcols.org\/backup\/it\/author\/5065\/"},"comments_num_v2":"0 commenti","featured_image_src":null,"_links":{"self":[{"href":"https:\/\/centcols.org\/backup\/it\/wp-json\/wp\/v2\/posts\/78308"}],"collection":[{"href":"https:\/\/centcols.org\/backup\/it\/wp-json\/wp\/v2\/posts"}],"about":[{"href":"https:\/\/centcols.org\/backup\/it\/wp-json\/wp\/v2\/types\/post"}],"author":[{"embeddable":true,"href":"https:\/\/centcols.org\/backup\/it\/wp-json\/wp\/v2\/users\/69"}],"replies":[{"embeddable":true,"href":"https:\/\/centcols.org\/backup\/it\/wp-json\/wp\/v2\/comments?post=78308"}],"version-history":[{"count":0,"href":"https:\/\/centcols.org\/backup\/it\/wp-json\/wp\/v2\/posts\/78308\/revisions"}],"wp:attachment":[{"href":"https:\/\/centcols.org\/backup\/it\/wp-json\/wp\/v2\/media?parent=78308"}],"wp:term":[{"taxonomy":"category","embeddable":true,"href":"https:\/\/centcols.org\/backup\/it\/wp-json\/wp\/v2\/categories?post=78308"},{"taxonomy":"post_tag","embeddable":true,"href":"https:\/\/centcols.org\/backup\/it\/wp-json\/wp\/v2\/tags?post=78308"}],"curies":[{"name":"wp","href":"https:\/\/api.w.org\/{rel}","templated":true}]}}