{"id":78310,"date":"2023-07-28T17:57:54","date_gmt":"2023-07-28T15:57:54","guid":{"rendered":"https:\/\/centcols.org\/backup\/sarenne\/"},"modified":"2023-12-15T09:03:20","modified_gmt":"2023-12-15T08:03:20","slug":"sarenne","status":"publish","type":"post","link":"https:\/\/centcols.org\/backup\/it\/sarenne\/","title":{"rendered":"Il Col de Sarenne"},"content":{"rendered":"\n<h2 class=\"kt-adv-heading78310_20adb7-41 wp-block-kadence-advancedheading\" data-kb-block=\"kb-adv-heading78310_20adb7-41\">Altitudine<\/h2>\n\n\n\n<p class=\"has-medium-font-size\">Il col de Sarenne (<a href=\"https:\/\/centcols.org\/backup\/util\/geo\/visu.php?code=FR-38-1999\">FR-38-1999<\/a>), quindi pi\u00f9 o meno di 2000 m ?<\/p>\n\n\n\n<p class=\"has-medium-font-size\">Dopo un lungo dibattito, sembra che il Col de Sarenne non abbia superato il test per la categoria dei pi\u00f9 di 2000m. Manca un metro (e alzare la bici di un metro come mostrato nella foto non aiuta!).<\/p>\n\n\n\n<figure class=\"wp-block-image size-large\"><img loading=\"lazy\" decoding=\"async\" width=\"1200\" height=\"800\" src=\"https:\/\/centcols.org\/backup\/wp-content\/uploads\/2023\/07\/Col_de_Sarenne_090918.jpg\" alt=\"\" class=\"wp-image-75827\" srcset=\"https:\/\/centcols.org\/backup\/wp-content\/uploads\/2023\/07\/Col_de_Sarenne_090918.jpg 1200w, https:\/\/centcols.org\/backup\/wp-content\/uploads\/2023\/07\/Col_de_Sarenne_090918-500x333.jpg 500w, https:\/\/centcols.org\/backup\/wp-content\/uploads\/2023\/07\/Col_de_Sarenne_090918-768x512.jpg 768w, https:\/\/centcols.org\/backup\/wp-content\/uploads\/2023\/07\/Col_de_Sarenne_090918-600x400.jpg 600w\" sizes=\"(max-width: 1200px) 100vw, 1200px\" \/><\/figure>\n\n\n\n<p class=\"has-medium-font-size\">Sula base della carta IGN  1:50.000,  edizione 1974, la discussione era aperta: <\/p>\n\n\n<div class=\"wp-block-image\">\n<figure class=\"aligncenter size-large is-resized\"><img loading=\"lazy\" decoding=\"async\" width=\"300\" height=\"225\" src=\"https:\/\/centcols.org\/backup\/wp-content\/uploads\/2023\/07\/Sarenne1.jpg\" alt=\"\" class=\"wp-image-75833\" style=\"width:374px;height:281px\"\/><\/figure><\/div>\n\n\n<p class=\"has-medium-font-size\">Ma quella del 2021 chiude il discorso:<\/p>\n\n\n<div class=\"wp-block-image\">\n<figure class=\"aligncenter size-large\"><img loading=\"lazy\" decoding=\"async\" width=\"487\" height=\"354\" src=\"https:\/\/centcols.org\/backup\/wp-content\/uploads\/2023\/07\/Sarenne2.jpg\" alt=\"\" class=\"wp-image-75839\"\/><\/figure><\/div>\n\n\n<p class=\"has-medium-font-size\">Un po&#8217; di storia e maggiori dettagli nell&#8217;articolo:&nbsp;<a href=\"https:\/\/cyclotourisme-grenoble-ctg.org\/CTG\/le-col-de-sarenne-1999-m-ou-2009-m\/\" target=\"_blank\" rel=\"noreferrer noopener\">Le col de Sarenne : 1999 m ou 2009 m<\/a> scritto in marzo 2020 sul sito GTG con la collaborazione di numerosi membri del CCC.<\/p>\n\n\n\n<h2 class=\"kt-adv-heading78310_f986ba-06 wp-block-kadence-advancedheading\" data-kb-block=\"kb-adv-heading78310_f986ba-06\">Toponomastica<\/h2>\n\n\n\n<p class=\"has-medium-font-size\">Sarenne \u00e8 il nome<\/p>\n\n\n\n<ul>\n<li><span style=\"font-size: 20px; font-family: arial, helvetica, sans-serif;\">del ghiacciao al di sopra dell&#8217;Alpe d\u2019Huez, molto conosciuto dagli sciatori. Era utilizzato per lo sci estivo, ma il suo rapido scioglimento nel XXI secolo ne sta minacciando l&#8217;esistenza.<\/span><\/li>\n<li><span style=\"font-size: 20px; font-family: arial, helvetica, sans-serif;\">del torrente che ha l\u00ec la sua sorgente\u2026 e<\/span><\/li>\n<li><span style=\"font-size: 20px; font-family: arial, helvetica, sans-serif;\">del passo sito a monte della valle della Sarenne (dove una affluente, il Nou, ha la sua sorgente)<\/span><\/li>\n<\/ul>\n\n\n\n<h2 class=\"kt-adv-heading78310_c361b3-bb wp-block-kadence-advancedheading\" data-kb-block=\"kb-adv-heading78310_c361b3-bb\">Situazione geografica<\/h2>\n\n\n\n<h3 class=\"kt-adv-heading78310_1f2170-dd wp-block-kadence-advancedheading\" data-kb-block=\"kb-adv-heading78310_1f2170-dd\">Massiccio<\/h3>\n\n\n\n<p class=\"has-medium-font-size\">Il col de Sarenne \u00e8 sito nel massiccio dei&nbsp;<a href=\"https:\/\/fr.wikipedia.org\/wiki\/Grandes_Rousses\" target=\"_blank\" rel=\"noopener\" title=\"\">Grandes Rousses<\/a><\/p>\n\n\n\n<h3 class=\"kt-adv-heading78310_ffb1bf-cc wp-block-kadence-advancedheading\" data-kb-block=\"kb-adv-heading78310_ffb1bf-cc\">Geologia<\/h3>\n\n\n\n<p class=\"has-medium-font-size\">Il Col de Sarenne si trova alla fine di una lunga valle che taglia l&#8217;estremit\u00e0 meridionale dell&#8217;imponente catena delle Grandes Rousses. Qui la Sarenne ha scavato un profondo canyon sotto la stazione dell&#8217;Alpe d&#8217;Huez, tagliando tra i depositi sedimentari triassici a sud e gli gneiss dall&#8217;aspetto particolare (alternanza di strati chiari e scuri) a nord.<\/p>\n\n\n\n<p class=\"has-medium-font-size\">Affacciato sul passo a nord, lo Ch\u00e2teau Noir \u00e8 il risultato di un&#8217;estrusione di roccia vulcanica nell&#8217;antica faglia ercinica di Cassini.<\/p>\n\n\n\n<p class=\"has-medium-font-size\">Una caratteristica geologica particolare tra l&#8217;Alpe d&#8217;Huez e il Col de Sarenne \u00e8 la presenza di filoni di carbone precedentemente estratti (miniere di Herpie, a nord e a met\u00e0 strada tra il passo e la localit\u00e0).<\/p>\n\n\n\n<p class=\"has-medium-font-size\">Anche il bianco ghiacciaio della Sarenne ha scavato la sua galleria a cielo aperto attraverso un filone di carbone scuro.<\/p>\n\n\n\n<p class=\"has-medium-font-size\">I lettori interessati a questo argomento possono consultare l&#8217;esauriente articolo di&nbsp;<a href=\"http:\/\/www.geol-alp.com\/h_oisans\/_lieux\/Rousses\/sarenne.html#:~:text=Il%20forment%20un%20plateau%20suspendu,sur%C3%A9lev%C3%A9e%20par%20les%20d%C3%A9formations%20alpines\" target=\"_blank\" rel=\"noopener\" title=\"\">geol-alp.com<\/a><a href=\"http:\/\/www.geol-alp.com\/h_oisans\/_lieux\/guisane_vallouise\/Lautaret.html\" target=\"_blank\" rel=\"noopener\" title=\"\">&nbsp;<\/a><\/p>\n\n\n\n<h3 class=\"wp-block-heading\">Idrografia<\/h3>\n\n\n\n<p class=\"has-medium-font-size\">La Romanche ha due affluenti su entrambi i lati: il Ferrand, che confluisce nella Romanche a valle della diga di Chambon, e il torrente Nou, che incontra la Sarenne a valle del passo (altitudine 1826 m).<\/p>\n\n\n\n<p class=\"has-medium-font-size\"><em>La Sarenne nasce nel ghiacciaio della Sarenne a nord del passo, ben noto agli sciatori dell&#8217;Alpe d&#8217;Huez, e confluisce nella Romanche a La Paute, a valle di Bourg-d&#8217;Oisans.<\/em><\/p>\n\n\n\n<h3 class=\"wp-block-heading\">Accesso<\/h3>\n\n\n\n<p class=\"has-medium-font-size\">Collega l\u2019<a href=\"https:\/\/fr.wikipedia.org\/wiki\/Alpe_d%27Huez\" target=\"_blank\" rel=\"noopener\" title=\"\">Alpe d\u2019Huez<\/a> e la <a href=\"https:\/\/valleeduferrand.com\/\" target=\"_blank\" rel=\"noopener\" title=\"\">vall\u00e9e du Ferrand<\/a> (Clavans en Haut-Oisans).<\/p>\n\n\n\n<figure class=\"wp-block-image size-large\"><img loading=\"lazy\" decoding=\"async\" width=\"1107\" height=\"592\" src=\"https:\/\/centcols.org\/backup\/wp-content\/uploads\/2023\/07\/Carte-Sarenne-1.jpg\" alt=\"\" class=\"wp-image-75869\" srcset=\"https:\/\/centcols.org\/backup\/wp-content\/uploads\/2023\/07\/Carte-Sarenne-1.jpg 1107w, https:\/\/centcols.org\/backup\/wp-content\/uploads\/2023\/07\/Carte-Sarenne-1-500x267.jpg 500w, https:\/\/centcols.org\/backup\/wp-content\/uploads\/2023\/07\/Carte-Sarenne-1-768x411.jpg 768w, https:\/\/centcols.org\/backup\/wp-content\/uploads\/2023\/07\/Carte-Sarenne-1-600x321.jpg 600w\" sizes=\"(max-width: 1107px) 100vw, 1107px\" \/><\/figure>\n\n\n\n<p class=\"has-medium-font-size\"><strong>Versante Ovest<\/strong><\/p>\n\n\n\n<div class=\"wp-block-columns is-layout-flex wp-container-core-columns-is-layout-1 wp-block-columns-is-layout-flex\">\n<div class=\"wp-block-column is-layout-flow wp-block-column-is-layout-flow\" style=\"flex-basis:50%\">\n<p class=\"has-medium-font-size\">La N85 conduce da Grenoble (90 km, alt. 214 m) a Vizille (72 km, alt. 278 m), quindi la D1091 a Bourg d&#8217;Oisans (40 km, alt. 719 m).<\/p>\n\n\n\n<p class=\"has-medium-font-size\">Da <strong>Bourg d&#8217;Oisans<\/strong> la D211, 13,8 km con una pendenza media del 7,9% e 21 curve, conduce all&#8217;Alpe d&#8217;Huez (1800 m), da dove la RD25A (nota anche come Route du Col de Sarenne) conduce al passo in 8,3 km, attraverso le gole della Sarenne.<\/p>\n<\/div>\n\n\n\n<div class=\"wp-block-column is-layout-flow wp-block-column-is-layout-flow\" style=\"flex-basis:50%\"><div class=\"wp-block-image\">\n<figure class=\"aligncenter size-large is-resized\"><img loading=\"lazy\" decoding=\"async\" width=\"300\" height=\"225\" src=\"https:\/\/centcols.org\/backup\/wp-content\/uploads\/2023\/07\/Rte-Sarenne.jpg\" alt=\"\" class=\"wp-image-75845\" style=\"width:475px;height:356px\"\/><figcaption class=\"wp-element-caption\"><strong>La strada e le gole della Sarenne<\/strong><\/figcaption><\/figure><\/div><\/div>\n<\/div>\n\n\n\n<p class=\"has-medium-font-size\"><strong>Versante&nbsp;Sud-Est<\/strong><\/p>\n\n\n\n<div class=\"wp-block-columns is-layout-flex wp-container-core-columns-is-layout-2 wp-block-columns-is-layout-flex\">\n<div class=\"wp-block-column is-layout-flow wp-block-column-is-layout-flow\" style=\"flex-basis:50%\">\n<p class=\"has-medium-font-size\">L&#8217;accesso \u00e8 a 13 km dalla <strong>RD1091<\/strong>, alla <strong>diga di Chambon <\/strong>(altitudine 1050 m), attraverso la RD25 (poi 25A) che passa per Mizo\u00ebn, Clavans le Bas e Clavans en Haut-Oisans).<\/p>\n\n\n\n<p class=\"has-medium-font-size\">Da<strong> Brian\u00e7on<\/strong> (a 27 km, alt. 1215 m) la D1091 conduce al Col du Lautaret, passando per la localit\u00e0 di Serre-Chevalier e i suoi vari villaggi: Chantemerle (comune di St Chaffrey &#8211; a 22,5 km, alt. 1350 m), Villeneuve (comune di La Salle-les-Alpes, a 19 km, alt. 1385), Monetier les Bains (a 13 km, alt. 1500 m).<\/p>\n<\/div>\n\n\n\n<div class=\"wp-block-column is-layout-flow wp-block-column-is-layout-flow\" style=\"flex-basis:50%\"><div class=\"wp-block-image\">\n<figure class=\"aligncenter size-large is-resized\"><img loading=\"lazy\" decoding=\"async\" width=\"300\" height=\"225\" src=\"https:\/\/centcols.org\/backup\/wp-content\/uploads\/2023\/07\/Rte-Sarenne2-1.jpg\" alt=\"\" class=\"wp-image-75857\" style=\"width:463px;height:347px\"\/><figcaption class=\"wp-element-caption\"><strong>La strada del versante Clavans<\/strong><\/figcaption><\/figure><\/div><\/div>\n<\/div>\n\n\n\n<div class=\"wp-block-columns are-vertically-aligned-center is-layout-flex wp-container-core-columns-is-layout-3 wp-block-columns-is-layout-flex\">\n<div class=\"wp-block-column is-vertically-aligned-center is-layout-flow wp-block-column-is-layout-flow\"><\/div>\n\n\n\n<div class=\"wp-block-column is-vertically-aligned-center is-layout-flow wp-block-column-is-layout-flow\"><\/div>\n<\/div>\n\n\n\n<h3 class=\"kt-adv-heading78310_11e52e-89 wp-block-kadence-advancedheading\" data-kb-block=\"kb-adv-heading78310_11e52e-89\"><strong>Modificazioni degli accessi<\/strong><\/h3>\n\n\n\n<p class=\"has-medium-font-size\">(Copia dell\u2019articolo del 2020: <a href=\"https:\/\/cyclotourisme-grenoble-ctg.org\/CTG\/le-col-de-sarenne-1999-m-ou-2009-m\/\">Le col de Sarenne : 1999 m ou 2009 m<\/a>)<\/p>\n\n\n\n<p class=\"has-medium-font-size\">Per conoscere la storia della costruzione della strada del Col de Sarenne, abbiamo chiesto al <strong>Comune di Alpe d&#8217;Hue<\/strong>z.<\/p>\n\n\n\n<p class=\"has-medium-font-size\">Fr\u00e9d\u00e9rik TANE ci ha risposto cos\u00ec:  <em>\u00ab<\/em> La strada tra l&#8217;Alpe d&#8217;Huez e il Col de Sarenne \u00e8 stata costruita contemporaneamente al famoso tunnel (pista nera aperta nel 1964 sotto il Pic Blanc). In effetti, \u00e8 stata la stessa impresa a costruire questo tratto di strada e il tunnel: l&#8217;impresa Vigne dell&#8217;Is\u00e8re. All&#8217;epoca, la strada passava attraverso il sito archeologico di Brandes.<\/p>\n\n\n\n<p class=\"has-medium-font-size\">Nel 1967, l&#8217;inizio del percorso non passava pi\u00f9 per Brandes ma leggermente a monte, grazie alla costruzione della strada dell&#8217;altiport. Nello stesso anno, la strada fu prolungata tra il Col de Sarenne e Le Perron, nella valle di Ferrand (una grande roccia protegge una casa dalle valanghe). I lavori del 1967 furono eseguiti da Pegaz &amp; Pugeat, che costru\u00ec anche la pista di bob dell&#8217;Alpe d&#8217;Huez (Campionati del Mondo del 1967 e Giochi Olimpici del 1968).<\/p>\n\n\n\n<p class=\"has-medium-font-size\">Il tratto di strada tra Le Perron e Le Chambon esisteva gi\u00e0.<br>Grazie per aver citato nel suo articolo il nome di Robert Hustache, un ricordo vivente dell&#8217;Alpe d&#8217;Huez. Mi ha fornito informazioni preziose per rispondere alle sue domande \u00bb.<\/p>\n\n\n\n<p class=\"has-medium-font-size\"><strong>Quando \u00e8 stata asfaltata la strada che porta al Col de Sarenne ?<\/strong><\/p>\n\n\n\n<p class=\"has-medium-font-size\">\u00c8 stato difficile ottenere queste informazioni. Sapevamo che nel 1980 e nel 1982 per il secondo e il terzo BRO (vedi sotto) il percorso comprendeva 10 km di strada sterrata e, avendolo percorso di nuovo (foto sopra), che la strada \u00e8 stata asfaltata su entrambi i lati nel 2008.<\/p>\n\n\n\n<p class=\"has-medium-font-size\">I centocollisti ci hanno fornito le seguenti informazioni:<\/p>\n\n\n\n<p class=\"has-medium-font-size\">Nel 1985, sul lato orientale e dopo Clavans, la strada non era completamente asfaltata.<\/p>\n\n\n\n<p class=\"has-medium-font-size\">\u00c8 nell&#8217;addendum del 1989 (pagina 61) che il Col de Sarenne \u00e8 stato trasformato in passo stradale (CV) senza specificare il lato. \u00c8 quindi probabile che sia stato asfaltato nel 1988. Nell&#8217;edizione 1994 dello Chauvot (formato libro), il passo \u00e8 indicato come passo stradale.<\/p>\n\n\n\n<p><\/p>\n\n\n\n<h2 class=\"wp-block-heading\">Da vedere &#8211; turismo&nbsp;<\/h2>\n\n\n\n<h4 class=\"wp-block-heading has-medium-font-size\"><br>Versante Alpe d&#8217;Huez<\/h4>\n\n\n\n<p class=\"has-medium-font-size\">Oltre alla stazione sciistica e ai 21 tornanti, l&#8217;Alpe d&#8217;Huez vanta una chiesa moderna e originale, il cui aspetto ricorda una silhouette della Vergine Maria. Voluta da padre Jaap Reuten, parroco dal 1964 al 1992, \u00e8 stata progettata dall&#8217;architetto Jean Marol negli anni &#8217;60 (completata nel 1970) e decorata con colorate vetrate dell&#8217;artista <a href=\"https:\/\/fr.wikipedia.org\/wiki\/Arcabas\" target=\"_blank\" rel=\"noopener\" title=\"\">Arcabas<\/a>.<\/p>\n\n\n\n<p class=\"has-medium-font-size\">La chiesa ospita l&#8217;unico organo del suo genere al mondo, a forma di mano protesa verso il cielo, progettato dal compositore <a href=\"https:\/\/fr.wikipedia.org\/wiki\/Jean_Guillou\" target=\"_blank\" rel=\"noopener\" title=\"\">Jean Guillou<\/a> e dall&#8217;organaro tedesco <a href=\"https:\/\/fr.wikipedia.org\/wiki\/Detlef_Kleuker\" target=\"_blank\" rel=\"noopener\" title=\"\">Detlef Kleuker<\/a>. Ogni anno, il gioved\u00ec sera, sia d&#8217;inverno che d&#8217;estate, vengono organizzati concerti attorno a questo strumento, oltre a corsi di organo, di cornamusa e di canto corale durante l&#8217;estate.<\/p>\n\n\n\n<h4 class=\"kt-adv-heading78310_cf51db-b7 wp-block-kadence-advancedheading\" data-kb-block=\"kb-adv-heading78310_cf51db-b7\">Versante vall\u00e9e du Ferrand<\/h4>\n\n\n\n<div class=\"wp-block-columns is-layout-flex wp-container-core-columns-is-layout-4 wp-block-columns-is-layout-flex\">\n<div class=\"wp-block-column is-layout-flow wp-block-column-is-layout-flow\" style=\"flex-basis:50%\">\n<p class=\"has-medium-font-size\">Le vecchie case, costruite principalmente in pietra, si fondono con il terreno in pendenza. Comprendono aree dedicate al ricovero del bestiame in inverno e al deposito del fieno, mentre la parte dedicata all&#8217;abitazione umana \u00e8 ridotta all&#8217;essenziale.<\/p>\n\n\n\n<p class=\"has-medium-font-size\">La chiesa parrocchiale di Saint-Jacques-et-Saint-Christophe de Mizo\u00ebn<br>costruita nel 1889, domina il villaggio.<br>\u00c8 visibile dalla diga di Chambon.<\/p>\n<\/div>\n\n\n\n<div class=\"wp-block-column is-layout-flow wp-block-column-is-layout-flow\" style=\"flex-basis:50%\">\n<figure class=\"wp-block-image size-large\"><img loading=\"lazy\" decoding=\"async\" width=\"450\" height=\"600\" src=\"https:\/\/centcols.org\/backup\/wp-content\/uploads\/2023\/07\/Sarenne-St-Jacques.jpg\" alt=\"\" class=\"wp-image-75875\" srcset=\"https:\/\/centcols.org\/backup\/wp-content\/uploads\/2023\/07\/Sarenne-St-Jacques.jpg 450w, https:\/\/centcols.org\/backup\/wp-content\/uploads\/2023\/07\/Sarenne-St-Jacques-375x500.jpg 375w\" sizes=\"(max-width: 450px) 100vw, 450px\" \/><\/figure>\n<\/div>\n<\/div>\n\n\n\n<h4 class=\"kt-adv-heading78310_9828bf-b5 wp-block-kadence-advancedheading\" data-kb-block=\"kb-adv-heading78310_9828bf-b5\">La diga del Chambon<\/h4>\n\n\n\n<p class=\"has-medium-font-size\">I lavori di costruzione iniziarono nel settembre 1929 e si conclusero nel dicembre 1935.<\/p>\n\n\n<div class=\"wp-block-image\">\n<figure class=\"aligncenter size-large\"><img loading=\"lazy\" decoding=\"async\" width=\"1200\" height=\"800\" src=\"https:\/\/centcols.org\/backup\/wp-content\/uploads\/2023\/07\/4528492-diaporama.jpg\" alt=\"\" class=\"wp-image-75776\" srcset=\"https:\/\/centcols.org\/backup\/wp-content\/uploads\/2023\/07\/4528492-diaporama.jpg 1200w, https:\/\/centcols.org\/backup\/wp-content\/uploads\/2023\/07\/4528492-diaporama-500x333.jpg 500w, https:\/\/centcols.org\/backup\/wp-content\/uploads\/2023\/07\/4528492-diaporama-768x512.jpg 768w, https:\/\/centcols.org\/backup\/wp-content\/uploads\/2023\/07\/4528492-diaporama-600x400.jpg 600w\" sizes=\"(max-width: 1200px) 100vw, 1200px\" \/><\/figure><\/div>\n\n\n<p class=\"has-medium-font-size\">Nel 2003 \u00e8 stata insignita del marchio <strong><a href=\"https:\/\/fr.wikipedia.org\/wiki\/Liste_des_%C3%A9difices_labellis%C3%A9s_%C2%AB_Patrimoine_du_XXe_si%C3%A8cle_%C2%BB_de_l%27Is%C3%A8re\" target=\"_blank\" rel=\"noopener\" title=\"\">\u00ab<\/a><\/strong> <strong><a href=\"https:\/\/fr.wikipedia.org\/wiki\/Liste_des_%C3%A9difices_labellis%C3%A9s_%C2%AB_Patrimoine_du_XXe_si%C3%A8cle_%C2%BB_de_l%27Is%C3%A8re\" target=\"_blank\" rel=\"noopener\" title=\"\">Patrimonio del&nbsp;XX&nbsp;siecolo dell&#8217;\u00bb delI&#8217;s\u00e8re<\/a><\/strong>..<\/p>\n\n\n\n<p class=\"has-medium-font-size\">Dopo 80 anni di vita, la diga \u00e8 vittima del fenomeno della reazione alcalina (una malattia del calcestruzzo), che richiede un trattamento speciale ogni quindici anni. Per questo motivo, la sostituzione della diga \u00e8 prevista entro i prossimi vent&#8217;anni.<\/p>\n\n\n\n<figure class=\"wp-block-image size-large\"><img decoding=\"async\" src=\"blob:https:\/\/centcols.org\/backup\/122d29b7-e066-4c3f-89a1-bcc6590cfee0\" alt=\"\"\/><\/figure>\n\n\n\n<p class=\"has-medium-font-size\"><strong>Sul passo si poteva vedere il rifugio del Col de Sarenne:<\/strong><\/p>\n\n\n\n<figure class=\"wp-block-image size-large is-resized\"><img loading=\"lazy\" decoding=\"async\" width=\"300\" height=\"196\" src=\"https:\/\/centcols.org\/backup\/wp-content\/uploads\/2023\/07\/Sarenne-refuge.jpg\" alt=\"\" class=\"wp-image-75881\"\/><\/figure>\n\n\n\n<p class=\"has-medium-font-size\">Il rifugio \u00e8 stato costruito nel 2003 e si trovava sulla sinistra quando si raggiungeva il Colle dall&#8217;Alpe d&#8217;Huez.<\/p>\n\n\n\n<p class=\"has-medium-font-size\">\u00c8 stato distrutto da un incendio il 27 dicembre 2016 (<em><a href=\"https:\/\/cyclotourisme-grenoble-ctg.org\/CTG\/serie-noire-sur-la-route-du-bra-le-feu-au-col-de-sarenne\/\" target=\"_blank\" rel=\"noreferrer noopener\">vedi l&#8217;articolo di Jules A<\/a>)<\/em>). Estratto  \u00ab\u00a0Di questo grande e bellissimo edificio di 1000 m2, costruito nel 2000 e rivoluzionario per la sua progettazione con abeti del Giura con tronchi di oltre un metro di diametro, ma anche per la sua autosufficienza energetica non fossile (turbine eoliche e pannelli solari), rimangono solo macerie bruciate \u00bb.<\/p>\n\n\n\n<div class=\"wp-block-columns is-layout-flex wp-container-core-columns-is-layout-5 wp-block-columns-is-layout-flex\">\n<div class=\"wp-block-column is-layout-flow wp-block-column-is-layout-flow\" style=\"flex-basis:66.66%\"><\/div>\n\n\n\n<div class=\"wp-block-column is-layout-flow wp-block-column-is-layout-flow\" style=\"flex-basis:33.33%\"><\/div>\n<\/div>\n\n\n\n<h2 class=\"wp-block-heading\">Situazione amministrativa<\/h2>\n\n\n\n<p class=\"has-medium-font-size\">Il Col de Sarenne \u00e8 situato nel comune di <a href=\"http:\/\/clavans-en-oisans.com\/\" target=\"_blank\" rel=\"noopener\" title=\"\">Clavans-en-Haut-Oisans.<\/a><\/p>\n\n\n\n<p class=\"has-medium-font-size\">Sul lato ovest, seguendo il torrente Le Nou, si passa rapidamente nel comune di <a href=\"https:\/\/lefreneydoisans.fr\/\" target=\"_blank\" rel=\"noopener\" title=\"\">Freney d\u2019Oisans<\/a>\u2026 e poco dopo la confluenza del Nou e del Sarenne nel comune di Alpe d&#8217;Huez.<\/p>\n\n\n\n<p class=\"has-medium-font-size\"><\/p>\n\n\n\n<h2 class=\"wp-block-heading\">Ciclismo e cicloturismo<\/h2>\n\n\n\n<p class=\"has-medium-font-size\"><strong>Tour de France e Criterium del Delfinato:<\/strong><\/p>\n\n\n\n<p class=\"has-medium-font-size\">Nel 2013, il Crit\u00e9rium du Dauphin\u00e9 e poi il Tour de France hanno utilizzato il Col de Sarenne dopo l&#8217;ascesa all&#8217;Alpe d&#8217;Huez.<\/p>\n\n\n\n<p class=\"has-medium-font-size\">Il passaggio del Tour sul Col de Sarenne ha provocato una forte reazione da parte degli ambientalisti locali, che hanno criticato la vicinanza del percorso a un&#8217;area soggetta a un&#8217;ordinanza prefettizia di protezione dei biotopi e la potenziale minaccia per l&#8217;habitat naturale rappresentata dal passaggio di un evento grande come il Tour de France.<\/p>\n\n\n\n<p class=\"has-medium-font-size\">Nonostante le proteste e l&#8217;opposizione, il percorso \u00e8 stato mantenuto cos\u00ec com&#8217;era, anche se con accordi speciali: la carovana del Tour ha dovuto fermarsi al primo passo dell&#8217;Alpe d&#8217;Huez e nella zona del passo sono stati presi accordi speciali per limitare il pi\u00f9 possibile l&#8217;impatto ecologico (divieto di campeggio per auto, riduzione del rumore e della velocit\u00e0, cartelli di avvertimento sul carattere naturale del sito, ecc.)<\/p>\n\n\n\n<p class=\"has-medium-font-size\"><strong>BRO<\/strong> (Brevetto di Randonneur dell&#8217;Oisans)<\/p>\n\n\n\n<div class=\"wp-block-columns is-layout-flex wp-container-core-columns-is-layout-6 wp-block-columns-is-layout-flex\">\n<div class=\"wp-block-column is-layout-flow wp-block-column-is-layout-flow\" style=\"flex-basis:50%\">\n<p class=\"has-medium-font-size\">La seconda edizione del BRO pass\u00f2 (per la prima volta) sul Col de Sarenne nel giugno 1980. La strada per il passo era sterrata dal torrente Sarenne al Perron sopra Clavans le haut\u2026. e quell&#8217;anno il Col de Sarenne era segnato 2009 m sull&#8217;IGN!<\/p>\n\n\n\n<p class=\"has-medium-font-size\"><strong>Qui, il Col de Sarenne &#8211; Strada per Clavans &#8211; durante il primo BRO nel 1980<\/strong><\/p>\n<\/div>\n\n\n\n<div class=\"wp-block-column is-layout-flow wp-block-column-is-layout-flow\" style=\"flex-basis:50%\">\n<figure class=\"wp-block-image size-large is-resized\"><img decoding=\"async\" src=\"https:\/\/cyclotourisme-grenoble-ctg.org\/bra\/wp-content\/uploads\/2023\/03\/col-de-Sarenne-lors-du-BRO-2-eme-edition-juin-1980-002.jpg\" alt=\"\" style=\"width:702px;height:455px\"\/><\/figure>\n<\/div>\n<\/div>\n\n\n\n<p class=\"has-medium-font-size\"><strong>BRA<\/strong> (Brevetto di Randonneur delle Alpi)<\/p>\n\n\n\n<p class=\"has-medium-font-size\">Per il BRA (ogni 2 anni, anni dispari), le opzioni &#8220;Super BRA e Super BRA+&#8221; includono il Col de Sarenne nel percorso.<\/p>\n\n\n\n<p class=\"has-medium-font-size\">Per l&#8217;edizione 2023 (partenza da Bourg d&#8217;Oisans), il passo \u00e8 stato scalato da Clavans, con un percorso di 197 km e 5.200 m di ascesa e 209 km e 5.252 m rispettivamente.<\/p>\n\n\n\n<p class=\"has-medium-font-size\"><strong>Profilo<\/strong><\/p>\n\n\n\n<p class=\"has-medium-font-size\">Su internet si trovano molti profili.<\/p>\n\n\n\n<p class=\"has-medium-font-size\">Ad esempio, quello di OpenRunner :<\/p>\n\n\n<div class=\"wp-block-image\">\n<figure class=\"aligncenter size-large\"><img loading=\"lazy\" decoding=\"async\" width=\"714\" height=\"392\" src=\"https:\/\/centcols.org\/backup\/wp-content\/uploads\/2023\/07\/Sarenne-profil.jpg\" alt=\"\" class=\"wp-image-75887\" srcset=\"https:\/\/centcols.org\/backup\/wp-content\/uploads\/2023\/07\/Sarenne-profil.jpg 714w, https:\/\/centcols.org\/backup\/wp-content\/uploads\/2023\/07\/Sarenne-profil-500x275.jpg 500w, https:\/\/centcols.org\/backup\/wp-content\/uploads\/2023\/07\/Sarenne-profil-600x329.jpg 600w\" sizes=\"(max-width: 714px) 100vw, 714px\" \/><\/figure><\/div>\n\n\n<p class=\"has-medium-font-size\">E, infine, alcune immagini a proposito del de Sarenne :&nbsp;<a href=\"https:\/\/photos.google.com\/share\/AF1QipNgFj3CbUHXB9IeA15SMnq4vtJaSNNNqcbzBxB4_30Yv5cFVuIh4S_rIelO3cb96w?key=UjJmcFRkQTdSbE02ZUJScGVwdnB4NmEwdlRUTHlR\" target=\"_blank\" rel=\"noreferrer noopener\">COL DE SARENNE 1999 o 2009<\/a><\/p>\n\n\n\n<p class=\"has-text-align-right\"><em><em>Un articolo di  G\u00e9rard Galland<\/em><\/em><br><em><em>e Bernard Giraudeau (per la parte geologica)<\/em><\/em><\/p>\n","protected":false},"excerpt":{"rendered":"<p>Il col de Sarenne (FR-38-1999), quindi pi\u00f9 o meno di 2000 m ? Dopo un lungo dibattito, sembra che il Col de Sarenne non abbia superato il test per la categoria dei pi\u00f9 di 2000m. Manca un metro (e alzare la bici di un metro come mostrato nella foto non aiuta!). Sula base della carta [&hellip;]<\/p>\n","protected":false},"author":69,"featured_media":0,"comment_status":"closed","ping_status":"closed","sticky":false,"template":"","format":"standard","meta":{"_acf_changed":false,"ub_ctt_via":"","_monsterinsights_skip_tracking":false,"_monsterinsights_sitenote_active":false,"_monsterinsights_sitenote_note":"","_monsterinsights_sitenote_category":0,"footnotes":""},"categories":[628],"tags":[],"acf":[],"featured_image_urls":{"full":"","thumbnail":"","medium":"","medium_large":"","large":"","1536x1536":"","2048x2048":"","woocommerce_thumbnail":"","woocommerce_single":"","woocommerce_gallery_thumbnail":""},"post_excerpt_stackable":"<p>Altitudine Il col de Sarenne (FR-38-1999), quindi pi\u00f9 o meno di 2000 m ? Dopo un lungo dibattito, sembra che il Col de Sarenne non abbia superato il test per la categoria dei pi\u00f9 di 2000m. Manca un metro (e alzare la bici di un metro come mostrato nella foto non aiuta!). Sula base della carta IGN 1:50.000, edizione 1974, la discussione era aperta: Ma quella del 2021 chiude il discorso: Un po&#8217; di storia e maggiori dettagli nell&#8217;articolo:&nbsp;Le col de Sarenne : 1999 m ou 2009 m scritto in marzo 2020 sul sito GTG con la collaborazione di numerosi&hellip;<\/p>\n","category_list":"<a href=\"https:\/\/centcols.org\/backup\/it\/categorie\/passi-alla-rinfusa\/\" rel=\"category tag\">Passi alla rinfusa<\/a>","author_info":{"display_name":"Enrico Alberini","author_link":"https:\/\/centcols.org\/backup\/it\/author\/5065\/"},"comments_num":"0 commenti","featured_image_urls_v2":{"full":"","thumbnail":"","medium":"","medium_large":"","large":"","1536x1536":"","2048x2048":"","woocommerce_thumbnail":"","woocommerce_single":"","woocommerce_gallery_thumbnail":""},"post_excerpt_stackable_v2":"<p>Altitudine Il col de Sarenne (FR-38-1999), quindi pi\u00f9 o meno di 2000 m ? Dopo un lungo dibattito, sembra che il Col de Sarenne non abbia superato il test per la categoria dei pi\u00f9 di 2000m. Manca un metro (e alzare la bici di un metro come mostrato nella foto non aiuta!). Sula base della carta IGN 1:50.000, edizione 1974, la discussione era aperta: Ma quella del 2021 chiude il discorso: Un po&#8217; di storia e maggiori dettagli nell&#8217;articolo:&nbsp;Le col de Sarenne : 1999 m ou 2009 m scritto in marzo 2020 sul sito GTG con la collaborazione di numerosi&hellip;<\/p>\n","category_list_v2":"<a href=\"https:\/\/centcols.org\/backup\/it\/categorie\/passi-alla-rinfusa\/\" rel=\"category tag\">Passi alla rinfusa<\/a>","author_info_v2":{"name":"Enrico Alberini","url":"https:\/\/centcols.org\/backup\/it\/author\/5065\/"},"comments_num_v2":"0 commenti","featured_image_src":null,"_links":{"self":[{"href":"https:\/\/centcols.org\/backup\/it\/wp-json\/wp\/v2\/posts\/78310"}],"collection":[{"href":"https:\/\/centcols.org\/backup\/it\/wp-json\/wp\/v2\/posts"}],"about":[{"href":"https:\/\/centcols.org\/backup\/it\/wp-json\/wp\/v2\/types\/post"}],"author":[{"embeddable":true,"href":"https:\/\/centcols.org\/backup\/it\/wp-json\/wp\/v2\/users\/69"}],"replies":[{"embeddable":true,"href":"https:\/\/centcols.org\/backup\/it\/wp-json\/wp\/v2\/comments?post=78310"}],"version-history":[{"count":0,"href":"https:\/\/centcols.org\/backup\/it\/wp-json\/wp\/v2\/posts\/78310\/revisions"}],"wp:attachment":[{"href":"https:\/\/centcols.org\/backup\/it\/wp-json\/wp\/v2\/media?parent=78310"}],"wp:term":[{"taxonomy":"category","embeddable":true,"href":"https:\/\/centcols.org\/backup\/it\/wp-json\/wp\/v2\/categories?post=78310"},{"taxonomy":"post_tag","embeddable":true,"href":"https:\/\/centcols.org\/backup\/it\/wp-json\/wp\/v2\/tags?post=78310"}],"curies":[{"name":"wp","href":"https:\/\/api.w.org\/{rel}","templated":true}]}}