{"id":78312,"date":"2023-07-12T16:38:22","date_gmt":"2023-07-12T14:38:22","guid":{"rendered":"https:\/\/centcols.org\/backup\/glandon-2\/"},"modified":"2023-12-15T09:49:21","modified_gmt":"2023-12-15T08:49:21","slug":"glandon-2","status":"publish","type":"post","link":"https:\/\/centcols.org\/backup\/it\/glandon-2\/","title":{"rendered":"Il Col du Glandon"},"content":{"rendered":"\n<h2 class=\"kt-adv-heading78312_77b2ca-f9 wp-block-kadence-advancedheading\" data-kb-block=\"kb-adv-heading78312_77b2ca-f9\">Toponomastica<\/h2>\n\n\n\n<p class=\"has-medium-font-size\">Il Col du Glandon (<a href=\"https:\/\/centcols.org\/backup\/util\/geo\/visu.php?code=FR-73-1924\" target=\"_blank\" rel=\"noopener\" title=\"\">FR-73-1924<\/a>) prende il nome da una localit\u00e0 del comune di <a href=\"https:\/\/fr.wikipedia.org\/wiki\/Saint-Colomban-des-Villards\" target=\"_blank\" rel=\"noopener\" title=\"\">Saint-Colomban-des-Villards<\/a>.<br>Sul passo nasce l&#8217;omonimo torrente.<\/p>\n\n\n\n<h2 class=\"kt-adv-heading78312_a95050-c1 wp-block-kadence-advancedheading\" data-kb-block=\"kb-adv-heading78312_a95050-c1\">Situazione geografica<\/h2>\n\n\n\n<h3 class=\"kt-adv-heading78312_6d8dd0-b1 wp-block-kadence-advancedheading\" data-kb-block=\"kb-adv-heading78312_6d8dd0-b1\">Massiccio<\/h3>\n\n\n\n<p class=\"has-medium-font-size\">\u00a0Il passo si trova sul confine dei massicci di\u00a0<a href=\"https:\/\/fr.wikipedia.org\/wiki\/Belledonne\" target=\"_blank\" rel=\"noopener\" title=\"\">Belledonne<\/a>\u00a0e dgli\u00a0<a href=\"https:\/\/fr.wikipedia.org\/wiki\/Massif_des_Arves\" target=\"_blank\" rel=\"noopener\" title=\"\">Arves<\/a>, a ovest del\u00a0col de la Croix-de-Fer.\u00a0<\/p>\n\n\n\n<h3 class=\"kt-adv-heading78312_98d996-f7 wp-block-kadence-advancedheading\" data-kb-block=\"kb-adv-heading78312_98d996-f7\">Geologia<\/h3>\n\n\n\n<p class=\"has-medium-font-size\">Il Col du Glandon e il Col de la Croix de Fer sono geograficamente molto vicini, distano meno di 3 km l&#8217;uno dall&#8217;altro e si trovano entrambi nel massiccio delle Grandes Rousses.<\/p>\n\n\n<div class=\"wp-block-image\">\n<figure class=\"aligncenter size-large is-resized\"><img loading=\"lazy\" decoding=\"async\" width=\"987\" height=\"414\" src=\"https:\/\/centcols.org\/backup\/wp-content\/uploads\/2023\/07\/Glandon-photo.jpg\" alt=\"\" class=\"wp-image-75528\" style=\"width:972px;height:407px\" srcset=\"https:\/\/centcols.org\/backup\/wp-content\/uploads\/2023\/07\/Glandon-photo.jpg 987w, https:\/\/centcols.org\/backup\/wp-content\/uploads\/2023\/07\/Glandon-photo-500x210.jpg 500w, https:\/\/centcols.org\/backup\/wp-content\/uploads\/2023\/07\/Glandon-photo-768x322.jpg 768w, https:\/\/centcols.org\/backup\/wp-content\/uploads\/2023\/07\/Glandon-photo-600x252.jpg 600w\" sizes=\"(max-width: 987px) 100vw, 987px\" \/><\/figure><\/div>\n\n\n<p class=\"has-medium-font-size\">Ma sono molto diversi in termini geologici. Seguendo la strada tra questi due passi, situati nella valle dell&#8217;Eau Dolle, il cambiamento nella natura delle rocce &#8211; cristalline a sud e sedimentarie (calcare) a nord &#8211; si riflette in una differenza molto percepibile nella vegetazione e nella forma del rilievo. L&#8217;intero massiccio a sud (Rochers de la Curiaz) sprofonda sotto il manto sedimentario dal Col du Glandon agli Chalets d&#8217;Olle.<\/p>\n\n\n<div class=\"wp-block-image\">\n<figure class=\"aligncenter size-large is-resized\"><img loading=\"lazy\" decoding=\"async\" width=\"921\" height=\"381\" src=\"https:\/\/centcols.org\/backup\/wp-content\/uploads\/2023\/07\/glandon-geologie.png\" alt=\"\" class=\"wp-image-75534\" style=\"width:1048px;height:433px\" srcset=\"https:\/\/centcols.org\/backup\/wp-content\/uploads\/2023\/07\/glandon-geologie.png 921w, https:\/\/centcols.org\/backup\/wp-content\/uploads\/2023\/07\/glandon-geologie-500x207.png 500w, https:\/\/centcols.org\/backup\/wp-content\/uploads\/2023\/07\/glandon-geologie-768x318.png 768w, https:\/\/centcols.org\/backup\/wp-content\/uploads\/2023\/07\/glandon-geologie-600x248.png 600w\" sizes=\"(max-width: 921px) 100vw, 921px\" \/><\/figure><\/div>\n\n\n<p class=\"has-medium-font-size\">I lettori interessati a questo argomento possono consultare l&#8217;esauriente articolo di\u00a0<a href=\"http:\/\/www.geol-alp.com\/h_oisans\/_lieux\/Rousses\/glandon.html\" target=\"_blank\" rel=\"noopener\" title=\"\">geol-alp.com<\/a>\u00a0<\/p>\n\n\n\n<h3 class=\"wp-block-heading\">Idrografia<\/h3>\n\n\n\n<p class=\"has-medium-font-size\"><strong>Versante sud (lato Is\u00e8re)<\/strong>\u00a0: vall\u00e9e de l\u2019Eau d\u2019Olle. <br>L\u2019eau d\u2019Olle \u00e8 un affluente della Romanche che sorge vicino al Col de la Croix de Fer.<\/p>\n\n\n\n<p class=\"has-medium-font-size\"><strong>Versante nord (lato Savoie) : <\/strong>il Glandon sorge vicino al passo e scende la valle dei Villards prima di gettarsi nell&#8217;Arc \u00e0 Saint-Avre dopo avere attraversato l\u2019A43 e un ponte canale.<\/p>\n\n\n\n<p class=\"has-medium-font-size\">Si tratta di un <a href=\"https:\/\/www.st-etienne-cuines.fr\/sortir\/musee-ouvert\/le-glandon-un-torrent-capricieux\/\" target=\"_blank\" rel=\"noopener\" title=\"\">torrente capriccioso<\/a>:<\/p>\n\n\n\n<figure class=\"wp-block-image size-large\"><img loading=\"lazy\" decoding=\"async\" width=\"508\" height=\"81\" src=\"https:\/\/centcols.org\/backup\/wp-content\/uploads\/2023\/07\/Glandon-capricieux.jpg\" alt=\"\" class=\"wp-image-75546\" srcset=\"https:\/\/centcols.org\/backup\/wp-content\/uploads\/2023\/07\/Glandon-capricieux.jpg 508w, https:\/\/centcols.org\/backup\/wp-content\/uploads\/2023\/07\/Glandon-capricieux-500x80.jpg 500w\" sizes=\"(max-width: 508px) 100vw, 508px\" \/><\/figure>\n\n\n\n<h3 class=\"wp-block-heading\">Accesso<\/h3>\n\n\n\n<p class=\"has-medium-font-size\"><strong>Versante Is\u00e8re<\/strong><\/p>\n\n\n\n<p class=\"has-medium-font-size\">L&#8217;accesso \u00e8 condiviso con il Col de la Croix de Fer fino all&#8217;incrocio D926 \/ D927 (alt. 1907 m), a 200 m dal Col du Glandon e a 2,7 km dal Col de la Croix de Fer.<\/p>\n\n\n\n<p class=\"has-medium-font-size\">La D526 parte da Rochetaill\u00e9e (a 30 km, alt. 711 m), attraversa Allemond (a 27 km), passa sopra la diga di Verneys e costeggia il lago (riva sinistra), attraversa il Rivier d&#8217;Allemond (a 15 km &#8211; alt. 1264 m), in prossimit\u00e0 della diga di Grand&#8217;Maison (a 7 km &#8211; alt. 1720 m), segue la riva destra del lago e diventa D926 quando attraversa il Rieu Claret (a 4 km, confine tra Is\u00e8re e Savoia, alt. 1773 m) prima di congiungersi con la D927 verso il Col de la Croix de Fer.<\/p>\n\n\n<div class=\"wp-block-image\">\n<figure class=\"aligncenter size-large is-resized\"><img loading=\"lazy\" decoding=\"async\" width=\"964\" height=\"822\" src=\"https:\/\/centcols.org\/backup\/wp-content\/uploads\/2023\/07\/Glandon-carte.jpg\" alt=\"\" class=\"wp-image-75552\" style=\"width:1095px;height:934px\" srcset=\"https:\/\/centcols.org\/backup\/wp-content\/uploads\/2023\/07\/Glandon-carte.jpg 964w, https:\/\/centcols.org\/backup\/wp-content\/uploads\/2023\/07\/Glandon-carte-500x426.jpg 500w, https:\/\/centcols.org\/backup\/wp-content\/uploads\/2023\/07\/Glandon-carte-768x655.jpg 768w, https:\/\/centcols.org\/backup\/wp-content\/uploads\/2023\/07\/Glandon-carte-600x512.jpg 600w\" sizes=\"(max-width: 964px) 100vw, 964px\" \/><\/figure><\/div>\n\n\n<p class=\"has-medium-font-size\"><strong>Versant\u00a0e Savoie<\/strong><\/p>\n\n\n\n<p class=\"has-medium-font-size\">La D927 da accesso AL col du Glandon (<a href=\"https:\/\/centcols.org\/backup\/util\/geo\/visu.php?code=FR-73-1924\" target=\"_blank\" rel=\"noopener\" title=\"\">FR-73-1924<\/a>) \u00a0dalla Maurienne (Saint-Etienne de Cuines\u00a0 a 21 km \u2013 alt. 450 m) per Saint-Colomban-des-Villards (a10 km dal passo \u2013 alt. 1100 m).<\/p>\n\n\n\n<div class=\"wp-block-columns is-layout-flex wp-container-core-columns-is-layout-1 wp-block-columns-is-layout-flex\">\n<div class=\"wp-block-column is-layout-flow wp-block-column-is-layout-flow\"><\/div>\n<\/div>\n\n\n\n<h3 class=\"kt-adv-heading78312_7393e1-4a wp-block-kadence-advancedheading\" data-kb-block=\"kb-adv-heading78312_7393e1-4a\"><strong>Modifica<\/strong>zione degli accessi<\/h3>\n\n\n\n<p class=\"has-medium-font-size\"><strong>Versante Is\u00e8re <\/strong>(in comune con Col de la Croix de Fer)<\/p>\n\n\n\n<p class=\"has-medium-font-size\">La strada fu costruita nel 1898 (e ampliata fino al Col de la Croix de Fer nel 1912).<\/p>\n\n\n\n<p class=\"has-medium-font-size\">Alla fine del XX secolo ha subito due modifiche:<\/p>\n\n\n\n<ul>\n<li class=\"has-medium-font-size\">Il percorso \u00e8 stato modificato con la costruzione della diga della Grand-Maison tra il 1978 e il 1985. La strada sovrasta leggermente il lago (circa cinquanta metri) prima di scendere leggermente verso l&#8217;Eau d&#8217;Olle.<\/li>\n\n\n\n<li class=\"has-medium-font-size\">Il 23 aprile 1989, una <a href=\"http:\/\/www.irma-grenoble.com\/04risques_isere\/00commune_evenements_fiche.php?id_evenements=771\" target=\"_blank\" rel=\"noreferrer noopener\">frana proveniente dal Pic Bunard <\/a>\u00a0(da 300 a 400 m<sup>3<\/sup> di roccie) ha spazzato via la strada (sponda destra dell&#8217;Eau d&#8217;Olle) sopra il Rivier d&#8217;Allemond all&#8217;altezza della cascata di Maupas. La strada \u00e8 stata ricostruita sulla riva sinistra per una distanza di 2 km, con una discesa (62 m in 600 m) per attraversare il torrente e poi una salita abbastanza ripida (11% per il primo chilometro). La vecchia strada \u00e8 ancora visibile lungo la riva destra della montagna <em>(questo \u00e8 stato un anno con Marmotte e BRA. Una nuova strada \u00e8 stata costruita in 2 mesi! Un miracolo di decisione).<\/em><\/li>\n<\/ul>\n\n\n<div class=\"wp-block-image\">\n<figure class=\"aligncenter size-large is-resized\"><img loading=\"lazy\" decoding=\"async\" width=\"992\" height=\"744\" src=\"https:\/\/centcols.org\/backup\/wp-content\/uploads\/2023\/07\/EBOULEMENT-MAUPAS.jpg\" alt=\"\" class=\"wp-image-75558\" style=\"width:1093px;height:820px\" srcset=\"https:\/\/centcols.org\/backup\/wp-content\/uploads\/2023\/07\/EBOULEMENT-MAUPAS.jpg 992w, https:\/\/centcols.org\/backup\/wp-content\/uploads\/2023\/07\/EBOULEMENT-MAUPAS-500x375.jpg 500w, https:\/\/centcols.org\/backup\/wp-content\/uploads\/2023\/07\/EBOULEMENT-MAUPAS-768x576.jpg 768w, https:\/\/centcols.org\/backup\/wp-content\/uploads\/2023\/07\/EBOULEMENT-MAUPAS-600x450.jpg 600w\" sizes=\"(max-width: 992px) 100vw, 992px\" \/><figcaption class=\"wp-element-caption\"><strong><em>La frana del 1989 caduta dal Pic Bunard ; in basso a destra la nuova strada che attraversa sulla riva sinistra l\u2019Eau D\u2019Olle et se dirige verso il Col du Glandon.\u00a0<\/em><br><em>In alto a destra la montagna del Rissou, dominante il d\u00e9fil\u00e9 del Maupas.<\/em><\/strong><em>\u00a0 <a href=\"http:\/\/forayrandobrie.free.fr\/Belledonne\/Belledonne1314\/index_fichiers\/Page1126.htm\" target=\"_blank\" rel=\"noreferrer noopener\">Fonte : forayrandobrie.free.fr\/Belledonne<\/a><\/em><\/figcaption><\/figure><\/div>\n\n\n<p class=\"has-medium-font-size\"><strong>Versante Savoi<\/strong>a<\/p>\n\n\n\n<p class=\"has-medium-font-size\">In epoca romana, il<strong> Col du Glandon<\/strong> era utilizzato per passare dall&#8217;Oisans alla Maurienne, scendendo attraverso la valle dei Villards.<\/p>\n\n\n\n<p><\/p>\n\n\n\n<h2 class=\"wp-block-heading\">Da vedere &#8211; turismo\u00a0<\/h2>\n\n\n\n<h4 class=\"wp-block-heading has-medium-font-size\"><br>Versante Is\u00e8re (in comune concommun avec col de la Croix de Fer)<\/h4>\n\n\n\n<p class=\"has-medium-font-size\">La <strong><a href=\"https:\/\/france3-regions.francetvinfo.fr\/auvergne-rhone-alpes\/isere\/video-immersion-a-la-centrale-hydroelectrique-de-grand-maison-en-isere-la-plus-puissante-d-europe-2274700.html\" target=\"_blank\" rel=\"noopener\" title=\"\">centrale de Grand\u2019Maison<\/a><\/strong> \u00e8 una centrale di pompaggio (STEP).<\/p>\n\n\n\n<p class=\"has-medium-font-size\">Un serbatoio superiore <strong>(Lac de Grand&#8217;Maison<\/strong>, 1.695 m) \u00e8 collegato tramite condotte forzate a un serbatoio inferiore, il <strong>Lac du Verney<\/strong>, situato 900 m sotto la centrale <strong>(Lac du Verney,<\/strong> 725 m, 15 milioni di m\u00b3 di acqua). Durante i periodi di alto consumo, la centrale elettrica mette in turbina l&#8217;acqua del bacino superiore. L&#8217;acqua fluisce poi nel serbatoio a valle. Nei periodi non di punta, soprattutto di notte e nei fine settimana, l&#8217;acqua del serbatoio inferiore viene pompata nel serbatoio superiore.<\/p>\n\n\n\n<p class=\"has-medium-font-size\">In questo modo, il sistema pu\u00f2 accumulare energia e rispondere rapidamente ai picchi di domanda.<\/p>\n\n\n\n<p class=\"has-medium-font-size\">\u00c8 la diga pi\u00f9 potente d&#8217;Europa e pu\u00f2 produrre l&#8217;equivalente di 2 reattori nucleari di vecchia generazione.<\/p>\n\n\n\n<figure class=\"wp-block-image size-large\"><img loading=\"lazy\" decoding=\"async\" width=\"1200\" height=\"680\" src=\"https:\/\/centcols.org\/backup\/wp-content\/uploads\/2023\/07\/Glandon-Gd-Maison.jpg\" alt=\"\" class=\"wp-image-75564\" srcset=\"https:\/\/centcols.org\/backup\/wp-content\/uploads\/2023\/07\/Glandon-Gd-Maison.jpg 1200w, https:\/\/centcols.org\/backup\/wp-content\/uploads\/2023\/07\/Glandon-Gd-Maison-500x283.jpg 500w, https:\/\/centcols.org\/backup\/wp-content\/uploads\/2023\/07\/Glandon-Gd-Maison-768x435.jpg 768w, https:\/\/centcols.org\/backup\/wp-content\/uploads\/2023\/07\/Glandon-Gd-Maison-600x340.jpg 600w\" sizes=\"(max-width: 1200px) 100vw, 1200px\" \/><\/figure>\n\n\n\n<p class=\"has-medium-font-size\">Il <strong><a href=\"https:\/\/www.edf.fr\/groupe-edf\/agir-en-entreprise-responsable\/fondation-et-mecenat-patrimoine-sport\/site-emblematique-grandmaison-hydrelec\/hydrelec-un-musee-dedie-a-lhydroelectricite\" target=\"_blank\" rel=\"noopener\" title=\"\">Museo EDF Hydr\u00e9lec<\/a><\/strong> situato tra la strada e il Lac du Verney, ha ottenuto il marchio Mus\u00e9e de France e presenta collezioni uniche dell&#8217;arco alpino risalenti al XIX e XX secolo. Un percorso scenografico rende omaggio agli scienziati, agli ingegneri, ai tecnici e agli operai che hanno partecipato alla creazione di centrali idroelettriche e dighe.<\/p>\n\n\n\n<h4 class=\"wp-block-heading has-medium-font-size\">Al passo<\/h4>\n\n\n\n<div class=\"wp-block-columns is-layout-flex wp-container-core-columns-is-layout-2 wp-block-columns-is-layout-flex\">\n<div class=\"wp-block-column is-layout-flow wp-block-column-is-layout-flow\" style=\"flex-basis:33.33%\">\n<p class=\"has-medium-font-size\">Un monumento in cima al passo ricorda che nei mesi di luglio e agosto 1944, mentre si preparavano gli sbarchi in Provenza, il gruppo mobile n. 5 del maquis di Oisans respinse temporaneamente un attacco tedesco nei pressi del passo.<\/p>\n<\/div>\n\n\n\n<div class=\"wp-block-column is-layout-flow wp-block-column-is-layout-flow\" style=\"flex-basis:66.66%\">\n<figure class=\"wp-block-image size-large\"><img loading=\"lazy\" decoding=\"async\" width=\"1200\" height=\"900\" src=\"https:\/\/centcols.org\/backup\/wp-content\/uploads\/2023\/07\/P1020418-stele-situee-au-col-du-Glandon-revue-1200x900.jpg\" alt=\"\" class=\"wp-image-75596\" srcset=\"https:\/\/centcols.org\/backup\/wp-content\/uploads\/2023\/07\/P1020418-stele-situee-au-col-du-Glandon-revue-1200x900.jpg 1200w, https:\/\/centcols.org\/backup\/wp-content\/uploads\/2023\/07\/P1020418-stele-situee-au-col-du-Glandon-revue-500x375.jpg 500w, https:\/\/centcols.org\/backup\/wp-content\/uploads\/2023\/07\/P1020418-stele-situee-au-col-du-Glandon-revue-768x576.jpg 768w, https:\/\/centcols.org\/backup\/wp-content\/uploads\/2023\/07\/P1020418-stele-situee-au-col-du-Glandon-revue-1536x1152.jpg 1536w, https:\/\/centcols.org\/backup\/wp-content\/uploads\/2023\/07\/P1020418-stele-situee-au-col-du-Glandon-revue-600x450.jpg 600w, https:\/\/centcols.org\/backup\/wp-content\/uploads\/2023\/07\/P1020418-stele-situee-au-col-du-Glandon-revue.jpg 1600w\" sizes=\"(max-width: 1200px) 100vw, 1200px\" \/><\/figure>\n<\/div>\n<\/div>\n\n\n\n<p class=\"has-medium-font-size\">Sopra il parcheggio del Col du Glandon, sono stati eretti quattro pilastri per offrire una vista diretta sul Monte Bianco.<\/p>\n\n\n<div class=\"wp-block-image\">\n<figure class=\"aligncenter size-large is-resized\"><img loading=\"lazy\" decoding=\"async\" width=\"767\" height=\"436\" src=\"https:\/\/centcols.org\/backup\/wp-content\/uploads\/2023\/07\/Glandon-piliers.jpg\" alt=\"\" class=\"wp-image-75576\" style=\"width:1118px;height:636px\" srcset=\"https:\/\/centcols.org\/backup\/wp-content\/uploads\/2023\/07\/Glandon-piliers.jpg 767w, https:\/\/centcols.org\/backup\/wp-content\/uploads\/2023\/07\/Glandon-piliers-500x284.jpg 500w, https:\/\/centcols.org\/backup\/wp-content\/uploads\/2023\/07\/Glandon-piliers-600x341.jpg 600w\" sizes=\"(max-width: 767px) 100vw, 767px\" \/><\/figure><\/div>\n\n\n<h2 class=\"wp-block-heading\">Situazione amministrativa<\/h2>\n\n\n\n<h3 class=\"wp-block-heading\">Attualmente<\/h3>\n\n\n\n<p class=\"has-medium-font-size\">Entrambi i versanti del passo si trovano nel dipartimento della Savoia (Commune di <a href=\"https:\/\/fr.wikipedia.org\/wiki\/Saint-Colomban-des-Villards\">Saint-Colomban-des-Villards<\/a>).<\/p>\n\n\n\n<p class=\"has-medium-font-size\">Il confine Is\u00e8re \/ Savoie \u00e8 situato sul versante Is\u00e8re\u00a0al Pont du Rieu Claret (1730 m)\u00a0 a 3,8 km dal passo.<\/p>\n\n\n\n<h3 class=\"wp-block-heading\">Storia<\/h3>\n\n\n\n<p class=\"has-medium-font-size\">Perch\u00e9 il confine Is\u00e8re \/ Savoia non \u00e8 sullo spartiacque Arc \/ Is\u00e8re&nbsp;?&nbsp;<em>(cio\u00e8 ai passi della Croix de Fer e du Glandon)<\/em><\/p>\n\n\n\n<p class=\"has-medium-font-size\"><strong>Secondo&nbsp;<a href=\"https:\/\/www.oisans.com\/decouvrir\/les-incontournables\/col-glandon-col-de-croix-de-fer\/\" target=\"_blank\" rel=\"noopener\" title=\"\">\u00ab&nbsp;oisans.com&nbsp;\u00bb<\/a><\/strong><\/p>\n\n\n\n<p class=\"has-medium-font-size\">Fino al 1860, il passo del Sabot segnava il confine tra Francia e Savoia. Vaujany, sulla route des cols, fu dotata di un posto di frontiera per proteggere la provincia del Delfinato. \u2026 \/ \u2026 Dove oggi si trova il bacino della Grand&#8217;Maison, un tempo vasti pascoli montani erano condivisi tra francesi e savoiardi. La Grand&#8217;Maison era un grande edificio utilizzato per ospitare i pastori. Informazioni completate da&nbsp;<strong>\u00ab&nbsp;<a href=\"https:\/\/www.isere-tourisme.com\/patrimoine-naturel\/au-col-du-sabot-2100-m\" target=\"_blank\" rel=\"noopener\" title=\"\">Is\u00e8re-Tourisme&nbsp;<\/a>\u00bb&nbsp;<\/strong>: Dietro il Col du Sabot c&#8217;era un posto di frontiera, di cui esistono ancora alcune rovine.<\/p>\n\n\n\n<p class=\"has-medium-font-size\"><strong>ChatGPT completa queste informazioni <\/strong>(senza citare le sue fonti):<\/p>\n\n\n\n<p class=\"has-medium-font-size\">&#8220;La regione intorno ai passi della Croix de Fer e del Glandon \u00e8 un&#8217;area di pascoli montani in cui i contadini savoiardi e del Delfinato hanno praticato l&#8217;agricoltura per secoli. Gli abitanti dei due versanti avevano rapporti stretti e spesso condividevano pascoli e terreni agricoli.<\/p>\n\n\n\n<p class=\"has-medium-font-size\">Quando il confine fu definito nell&#8217;ambito del Trattato di Torino del 1860, era importante ridurre al minimo i disagi per le popolazioni locali. Fissare il confine sul Rieu Claret, un corso d&#8217;acqua chiaramente identificabile, ha permesso di mantenere i diritti d&#8217;uso tradizionali degli agricoltori su entrambi i lati del confine.&#8221;<\/p>\n\n\n\n<h2 class=\"wp-block-heading\">Ciclismo e cicloturismoCyclisme et cyclotourisme<\/h2>\n\n\n\n<h3 class=\"wp-block-heading\">Tour de France<\/h3>\n\n\n\n<p class=\"has-medium-font-size\">Il\u00a0Tour de France\u00a0ha affrontato questo passo per la prima volta nel 1947.<\/p>\n\n\n\n<h3 class=\"wp-block-heading\">BRA<\/h3>\n\n\n\n<p class=\"has-medium-font-size\">Nella sua versione tradizionale il BRA non affronta il col du Glandon (passa sull&#8217;incrocio a 200 m dal passo sulla strada del Col de la Croix de Fer).<\/p>\n\n\n\n<p class=\"has-medium-font-size\">Tuttavia\u00a0:<\/p>\n\n\n\n<ul>\n<li><span style=\"font-size: 20px;\">Nel 2015, con la chiusura del tunnel dello Chambon che ha reso impossibile il superamento del Col du Galibier, \u00e8 stato attuato il piano B, con il Col du Glandon, i 18 tornanti di Montvernier, il Col du Mollard e il Col de la Croix de Fer.<br \/>Nel 2019, dopo un controllo di ristoro sul Col de la Croix de Fer, ci sar\u00e0 un&#8217;inversione di marcia e una discesa del Glandon per scalare i tornanti di Montvernier.En 2015, du fait de la fermeture du tunnel du Chambon, rendant impossible le passage par le col du Galibier, le plan B est mis en \u0153uvre avec le col du Glandon, les 18 lacets de Montvernier, les cols du Mollard et de la Croix de Fer.<\/span><\/li>\n<li><span style=\"font-size: 20px;\">En 2019, apr\u00e8s contr\u00f4le ravitaillement au col de la Croix de Fer, demi tour et descente du Glandon pour aller escalader les lacets de Montvernier.<\/span><\/li>\n<\/ul>\n\n\n\n<div class=\"wp-block-columns is-layout-flex wp-container-core-columns-is-layout-3 wp-block-columns-is-layout-flex\">\n<div class=\"wp-block-column is-layout-flow wp-block-column-is-layout-flow\"><\/div>\n\n\n\n<div class=\"wp-block-column is-layout-flow wp-block-column-is-layout-flow\"><\/div>\n<\/div>\n\n\n\n<h3 class=\"wp-block-heading\">Marmotte<\/h3>\n\n\n\n<p class=\"has-medium-font-size\">Dalla sua creazione nel 1982 al 1999, la manifestazione ciclosportiva &#8220;La Marmotte&#8221; si \u00e8 svolta sul Col de la Croix de Fer, poi sul Col du Glandon.<\/p>\n\n\n\n<h3 class=\"wp-block-heading\">Profilo<\/h3>\n\n\n\n<p class=\"has-medium-font-size\">Su internet si trovano molti profili del Col de la Croix de Fer. Le percentuali indicate sono molto variabili.<\/p>\n\n\n\n<p class=\"has-medium-font-size\">La cosa migliore \u00e8 tracciare il proprio percorso su Openrunner e cliccare su &#8220;vedi il profilo altimetrico&#8221;, come mostrato qui tra Rochetaill\u00e9e (Is\u00e8re) e La Chambre (Savoia):<\/p>\n\n\n\n<figure class=\"wp-block-image size-large\"><img loading=\"lazy\" decoding=\"async\" width=\"1200\" height=\"320\" src=\"https:\/\/centcols.org\/backup\/wp-content\/uploads\/2023\/07\/Glandon-Profil-1200x320.jpeg\" alt=\"\" class=\"wp-image-75589\" srcset=\"https:\/\/centcols.org\/backup\/wp-content\/uploads\/2023\/07\/Glandon-Profil-1200x320.jpeg 1200w, https:\/\/centcols.org\/backup\/wp-content\/uploads\/2023\/07\/Glandon-Profil-500x133.jpeg 500w, https:\/\/centcols.org\/backup\/wp-content\/uploads\/2023\/07\/Glandon-Profil-768x205.jpeg 768w, https:\/\/centcols.org\/backup\/wp-content\/uploads\/2023\/07\/Glandon-Profil-1536x410.jpeg 1536w, https:\/\/centcols.org\/backup\/wp-content\/uploads\/2023\/07\/Glandon-Profil-2048x546.jpeg 2048w, https:\/\/centcols.org\/backup\/wp-content\/uploads\/2023\/07\/Glandon-Profil-600x160.jpeg 600w\" sizes=\"(max-width: 1200px) 100vw, 1200px\" \/><\/figure>\n\n\n\n<p class=\"has-medium-font-size\">E, infine, alcuni immagini a proposito di  <a href=\"https:\/\/photos.google.com\/share\/AF1QipNUY8MWRR6tpN6-_6JnRAzdohNr0gCjlPkL_F4usBghZoTmF3xzs-fg8P3LImWI2Q?key=dDhoYW9vaXdNLXo0cURlaHdYMHE4YUxDS28wX3lR\" target=\"_blank\" rel=\"noopener\" title=\"\">Croix de Fer e Glandon<\/a><\/p>\n\n\n\n<p class=\"has-text-align-right\"><em>Un articolo di  G\u00e9rard Galland (e Bernard Giraudeau per la parte geologica)<\/em><\/p>\n","protected":false},"excerpt":{"rendered":"<p>Il Col du Glandon (FR-73-1924) prende il nome da una localit\u00e0 del comune di Saint-Colomban-des-Villards.Sul passo nasce l&#8217;omonimo torrente. \u00a0Il passo si trova sul confine dei massicci di\u00a0Belledonne\u00a0e dgli\u00a0Arves, a ovest del\u00a0col de la Croix-de-Fer.\u00a0 Il Col du Glandon e il Col de la Croix de Fer sono geograficamente molto vicini, distano meno di 3 [&hellip;]<\/p>\n","protected":false},"author":69,"featured_media":0,"comment_status":"closed","ping_status":"closed","sticky":false,"template":"","format":"standard","meta":{"_acf_changed":false,"ub_ctt_via":"","_monsterinsights_skip_tracking":false,"_monsterinsights_sitenote_active":false,"_monsterinsights_sitenote_note":"","_monsterinsights_sitenote_category":0,"footnotes":""},"categories":[628],"tags":[],"acf":[],"featured_image_urls":{"full":"","thumbnail":"","medium":"","medium_large":"","large":"","1536x1536":"","2048x2048":"","woocommerce_thumbnail":"","woocommerce_single":"","woocommerce_gallery_thumbnail":""},"post_excerpt_stackable":"<p>Toponomastica Il Col du Glandon (FR-73-1924) prende il nome da una localit\u00e0 del comune di Saint-Colomban-des-Villards.Sul passo nasce l&#8217;omonimo torrente. Situazione geografica Massiccio \u00a0Il passo si trova sul confine dei massicci di\u00a0Belledonne\u00a0e dgli\u00a0Arves, a ovest del\u00a0col de la Croix-de-Fer.\u00a0 Geologia Il Col du Glandon e il Col de la Croix de Fer sono geograficamente molto vicini, distano meno di 3 km l&#8217;uno dall&#8217;altro e si trovano entrambi nel massiccio delle Grandes Rousses. Ma sono molto diversi in termini geologici. Seguendo la strada tra questi due passi, situati nella valle dell&#8217;Eau Dolle, il cambiamento nella natura delle rocce &#8211; cristalline a&hellip;<\/p>\n","category_list":"<a href=\"https:\/\/centcols.org\/backup\/it\/categorie\/passi-alla-rinfusa\/\" rel=\"category tag\">Passi alla rinfusa<\/a>","author_info":{"display_name":"Enrico Alberini","author_link":"https:\/\/centcols.org\/backup\/it\/author\/5065\/"},"comments_num":"0 commenti","featured_image_urls_v2":{"full":"","thumbnail":"","medium":"","medium_large":"","large":"","1536x1536":"","2048x2048":"","woocommerce_thumbnail":"","woocommerce_single":"","woocommerce_gallery_thumbnail":""},"post_excerpt_stackable_v2":"<p>Toponomastica Il Col du Glandon (FR-73-1924) prende il nome da una localit\u00e0 del comune di Saint-Colomban-des-Villards.Sul passo nasce l&#8217;omonimo torrente. Situazione geografica Massiccio \u00a0Il passo si trova sul confine dei massicci di\u00a0Belledonne\u00a0e dgli\u00a0Arves, a ovest del\u00a0col de la Croix-de-Fer.\u00a0 Geologia Il Col du Glandon e il Col de la Croix de Fer sono geograficamente molto vicini, distano meno di 3 km l&#8217;uno dall&#8217;altro e si trovano entrambi nel massiccio delle Grandes Rousses. Ma sono molto diversi in termini geologici. Seguendo la strada tra questi due passi, situati nella valle dell&#8217;Eau Dolle, il cambiamento nella natura delle rocce &#8211; cristalline a&hellip;<\/p>\n","category_list_v2":"<a href=\"https:\/\/centcols.org\/backup\/it\/categorie\/passi-alla-rinfusa\/\" rel=\"category tag\">Passi alla rinfusa<\/a>","author_info_v2":{"name":"Enrico Alberini","url":"https:\/\/centcols.org\/backup\/it\/author\/5065\/"},"comments_num_v2":"0 commenti","featured_image_src":null,"_links":{"self":[{"href":"https:\/\/centcols.org\/backup\/it\/wp-json\/wp\/v2\/posts\/78312"}],"collection":[{"href":"https:\/\/centcols.org\/backup\/it\/wp-json\/wp\/v2\/posts"}],"about":[{"href":"https:\/\/centcols.org\/backup\/it\/wp-json\/wp\/v2\/types\/post"}],"author":[{"embeddable":true,"href":"https:\/\/centcols.org\/backup\/it\/wp-json\/wp\/v2\/users\/69"}],"replies":[{"embeddable":true,"href":"https:\/\/centcols.org\/backup\/it\/wp-json\/wp\/v2\/comments?post=78312"}],"version-history":[{"count":0,"href":"https:\/\/centcols.org\/backup\/it\/wp-json\/wp\/v2\/posts\/78312\/revisions"}],"wp:attachment":[{"href":"https:\/\/centcols.org\/backup\/it\/wp-json\/wp\/v2\/media?parent=78312"}],"wp:term":[{"taxonomy":"category","embeddable":true,"href":"https:\/\/centcols.org\/backup\/it\/wp-json\/wp\/v2\/categories?post=78312"},{"taxonomy":"post_tag","embeddable":true,"href":"https:\/\/centcols.org\/backup\/it\/wp-json\/wp\/v2\/tags?post=78312"}],"curies":[{"name":"wp","href":"https:\/\/api.w.org\/{rel}","templated":true}]}}