{"id":78314,"date":"2023-06-19T16:27:45","date_gmt":"2023-06-19T14:27:45","guid":{"rendered":"https:\/\/centcols.org\/backup\/le-col-du-galibier-2\/"},"modified":"2023-12-15T10:59:46","modified_gmt":"2023-12-15T09:59:46","slug":"le-col-du-galibier-2","status":"publish","type":"post","link":"https:\/\/centcols.org\/backup\/it\/le-col-du-galibier-2\/","title":{"rendered":"Il Col du Galibier"},"content":{"rendered":"\n<h2 class=\"kt-adv-heading78314_2ab176-37 wp-block-kadence-advancedheading\" data-kb-block=\"kb-adv-heading78314_2ab176-37\">Toponomastica<\/h2>\n\n\n\n<p class=\"has-medium-font-size\">Secondo <a href=\"https:\/\/fr.wikipedia.org\/wiki\/Grand_Galibier\" target=\"_blank\" rel=\"noopener\" title=\"\"><strong>Wikipedia<\/strong><\/a>, l&#8217;etimologia dell&#8217;<strong><a href=\"https:\/\/fr.wikipedia.org\/wiki\/Oronyme\" target=\"_blank\" rel=\"noopener\" title=\"\">oronimo <\/a><\/strong> Galibier \u00e8 discussa. Si pensa che Galibier derivi da un radicale di origine pre-indoeuropea, gal, una variante di kal, pietra, con lup, altezza. Il nome Galibier farebbe riferimento a una collina pietrosa.<\/p>\n\n\n\n<h2 class=\"kt-adv-heading78314_8ba728-77 wp-block-kadence-advancedheading\" data-kb-block=\"kb-adv-heading78314_8ba728-77\">Situazione geografica<\/h2>\n\n\n\n<h3 class=\"kt-adv-heading78314_a85e06-c4 wp-block-kadence-advancedheading\" data-kb-block=\"kb-adv-heading78314_a85e06-c4\">Massiccio<\/h3>\n\n\n\n<p class=\"has-medium-font-size\">Il <a href=\"https:\/\/centcols.org\/backup\/util\/geo\/visuGen.php?code=FR-05-2642a\" target=\"_blank\" rel=\"noopener\" title=\"\">col du Galibier FR-05-2642a<\/a> &#8211; \u00e8 situato tra il <a href=\"https:\/\/fr.wikipedia.org\/wiki\/Massif_des_Arves\" target=\"_blank\" rel=\"noopener\" title=\"\"><strong>massiccio degli Arves<\/strong><\/a>\u00a0 con l&#8217;ovest del Col le Pic des Trois Ev\u00e9ch\u00e9s (3.116 m) et il<strong>\u00a0<a href=\"https:\/\/fr.wikipedia.org\/wiki\/Massif_des_Cerces\" target=\"_blank\" rel=\"noopener\" title=\"\">massiccio dei Cerces<\/a>,<\/strong>\u00a0con la cima  Grand Galibier (3228 m) a est del passo.<\/p>\n\n\n\n<h3 class=\"kt-adv-heading78314_3ae1dc-b0 wp-block-kadence-advancedheading\" data-kb-block=\"kb-adv-heading78314_3ae1dc-b0\">Geologia<\/h3>\n\n\n\n<p class=\"has-medium-font-size\">Le nappes de charriage (nappe di spinta) del Brian\u00e7onnais sono ben note e hanno la particolarit\u00e0 di aver permesso la copertura di strati geologici recenti da parte di strati geologici pi\u00f9 antichi. Questo accatastamento di nappe, dislocate tra i 20 e i 30 km, contemporaneo al sollevamento alpino (30 Ma), \u00e8 stato facilitato dalla presenza di uno strato di gesso che funge da &#8220;lubrificante tettonico&#8221;.<\/p>\n\n\n\n<p class=\"has-medium-font-size\">Il passo nasconde una curiosit\u00e0 geologica. Il gesso affiora sopra la galleria e sotto il portale nord del passo. Questo gesso \u00e8 costellato di depressioni decametriche che ricordano forme carsiche. Alcuni turisti li hanno addirittura scambiati per buchi di conchiglie, ma in realt\u00e0 sono imbuti in cui l&#8217;acqua ha sciolto il gesso.<\/p>\n\n\n\n<p class=\"has-medium-font-size\">I lettori interessati a questo argomento possono consultare l&#8217;esauriente articolo di <a href=\"http:\/\/www.geol-alp.com\/brianconnais\/_lieux_Guisane_WNevache\/Galibier_col.html\" target=\"_blank\" rel=\"noreferrer noopener\">geol-alp.com Col du Galibier<\/a>\u00a0<\/p>\n\n\n\n<h3 class=\"wp-block-heading\">Idrographie<\/h3>\n\n\n\n<p class=\"has-medium-font-size\">Si trova sullo spartiacque tra il bacino dell&#8217;Is\u00e8re a nord (valle della Valloirette, affluente dell&#8217;Arc e poi dell&#8217;Is\u00e8re) e il bacino della Durance a sud (valle della Guisane, affluente della Durance).<\/p>\n\n\n\n<h3 class=\"wp-block-heading\">Accesso<\/h3>\n\n\n\n<p class=\"has-medium-font-size\">La strada del Galibier (oggi D902 &#8211; ex RN202 &#8211; sia in Savoia che nelle Hautes-Alpes) fu costruita a partire dal 1874 e fu completata con lo scavo del tunnel nel 1891. La strada (sommitale) fu completata almeno nel 1884.<\/p>\n\n\n\n<p class=\"has-medium-font-size\">Collega :<\/p>\n\n\n<div class=\"wp-block-image\">\n<figure class=\"aligncenter size-large is-resized\"><img loading=\"lazy\" decoding=\"async\" width=\"681\" height=\"607\" src=\"https:\/\/centcols.org\/backup\/wp-content\/uploads\/2023\/06\/Galibier-carte.jpg\" alt=\"\" class=\"wp-image-75117\" style=\"width:1005px;height:896px\" srcset=\"https:\/\/centcols.org\/backup\/wp-content\/uploads\/2023\/06\/Galibier-carte.jpg 681w, https:\/\/centcols.org\/backup\/wp-content\/uploads\/2023\/06\/Galibier-carte-500x446.jpg 500w, https:\/\/centcols.org\/backup\/wp-content\/uploads\/2023\/06\/Galibier-carte-600x535.jpg 600w\" sizes=\"(max-width: 681px) 100vw, 681px\" \/><\/figure><\/div>\n\n\n<div class=\"wp-block-columns is-layout-flex wp-container-core-columns-is-layout-1 wp-block-columns-is-layout-flex\">\n<div class=\"wp-block-column is-layout-flow wp-block-column-is-layout-flow\">\n<ul>\n<li><span style=\"font-size: 20px;\">a nord, la Maurienne (valle dell&#8217;Is\u00e8re), Saint-Michel de Maurienne (a 35 km &#8211; alt. 730 m), passando per Valloire (a 18 km) e il Col du T\u00e9l\u00e9graphe &#8211; <a href=\"https:\/\/centcols.org\/backup\/util\/geo\/visuGen.php?code=FR-73-1566\" target=\"_blank\" rel=\"noopener\">FR-73-1566<\/a> &#8211; (a 28 km dal Col du Galibier), e Valloire (a 18 km &#8211; alt.<br \/>1430 m) poi il Plan Lachat (8 km &#8211; alt. 1786 m) e (una decina di metri a destra della strada) il Collet de Plan Nicolas &#8211; <a href=\"https:\/\/centcols.org\/backup\/util\/geo\/visuGen.php?code=FR-73-2406\" target=\"_blank\" rel=\"noopener\">FR-73-2406<\/a> (2,8 km).\u00a0<\/span><\/li>\n<\/ul>\n<\/div>\n\n\n\n<div class=\"wp-block-column is-layout-flow wp-block-column-is-layout-flow\">\n<ul>\n<li><span style=\"font-size: 20px;\">a <strong>sud<\/strong>, il Col du Lautaret\u00a0<a href=\"https:\/\/centcols.org\/backup\/util\/geo\/visuGen.php?code=FR-05-2057\" target=\"_blank\" rel=\"noopener\"> FR-05-2057 <\/a>&#8211; a 9 km. Dal passo si accede :<\/span><br \/>\n<ul>\n<li><span style=\"font-size: 20px;\">a ovest alla valle della Romanche : La Grave, Bourg d\u2019Oisans (alt. 720 m &#8211; 47 km dal col du Galibier) , Vizille (alt. 280m, 80 km), Grenoble<\/span><\/li>\n<li><span style=\"font-size: 20px;\">a sud-est alla valle della Guisane (Brian\u00e7on a 36 km dal Galibier)<\/span><\/li>\n<\/ul>\n<\/li>\n<\/ul>\n<\/div>\n<\/div>\n\n\n\n<div class=\"wp-block-columns are-vertically-aligned-center is-layout-flex wp-container-core-columns-is-layout-2 wp-block-columns-is-layout-flex\">\n<div class=\"wp-block-column is-vertically-aligned-center is-layout-flow wp-block-column-is-layout-flow\">\u00a0<\/div>\n\n\n\n<div class=\"wp-block-column is-vertically-aligned-center is-layout-flow wp-block-column-is-layout-flow\">\u00a0<\/div>\n<\/div>\n\n\n<div class=\"wp-block-image\">\n<figure class=\"aligncenter size-large\"><img decoding=\"async\" src=\"https:\/\/cyclotourisme-grenoble-ctg.org\/bra\/wp-content\/uploads\/2023\/03\/GALIBIER-MEIJE-P1000563-scaled.jpg\" alt=\"\"\/><figcaption class=\"wp-element-caption\"><strong>Versante sud\u00a0: <em>vista sul massiccio degli \u00c9crins (a destra la  Meije) e la strada del Lautaret<\/em><\/strong><\/figcaption><\/figure><\/div>\n\n<div class=\"wp-block-image\">\n<figure class=\"aligncenter size-large\"><img loading=\"lazy\" decoding=\"async\" width=\"887\" height=\"665\" src=\"https:\/\/centcols.org\/backup\/wp-content\/uploads\/2023\/06\/Galibier-versannt-nordJPG.jpg\" alt=\"\" class=\"wp-image-75124\" srcset=\"https:\/\/centcols.org\/backup\/wp-content\/uploads\/2023\/06\/Galibier-versannt-nordJPG.jpg 887w, https:\/\/centcols.org\/backup\/wp-content\/uploads\/2023\/06\/Galibier-versannt-nordJPG-500x375.jpg 500w, https:\/\/centcols.org\/backup\/wp-content\/uploads\/2023\/06\/Galibier-versannt-nordJPG-768x576.jpg 768w, https:\/\/centcols.org\/backup\/wp-content\/uploads\/2023\/06\/Galibier-versannt-nordJPG-600x450.jpg 600w\" sizes=\"(max-width: 887px) 100vw, 887px\" \/><figcaption class=\"wp-element-caption\"><strong>Versante nord\u00a0: nella discesa, il <em>le Collet de Plan Nicolas<\/em><\/strong><\/figcaption><\/figure><\/div>\n\n\n<h3 class=\"kt-adv-heading78314_f66927-bd wp-block-kadence-advancedheading\" data-kb-block=\"kb-adv-heading78314_f66927-bd\"><strong>Modificazione degli accessi<\/strong><\/h3>\n\n\n\n<p class=\"has-medium-font-size\">Nel tempo, questa strada \u00e8 stata oggetto di numerosi lavori e il percorso \u00e8 stato modificato pi\u00f9 volte.<\/p>\n\n\n\n<h4 class=\"kt-adv-heading78314_7d893d-07 wp-block-kadence-advancedheading\" data-kb-block=\"kb-adv-heading78314_7d893d-07\"><strong>Tracciato versante sud<\/strong><\/h4>\n\n\n\n<p class=\"has-medium-font-size\">Il percorso originale sul versante sud era completamente diverso prima dell&#8217;inaugurazione della nuova strada che porta al <a href=\"https:\/\/fr.wikipedia.org\/wiki\/Col_du_Lautaret\" target=\"_blank\" rel=\"noopener\" title=\"\"><strong>Col du Lautaret<\/strong><\/a> e del graduale abbandono di quella vecchia.<\/p>\n\n\n\n<ul>\n<li><span style=\"font-size: 20px;\"><strong>Secondo la rivista del TCF<\/strong> del settembre 1936: &#8220;Questo importante tratto dell&#8217;itinerario alpino doveva essere inaugurato l&#8217;anno scorso, in agosto, ma un eccezionale ritardo nello scioglimento delle nevi non ha permesso di completare i lavori nei tempi previsti, per cui solo nel luglio scorso (1936) \u00e8 stato possibile aprirlo al traffico&#8221;. Quella stessa estate, il presidente Albert Lebrun (in vacanza a Vizille) fu visto camminare su di essa, in ossequio al protocollo.<\/span><\/li>\n<li><span style=\"font-size: 20px;\"><strong>Selon<\/strong> <a href=\"https:\/\/fr.wikipedia.org\/wiki\/Col_du_Galibier\" target=\"_blank\" rel=\"noopener\">Wikip\u00e9dia<\/a>\u00a0 (fa riferimento a un articolo del <a href=\"https:\/\/www.ledauphine.com\/savoie\/2011\/07\/20\/le-col-du-galibier-qui-permet-de-basculer-rapidement-vers-la-vallee-de-l-arc-le-brianconnais-ou\" target=\"_blank\" rel=\"noopener\">Dauphin\u00e9 Lib\u00e9r\u00e9 del 2011<\/a> e al sito\u00a0 <a href=\"http:\/\/www.memoire-du-cyclisme.eu\/dossiers\/dos_1911_1.php\" target=\"_blank\" rel=\"noopener\">M\u00e9moire du Cyclisme<\/a>) la nuova strada \u00e8 stata inaugurata solamente nel <strong>1938<\/strong>.<\/span><\/li>\n<\/ul>\n\n\n\n<p class=\"has-medium-font-size\"><em>Nel suo racconto <a href=\"https:\/\/cyclotourisme-grenoble-ctg.org\/bra\/cetait-en-1937-mon-premier-bra-par-paul-maillet\/\" target=\"_blank\" rel=\"noopener\" title=\"\">C\u2019\u00e9tait en 1937\u2026 Mon premier BRA<\/a> \u00a0(archivi BRA), Paul Maillet ha indicato di aver scalato il Galibier attraverso la nuova via, il che confermerebbe la data proposta dalla rivista TCF (e invaliderebbe la data secondo Wikipedia).<\/em><\/p>\n\n\n\n<p class=\"has-medium-font-size\">Il vecchio percorso, a est di quello attuale, si univa alla D1091 sotto il Col du Lautaret, poco a monte di Sestri\u00e8res, e presentava una pendenza media molto pi\u00f9 elevata di quella attuale (gli ultimi sei chilometri quasi al 10%), con un percorso pi\u00f9 breve ma un dislivello maggiore.<\/p>\n\n\n\n<div class=\"wp-block-columns is-layout-flex wp-container-core-columns-is-layout-3 wp-block-columns-is-layout-flex\">\n<div class=\"wp-block-column is-layout-flow wp-block-column-is-layout-flow\" style=\"flex-basis:50%\">\n<p class=\"has-medium-font-size\">Una pista &#8220;vaga&#8221; segue il tracciato della vecchia strada, ed \u00e8 ora utilizzata dagli appassionati di mountain bike downhill.<\/p>\n\n\n\n<p class=\"has-medium-font-size\">Il vecchio e il nuovo tracciato si incontrano presso il monumento a Henri Desgrange e si incrociano una sola volta, in un punto leggermente al di sotto del monumento.<\/p>\n<\/div>\n\n\n\n<div class=\"wp-block-column is-layout-flow wp-block-column-is-layout-flow\" style=\"flex-basis:50%\"><div class=\"wp-block-image\">\n<figure class=\"aligncenter size-large is-resized\"><img loading=\"lazy\" decoding=\"async\" width=\"512\" height=\"512\" src=\"https:\/\/centcols.org\/backup\/wp-content\/uploads\/2023\/06\/7510bb8e-69ae-498b-9bae-3bc5e84cdaa0.jpg\" alt=\"\" class=\"wp-image-75081\" style=\"width:358px;height:358px\" srcset=\"https:\/\/centcols.org\/backup\/wp-content\/uploads\/2023\/06\/7510bb8e-69ae-498b-9bae-3bc5e84cdaa0.jpg 512w, https:\/\/centcols.org\/backup\/wp-content\/uploads\/2023\/06\/7510bb8e-69ae-498b-9bae-3bc5e84cdaa0-500x500.jpg 500w, https:\/\/centcols.org\/backup\/wp-content\/uploads\/2023\/06\/7510bb8e-69ae-498b-9bae-3bc5e84cdaa0-300x300.jpg 300w, https:\/\/centcols.org\/backup\/wp-content\/uploads\/2023\/06\/7510bb8e-69ae-498b-9bae-3bc5e84cdaa0-100x100.jpg 100w\" sizes=\"(max-width: 512px) 100vw, 512px\" \/><\/figure><\/div><\/div>\n<\/div>\n\n\n\n<p class=\"has-medium-font-size\">Per maggiori dettagli consultare l&#8217;articolo di Chevalier\u00a0: <a href=\"https:\/\/centcols.org\/backup\/wp-admin\/Une%20histoire%20de%20la%20route%20du%20col%20du%20Galibier%20.\" target=\"_blank\" rel=\"noopener\" title=\"\">Une histoire de la route du col du Galibier<\/a> .<\/p>\n\n\n\n<h4 class=\"kt-adv-heading78314_c40c7e-bc wp-block-kadence-advancedheading\" data-kb-block=\"kb-adv-heading78314_c40c7e-bc\">Tracciato versante nord<\/h4>\n\n\n\n<p class=\"has-medium-font-size\"><br><\/p>\n\n\n\n<p class=\"has-medium-font-size\">La rampa di Bonnenuit tra Valloire e Plan Lachat, che aveva una pendenza del 14%, \u00e8 stata ammorbidita creando un lungo anello intorno alla frazione lungo il fiume, riducendo notevolmente la difficolt\u00e0 del tratto prima di Plan Lachat. (data ???? &#8211; a valle di<br>Bonnenuit, c&#8217;\u00e8 una tripla freccia e l&#8217;indicazione 14% sulla carta Michelin 77 del 1980 e una singola freccia sulla carta 333 del 2002).<\/p>\n\n\n\n<h4 class=\"kt-adv-heading78314_d20926-fe wp-block-kadence-advancedheading\" data-kb-block=\"kb-adv-heading78314_d20926-fe\"><strong>Tunnel e passo geografico<\/strong><\/h4>\n\n\n\n<p class=\"has-medium-font-size\">Il tunnel \u00e8 stato scavato nel 1891, a un&#8217;altitudine di 2.556 m sul lato nord e 2.555 m sul lato sud.<\/p>\n\n\n\n<p class=\"has-medium-font-size\">La strada originale passava sul passo geografico gi\u00e0 nel 1876 sul lato sud e su entrambi i lati al pi\u00f9 tardi nel 1884. La strada sommitale \u00e8 stata ripristinata negli anni Venti.<\/p>\n\n\n\n<p class=\"has-medium-font-size\">A causa della sua et\u00e0, il tunnel \u00e8 stato chiuso nel 1976. Il percorso sul passo topografico (2.642 m) \u00e8 stato riaperto per la terza volta, aggiungendo 1 km di strada su ciascun lato con una pendenza media di quasi il 10%.<\/p>\n\n\n\n<div class=\"wp-block-columns is-layout-flex wp-container-core-columns-is-layout-4 wp-block-columns-is-layout-flex\">\n<div class=\"wp-block-column is-layout-flow wp-block-column-is-layout-flow\" style=\"flex-basis:50%\">\n<p class=\"has-medium-font-size\"><strong>Dal 2002<\/strong> il tunnel ristrutturato \u00e8 stato <strong>riaperto al traffico automobilistico<\/strong> (la struttura \u00e8 lunga 370 metri e larga 4 metri, il che consente la circolazione alternata regolata da semafori), <strong>ma \u00e8 ancora off-limits per le biciclette<\/strong>, che devono attraversare il passo vero e proprio e non possono evitare l&#8217;ultimo chilometro, la parte pi\u00f9 dura della salita.<\/p>\n<\/div>\n\n\n\n<div class=\"wp-block-column is-layout-flow wp-block-column-is-layout-flow\" style=\"flex-basis:50%\">\n<figure class=\"wp-block-image size-large\"><img loading=\"lazy\" decoding=\"async\" width=\"1200\" height=\"900\" src=\"https:\/\/centcols.org\/backup\/wp-content\/uploads\/2023\/06\/Galibier-dernier-km-1200x900.jpg\" alt=\"\" class=\"wp-image-75087\" srcset=\"https:\/\/centcols.org\/backup\/wp-content\/uploads\/2023\/06\/Galibier-dernier-km-1200x900.jpg 1200w, https:\/\/centcols.org\/backup\/wp-content\/uploads\/2023\/06\/Galibier-dernier-km-500x375.jpg 500w, https:\/\/centcols.org\/backup\/wp-content\/uploads\/2023\/06\/Galibier-dernier-km-768x576.jpg 768w, https:\/\/centcols.org\/backup\/wp-content\/uploads\/2023\/06\/Galibier-dernier-km-1536x1152.jpg 1536w, https:\/\/centcols.org\/backup\/wp-content\/uploads\/2023\/06\/Galibier-dernier-km-600x450.jpg 600w, https:\/\/centcols.org\/backup\/wp-content\/uploads\/2023\/06\/Galibier-dernier-km.jpg 2048w\" sizes=\"(max-width: 1200px) 100vw, 1200px\" \/><figcaption class=\"wp-element-caption\">Dans le dernier km<\/figcaption><\/figure>\n<\/div>\n<\/div>\n\n\n\n<h2 class=\"wp-block-heading\">Da vedere turismo\u00a0<\/h2>\n\n\n\n<h4 class=\"wp-block-heading has-medium-font-size\"><br>Versante nord<\/h4>\n\n\n\n<p class=\"has-medium-font-size\">Poco prima della <strong>frazione di Bonnenuit<\/strong>, a Roche Bernard, sul lato sinistro della strada (salendo), si trovano i resti della pestifera barricata della peste.<br>resti della barricata della peste. (Quando la peste arriv\u00f2 a Valloire nel XVII secolo, non c&#8217;era il vaccino, quindi gli appestati furono messi in quarantena. Il centro di quarantena era Bonnenuit, perch\u00e9 si trovava in fondo alla valle &#8211; la strada per il Col du Galibier non esisteva).<br>Da met\u00e0 giugno a met\u00e0 settembre<strong>, la Fromagerie Coop\u00e9rative de la Vall\u00e9e des Arves<\/strong> apre un negozio alle Granges du Galibier (altitudine 2300 m). Formaggio Beaufort!<br>Nel giugno 2011, alle Granges du Galibier \u00e8 stata inaugurata la stele <strong>&#8220;Pantani Forever&#8221;<\/strong> in omaggio allo scalatore italiano Marco Pantani (scomparso nel 2004).<\/p>\n\n\n\n<h4 class=\"wp-block-heading has-medium-font-size\"><br>Versante sud<\/h4>\n\n\n\n<p class=\"has-medium-font-size\">Nella zona pianeggiante prima dell&#8217;ingresso del tunnel si trova il monumento (costruito nel 1949) a forma di grande colonna con l&#8217;iscrizione in rilievo al centro: A LA GLOIRE DE HENRI-DESGRANGE (1865-1940), ANCIEN DIRECTEUR DU JOURNAL L&#8217;AUTO, CREATEUR DU TOUR DE FRANCE CYCLISTE.<\/p>\n\n\n\n<h4 class=\"wp-block-heading has-medium-font-size\"><br>Sotto il passo<\/h4>\n\n\n\n<p class=\"has-medium-font-size\">&#8220;Il Parc des \u00c9crins ha eretto nel 1988 questa bella tavola di orientamento, che mostra le varie cime della zona. Vi consigliamo di salirci, si trova a 5 minuti sopra la cima del Col du Galibier: avrete una vista a 360\u00b0 sulle Hautes-Alpes e sulla Savoia&#8221;. Fonte: <a href=\"https:\/\/www.envie-de-\nbrianconnais.com\/guide\/table-orientation-galibier\" target=\"_blank\" rel=\"noopener\" title=\"\">https:\/\/www.envie-de-<br>brianconnais.com\/guide\/table-orientation-galibier<\/a><\/p>\n\n\n\n<p><\/p>\n\n\n\n<h2 class=\"wp-block-heading\">Situazione amministrativa<\/h2>\n\n\n\n<h3 class=\"wp-block-heading\">Attuale<\/h3>\n\n\n\n<p class=\"has-medium-font-size\">Il du Galibier segna il confine tra i dipartimenti delle Hautes-Alpes (comune di \u00a0<a href=\"https:\/\/fr.wikipedia.org\/wiki\/Le_Mon%C3%AAtier-les-Bains\" target=\"_blank\" rel=\"noopener\" title=\"\">Mon\u00eatier-les-Bains<\/a>) \u00a0e della Savoie (comune di <a href=\"https:\/\/fr.wikipedia.org\/wiki\/Valloire\" target=\"_blank\" rel=\"noopener\" title=\"\">Valloire<\/a>).<\/p>\n\n\n\n<h3 class=\"wp-block-heading\">Storia<\/h3>\n\n\n\n<p class=\"has-medium-font-size\">Fino al 1349 entrambi i versanti del passo facevano parte del <a href=\"https:\/\/fr.wikipedia.org\/wiki\/Saint-Empire_romain_germanique\" target=\"_blank\" rel=\"noopener\" title=\"\">Sacro-Romano-Impero<\/a>.<\/p>\n\n\n\n<p class=\"has-medium-font-size\">Successivamente,<\/p>\n\n\n\n<h4 class=\"wp-block-heading has-medium-font-size\">\u00a0Versante nord\u00a0:<\/h4>\n\n\n\n<div class=\"wp-block-columns is-layout-flex wp-container-core-columns-is-layout-5 wp-block-columns-is-layout-flex\">\n<div class=\"wp-block-column is-layout-flow wp-block-column-is-layout-flow\" style=\"flex-basis:66.66%\">\n<ul>\n<li><span style=\"font-size: 20px;\">La Savoia fece parte del Sacro Romano Impero fino al 1720, quando fu creato il Regno di Sardegna;<\/span><\/li>\n<li><span style=\"font-size: 20px;\">Dal 1720 al 1792: il Ducato di Savoia fa parte del Regno di Sardegna;<\/span><\/li>\n<li><span style=\"font-size: 20px;\"><a href=\"https:\/\/fr.wikipedia.org\/wiki\/Mont-Blanc_(d%C3%A9partement)\">Dipartimento del Monte Bianco<\/a> nel 1792 con l&#8217;annessione della Savoia alla Francia, in seguito <a href=\"https:\/\/fr.wikipedia.org\/wiki\/Histoire_de_la_Savoie_de_1792_%C3%A0_1815#:~:text=plus%20fid%C3%A8les..%20%C2%BB-,L'invasion%20de%20la%20Savoie%20en%201792,par%20les%20Marches%20et%20Apremont.\">all&#8217;invasione della Savoia<\/a> (attraverso le Marche e l&#8217;Apremont) nella notte tra il 21 e il 22 settembre 1792 da parte dell&#8217;esercito alpino francese, circa 15.000 uomini tra cui la Legione Allobroges.<\/span><\/li>\n<li><span style=\"font-size: 20px;\">Ritorno al Ducato di Savoia (Regno di Sardegna) con i Trattati di Parigi (1814 e 1815)<\/span><\/li>\n<li><span style=\"font-size: 20px;\">Dipartimento di Savoia dopo l&#8217;annessione della Savoia alla Francia (Trattato di Torino 1860).<\/span><\/li>\n<\/ul>\n<\/div>\n\n\n\n<div class=\"wp-block-column is-layout-flow wp-block-column-is-layout-flow\" style=\"flex-basis:33.33%\">\n<figure class=\"wp-block-image size-large\"><img loading=\"lazy\" decoding=\"async\" width=\"700\" height=\"479\" src=\"https:\/\/centcols.org\/backup\/wp-content\/uploads\/2023\/06\/Borne-87-Galibier.jpg\" alt=\"\" class=\"wp-image-75132\" srcset=\"https:\/\/centcols.org\/backup\/wp-content\/uploads\/2023\/06\/Borne-87-Galibier.jpg 700w, https:\/\/centcols.org\/backup\/wp-content\/uploads\/2023\/06\/Borne-87-Galibier-500x342.jpg 500w, https:\/\/centcols.org\/backup\/wp-content\/uploads\/2023\/06\/Borne-87-Galibier-600x411.jpg 600w\" sizes=\"(max-width: 700px) 100vw, 700px\" \/><\/figure>\n<\/div>\n<\/div>\n\n\n\n<h4 class=\"wp-block-heading has-medium-font-size\">\u00a0Versante sud<\/h4>\n\n\n\n<ul>\n<li>Il Delfinato di Viennois era uno Stato sottoposto all&#8217;autorit\u00e0 dei <a href=\"https:\/\/fr.wikipedia.org\/wiki\/Liste_des_comtes_d%27Albon_puis_dauphins_de_Viennois\">conti di Albon<\/a>, che assumevano il titolo di <em>Delfini<\/em>. Questa entit\u00e0, che si trovava nell&#8217;antica Provenza, fu una suddivisione del Sacro Romano Impero, dalle sue origini ammesse nel X secolo fino alla sua annessione al regno di Francia nel 1349.<\/li>\n<li>Dal 1349 al 1790: Provincia del Delfinato <a href=\"https:\/\/fr.wikipedia.org\/wiki\/R%C3%A9publique_des_Escartons\">(Repubblica degli Escartons di Brian\u00e7on<\/a> con statuto speciale derivante da una carta delfiniana del 29 maggio 1343, fino al 1789).<\/li>\n<li>Dal 1790: Dipartimento delle Hautes-Alpes.<\/li>\n<\/ul>\n\n\n<div class=\"wp-block-image\">\n<figure class=\"aligncenter size-large is-resized\"><img loading=\"lazy\" decoding=\"async\" width=\"611\" height=\"284\" src=\"https:\/\/centcols.org\/backup\/wp-content\/uploads\/2023\/06\/Galibier-versants.jpg\" alt=\"\" class=\"wp-image-75093\" style=\"width:863px;height:401px\" srcset=\"https:\/\/centcols.org\/backup\/wp-content\/uploads\/2023\/06\/Galibier-versants.jpg 611w, https:\/\/centcols.org\/backup\/wp-content\/uploads\/2023\/06\/Galibier-versants-500x232.jpg 500w, https:\/\/centcols.org\/backup\/wp-content\/uploads\/2023\/06\/Galibier-versants-600x279.jpg 600w\" sizes=\"(max-width: 611px) 100vw, 611px\" \/><\/figure><\/div>\n\n\n<h2 class=\"wp-block-heading\">Ciclismo e cicloturismo<\/h2>\n\n\n\n<h3 class=\"wp-block-heading\">Tour de France<\/h3>\n\n\n\n<p class=\"has-medium-font-size\"><strong>La prima scalata del Col du Galibier<\/strong> da parte del Tour de France ebbe luogo il 10 luglio 1911 in una tappa di 366 km da Chamonix a Grenoble.<\/p>\n\n\n\n<p class=\"has-medium-font-size\">Emile Georget, Paul Duboc e Gustave Garrigou attraversarono per primi il passo. Furono gli unici a non aver mai messo piede a terra sulla salita. Emile Georget ammise quell&#8217;anno di non aver &#8220;mai visto nulla di pi\u00f9 difficile&#8221;.<\/p>\n\n\n\n<p class=\"has-medium-font-size\"><a href=\"https:\/\/fr.wikipedia.org\/wiki\/Col_du_Galibier\" target=\"_blank\" rel=\"noopener\" title=\"\">Wikip\u00e9dia<\/a> fornisce una lista dei corrdori passati in testa dopo il 1911<\/p>\n\n\n\n<p class=\"has-medium-font-size\">Un monumento dedicato a Henri Desgrange \u00e8 stato costruito nel 1949 sul versante meridionale, poco prima dell&#8217;ingresso del tunnel.<\/p>\n\n\n\n<h3 class=\"wp-block-heading\">BRA<\/h3>\n\n\n\n<div class=\"wp-block-columns is-layout-flex wp-container-core-columns-is-layout-6 wp-block-columns-is-layout-flex\">\n<div class=\"wp-block-column is-layout-flow wp-block-column-is-layout-flow\">\n<p><span style=\"font-size: 20px;\"><a href=\"https:\/\/cyclotourisme-grenoble-ctg.org\/bra\/un-peu-dhistoire-et-de-geographie-au-sujet-des-cols-du-bra-2023\/\" target=\"_blank\" rel=\"noopener\">Ile BRA<\/a> affronta il Col du Galibier dalla sua creazione nel 1936.<\/span><\/p>\n<ul>\n<li><span style=\"font-size: 20px;\">Dal suo versante sud (Bourg d\u2019Oisans et il col du Lautaret) dal 1936 al 1945<\/span><\/li>\n<li><span style=\"font-size: 20px;\">In alternanza col versante sud, il versante nord (Col du T\u00e9l\u00e9graphe e Valloire) dopo il 1945<\/span><\/li>\n<li><span style=\"font-size: 20px;\">Dal suo versante nord dal 2017<\/span><\/li>\n<\/ul>\n<p><span style=\"font-size: 20px;\">Il BRA 2015, non ha affrontato il col du Galibier a causa della franza del <a href=\"https:\/\/fr.wikipedia.org\/wiki\/Tunnel_du_Chambon\" target=\"_blank\" rel=\"noopener\">du tunnel du Chambon.<\/a><\/span><\/p>\n<\/div>\n\n\n\n<div class=\"wp-block-column is-layout-flow wp-block-column-is-layout-flow\">\n<figure class=\"wp-block-image size-large\"><img loading=\"lazy\" decoding=\"async\" width=\"1200\" height=\"900\" src=\"https:\/\/centcols.org\/backup\/wp-content\/uploads\/2023\/06\/BRA-2007-1200x900.jpg\" alt=\"\" class=\"wp-image-75099\" srcset=\"https:\/\/centcols.org\/backup\/wp-content\/uploads\/2023\/06\/BRA-2007-1200x900.jpg 1200w, https:\/\/centcols.org\/backup\/wp-content\/uploads\/2023\/06\/BRA-2007-500x375.jpg 500w, https:\/\/centcols.org\/backup\/wp-content\/uploads\/2023\/06\/BRA-2007-768x576.jpg 768w, https:\/\/centcols.org\/backup\/wp-content\/uploads\/2023\/06\/BRA-2007-1536x1152.jpg 1536w, https:\/\/centcols.org\/backup\/wp-content\/uploads\/2023\/06\/BRA-2007-2048x1536.jpg 2048w, https:\/\/centcols.org\/backup\/wp-content\/uploads\/2023\/06\/BRA-2007-600x450.jpg 600w\" sizes=\"(max-width: 1200px) 100vw, 1200px\" \/><\/figure>\n<\/div>\n<\/div>\n\n\n\n<h2 class=\"wp-block-heading\">Marmotte<\/h2>\n\n\n\n<p class=\"has-medium-font-size\">Dal 1982 ogni anno la granfondo ciclistica della Marmotte affronta il Col du Galibier dopo il co du Glandon e du T\u00e9l\u00e9graphe prima di terminare con i 21 tornanti dell&#8217;Alpe d&#8217;Huez.<\/p>\n\n\n\n<h3 class=\"wp-block-heading\">Profilo<\/h3>\n\n\n\n<p class=\"has-medium-font-size\">Su internet si trovano molti profili del Col du Galibier. Le percentuali indicate sono piuttosto variabili.<\/p>\n\n\n\n<p class=\"has-medium-font-size\">La cosa migliore \u00e8 tracciare il percorso su Openrunner e cliccare su &#8220;vedi il profilo altimetrico&#8221; \u2026 come in questo caso tra St-Michel-de-Maurienne e Brian\u00e7on:<\/p>\n\n\n\n<figure class=\"wp-block-image size-large\"><img loading=\"lazy\" decoding=\"async\" width=\"1200\" height=\"287\" src=\"https:\/\/centcols.org\/backup\/wp-content\/uploads\/2023\/06\/Galibier-profil-1200x287.jpeg\" alt=\"\" class=\"wp-image-75105\" srcset=\"https:\/\/centcols.org\/backup\/wp-content\/uploads\/2023\/06\/Galibier-profil-1200x287.jpeg 1200w, https:\/\/centcols.org\/backup\/wp-content\/uploads\/2023\/06\/Galibier-profil-500x120.jpeg 500w, https:\/\/centcols.org\/backup\/wp-content\/uploads\/2023\/06\/Galibier-profil-768x184.jpeg 768w, https:\/\/centcols.org\/backup\/wp-content\/uploads\/2023\/06\/Galibier-profil-1536x368.jpeg 1536w, https:\/\/centcols.org\/backup\/wp-content\/uploads\/2023\/06\/Galibier-profil-2048x490.jpeg 2048w, https:\/\/centcols.org\/backup\/wp-content\/uploads\/2023\/06\/Galibier-profil-600x144.jpeg 600w\" sizes=\"(max-width: 1200px) 100vw, 1200px\" \/><\/figure>\n\n\n\n<p class=\"has-medium-font-size\">E,  infine, <a href=\"https:\/\/photos.google.com\/share\/AF1QipPK7b5PbODk75HfczrFX7qvM8250SA86V3bwT5AIvex_ZxBgnhic9WKR8JskwNtiA?key=bTR0NkJiMElBMHVwbnBFRm5KTGhGRnB5aTBaaHBn\" target=\"_blank\" rel=\"noopener\" title=\"\">alcune foto a proposito del Galibier<\/a><\/p>\n\n\n\n<p class=\"has-text-align-right\"><em><em>Un articolo di  G\u00e9rard Galland<\/em><\/em><br><em><em> (e Bernard Giraudeau per la parte geologica)<\/em><\/em><\/p>\n","protected":false},"excerpt":{"rendered":"<p>Secondo Wikipedia, l&#8217;etimologia dell&#8217;oronimo Galibier \u00e8 discussa. Si pensa che Galibier derivi da un radicale di origine pre-indoeuropea, gal, una variante di kal, pietra, con lup, altezza. Il nome Galibier farebbe riferimento a una collina pietrosa. Il col du Galibier FR-05-2642a &#8211; \u00e8 situato tra il massiccio degli Arves\u00a0 con l&#8217;ovest del Col le Pic [&hellip;]<\/p>\n","protected":false},"author":69,"featured_media":0,"comment_status":"closed","ping_status":"closed","sticky":false,"template":"","format":"standard","meta":{"_acf_changed":false,"ub_ctt_via":"","_monsterinsights_skip_tracking":false,"_monsterinsights_sitenote_active":false,"_monsterinsights_sitenote_note":"","_monsterinsights_sitenote_category":0,"footnotes":""},"categories":[628],"tags":[],"acf":[],"featured_image_urls":{"full":"","thumbnail":"","medium":"","medium_large":"","large":"","1536x1536":"","2048x2048":"","woocommerce_thumbnail":"","woocommerce_single":"","woocommerce_gallery_thumbnail":""},"post_excerpt_stackable":"<p>Toponomastica Secondo Wikipedia, l&#8217;etimologia dell&#8217;oronimo Galibier \u00e8 discussa. Si pensa che Galibier derivi da un radicale di origine pre-indoeuropea, gal, una variante di kal, pietra, con lup, altezza. Il nome Galibier farebbe riferimento a una collina pietrosa. Situazione geografica Massiccio Il col du Galibier FR-05-2642a &#8211; \u00e8 situato tra il massiccio degli Arves\u00a0 con l&#8217;ovest del Col le Pic des Trois Ev\u00e9ch\u00e9s (3.116 m) et il\u00a0massiccio dei Cerces,\u00a0con la cima Grand Galibier (3228 m) a est del passo. Geologia Le nappes de charriage (nappe di spinta) del Brian\u00e7onnais sono ben note e hanno la particolarit\u00e0 di aver permesso la copertura&hellip;<\/p>\n","category_list":"<a href=\"https:\/\/centcols.org\/backup\/it\/categorie\/passi-alla-rinfusa\/\" rel=\"category tag\">Passi alla rinfusa<\/a>","author_info":{"display_name":"Enrico Alberini","author_link":"https:\/\/centcols.org\/backup\/it\/author\/5065\/"},"comments_num":"0 commenti","featured_image_urls_v2":{"full":"","thumbnail":"","medium":"","medium_large":"","large":"","1536x1536":"","2048x2048":"","woocommerce_thumbnail":"","woocommerce_single":"","woocommerce_gallery_thumbnail":""},"post_excerpt_stackable_v2":"<p>Toponomastica Secondo Wikipedia, l&#8217;etimologia dell&#8217;oronimo Galibier \u00e8 discussa. Si pensa che Galibier derivi da un radicale di origine pre-indoeuropea, gal, una variante di kal, pietra, con lup, altezza. Il nome Galibier farebbe riferimento a una collina pietrosa. Situazione geografica Massiccio Il col du Galibier FR-05-2642a &#8211; \u00e8 situato tra il massiccio degli Arves\u00a0 con l&#8217;ovest del Col le Pic des Trois Ev\u00e9ch\u00e9s (3.116 m) et il\u00a0massiccio dei Cerces,\u00a0con la cima Grand Galibier (3228 m) a est del passo. Geologia Le nappes de charriage (nappe di spinta) del Brian\u00e7onnais sono ben note e hanno la particolarit\u00e0 di aver permesso la copertura&hellip;<\/p>\n","category_list_v2":"<a href=\"https:\/\/centcols.org\/backup\/it\/categorie\/passi-alla-rinfusa\/\" rel=\"category tag\">Passi alla rinfusa<\/a>","author_info_v2":{"name":"Enrico Alberini","url":"https:\/\/centcols.org\/backup\/it\/author\/5065\/"},"comments_num_v2":"0 commenti","featured_image_src":null,"_links":{"self":[{"href":"https:\/\/centcols.org\/backup\/it\/wp-json\/wp\/v2\/posts\/78314"}],"collection":[{"href":"https:\/\/centcols.org\/backup\/it\/wp-json\/wp\/v2\/posts"}],"about":[{"href":"https:\/\/centcols.org\/backup\/it\/wp-json\/wp\/v2\/types\/post"}],"author":[{"embeddable":true,"href":"https:\/\/centcols.org\/backup\/it\/wp-json\/wp\/v2\/users\/69"}],"replies":[{"embeddable":true,"href":"https:\/\/centcols.org\/backup\/it\/wp-json\/wp\/v2\/comments?post=78314"}],"version-history":[{"count":0,"href":"https:\/\/centcols.org\/backup\/it\/wp-json\/wp\/v2\/posts\/78314\/revisions"}],"wp:attachment":[{"href":"https:\/\/centcols.org\/backup\/it\/wp-json\/wp\/v2\/media?parent=78314"}],"wp:term":[{"taxonomy":"category","embeddable":true,"href":"https:\/\/centcols.org\/backup\/it\/wp-json\/wp\/v2\/categories?post=78314"},{"taxonomy":"post_tag","embeddable":true,"href":"https:\/\/centcols.org\/backup\/it\/wp-json\/wp\/v2\/tags?post=78314"}],"curies":[{"name":"wp","href":"https:\/\/api.w.org\/{rel}","templated":true}]}}